{"id":42282,"date":"2024-03-09T17:30:13","date_gmt":"2024-03-09T16:30:13","guid":{"rendered":"https:\/\/www.apfelpatient.de\/?p=42282"},"modified":"2024-03-09T17:30:14","modified_gmt":"2024-03-09T16:30:14","slug":"ipad-air-ipad-pro-2024-with-facetime-camera-in-landscape-format","status":"publish","type":"post","link":"https:\/\/www.apfelpatient.de\/en\/rumors\/ipad-air-ipad-pro-2024-mit-facetime-kamera-im-querformat","title":{"rendered":"iPad Air &amp; iPad Pro 2024 with FaceTime camera in landscape mode?"},"content":{"rendered":"<p class=\"has-drop-cap\"><strong>The rumor mill is once again bubbling in the world of Apple devices. This time, the iPad Air and iPad Pro are in the spotlight. According to reports, the upcoming models of these two popular tablets could feature a notable change - a FaceTime camera in landscape mode.<\/strong><\/p>\n\n\n\n<p>For years, Apple&#039;s iPads have been at the forefront of tablet technology. With each model, Apple improves its features and designs to meet the needs of its users. Now, rumors suggest that the company is planning a game-changing change by adjusting the position of the FaceTime camera. This potential shift promises an even more immersive and user-friendly experience for iPad users. But how exactly will this work?<\/p>\n\n\n\n<h3 class=\"wp-block-heading\" id=\"h-das-problem-der-aktuellen-kamerapositionierung\">The problem of current camera positioning<\/h3>\n\n\n\n<p>The current iPad Air and iPad Pro models feature a FaceTime camera on the top of the device. However, this has the disadvantage that the camera is not ideally positioned during FaceTime calls in landscape mode. Apple seems to be addressing this issue with the next generation. Rumors suggest that both the redesigned iPad Air and the OLED iPad Pro will feature a FaceTime camera mounted on the side of the device, meaning it will be upright in landscape mode. The discovery of code in iOS 17.4 <a href=\"https:\/\/www.apfelpatient.de\/en\/news\/ios-17-4-beta-new-ipad-pro-apple-pencil-features-revealed\">indicated<\/a> has already hinted at this possible change by suggesting that the next iPad Pro could have a similar positioning of the FaceTime camera.<\/p>\n\n\n\n<h3 class=\"wp-block-heading\" id=\"h-spekulationen-und-geruchte\">speculation and rumors<\/h3>\n\n\n\n<p>This clue has now been confirmed by claims made by casual leaker Instant Digital on the Chinese social media platform Weibo <a href=\"https:\/\/weibo.com\/n\/\u5239\u90a3\u6570\u7801\" target=\"_blank\" rel=\"noreferrer noopener\">reinforced<\/a>. It is speculated that the upcoming versions of the iPad Air will also feature this innovation. However, the implementation of a FaceTime camera in landscape mode raises some questions, especially regarding compatibility with accessories such as the second generation Apple Pencil. So far, this pencil is connected via an inductive magnetic charger on the side, where the front camera will be positioned in the future. It remains to be seen how Apple will overcome this obstacle, but rumors suggest that the company plans to launch a new Apple Pencil along with the updated iPads.<\/p>\n\n\n\n<h3 class=\"wp-block-heading\" id=\"h-ausblick-auf-die-zukunft-des-ipad-air-und-ipad-pro\">Outlook on the future of the iPad Air and iPad Pro<\/h3>\n\n\n\n\n\n\n\n<p>The upcoming launch of new iPad Air and iPad Pro models promises exciting new features, including the potential move of the FaceTime camera to landscape mode. This change could further improve the user experience of these popular tablets and allow users to communicate even more seamlessly. While the details are still unclear, expectations are high and users can be excited to see what Apple will unveil next. The new models are expected to launch later this month and the world will be waiting with bated breath to see if these rumors turn out to be true. Looking for new accessories? Then check out\u00a0<a href=\"https:\/\/www.amazon.de\/shop\/apfelpatientofficial\" target=\"_blank\" rel=\"noreferrer noopener\">in our Amazon Storefront<\/a>\u00a0- there you will find numerous products from leading providers, also for HomeKit and Co.! (Photo by Unsplash \/ CardMapr.nl)<\/p>\n\n\n\n<ul class=\"wp-block-list\">\n<li><a href=\"https:\/\/www.apfelpatient.de\/en\/rumors\/oled-ipad-pro-price-increase-lower-than-expected\">OLED iPad Pro: Price increase lower than expected?<\/a><\/li>\n<\/ul>\n\n\n\n<h6 class=\"wp-block-heading translation-block\" id=\"h-kennt-ihr-schon-unsere-amazon-storefront-dort-findet-ihr-eine-handverlesene-auswahl-von-diversen-produkten-f-r-euer-iphone-und-co-viel-spa-beim-st-bern\"><em>Have you already visited our Amazon Storefront? There you&#039;ll find a hand-picked selection of various products for your iPhone and other devices \u2013 <span class=\"has-inline-color has-vivid-red-color\"><a href=\"https:\/\/www.amazon.de\/shop\/apfelpatientofficial\" class=\"ek-link\" data-wpel-link=\"exclude\" rel=\"follow noopener\" target=\"_self\"><span style=\"text-decoration: underline\" class=\"ek-underline\">enjoy browsing<\/span><\/a> !<\/span><\/em><\/h6>\n\n\n\n<h6 class=\"wp-block-heading translation-block\" id=\"h-der-beitrag-enthalt-partnerlinks\">This post contains <a data-type=\"URL\" data-id=\"https:\/\/www.apfelpatient.de\/partnerprogramm\" href=\"https:\/\/www.apfelpatient.de\/en\/partner-program\" data-wpel-link=\"internal\" target=\"_self\">affiliate links<\/a>.<\/h6>","protected":false},"excerpt":{"rendered":"<p>A new turning point for the iPad? Rumors about the 2024 iPad Air and iPad Pro point to a landscape-oriented FaceTime camera.<\/p>","protected":false},"author":2,"featured_media":42284,"comment_status":"closed","ping_status":"closed","sticky":false,"template":"","format":"standard","meta":{"jnews-multi-image_gallery":[],"jnews_single_post":{"subtitle":"","format":"standard","video":"","gallery":"","source_name":"","source_url":"","via_name":"","via_url":"","override_template":"0","override":[{"template":"4","single_blog_custom":"","parallax":"1","fullscreen":"1","layout":"right-sidebar","sidebar":"default-sidebar","second_sidebar":"default-sidebar","sticky_sidebar":"1","share_position":"top","share_float_style":"share-monocrhome","show_share_counter":"1","show_view_counter":"1","show_featured":"1","show_post_meta":"1","show_post_author":"1","show_post_author_image":"1","show_post_date":"1","post_date_format":"default","post_date_format_custom":"Y\/m\/d","show_post_category":"1","show_post_reading_time":"0","post_reading_time_wpm":"300","show_zoom_button":"0","zoom_button_out_step":"2","zoom_button_in_step":"3","show_post_tag":"1","show_prev_next_post":"1","show_popup_post":"1","number_popup_post":"1","show_author_box":"0","show_post_related":"0","show_inline_post_related":"0"}],"override_image_size":"0","image_override":[{"single_post_thumbnail_size":"crop-500","single_post_gallery_size":"crop-500"}],"trending_post":"0","trending_post_position":"meta","trending_post_label":"Trending","sponsored_post":"0","sponsored_post_label":"Sponsored by","sponsored_post_name":"","sponsored_post_url":"","sponsored_post_logo_enable":"0","sponsored_post_logo":"","sponsored_post_desc":"","disable_ad":"0"},"jnews_primary_category":{"id":"25","hide":""},"footnotes":""},"categories":[25],"tags":[18,240,66],"class_list":["post-42282","post","type-post","status-publish","format-standard","has-post-thumbnail","hentry","category-rumors","tag-ipad","tag-ipad-air","tag-ipad-pro"],"yoast_head":"<!-- This site is optimized with the Yoast SEO Premium plugin v27.5 (Yoast SEO v27.5) - https:\/\/yoast.com\/product\/yoast-seo-premium-wordpress\/ -->\n<title>iPad Air &amp; iPad Pro 2024 mit FaceTime Kamera im Querformat? Apfelpatient<\/title>\n<meta name=\"description\" content=\"Ein neuer Wendepunkt f\u00fcr das iPad? Ger\u00fcchte \u00fcber das iPad Air &amp; iPad Pro 2024 deuten auf eine FaceTime Kamera im Querformat hin.\" \/>\n<meta name=\"robots\" content=\"index, follow, max-snippet:-1, max-image-preview:large, max-video-preview:-1\" \/>\n<link rel=\"canonical\" href=\"https:\/\/www.apfelpatient.de\/en\/rumors\/ipad-air-ipad-pro-2024-with-facetime-camera-in-landscape-format\" \/>\n<meta property=\"og:locale\" content=\"en_US\" \/>\n<meta property=\"og:type\" content=\"article\" \/>\n<meta property=\"og:title\" content=\"iPad Air &amp; iPad Pro 2024 mit FaceTime Kamera im Querformat?\" \/>\n<meta property=\"og:description\" content=\"Ein neuer Wendepunkt f\u00fcr das iPad? Ger\u00fcchte \u00fcber das iPad Air &amp; iPad Pro 2024 deuten auf eine FaceTime Kamera im Querformat hin.\" \/>\n<meta property=\"og:url\" content=\"https:\/\/www.apfelpatient.de\/en\/rumors\/ipad-air-ipad-pro-2024-with-facetime-camera-in-landscape-format\" \/>\n<meta property=\"og:site_name\" content=\"Apfelpatient\" \/>\n<meta property=\"article:publisher\" content=\"https:\/\/www.facebook.com\/apfelpatientOfficial\" \/>\n<meta property=\"article:author\" content=\"https:\/\/www.facebook.com\/apfelpatientOfficial\" \/>\n<meta property=\"article:published_time\" content=\"2024-03-09T16:30:13+00:00\" \/>\n<meta property=\"article:modified_time\" content=\"2024-03-09T16:30:14+00:00\" \/>\n<meta property=\"og:image\" content=\"https:\/\/www.apfelpatient.de\/wp-content\/uploads\/2024\/03\/cardmapr-nl-AD1KqYRz9xk-unsplash.jpg\" \/>\n\t<meta property=\"og:image:width\" content=\"1600\" \/>\n\t<meta property=\"og:image:height\" content=\"1069\" \/>\n\t<meta property=\"og:image:type\" content=\"image\/jpeg\" \/>\n<meta name=\"author\" content=\"Milan\" \/>\n<meta name=\"twitter:card\" content=\"summary_large_image\" \/>\n<meta name=\"twitter:description\" content=\"Ein neuer Wendepunkt f\u00fcr das iPad? Ger\u00fcchte \u00fcber das iPad Air &amp; iPad Pro 2024 deuten auf eine FaceTime Kamera im Querformat hin.\" \/>\n<meta name=\"twitter:label1\" content=\"Written by\" \/>\n\t<meta name=\"twitter:data1\" content=\"Milan\" \/>\n\t<meta name=\"twitter:label2\" content=\"Est. reading time\" \/>\n\t<meta name=\"twitter:data2\" content=\"3 minutes\" \/>\n<script type=\"application\/ld+json\" class=\"yoast-schema-graph\">{\"@context\":\"https:\\\/\\\/schema.org\",\"@graph\":[{\"@type\":\"NewsArticle\",\"@id\":\"https:\\\/\\\/www.apfelpatient.de\\\/rumors\\\/ipad-air-ipad-pro-2024-mit-facetime-kamera-im-querformat#article\",\"isPartOf\":{\"@id\":\"https:\\\/\\\/www.apfelpatient.de\\\/rumors\\\/ipad-air-ipad-pro-2024-mit-facetime-kamera-im-querformat\"},\"author\":{\"@type\":\"Organization\",\"@id\":\"https:\\\/\\\/www.apfelpatient.de\\\/en\\\/#organization\",\"name\":\"Apfelpatient\",\"url\":\"https:\\\/\\\/www.apfelpatient.de\\\/en\\\/\"},\"headline\":\"iPad Air &#038; iPad Pro 2024 mit FaceTime Kamera im Querformat?\",\"datePublished\":\"2024-03-09T16:30:13+00:00\",\"dateModified\":\"2024-03-09T16:30:14+00:00\",\"mainEntityOfPage\":{\"@id\":\"https:\\\/\\\/www.apfelpatient.de\\\/rumors\\\/ipad-air-ipad-pro-2024-mit-facetime-kamera-im-querformat\"},\"wordCount\":516,\"publisher\":{\"@type\":\"Organization\",\"@id\":\"https:\\\/\\\/www.apfelpatient.de\\\/en\\\/#organization\",\"name\":\"Apfelpatient\",\"url\":\"https:\\\/\\\/www.apfelpatient.de\\\/en\\\/\"},\"image\":{\"@id\":\"https:\\\/\\\/www.apfelpatient.de\\\/rumors\\\/ipad-air-ipad-pro-2024-mit-facetime-kamera-im-querformat#primaryimage\"},\"thumbnailUrl\":\"https:\\\/\\\/www.apfelpatient.de\\\/wp-content\\\/uploads\\\/2024\\\/03\\\/cardmapr-nl-AD1KqYRz9xk-unsplash.jpg\",\"keywords\":[\"iPad\",\"iPad Air\",\"iPad Pro\"],\"articleSection\":\"Rumors\",\"inLanguage\":\"en-US\",\"copyrightYear\":\"2024\",\"copyrightHolder\":{\"@id\":\"https:\\\/\\\/www.apfelpatient.de\\\/en\\\/#organization\"}},{\"@type\":\"WebPage\",\"@id\":\"https:\\\/\\\/www.apfelpatient.de\\\/rumors\\\/ipad-air-ipad-pro-2024-mit-facetime-kamera-im-querformat\",\"url\":\"https:\\\/\\\/www.apfelpatient.de\\\/rumors\\\/ipad-air-ipad-pro-2024-mit-facetime-kamera-im-querformat\",\"name\":\"iPad Air & iPad Pro 2024 mit FaceTime Kamera im Querformat? Apfelpatient\",\"isPartOf\":{\"@id\":\"https:\\\/\\\/www.apfelpatient.de\\\/#website\"},\"primaryImageOfPage\":{\"@id\":\"https:\\\/\\\/www.apfelpatient.de\\\/rumors\\\/ipad-air-ipad-pro-2024-mit-facetime-kamera-im-querformat#primaryimage\"},\"image\":{\"@id\":\"https:\\\/\\\/www.apfelpatient.de\\\/rumors\\\/ipad-air-ipad-pro-2024-mit-facetime-kamera-im-querformat#primaryimage\"},\"thumbnailUrl\":\"https:\\\/\\\/www.apfelpatient.de\\\/wp-content\\\/uploads\\\/2024\\\/03\\\/cardmapr-nl-AD1KqYRz9xk-unsplash.jpg\",\"datePublished\":\"2024-03-09T16:30:13+00:00\",\"dateModified\":\"2024-03-09T16:30:14+00:00\",\"description\":\"Ein neuer Wendepunkt f\u00fcr das iPad? Ger\u00fcchte \u00fcber das iPad Air & iPad Pro 2024 deuten auf eine FaceTime Kamera im Querformat hin.\",\"breadcrumb\":{\"@id\":\"https:\\\/\\\/www.apfelpatient.de\\\/rumors\\\/ipad-air-ipad-pro-2024-mit-facetime-kamera-im-querformat#breadcrumb\"},\"inLanguage\":\"en-US\",\"potentialAction\":[{\"@type\":\"ReadAction\",\"target\":[\"https:\\\/\\\/www.apfelpatient.de\\\/rumors\\\/ipad-air-ipad-pro-2024-mit-facetime-kamera-im-querformat\"]}]},{\"@type\":\"ImageObject\",\"inLanguage\":\"en-US\",\"@id\":\"https:\\\/\\\/www.apfelpatient.de\\\/rumors\\\/ipad-air-ipad-pro-2024-mit-facetime-kamera-im-querformat#primaryimage\",\"url\":\"https:\\\/\\\/www.apfelpatient.de\\\/wp-content\\\/uploads\\\/2024\\\/03\\\/cardmapr-nl-AD1KqYRz9xk-unsplash.jpg\",\"contentUrl\":\"https:\\\/\\\/www.apfelpatient.de\\\/wp-content\\\/uploads\\\/2024\\\/03\\\/cardmapr-nl-AD1KqYRz9xk-unsplash.jpg\",\"width\":1600,\"height\":1069,\"caption\":\"Photo by Unsplash \\\/ CardMapr.nl\"},{\"@type\":\"BreadcrumbList\",\"@id\":\"https:\\\/\\\/www.apfelpatient.de\\\/rumors\\\/ipad-air-ipad-pro-2024-mit-facetime-kamera-im-querformat#breadcrumb\",\"itemListElement\":[{\"@type\":\"ListItem\",\"position\":1,\"name\":\"Startseite\",\"item\":\"https:\\\/\\\/www.apfelpatient.de\\\/\"},{\"@type\":\"ListItem\",\"position\":2,\"name\":\"iPad Air &#038; iPad Pro 2024 mit FaceTime Kamera im Querformat?\"}]},{\"@type\":\"WebSite\",\"@id\":\"https:\\\/\\\/www.apfelpatient.de\\\/#website\",\"url\":\"https:\\\/\\\/www.apfelpatient.de\\\/\",\"name\":\"Apfelpatient\",\"description\":\"Alles rund um Apple!\",\"publisher\":{\"@type\":\"Organization\",\"@id\":\"https:\\\/\\\/www.apfelpatient.de\\\/en\\\/#organization\",\"name\":\"Apfelpatient\",\"url\":\"https:\\\/\\\/www.apfelpatient.de\\\/en\\\/\"},\"alternateName\":\"Apfelpatient\",\"potentialAction\":[{\"@type\":\"SearchAction\",\"target\":{\"@type\":\"EntryPoint\",\"urlTemplate\":\"https:\\\/\\\/www.apfelpatient.de\\\/?s={search_term_string}\"},\"query-input\":{\"@type\":\"PropertyValueSpecification\",\"valueRequired\":true,\"valueName\":\"search_term_string\"}}],\"inLanguage\":\"en-US\"},{\"@type\":[\"Person\",\"Organization\"],\"@id\":\"https:\\\/\\\/www.apfelpatient.de\\\/#\\\/schema\\\/person\\\/35b3ddba5832f2bfc7fff5206d4f6b7b\",\"name\":\"Milan\",\"logo\":{\"@id\":\"https:\\\/\\\/www.apfelpatient.de\\\/#\\\/schema\\\/person\\\/image\\\/\"},\"description\":\"Hallo und herzlich willkommen auf meinem Technik-Blog! Als gro\u00dfer Apple-Fan berichte ich hier \u00fcber alles, was mit Apple zu tun hat: von den neuesten News und spannenden Ger\u00fcchten \u00fcber hilfreiche Tipps und Tricks bis hin zu ausf\u00fchrlichen Produkttests. Wenn du genauso technikbegeistert bist wie ich, bist du hier genau richtig!\",\"sameAs\":[\"https:\\\/\\\/www.facebook.com\\\/apfelpatientOfficial\",\"https:\\\/\\\/www.linkedin.com\\\/in\\\/milan-jovicic-42aa0231b\"],\"url\":\"https:\\\/\\\/www.apfelpatient.de\\\/en\\\/author\\\/apfeladmin\"}]}<\/script>\n<!-- \/ Yoast SEO Premium plugin. -->","yoast_head_json":{"title":"iPad Air &amp; iPad Pro 2024 with FaceTime camera in landscape mode? Apfelpatient","description":"A new turning point for the iPad? Rumors about the iPad Air &amp; iPad Pro 2024 suggest a FaceTime camera in landscape mode.","robots":{"index":"index","follow":"follow","max-snippet":"max-snippet:-1","max-image-preview":"max-image-preview:large","max-video-preview":"max-video-preview:-1"},"canonical":"https:\/\/www.apfelpatient.de\/en\/rumors\/ipad-air-ipad-pro-2024-with-facetime-camera-in-landscape-format","og_locale":"en_US","og_type":"article","og_title":"iPad Air & iPad Pro 2024 mit FaceTime Kamera im Querformat?","og_description":"Ein neuer Wendepunkt f\u00fcr das iPad? Ger\u00fcchte \u00fcber das iPad Air & iPad Pro 2024 deuten auf eine FaceTime Kamera im Querformat hin.","og_url":"https:\/\/www.apfelpatient.de\/en\/rumors\/ipad-air-ipad-pro-2024-with-facetime-camera-in-landscape-format","og_site_name":"Apfelpatient","article_publisher":"https:\/\/www.facebook.com\/apfelpatientOfficial","article_author":"https:\/\/www.facebook.com\/apfelpatientOfficial","article_published_time":"2024-03-09T16:30:13+00:00","article_modified_time":"2024-03-09T16:30:14+00:00","og_image":[{"width":1600,"height":1069,"url":"https:\/\/www.apfelpatient.de\/wp-content\/uploads\/2024\/03\/cardmapr-nl-AD1KqYRz9xk-unsplash.jpg","type":"image\/jpeg"}],"author":"Milan","twitter_card":"summary_large_image","twitter_description":"Ein neuer Wendepunkt f\u00fcr das iPad? Ger\u00fcchte \u00fcber das iPad Air & iPad Pro 2024 deuten auf eine FaceTime Kamera im Querformat hin.","twitter_misc":{"Written by":"Milan","Est. reading time":"3 minutes"},"schema":{"@context":"https:\/\/schema.org","@graph":[{"@type":"NewsArticle","@id":"https:\/\/www.apfelpatient.de\/rumors\/ipad-air-ipad-pro-2024-mit-facetime-kamera-im-querformat#article","isPartOf":{"@id":"https:\/\/www.apfelpatient.de\/rumors\/ipad-air-ipad-pro-2024-mit-facetime-kamera-im-querformat"},"author":{"@type":"Organization","@id":"https:\/\/www.apfelpatient.de\/en\/#organization","name":"Apfelpatient","url":"https:\/\/www.apfelpatient.de\/en\/"},"headline":"iPad Air &#038; iPad Pro 2024 mit FaceTime Kamera im Querformat?","datePublished":"2024-03-09T16:30:13+00:00","dateModified":"2024-03-09T16:30:14+00:00","mainEntityOfPage":{"@id":"https:\/\/www.apfelpatient.de\/rumors\/ipad-air-ipad-pro-2024-mit-facetime-kamera-im-querformat"},"wordCount":516,"publisher":{"@type":"Organization","@id":"https:\/\/www.apfelpatient.de\/en\/#organization","name":"Apfelpatient","url":"https:\/\/www.apfelpatient.de\/en\/"},"image":{"@id":"https:\/\/www.apfelpatient.de\/rumors\/ipad-air-ipad-pro-2024-mit-facetime-kamera-im-querformat#primaryimage"},"thumbnailUrl":"https:\/\/www.apfelpatient.de\/wp-content\/uploads\/2024\/03\/cardmapr-nl-AD1KqYRz9xk-unsplash.jpg","keywords":["iPad","iPad Air","iPad Pro"],"articleSection":"Rumors","inLanguage":"en-US","copyrightYear":"2024","copyrightHolder":{"@id":"https:\/\/www.apfelpatient.de\/en\/#organization"}},{"@type":"WebPage","@id":"https:\/\/www.apfelpatient.de\/rumors\/ipad-air-ipad-pro-2024-mit-facetime-kamera-im-querformat","url":"https:\/\/www.apfelpatient.de\/rumors\/ipad-air-ipad-pro-2024-mit-facetime-kamera-im-querformat","name":"iPad Air &amp; iPad Pro 2024 with FaceTime camera in landscape mode? Apfelpatient","isPartOf":{"@id":"https:\/\/www.apfelpatient.de\/#website"},"primaryImageOfPage":{"@id":"https:\/\/www.apfelpatient.de\/rumors\/ipad-air-ipad-pro-2024-mit-facetime-kamera-im-querformat#primaryimage"},"image":{"@id":"https:\/\/www.apfelpatient.de\/rumors\/ipad-air-ipad-pro-2024-mit-facetime-kamera-im-querformat#primaryimage"},"thumbnailUrl":"https:\/\/www.apfelpatient.de\/wp-content\/uploads\/2024\/03\/cardmapr-nl-AD1KqYRz9xk-unsplash.jpg","datePublished":"2024-03-09T16:30:13+00:00","dateModified":"2024-03-09T16:30:14+00:00","description":"A new turning point for the iPad? Rumors about the iPad Air &amp; iPad Pro 2024 suggest a FaceTime camera in landscape mode.","breadcrumb":{"@id":"https:\/\/www.apfelpatient.de\/rumors\/ipad-air-ipad-pro-2024-mit-facetime-kamera-im-querformat#breadcrumb"},"inLanguage":"en-US","potentialAction":[{"@type":"ReadAction","target":["https:\/\/www.apfelpatient.de\/rumors\/ipad-air-ipad-pro-2024-mit-facetime-kamera-im-querformat"]}]},{"@type":"ImageObject","inLanguage":"en-US","@id":"https:\/\/www.apfelpatient.de\/rumors\/ipad-air-ipad-pro-2024-mit-facetime-kamera-im-querformat#primaryimage","url":"https:\/\/www.apfelpatient.de\/wp-content\/uploads\/2024\/03\/cardmapr-nl-AD1KqYRz9xk-unsplash.jpg","contentUrl":"https:\/\/www.apfelpatient.de\/wp-content\/uploads\/2024\/03\/cardmapr-nl-AD1KqYRz9xk-unsplash.jpg","width":1600,"height":1069,"caption":"Photo by Unsplash \/ CardMapr.nl"},{"@type":"BreadcrumbList","@id":"https:\/\/www.apfelpatient.de\/rumors\/ipad-air-ipad-pro-2024-mit-facetime-kamera-im-querformat#breadcrumb","itemListElement":[{"@type":"ListItem","position":1,"name":"Startseite","item":"https:\/\/www.apfelpatient.de\/"},{"@type":"ListItem","position":2,"name":"iPad Air &#038; iPad Pro 2024 mit FaceTime Kamera im Querformat?"}]},{"@type":"WebSite","@id":"https:\/\/www.apfelpatient.de\/#website","url":"https:\/\/www.apfelpatient.de\/","name":"apple patient","description":"Everything about Apple!","publisher":{"@type":"Organization","@id":"https:\/\/www.apfelpatient.de\/en\/#organization","name":"Apfelpatient","url":"https:\/\/www.apfelpatient.de\/en\/"},"alternateName":"Apfelpatient","potentialAction":[{"@type":"SearchAction","target":{"@type":"EntryPoint","urlTemplate":"https:\/\/www.apfelpatient.de\/?s={search_term_string}"},"query-input":{"@type":"PropertyValueSpecification","valueRequired":true,"valueName":"search_term_string"}}],"inLanguage":"en-US"},{"@type":["Person","Organization"],"@id":"https:\/\/www.apfelpatient.de\/#\/schema\/person\/35b3ddba5832f2bfc7fff5206d4f6b7b","name":"Milan","logo":{"@id":"https:\/\/www.apfelpatient.de\/#\/schema\/person\/image\/"},"description":"Hello and welcome to my technology blog! As a big Apple fan, I report on everything to do with Apple: from the latest news and exciting rumors to helpful tips and tricks and detailed product tests. If you are as enthusiastic about technology as I am, you have come to the right place!","sameAs":["https:\/\/www.facebook.com\/apfelpatientOfficial","https:\/\/www.linkedin.com\/in\/milan-jovicic-42aa0231b"],"url":"https:\/\/www.apfelpatient.de\/en\/author\/apfeladmin"}]}},"_links":{"self":[{"href":"https:\/\/www.apfelpatient.de\/en\/wp-json\/wp\/v2\/posts\/42282","targetHints":{"allow":["GET"]}}],"collection":[{"href":"https:\/\/www.apfelpatient.de\/en\/wp-json\/wp\/v2\/posts"}],"about":[{"href":"https:\/\/www.apfelpatient.de\/en\/wp-json\/wp\/v2\/types\/post"}],"author":[{"embeddable":true,"href":"https:\/\/www.apfelpatient.de\/en\/wp-json\/wp\/v2\/users\/2"}],"replies":[{"embeddable":true,"href":"https:\/\/www.apfelpatient.de\/en\/wp-json\/wp\/v2\/comments?post=42282"}],"version-history":[{"count":0,"href":"https:\/\/www.apfelpatient.de\/en\/wp-json\/wp\/v2\/posts\/42282\/revisions"}],"wp:featuredmedia":[{"embeddable":true,"href":"https:\/\/www.apfelpatient.de\/en\/wp-json\/wp\/v2\/media\/42284"}],"wp:attachment":[{"href":"https:\/\/www.apfelpatient.de\/en\/wp-json\/wp\/v2\/media?parent=42282"}],"wp:term":[{"taxonomy":"category","embeddable":true,"href":"https:\/\/www.apfelpatient.de\/en\/wp-json\/wp\/v2\/categories?post=42282"},{"taxonomy":"post_tag","embeddable":true,"href":"https:\/\/www.apfelpatient.de\/en\/wp-json\/wp\/v2\/tags?post=42282"}],"curies":[{"name":"wp","href":"https:\/\/api.w.org\/{rel}","templated":true}]}}