{"id":4222,"date":"2019-04-30T23:26:16","date_gmt":"2019-04-30T21:26:16","guid":{"rendered":"https:\/\/www.apfelpatient.de\/?p=4222"},"modified":"2019-04-30T23:26:16","modified_gmt":"2019-04-30T21:26:16","slug":"facebook-gets-new-user-interface-and-more","status":"publish","type":"post","link":"https:\/\/www.apfelpatient.de\/en\/news\/facebook-bekommt-neue-benutzeroberflaeche-und-mehr","title":{"rendered":"Facebook gets new user interface and more"},"content":{"rendered":"<p class=\"has-drop-cap\"><strong>Mark Zuckerberg presented the major redesign of Facebook for iOS and the web at the F8 developer conference. Facebook Messenger is also set to be improved. Instagram is also getting a new creation mode.<\/strong><\/p>\n\n\n\n<p>Facebook CEO Mark Zuckerberg and other company executives took the opportunity today at the F8 developer conference to talk about the future of the social network. The most interesting point of this presentation was the brand new user interface of the iOS and web version of Facebook. In addition to new functions and changes to Facebook Messenger, WhatsApp and Instagram, the world-famous logo has also been revised.<\/p>\n\n\n\n<h3 class=\"wp-block-heading\">Facebook Messenger<\/h3>\n\n\n\n<p>Zuckerberg opened the F8 keynote and reiterated the company&#039;s new goals in terms of security, data protection, encryption and more. He reiterated that the company believes that &quot;the future is private.&quot; Messenger will be the company&#039;s first product to benefit from the new goals. Facebook also wants to make Messenger the fastest messaging service in the world. Zuckerberg confirmed the previously leaked news that Messenger will be available on Mac and Windows. The new app will also have a dark mode on macOS. An exact release date was not given. Furthermore, the service will finally have end-to-end encryption - like WhatsApp did some time ago. An expansion of the user interface within the Messenger app is also planned. Here, users will see content from people they follow on Facebook, Instagram and WhatsApp in a separate section called &quot;Friends&quot;. Zuckerberg emphasized that all content from companies and public figures will not be listed in this area. The &quot;Watch Together&quot; function will also be included in Messenger.<\/p>\n\n\n\n<h3 class=\"wp-block-heading\">Facebook 5 and Facebook Groups<\/h3>\n\n\n\n\n\n\n\n<p><\/p>\n\n\n\n<p>Another highlight of the keynote was the unveiling of Facebook 5. The new interface will be much simpler and will lose most of the blue design on both mobile and desktop. Navigation will also be much easier - the top tab bar has also been updated. Among the many new features, the logo has also been redesigned in Facebook 5 - it now looks much more dynamic. In addition to Facebook&#039;s efforts to set a new course for security, data protection and an overall more user-friendly platform, there will be a greater focus on groups - these will be found in the top tab bar in the future.<\/p>\n\n\n\n<h3 class=\"wp-block-heading\">Instagram<\/h3>\n\n\n\n<p>The company has also made changes to Instagram. In the future, users will be able to create a new post without having to start with a photo or video. The feature is called &quot;Creation Mode&quot; and allows users to start with just text, a poll, and more. On the business level, Instagram is expanding the way shopping works on the platform. Business users will now be able to link their products directly in posts. Another new feature is donation stickers. These can be pinned directly to posts with the new update. Finally, Zuckerberg discussed products such as the Oculus Quest VR headset. Facebook 5 is set to be rolled out starting today - exact details were not given. It is assumed that developers will be the first to benefit from the new version.<\/p>\n\n\n\n<figure class=\"wp-block-gallery columns-4 is-cropped wp-block-gallery-1 is-layout-flex wp-block-gallery-is-layout-flex\"><ul class=\"blocks-gallery-grid\"><li class=\"blocks-gallery-item\"><figure><img data-id=\"4233\" class=\"wp-image-4233\"\/><\/figure><\/li><li class=\"blocks-gallery-item\"><figure><img data-id=\"4228\" class=\"wp-image-4228\"\/><\/figure><\/li><li class=\"blocks-gallery-item\"><figure><img data-id=\"4229\" class=\"wp-image-4229\"\/><\/figure><\/li><li class=\"blocks-gallery-item\"><figure><img data-id=\"4230\" class=\"wp-image-4230\"\/><\/figure><\/li><\/ul><\/figure>\n\n\n\n<h6 class=\"wp-block-heading\"><a href=\"https:\/\/t.me\/apfelpatient_official\"><em><strong>Don&#039;t want to miss any more news? Then subscribe to our Telegram channel here<\/strong><\/em><\/a><\/h6>","protected":false},"excerpt":{"rendered":"<p>Mark Zuckerberg hat im Zuge der Entwicklerkonferenz F8 das gro\u00dfe Redesign von Facebook f\u00fcr iOS und Web vorgestellt. Auch der Facebook Messenger soll besser werden. Au\u00dferdem bekommt Instagram einen neuen Erstellungsmodus. Facebook CEO Mark Zuckerberg und weitere F\u00fchrungskr\u00e4fte des Unternehmens nahmen heute auf der F8-Entwicklerkonferenz die Gelegenheit wahr \u00fcber die Zukunft des sozialen Netzwerks zu [&hellip;]<\/p>\n","protected":false},"author":2,"featured_media":5793,"comment_status":"open","ping_status":"open","sticky":false,"template":"","format":"standard","meta":{"jnews-multi-image_gallery":[],"jnews_single_post":{"subtitle":"","format":"standard","video":"","gallery":"","source_name":"","source_url":"","via_name":"","via_url":"","override":[{"single_blog_custom":"","sidebar":"","second_sidebar":"","share_position":"","share_float_style":"","post_date_format":"","post_date_format_custom":"","post_reading_time_wpm":"","zoom_button_out_step":"1","zoom_button_in_step":"1","number_popup_post":"1"}],"image_override":[{"single_post_thumbnail_size":"","single_post_gallery_size":""}],"trending_post_position":"","trending_post_label":""},"jnews_primary_category":{"id":""},"footnotes":""},"categories":[9],"tags":[269,142,270,143,8,58],"class_list":["post-4222","post","type-post","status-publish","format-standard","has-post-thumbnail","hentry","category-news","tag-f8","tag-facebook","tag-facebook-messenger","tag-instagram","tag-iphone","tag-whatsapp"],"yoast_head":"<!-- This site is optimized with the Yoast SEO Premium plugin v27.5 (Yoast SEO v27.5) - https:\/\/yoast.com\/product\/yoast-seo-premium-wordpress\/ -->\n<title>Facebook bekommt neue Benutzeroberfl\u00e4che und mehr Apfelpatient<\/title>\n<meta name=\"description\" content=\"- Mark Zuckerberg hat im Zuge der Entwicklerkonferenz F8 das gro\u00dfe Redesign von Facebook f\u00fcr iOS und Web vorgestellt. Auch der Facebook Messenger soll besser werden. Au\u00dferdem bekommt Instagram einen neuen Erstellungsmodus.\" \/>\n<meta name=\"robots\" content=\"index, follow, max-snippet:-1, max-image-preview:large, max-video-preview:-1\" \/>\n<link rel=\"canonical\" href=\"https:\/\/www.apfelpatient.de\/en\/news\/facebook-gets-new-user-interface-and-more\" \/>\n<meta property=\"og:locale\" content=\"en_US\" \/>\n<meta property=\"og:type\" content=\"article\" \/>\n<meta property=\"og:title\" content=\"Facebook bekommt neue Benutzeroberfl\u00e4che und mehr\" \/>\n<meta property=\"og:description\" content=\"- Mark Zuckerberg hat im Zuge der Entwicklerkonferenz F8 das gro\u00dfe Redesign von Facebook f\u00fcr iOS und Web vorgestellt. Auch der Facebook Messenger soll besser werden. Au\u00dferdem bekommt Instagram einen neuen Erstellungsmodus.\" \/>\n<meta property=\"og:url\" content=\"https:\/\/www.apfelpatient.de\/en\/news\/facebook-gets-new-user-interface-and-more\" \/>\n<meta property=\"og:site_name\" content=\"Apfelpatient\" \/>\n<meta property=\"article:publisher\" content=\"https:\/\/www.facebook.com\/apfelpatientOfficial\" \/>\n<meta property=\"article:author\" content=\"https:\/\/www.facebook.com\/apfelpatientOfficial\" \/>\n<meta property=\"article:published_time\" content=\"2019-04-30T21:26:16+00:00\" \/>\n<meta property=\"og:image\" content=\"https:\/\/www.apfelpatient.de\/wp-content\/uploads\/2019\/09\/bigstock-Sankt-petersburg-Russia-June-245144077.jpg\" \/>\n\t<meta property=\"og:image:width\" content=\"1600\" \/>\n\t<meta property=\"og:image:height\" content=\"1067\" \/>\n\t<meta property=\"og:image:type\" content=\"image\/jpeg\" \/>\n<meta name=\"author\" content=\"Milan\" \/>\n<meta name=\"twitter:card\" content=\"summary_large_image\" \/>\n<meta name=\"twitter:label1\" content=\"Written by\" \/>\n\t<meta name=\"twitter:data1\" content=\"Milan\" \/>\n\t<meta name=\"twitter:label2\" content=\"Est. reading time\" \/>\n\t<meta name=\"twitter:data2\" content=\"3 minutes\" \/>\n<script type=\"application\/ld+json\" class=\"yoast-schema-graph\">{\"@context\":\"https:\\\/\\\/schema.org\",\"@graph\":[{\"@type\":\"NewsArticle\",\"@id\":\"https:\\\/\\\/www.apfelpatient.de\\\/news\\\/facebook-bekommt-neue-benutzeroberflaeche-und-mehr#article\",\"isPartOf\":{\"@id\":\"https:\\\/\\\/www.apfelpatient.de\\\/news\\\/facebook-bekommt-neue-benutzeroberflaeche-und-mehr\"},\"author\":{\"@type\":\"Organization\",\"@id\":\"https:\\\/\\\/www.apfelpatient.de\\\/en\\\/#organization\",\"name\":\"Apfelpatient\",\"url\":\"https:\\\/\\\/www.apfelpatient.de\\\/en\\\/\"},\"headline\":\"Facebook bekommt neue Benutzeroberfl\u00e4che und mehr\",\"datePublished\":\"2019-04-30T21:26:16+00:00\",\"mainEntityOfPage\":{\"@id\":\"https:\\\/\\\/www.apfelpatient.de\\\/news\\\/facebook-bekommt-neue-benutzeroberflaeche-und-mehr\"},\"wordCount\":547,\"commentCount\":0,\"publisher\":{\"@type\":\"Organization\",\"@id\":\"https:\\\/\\\/www.apfelpatient.de\\\/en\\\/#organization\",\"name\":\"Apfelpatient\",\"url\":\"https:\\\/\\\/www.apfelpatient.de\\\/en\\\/\"},\"image\":{\"@id\":\"https:\\\/\\\/www.apfelpatient.de\\\/news\\\/facebook-bekommt-neue-benutzeroberflaeche-und-mehr#primaryimage\"},\"thumbnailUrl\":\"https:\\\/\\\/www.apfelpatient.de\\\/wp-content\\\/uploads\\\/2019\\\/09\\\/bigstock-Sankt-petersburg-Russia-June-245144077.jpg\",\"keywords\":[\"F8\",\"Facebook\",\"Facebook Messenger\",\"Instagram\",\"iPhone\",\"WhatsApp\"],\"articleSection\":\"News\",\"inLanguage\":\"en-US\",\"potentialAction\":[{\"@type\":\"CommentAction\",\"name\":\"Comment\",\"target\":[\"https:\\\/\\\/www.apfelpatient.de\\\/news\\\/facebook-bekommt-neue-benutzeroberflaeche-und-mehr#respond\"]}],\"copyrightYear\":\"2019\",\"copyrightHolder\":{\"@id\":\"https:\\\/\\\/www.apfelpatient.de\\\/en\\\/#organization\"}},{\"@type\":\"WebPage\",\"@id\":\"https:\\\/\\\/www.apfelpatient.de\\\/news\\\/facebook-bekommt-neue-benutzeroberflaeche-und-mehr\",\"url\":\"https:\\\/\\\/www.apfelpatient.de\\\/news\\\/facebook-bekommt-neue-benutzeroberflaeche-und-mehr\",\"name\":\"Facebook bekommt neue Benutzeroberfl\u00e4che und mehr Apfelpatient\",\"isPartOf\":{\"@id\":\"https:\\\/\\\/www.apfelpatient.de\\\/#website\"},\"primaryImageOfPage\":{\"@id\":\"https:\\\/\\\/www.apfelpatient.de\\\/news\\\/facebook-bekommt-neue-benutzeroberflaeche-und-mehr#primaryimage\"},\"image\":{\"@id\":\"https:\\\/\\\/www.apfelpatient.de\\\/news\\\/facebook-bekommt-neue-benutzeroberflaeche-und-mehr#primaryimage\"},\"thumbnailUrl\":\"https:\\\/\\\/www.apfelpatient.de\\\/wp-content\\\/uploads\\\/2019\\\/09\\\/bigstock-Sankt-petersburg-Russia-June-245144077.jpg\",\"datePublished\":\"2019-04-30T21:26:16+00:00\",\"description\":\"- Mark Zuckerberg hat im Zuge der Entwicklerkonferenz F8 das gro\u00dfe Redesign von Facebook f\u00fcr iOS und Web vorgestellt. Auch der Facebook Messenger soll besser werden. Au\u00dferdem bekommt Instagram einen neuen Erstellungsmodus.\",\"breadcrumb\":{\"@id\":\"https:\\\/\\\/www.apfelpatient.de\\\/news\\\/facebook-bekommt-neue-benutzeroberflaeche-und-mehr#breadcrumb\"},\"inLanguage\":\"en-US\",\"potentialAction\":[{\"@type\":\"ReadAction\",\"target\":[\"https:\\\/\\\/www.apfelpatient.de\\\/news\\\/facebook-bekommt-neue-benutzeroberflaeche-und-mehr\"]}]},{\"@type\":\"ImageObject\",\"inLanguage\":\"en-US\",\"@id\":\"https:\\\/\\\/www.apfelpatient.de\\\/news\\\/facebook-bekommt-neue-benutzeroberflaeche-und-mehr#primaryimage\",\"url\":\"https:\\\/\\\/www.apfelpatient.de\\\/wp-content\\\/uploads\\\/2019\\\/09\\\/bigstock-Sankt-petersburg-Russia-June-245144077.jpg\",\"contentUrl\":\"https:\\\/\\\/www.apfelpatient.de\\\/wp-content\\\/uploads\\\/2019\\\/09\\\/bigstock-Sankt-petersburg-Russia-June-245144077.jpg\",\"width\":1600,\"height\":1067,\"caption\":\"Sankt-Petersburg, Russia, June 8, 2018: Facebook application icon on Apple iPhone X smartphone screen close-up in woman hands. Facebook app icon. Social media icon. Social network\"},{\"@type\":\"BreadcrumbList\",\"@id\":\"https:\\\/\\\/www.apfelpatient.de\\\/news\\\/facebook-bekommt-neue-benutzeroberflaeche-und-mehr#breadcrumb\",\"itemListElement\":[{\"@type\":\"ListItem\",\"position\":1,\"name\":\"Startseite\",\"item\":\"https:\\\/\\\/www.apfelpatient.de\\\/\"},{\"@type\":\"ListItem\",\"position\":2,\"name\":\"Facebook bekommt neue Benutzeroberfl\u00e4che und mehr\"}]},{\"@type\":\"WebSite\",\"@id\":\"https:\\\/\\\/www.apfelpatient.de\\\/#website\",\"url\":\"https:\\\/\\\/www.apfelpatient.de\\\/\",\"name\":\"Apfelpatient\",\"description\":\"Alles rund um Apple!\",\"publisher\":{\"@type\":\"Organization\",\"@id\":\"https:\\\/\\\/www.apfelpatient.de\\\/en\\\/#organization\",\"name\":\"Apfelpatient\",\"url\":\"https:\\\/\\\/www.apfelpatient.de\\\/en\\\/\"},\"alternateName\":\"Apfelpatient\",\"potentialAction\":[{\"@type\":\"SearchAction\",\"target\":{\"@type\":\"EntryPoint\",\"urlTemplate\":\"https:\\\/\\\/www.apfelpatient.de\\\/?s={search_term_string}\"},\"query-input\":{\"@type\":\"PropertyValueSpecification\",\"valueRequired\":true,\"valueName\":\"search_term_string\"}}],\"inLanguage\":\"en-US\"},{\"@type\":[\"Person\",\"Organization\"],\"@id\":\"https:\\\/\\\/www.apfelpatient.de\\\/#\\\/schema\\\/person\\\/7dc56ad6c8e9824b76d2c08d4c140e13\",\"name\":\"Milan\",\"logo\":{\"@id\":\"https:\\\/\\\/www.apfelpatient.de\\\/#\\\/schema\\\/person\\\/image\\\/\"},\"description\":\"Hallo und herzlich willkommen auf meinem Technik-Blog! Als gro\u00dfer Apple-Fan berichte ich hier \u00fcber alles, was mit Apple zu tun hat: von den neuesten News und spannenden Ger\u00fcchten \u00fcber hilfreiche Tipps und Tricks bis hin zu ausf\u00fchrlichen Produkttests. Wenn du genauso technikbegeistert bist wie ich, bist du hier genau richtig!\",\"sameAs\":[\"https:\\\/\\\/www.facebook.com\\\/apfelpatientOfficial\",\"https:\\\/\\\/www.linkedin.com\\\/in\\\/milan-jovicic-42aa0231b\"],\"url\":\"https:\\\/\\\/www.apfelpatient.de\\\/en\\\/author\\\/apfeladmin\"}]}<\/script>\n<!-- \/ Yoast SEO Premium plugin. -->","yoast_head_json":{"title":"Facebook gets new user interface and more Apfelpatient","description":"- Mark Zuckerberg presented the major redesign of Facebook for iOS and the web at the F8 developer conference. Facebook Messenger is also set to be improved. Instagram is also getting a new creation mode.","robots":{"index":"index","follow":"follow","max-snippet":"max-snippet:-1","max-image-preview":"max-image-preview:large","max-video-preview":"max-video-preview:-1"},"canonical":"https:\/\/www.apfelpatient.de\/en\/news\/facebook-gets-new-user-interface-and-more","og_locale":"en_US","og_type":"article","og_title":"Facebook bekommt neue Benutzeroberfl\u00e4che und mehr","og_description":"- Mark Zuckerberg hat im Zuge der Entwicklerkonferenz F8 das gro\u00dfe Redesign von Facebook f\u00fcr iOS und Web vorgestellt. Auch der Facebook Messenger soll besser werden. Au\u00dferdem bekommt Instagram einen neuen Erstellungsmodus.","og_url":"https:\/\/www.apfelpatient.de\/en\/news\/facebook-gets-new-user-interface-and-more","og_site_name":"Apfelpatient","article_publisher":"https:\/\/www.facebook.com\/apfelpatientOfficial","article_author":"https:\/\/www.facebook.com\/apfelpatientOfficial","article_published_time":"2019-04-30T21:26:16+00:00","og_image":[{"width":1600,"height":1067,"url":"https:\/\/www.apfelpatient.de\/wp-content\/uploads\/2019\/09\/bigstock-Sankt-petersburg-Russia-June-245144077.jpg","type":"image\/jpeg"}],"author":"Milan","twitter_card":"summary_large_image","twitter_misc":{"Written by":"Milan","Est. reading time":"3 minutes"},"schema":{"@context":"https:\/\/schema.org","@graph":[{"@type":"NewsArticle","@id":"https:\/\/www.apfelpatient.de\/news\/facebook-bekommt-neue-benutzeroberflaeche-und-mehr#article","isPartOf":{"@id":"https:\/\/www.apfelpatient.de\/news\/facebook-bekommt-neue-benutzeroberflaeche-und-mehr"},"author":{"@type":"Organization","@id":"https:\/\/www.apfelpatient.de\/en\/#organization","name":"Apfelpatient","url":"https:\/\/www.apfelpatient.de\/en\/"},"headline":"Facebook bekommt neue Benutzeroberfl\u00e4che und mehr","datePublished":"2019-04-30T21:26:16+00:00","mainEntityOfPage":{"@id":"https:\/\/www.apfelpatient.de\/news\/facebook-bekommt-neue-benutzeroberflaeche-und-mehr"},"wordCount":547,"commentCount":0,"publisher":{"@type":"Organization","@id":"https:\/\/www.apfelpatient.de\/en\/#organization","name":"Apfelpatient","url":"https:\/\/www.apfelpatient.de\/en\/"},"image":{"@id":"https:\/\/www.apfelpatient.de\/news\/facebook-bekommt-neue-benutzeroberflaeche-und-mehr#primaryimage"},"thumbnailUrl":"https:\/\/www.apfelpatient.de\/wp-content\/uploads\/2019\/09\/bigstock-Sankt-petersburg-Russia-June-245144077.jpg","keywords":["F8","Facebook","Facebook Messenger","Instagram","iPhone","WhatsApp"],"articleSection":"News","inLanguage":"en-US","potentialAction":[{"@type":"CommentAction","name":"Comment","target":["https:\/\/www.apfelpatient.de\/news\/facebook-bekommt-neue-benutzeroberflaeche-und-mehr#respond"]}],"copyrightYear":"2019","copyrightHolder":{"@id":"https:\/\/www.apfelpatient.de\/en\/#organization"}},{"@type":"WebPage","@id":"https:\/\/www.apfelpatient.de\/news\/facebook-bekommt-neue-benutzeroberflaeche-und-mehr","url":"https:\/\/www.apfelpatient.de\/news\/facebook-bekommt-neue-benutzeroberflaeche-und-mehr","name":"Facebook gets new user interface and more Apfelpatient","isPartOf":{"@id":"https:\/\/www.apfelpatient.de\/#website"},"primaryImageOfPage":{"@id":"https:\/\/www.apfelpatient.de\/news\/facebook-bekommt-neue-benutzeroberflaeche-und-mehr#primaryimage"},"image":{"@id":"https:\/\/www.apfelpatient.de\/news\/facebook-bekommt-neue-benutzeroberflaeche-und-mehr#primaryimage"},"thumbnailUrl":"https:\/\/www.apfelpatient.de\/wp-content\/uploads\/2019\/09\/bigstock-Sankt-petersburg-Russia-June-245144077.jpg","datePublished":"2019-04-30T21:26:16+00:00","description":"- Mark Zuckerberg presented the major redesign of Facebook for iOS and the web at the F8 developer conference. Facebook Messenger is also set to be improved. Instagram is also getting a new creation mode.","breadcrumb":{"@id":"https:\/\/www.apfelpatient.de\/news\/facebook-bekommt-neue-benutzeroberflaeche-und-mehr#breadcrumb"},"inLanguage":"en-US","potentialAction":[{"@type":"ReadAction","target":["https:\/\/www.apfelpatient.de\/news\/facebook-bekommt-neue-benutzeroberflaeche-und-mehr"]}]},{"@type":"ImageObject","inLanguage":"en-US","@id":"https:\/\/www.apfelpatient.de\/news\/facebook-bekommt-neue-benutzeroberflaeche-und-mehr#primaryimage","url":"https:\/\/www.apfelpatient.de\/wp-content\/uploads\/2019\/09\/bigstock-Sankt-petersburg-Russia-June-245144077.jpg","contentUrl":"https:\/\/www.apfelpatient.de\/wp-content\/uploads\/2019\/09\/bigstock-Sankt-petersburg-Russia-June-245144077.jpg","width":1600,"height":1067,"caption":"Sankt-Petersburg, Russia, June 8, 2018: Facebook application icon on Apple iPhone X smartphone screen close-up in woman hands. Facebook app icon. Social media icon. Social network"},{"@type":"BreadcrumbList","@id":"https:\/\/www.apfelpatient.de\/news\/facebook-bekommt-neue-benutzeroberflaeche-und-mehr#breadcrumb","itemListElement":[{"@type":"ListItem","position":1,"name":"Startseite","item":"https:\/\/www.apfelpatient.de\/"},{"@type":"ListItem","position":2,"name":"Facebook bekommt neue Benutzeroberfl\u00e4che und mehr"}]},{"@type":"WebSite","@id":"https:\/\/www.apfelpatient.de\/#website","url":"https:\/\/www.apfelpatient.de\/","name":"apple patient","description":"Everything about Apple!","publisher":{"@type":"Organization","@id":"https:\/\/www.apfelpatient.de\/en\/#organization","name":"Apfelpatient","url":"https:\/\/www.apfelpatient.de\/en\/"},"alternateName":"Apfelpatient","potentialAction":[{"@type":"SearchAction","target":{"@type":"EntryPoint","urlTemplate":"https:\/\/www.apfelpatient.de\/?s={search_term_string}"},"query-input":{"@type":"PropertyValueSpecification","valueRequired":true,"valueName":"search_term_string"}}],"inLanguage":"en-US"},{"@type":["Person","Organization"],"@id":"https:\/\/www.apfelpatient.de\/#\/schema\/person\/7dc56ad6c8e9824b76d2c08d4c140e13","name":"Milan","logo":{"@id":"https:\/\/www.apfelpatient.de\/#\/schema\/person\/image\/"},"description":"Hello and welcome to my technology blog! As a big Apple fan, I report on everything to do with Apple: from the latest news and exciting rumors to helpful tips and tricks and detailed product tests. If you are as enthusiastic about technology as I am, you have come to the right place!","sameAs":["https:\/\/www.facebook.com\/apfelpatientOfficial","https:\/\/www.linkedin.com\/in\/milan-jovicic-42aa0231b"],"url":"https:\/\/www.apfelpatient.de\/en\/author\/apfeladmin"}]}},"_links":{"self":[{"href":"https:\/\/www.apfelpatient.de\/en\/wp-json\/wp\/v2\/posts\/4222","targetHints":{"allow":["GET"]}}],"collection":[{"href":"https:\/\/www.apfelpatient.de\/en\/wp-json\/wp\/v2\/posts"}],"about":[{"href":"https:\/\/www.apfelpatient.de\/en\/wp-json\/wp\/v2\/types\/post"}],"author":[{"embeddable":true,"href":"https:\/\/www.apfelpatient.de\/en\/wp-json\/wp\/v2\/users\/2"}],"replies":[{"embeddable":true,"href":"https:\/\/www.apfelpatient.de\/en\/wp-json\/wp\/v2\/comments?post=4222"}],"version-history":[{"count":0,"href":"https:\/\/www.apfelpatient.de\/en\/wp-json\/wp\/v2\/posts\/4222\/revisions"}],"wp:featuredmedia":[{"embeddable":true,"href":"https:\/\/www.apfelpatient.de\/en\/wp-json\/wp\/v2\/media\/5793"}],"wp:attachment":[{"href":"https:\/\/www.apfelpatient.de\/en\/wp-json\/wp\/v2\/media?parent=4222"}],"wp:term":[{"taxonomy":"category","embeddable":true,"href":"https:\/\/www.apfelpatient.de\/en\/wp-json\/wp\/v2\/categories?post=4222"},{"taxonomy":"post_tag","embeddable":true,"href":"https:\/\/www.apfelpatient.de\/en\/wp-json\/wp\/v2\/tags?post=4222"}],"curies":[{"name":"wp","href":"https:\/\/api.w.org\/{rel}","templated":true}]}}