{"id":42159,"date":"2024-03-01T23:10:06","date_gmt":"2024-03-01T22:10:06","guid":{"rendered":"https:\/\/www.apfelpatient.de\/?p=42159"},"modified":"2024-03-01T23:10:07","modified_gmt":"2024-03-01T22:10:07","slug":"apple-reacts-to-withdrawal-of-web-app-restrictions-in-the-eu","status":"publish","type":"post","link":"https:\/\/www.apfelpatient.de\/en\/news\/apple-reagiert-ruecknahme-der-web-app-einschraenkung-in-der-eu","title":{"rendered":"Apple reacts: Withdrawal of the web app restriction in the EU"},"content":{"rendered":"<p class=\"has-drop-cap\"><strong>Amid controversy and vehement criticism, Apple has reversed a decision that affected the functionality of web apps on the home screen in the European Union. The announcement that starting with iOS 17.4, the ability to launch web apps directly from the home screen would be restricted sparked a wave of outrage that eventually led to a reassessment by the tech giant.<\/strong><\/p>\n\n\n\n<p>The technology industry is a dynamic battlefield where companies like Apple must constantly find new ways to adapt to changing demands and legal frameworks. Apple&#039;s decision to limit the functionality of web apps on the home screen in the EU was seen by many as a move that could affect the user experience and make web applications more difficult to access. This sparked a debate about privacy, security and the impact on the EU&#039;s digital landscape.<\/p>\n\n\n\n<h3 class=\"wp-block-heading\" id=\"h-die-kontroverse-um-die-einschrankung-von-web-apps\">The controversy surrounding the restriction of web apps<\/h3>\n\n\n\n<p class=\"translation-block\">The controversy began with the release of the second beta version of iOS 17.4, when it was revealed that Apple would be restricting the functionality of web apps in the EU. This <a href=\"https:\/\/developer.apple.com\/support\/dma-and-apps-in-the-eu\" target=\"_blank\" rel=\"noreferrer noopener follow\" data-wpel-link=\"exclude\">change<\/a> meant that web apps could no longer be launched directly from the home screen, but only as a simple shortcut with the option to open them in Safari. Organizations like Open Web Advocacy launched a petition to persuade Apple to reverse course, and even the European Commission took notice. These efforts proved effective when Apple finally announced that it would reverse its decision to restrict web apps.<\/p>\n\n\n\n<h3 class=\"wp-block-heading\" id=\"h-apple-reagiert-auf-die-kritik\">Apple responds to the criticism<\/h3>\n\n\n\n<p>The company stated that web apps using WebKit in the EU would continue to function as normal. This decision was hailed as a victory for the user experience and interests of EU consumers. In an update on its developer website, Apple explained the reasons behind the original decision and stressed the need to address complex security and privacy concerns. However, the company made it clear that it takes users&#039; and developers&#039; concerns seriously and is willing to maintain the functionality of web apps in the EU.<\/p>\n\n\n\n<h3 class=\"wp-block-heading\" id=\"h-die-bedeutung-des-nutzerdialogs\">The importance of user dialogue<\/h3>\n\n\n\n\n\n\n\n<p>Apple&#039;s decision to roll back restrictions on web apps on the home screen in the EU marks a victory for user experience and highlights the importance of dialogue between tech companies, regulators and the public. As the tech giant continues to meet the evolving demands of the digital market, this episode is an example of how consumer voices can help bring about positive change. With the return of full web app functionality, users in the EU can continue to seamlessly access their favorite web applications while Apple strives to ensure security and privacy on its platform. (Photo by DenPhoto \/ Bigstockphoto)<\/p>\n\n\n\n<ul class=\"wp-block-list\">\n<li><a href=\"https:\/\/www.apfelpatient.de\/en\/news\/ios-17-4-ipados-17-4-apple-releases-rc-versions\">iOS 17.4 &amp; iPadOS 17.4: Apple releases RC versions<\/a><\/li>\n<\/ul>\n\n\n\n<h6 class=\"wp-block-heading translation-block\" id=\"h-kennt-ihr-schon-unsere-amazon-storefront-dort-findet-ihr-eine-handverlesene-auswahl-von-diversen-produkten-f-r-euer-iphone-und-co-viel-spa-beim-st-bern\"><em>Have you already visited our Amazon Storefront? There you&#039;ll find a hand-picked selection of various products for your iPhone and other devices \u2013 <span class=\"has-inline-color has-vivid-red-color\"><a href=\"https:\/\/www.amazon.de\/shop\/apfelpatientofficial\" class=\"ek-link\" data-wpel-link=\"exclude\" rel=\"follow noopener\" target=\"_self\"><span style=\"text-decoration: underline\" class=\"ek-underline\">enjoy browsing<\/span><\/a> !<\/span><\/em><\/h6>\n\n\n\n<h6 class=\"wp-block-heading translation-block\" id=\"h-der-beitrag-enthalt-partnerlinks\">This post contains <a data-type=\"URL\" data-id=\"https:\/\/www.apfelpatient.de\/partnerprogramm\" href=\"https:\/\/www.apfelpatient.de\/en\/partner-program\" data-wpel-link=\"internal\" target=\"_self\">affiliate links<\/a>.<\/h6>","protected":false},"excerpt":{"rendered":"<p>Apple and web apps: Find out how the technology giant responded to criticism and lifted restrictions in the EU.<\/p>","protected":false},"author":2,"featured_media":42161,"comment_status":"closed","ping_status":"closed","sticky":false,"template":"","format":"standard","meta":{"jnews-multi-image_gallery":[],"jnews_single_post":{"subtitle":"","format":"standard","video":"","gallery":"","source_name":"","source_url":"","via_name":"","via_url":"","override_template":"0","override":[{"template":"4","single_blog_custom":"","parallax":"1","fullscreen":"1","layout":"right-sidebar","sidebar":"default-sidebar","second_sidebar":"default-sidebar","sticky_sidebar":"1","share_position":"top","share_float_style":"share-monocrhome","show_share_counter":"1","show_view_counter":"1","show_featured":"1","show_post_meta":"1","show_post_author":"1","show_post_author_image":"1","show_post_date":"1","post_date_format":"default","post_date_format_custom":"Y\/m\/d","show_post_category":"1","show_post_reading_time":"0","post_reading_time_wpm":"300","show_zoom_button":"0","zoom_button_out_step":"2","zoom_button_in_step":"3","show_post_tag":"1","show_prev_next_post":"1","show_popup_post":"1","number_popup_post":"1","show_author_box":"0","show_post_related":"0","show_inline_post_related":"0"}],"override_image_size":"0","image_override":[{"single_post_thumbnail_size":"crop-500","single_post_gallery_size":"crop-500"}],"trending_post":"0","trending_post_position":"meta","trending_post_label":"Trending","sponsored_post":"0","sponsored_post_label":"Sponsored by","sponsored_post_name":"","sponsored_post_url":"","sponsored_post_logo_enable":"0","sponsored_post_logo":"","sponsored_post_desc":"","disable_ad":"0"},"jnews_primary_category":{"id":"9","hide":""},"footnotes":""},"categories":[9],"tags":[3,910,33,898],"class_list":["post-42159","post","type-post","status-publish","format-standard","has-post-thumbnail","hentry","category-news","tag-ios","tag-ios-17-4","tag-ipados","tag-ipados-17-4"],"yoast_head":"<!-- This site is optimized with the Yoast SEO Premium plugin v27.5 (Yoast SEO v27.5) - https:\/\/yoast.com\/product\/yoast-seo-premium-wordpress\/ -->\n<title>Apple reagiert: R\u00fccknahme der Web-App-Einschr\u00e4nkung in der EU Apfelpatient<\/title>\n<meta name=\"description\" content=\"Apple und die Web-Apps: Erfahre, wie der Technologieriese auf die Kritik reagierte und die Einschr\u00e4nkungen in der EU zur\u00fccknahm.\" \/>\n<meta name=\"robots\" content=\"index, follow, max-snippet:-1, max-image-preview:large, max-video-preview:-1\" \/>\n<link rel=\"canonical\" href=\"https:\/\/www.apfelpatient.de\/en\/news\/apple-reacts-to-withdrawal-of-web-app-restrictions-in-the-eu\" \/>\n<meta property=\"og:locale\" content=\"en_US\" \/>\n<meta property=\"og:type\" content=\"article\" \/>\n<meta property=\"og:title\" content=\"Apple reagiert: R\u00fccknahme der Web-App-Einschr\u00e4nkung in der EU\" \/>\n<meta property=\"og:description\" content=\"Apple und die Web-Apps: Erfahre, wie der Technologieriese auf die Kritik reagierte und die Einschr\u00e4nkungen in der EU zur\u00fccknahm.\" \/>\n<meta property=\"og:url\" content=\"https:\/\/www.apfelpatient.de\/en\/news\/apple-reacts-to-withdrawal-of-web-app-restrictions-in-the-eu\" \/>\n<meta property=\"og:site_name\" content=\"Apfelpatient\" \/>\n<meta property=\"article:publisher\" content=\"https:\/\/www.facebook.com\/apfelpatientOfficial\" \/>\n<meta property=\"article:author\" content=\"https:\/\/www.facebook.com\/apfelpatientOfficial\" \/>\n<meta property=\"article:published_time\" content=\"2024-03-01T22:10:06+00:00\" \/>\n<meta property=\"article:modified_time\" content=\"2024-03-01T22:10:07+00:00\" \/>\n<meta property=\"og:image\" content=\"https:\/\/www.apfelpatient.de\/wp-content\/uploads\/2024\/03\/bigstock-Alanya-Turkey-February-449599059.jpg\" \/>\n\t<meta property=\"og:image:width\" content=\"1600\" \/>\n\t<meta property=\"og:image:height\" content=\"1067\" \/>\n\t<meta property=\"og:image:type\" content=\"image\/jpeg\" \/>\n<meta name=\"author\" content=\"Milan\" \/>\n<meta name=\"twitter:card\" content=\"summary_large_image\" \/>\n<meta name=\"twitter:description\" content=\"Apple und die Web-Apps: Erfahre, wie der Technologieriese auf die Kritik reagierte und die Einschr\u00e4nkungen in der EU zur\u00fccknahm.\" \/>\n<meta name=\"twitter:label1\" content=\"Written by\" \/>\n\t<meta name=\"twitter:data1\" content=\"Milan\" \/>\n\t<meta name=\"twitter:label2\" content=\"Est. reading time\" \/>\n\t<meta name=\"twitter:data2\" content=\"3 minutes\" \/>\n<script type=\"application\/ld+json\" class=\"yoast-schema-graph\">{\"@context\":\"https:\\\/\\\/schema.org\",\"@graph\":[{\"@type\":\"NewsArticle\",\"@id\":\"https:\\\/\\\/www.apfelpatient.de\\\/news\\\/apple-reagiert-ruecknahme-der-web-app-einschraenkung-in-der-eu#article\",\"isPartOf\":{\"@id\":\"https:\\\/\\\/www.apfelpatient.de\\\/news\\\/apple-reagiert-ruecknahme-der-web-app-einschraenkung-in-der-eu\"},\"author\":{\"@type\":\"Organization\",\"@id\":\"https:\\\/\\\/www.apfelpatient.de\\\/en\\\/#organization\",\"name\":\"Apfelpatient\",\"url\":\"https:\\\/\\\/www.apfelpatient.de\\\/en\\\/\"},\"headline\":\"Apple reagiert: R\u00fccknahme der Web-App-Einschr\u00e4nkung in der EU\",\"datePublished\":\"2024-03-01T22:10:06+00:00\",\"dateModified\":\"2024-03-01T22:10:07+00:00\",\"mainEntityOfPage\":{\"@id\":\"https:\\\/\\\/www.apfelpatient.de\\\/news\\\/apple-reagiert-ruecknahme-der-web-app-einschraenkung-in-der-eu\"},\"wordCount\":505,\"publisher\":{\"@type\":\"Organization\",\"@id\":\"https:\\\/\\\/www.apfelpatient.de\\\/en\\\/#organization\",\"name\":\"Apfelpatient\",\"url\":\"https:\\\/\\\/www.apfelpatient.de\\\/en\\\/\"},\"image\":{\"@id\":\"https:\\\/\\\/www.apfelpatient.de\\\/news\\\/apple-reagiert-ruecknahme-der-web-app-einschraenkung-in-der-eu#primaryimage\"},\"thumbnailUrl\":\"https:\\\/\\\/www.apfelpatient.de\\\/wp-content\\\/uploads\\\/2024\\\/03\\\/bigstock-Alanya-Turkey-February-449599059.jpg\",\"keywords\":[\"iOS\",\"iOS 17.4\",\"iPadOS\",\"iPadOS 17.4\"],\"articleSection\":\"News\",\"inLanguage\":\"en-US\",\"copyrightYear\":\"2024\",\"copyrightHolder\":{\"@id\":\"https:\\\/\\\/www.apfelpatient.de\\\/en\\\/#organization\"}},{\"@type\":\"WebPage\",\"@id\":\"https:\\\/\\\/www.apfelpatient.de\\\/news\\\/apple-reagiert-ruecknahme-der-web-app-einschraenkung-in-der-eu\",\"url\":\"https:\\\/\\\/www.apfelpatient.de\\\/news\\\/apple-reagiert-ruecknahme-der-web-app-einschraenkung-in-der-eu\",\"name\":\"Apple reagiert: R\u00fccknahme der Web-App-Einschr\u00e4nkung in der EU Apfelpatient\",\"isPartOf\":{\"@id\":\"https:\\\/\\\/www.apfelpatient.de\\\/#website\"},\"primaryImageOfPage\":{\"@id\":\"https:\\\/\\\/www.apfelpatient.de\\\/news\\\/apple-reagiert-ruecknahme-der-web-app-einschraenkung-in-der-eu#primaryimage\"},\"image\":{\"@id\":\"https:\\\/\\\/www.apfelpatient.de\\\/news\\\/apple-reagiert-ruecknahme-der-web-app-einschraenkung-in-der-eu#primaryimage\"},\"thumbnailUrl\":\"https:\\\/\\\/www.apfelpatient.de\\\/wp-content\\\/uploads\\\/2024\\\/03\\\/bigstock-Alanya-Turkey-February-449599059.jpg\",\"datePublished\":\"2024-03-01T22:10:06+00:00\",\"dateModified\":\"2024-03-01T22:10:07+00:00\",\"description\":\"Apple und die Web-Apps: Erfahre, wie der Technologieriese auf die Kritik reagierte und die Einschr\u00e4nkungen in der EU zur\u00fccknahm.\",\"breadcrumb\":{\"@id\":\"https:\\\/\\\/www.apfelpatient.de\\\/news\\\/apple-reagiert-ruecknahme-der-web-app-einschraenkung-in-der-eu#breadcrumb\"},\"inLanguage\":\"en-US\",\"potentialAction\":[{\"@type\":\"ReadAction\",\"target\":[\"https:\\\/\\\/www.apfelpatient.de\\\/news\\\/apple-reagiert-ruecknahme-der-web-app-einschraenkung-in-der-eu\"]}]},{\"@type\":\"ImageObject\",\"inLanguage\":\"en-US\",\"@id\":\"https:\\\/\\\/www.apfelpatient.de\\\/news\\\/apple-reagiert-ruecknahme-der-web-app-einschraenkung-in-der-eu#primaryimage\",\"url\":\"https:\\\/\\\/www.apfelpatient.de\\\/wp-content\\\/uploads\\\/2024\\\/03\\\/bigstock-Alanya-Turkey-February-449599059.jpg\",\"contentUrl\":\"https:\\\/\\\/www.apfelpatient.de\\\/wp-content\\\/uploads\\\/2024\\\/03\\\/bigstock-Alanya-Turkey-February-449599059.jpg\",\"width\":1600,\"height\":1067,\"caption\":\"Alanya, Turkey - February 15, 2022: Man hand holding iPhone 13 Pro Graphite with home screen IOS 15 on the screen.\"},{\"@type\":\"BreadcrumbList\",\"@id\":\"https:\\\/\\\/www.apfelpatient.de\\\/news\\\/apple-reagiert-ruecknahme-der-web-app-einschraenkung-in-der-eu#breadcrumb\",\"itemListElement\":[{\"@type\":\"ListItem\",\"position\":1,\"name\":\"Startseite\",\"item\":\"https:\\\/\\\/www.apfelpatient.de\\\/\"},{\"@type\":\"ListItem\",\"position\":2,\"name\":\"Apple reagiert: R\u00fccknahme der Web-App-Einschr\u00e4nkung in der EU\"}]},{\"@type\":\"WebSite\",\"@id\":\"https:\\\/\\\/www.apfelpatient.de\\\/#website\",\"url\":\"https:\\\/\\\/www.apfelpatient.de\\\/\",\"name\":\"Apfelpatient\",\"description\":\"Alles rund um Apple!\",\"publisher\":{\"@type\":\"Organization\",\"@id\":\"https:\\\/\\\/www.apfelpatient.de\\\/en\\\/#organization\",\"name\":\"Apfelpatient\",\"url\":\"https:\\\/\\\/www.apfelpatient.de\\\/en\\\/\"},\"alternateName\":\"Apfelpatient\",\"potentialAction\":[{\"@type\":\"SearchAction\",\"target\":{\"@type\":\"EntryPoint\",\"urlTemplate\":\"https:\\\/\\\/www.apfelpatient.de\\\/?s={search_term_string}\"},\"query-input\":{\"@type\":\"PropertyValueSpecification\",\"valueRequired\":true,\"valueName\":\"search_term_string\"}}],\"inLanguage\":\"en-US\"},{\"@type\":[\"Person\",\"Organization\"],\"@id\":\"https:\\\/\\\/www.apfelpatient.de\\\/#\\\/schema\\\/person\\\/35b3ddba5832f2bfc7fff5206d4f6b7b\",\"name\":\"Milan\",\"logo\":{\"@id\":\"https:\\\/\\\/www.apfelpatient.de\\\/#\\\/schema\\\/person\\\/image\\\/\"},\"description\":\"Hallo und herzlich willkommen auf meinem Technik-Blog! Als gro\u00dfer Apple-Fan berichte ich hier \u00fcber alles, was mit Apple zu tun hat: von den neuesten News und spannenden Ger\u00fcchten \u00fcber hilfreiche Tipps und Tricks bis hin zu ausf\u00fchrlichen Produkttests. Wenn du genauso technikbegeistert bist wie ich, bist du hier genau richtig!\",\"sameAs\":[\"https:\\\/\\\/www.facebook.com\\\/apfelpatientOfficial\",\"https:\\\/\\\/www.linkedin.com\\\/in\\\/milan-jovicic-42aa0231b\"],\"url\":\"https:\\\/\\\/www.apfelpatient.de\\\/en\\\/author\\\/apfeladmin\"}]}<\/script>\n<!-- \/ Yoast SEO Premium plugin. -->","yoast_head_json":{"title":"Apple reacts: Revocation of web app restrictions in the EU Apfelpatient","description":"Apple and web apps: Find out how the technology giant responded to criticism and lifted restrictions in the EU.","robots":{"index":"index","follow":"follow","max-snippet":"max-snippet:-1","max-image-preview":"max-image-preview:large","max-video-preview":"max-video-preview:-1"},"canonical":"https:\/\/www.apfelpatient.de\/en\/news\/apple-reacts-to-withdrawal-of-web-app-restrictions-in-the-eu","og_locale":"en_US","og_type":"article","og_title":"Apple reagiert: R\u00fccknahme der Web-App-Einschr\u00e4nkung in der EU","og_description":"Apple und die Web-Apps: Erfahre, wie der Technologieriese auf die Kritik reagierte und die Einschr\u00e4nkungen in der EU zur\u00fccknahm.","og_url":"https:\/\/www.apfelpatient.de\/en\/news\/apple-reacts-to-withdrawal-of-web-app-restrictions-in-the-eu","og_site_name":"Apfelpatient","article_publisher":"https:\/\/www.facebook.com\/apfelpatientOfficial","article_author":"https:\/\/www.facebook.com\/apfelpatientOfficial","article_published_time":"2024-03-01T22:10:06+00:00","article_modified_time":"2024-03-01T22:10:07+00:00","og_image":[{"width":1600,"height":1067,"url":"https:\/\/www.apfelpatient.de\/wp-content\/uploads\/2024\/03\/bigstock-Alanya-Turkey-February-449599059.jpg","type":"image\/jpeg"}],"author":"Milan","twitter_card":"summary_large_image","twitter_description":"Apple und die Web-Apps: Erfahre, wie der Technologieriese auf die Kritik reagierte und die Einschr\u00e4nkungen in der EU zur\u00fccknahm.","twitter_misc":{"Written by":"Milan","Est. reading time":"3 minutes"},"schema":{"@context":"https:\/\/schema.org","@graph":[{"@type":"NewsArticle","@id":"https:\/\/www.apfelpatient.de\/news\/apple-reagiert-ruecknahme-der-web-app-einschraenkung-in-der-eu#article","isPartOf":{"@id":"https:\/\/www.apfelpatient.de\/news\/apple-reagiert-ruecknahme-der-web-app-einschraenkung-in-der-eu"},"author":{"@type":"Organization","@id":"https:\/\/www.apfelpatient.de\/en\/#organization","name":"Apfelpatient","url":"https:\/\/www.apfelpatient.de\/en\/"},"headline":"Apple reagiert: R\u00fccknahme der Web-App-Einschr\u00e4nkung in der EU","datePublished":"2024-03-01T22:10:06+00:00","dateModified":"2024-03-01T22:10:07+00:00","mainEntityOfPage":{"@id":"https:\/\/www.apfelpatient.de\/news\/apple-reagiert-ruecknahme-der-web-app-einschraenkung-in-der-eu"},"wordCount":505,"publisher":{"@type":"Organization","@id":"https:\/\/www.apfelpatient.de\/en\/#organization","name":"Apfelpatient","url":"https:\/\/www.apfelpatient.de\/en\/"},"image":{"@id":"https:\/\/www.apfelpatient.de\/news\/apple-reagiert-ruecknahme-der-web-app-einschraenkung-in-der-eu#primaryimage"},"thumbnailUrl":"https:\/\/www.apfelpatient.de\/wp-content\/uploads\/2024\/03\/bigstock-Alanya-Turkey-February-449599059.jpg","keywords":["iOS","iOS 17.4","iPadOS","iPadOS 17.4"],"articleSection":"News","inLanguage":"en-US","copyrightYear":"2024","copyrightHolder":{"@id":"https:\/\/www.apfelpatient.de\/en\/#organization"}},{"@type":"WebPage","@id":"https:\/\/www.apfelpatient.de\/news\/apple-reagiert-ruecknahme-der-web-app-einschraenkung-in-der-eu","url":"https:\/\/www.apfelpatient.de\/news\/apple-reagiert-ruecknahme-der-web-app-einschraenkung-in-der-eu","name":"Apple reacts: Revocation of web app restrictions in the EU Apfelpatient","isPartOf":{"@id":"https:\/\/www.apfelpatient.de\/#website"},"primaryImageOfPage":{"@id":"https:\/\/www.apfelpatient.de\/news\/apple-reagiert-ruecknahme-der-web-app-einschraenkung-in-der-eu#primaryimage"},"image":{"@id":"https:\/\/www.apfelpatient.de\/news\/apple-reagiert-ruecknahme-der-web-app-einschraenkung-in-der-eu#primaryimage"},"thumbnailUrl":"https:\/\/www.apfelpatient.de\/wp-content\/uploads\/2024\/03\/bigstock-Alanya-Turkey-February-449599059.jpg","datePublished":"2024-03-01T22:10:06+00:00","dateModified":"2024-03-01T22:10:07+00:00","description":"Apple and web apps: Find out how the technology giant responded to criticism and lifted restrictions in the EU.","breadcrumb":{"@id":"https:\/\/www.apfelpatient.de\/news\/apple-reagiert-ruecknahme-der-web-app-einschraenkung-in-der-eu#breadcrumb"},"inLanguage":"en-US","potentialAction":[{"@type":"ReadAction","target":["https:\/\/www.apfelpatient.de\/news\/apple-reagiert-ruecknahme-der-web-app-einschraenkung-in-der-eu"]}]},{"@type":"ImageObject","inLanguage":"en-US","@id":"https:\/\/www.apfelpatient.de\/news\/apple-reagiert-ruecknahme-der-web-app-einschraenkung-in-der-eu#primaryimage","url":"https:\/\/www.apfelpatient.de\/wp-content\/uploads\/2024\/03\/bigstock-Alanya-Turkey-February-449599059.jpg","contentUrl":"https:\/\/www.apfelpatient.de\/wp-content\/uploads\/2024\/03\/bigstock-Alanya-Turkey-February-449599059.jpg","width":1600,"height":1067,"caption":"Alanya, Turkey - February 15, 2022: Man hand holding iPhone 13 Pro Graphite with home screen IOS 15 on the screen."},{"@type":"BreadcrumbList","@id":"https:\/\/www.apfelpatient.de\/news\/apple-reagiert-ruecknahme-der-web-app-einschraenkung-in-der-eu#breadcrumb","itemListElement":[{"@type":"ListItem","position":1,"name":"Startseite","item":"https:\/\/www.apfelpatient.de\/"},{"@type":"ListItem","position":2,"name":"Apple reagiert: R\u00fccknahme der Web-App-Einschr\u00e4nkung in der EU"}]},{"@type":"WebSite","@id":"https:\/\/www.apfelpatient.de\/#website","url":"https:\/\/www.apfelpatient.de\/","name":"apple patient","description":"Everything about Apple!","publisher":{"@type":"Organization","@id":"https:\/\/www.apfelpatient.de\/en\/#organization","name":"Apfelpatient","url":"https:\/\/www.apfelpatient.de\/en\/"},"alternateName":"Apfelpatient","potentialAction":[{"@type":"SearchAction","target":{"@type":"EntryPoint","urlTemplate":"https:\/\/www.apfelpatient.de\/?s={search_term_string}"},"query-input":{"@type":"PropertyValueSpecification","valueRequired":true,"valueName":"search_term_string"}}],"inLanguage":"en-US"},{"@type":["Person","Organization"],"@id":"https:\/\/www.apfelpatient.de\/#\/schema\/person\/35b3ddba5832f2bfc7fff5206d4f6b7b","name":"Milan","logo":{"@id":"https:\/\/www.apfelpatient.de\/#\/schema\/person\/image\/"},"description":"Hello and welcome to my technology blog! As a big Apple fan, I report on everything to do with Apple: from the latest news and exciting rumors to helpful tips and tricks and detailed product tests. If you are as enthusiastic about technology as I am, you have come to the right place!","sameAs":["https:\/\/www.facebook.com\/apfelpatientOfficial","https:\/\/www.linkedin.com\/in\/milan-jovicic-42aa0231b"],"url":"https:\/\/www.apfelpatient.de\/en\/author\/apfeladmin"}]}},"_links":{"self":[{"href":"https:\/\/www.apfelpatient.de\/en\/wp-json\/wp\/v2\/posts\/42159","targetHints":{"allow":["GET"]}}],"collection":[{"href":"https:\/\/www.apfelpatient.de\/en\/wp-json\/wp\/v2\/posts"}],"about":[{"href":"https:\/\/www.apfelpatient.de\/en\/wp-json\/wp\/v2\/types\/post"}],"author":[{"embeddable":true,"href":"https:\/\/www.apfelpatient.de\/en\/wp-json\/wp\/v2\/users\/2"}],"replies":[{"embeddable":true,"href":"https:\/\/www.apfelpatient.de\/en\/wp-json\/wp\/v2\/comments?post=42159"}],"version-history":[{"count":0,"href":"https:\/\/www.apfelpatient.de\/en\/wp-json\/wp\/v2\/posts\/42159\/revisions"}],"wp:featuredmedia":[{"embeddable":true,"href":"https:\/\/www.apfelpatient.de\/en\/wp-json\/wp\/v2\/media\/42161"}],"wp:attachment":[{"href":"https:\/\/www.apfelpatient.de\/en\/wp-json\/wp\/v2\/media?parent=42159"}],"wp:term":[{"taxonomy":"category","embeddable":true,"href":"https:\/\/www.apfelpatient.de\/en\/wp-json\/wp\/v2\/categories?post=42159"},{"taxonomy":"post_tag","embeddable":true,"href":"https:\/\/www.apfelpatient.de\/en\/wp-json\/wp\/v2\/tags?post=42159"}],"curies":[{"name":"wp","href":"https:\/\/api.w.org\/{rel}","templated":true}]}}