{"id":42134,"date":"2024-02-28T17:54:55","date_gmt":"2024-02-28T16:54:55","guid":{"rendered":"https:\/\/www.apfelpatient.de\/?p=42134"},"modified":"2024-02-28T17:54:56","modified_gmt":"2024-02-28T16:54:56","slug":"apple-vision-pro-expanded-availability-on-the-horizon","status":"publish","type":"post","link":"https:\/\/www.apfelpatient.de\/en\/rumors\/apple-vision-pro-erweiterte-verfuegbarkeit-in-sicht","title":{"rendered":"Apple Vision Pro: Extended availability in sight"},"content":{"rendered":"<p class=\"has-drop-cap\"><strong>Apple recently launched the Vision Pro headset on the US market, which is set to revolutionize the world of augmented reality. Renowned Apple analyst Ming-Chi Kuo has now shared interesting insights into the future distribution of this innovative product.<\/strong><\/p>\n\n\n\n<p>The Apple Vision Pro headset has been attracting a lot of attention since its launch in the US in early February. Now that the first wave of early adopters have tested the product, it&#039;s time to talk about its global availability. Ming-Chi Kuo, known for his accurate predictions regarding future Apple products, gives us valuable insights that further fuel expectations for the Vision Pro headset.<\/p>\n\n\n\n<h3 class=\"wp-block-heading\" id=\"h-expansion-des-vision-pro-globale-einfuhrung-vor-der-wwdc-erwartet\">Vision Pro Expansion: Global Launch Expected Before WWDC<\/h3>\n\n\n\n<p>According to the <a href=\"https:\/\/medium.com\/@mingchikuo\/vision-pro\u66f4\u65b0-\u7f8e\u570b\u5e02\u5834\u9700\u6c42\u5df2\u5927\u5e45\u653e\u7de9-\u5168\u7403\u767c\u4f48\u6642\u7a0b\u9810\u6e2c-\u4f9b\u61c9\u93c8\u64f4\u7522\u8207\u9000\u8ca8\u7387\u89e3\u8b80-\u65b0\u6a5f\u7a2e\u9810\u6e2c-\u6295\u8cc7\u7b56\u7565-vision-pro-update-us-market-demand-f12ab8423404\" target=\"_blank\" rel=\"noreferrer noopener\">youngest<\/a> According to Kuo, the Apple Vision Pro headset is expected to launch in more countries before this year&#039;s WWDC in June. Although it was initially only available in the US, Apple plans to expand to other English-speaking markets such as Australia, Canada, New Zealand and the UK. In addition, visionOS is currently being localized to offer the headset in non-English-speaking countries such as France, Germany, Italy and Spain, according to the statement. Kuo&#039;s analysis also suggests that demand for the Vision Pro headset in the US has slowed slightly since its launch.<\/p>\n\n\n\n<h3 class=\"wp-block-heading\" id=\"h-verkaufszahlen-und-kundenzufriedenheit-blick-auf-die-leistung\">Sales and customer satisfaction: A look at performance<\/h3>\n\n\n\n<p>Still, sales have increased compared to Apple&#039;s original estimates, with Kuo predicting between 200,000 and 250,000 units shipped this year. This shows that the product is enjoying some success despite its niche focus. Interestingly, Kuo says the Vision Pro&#039;s return rate is extremely low, indicating high customer satisfaction. Despite some social media debate about the product, it seems to have left a positive impression on most users.<\/p>\n\n\n\n<h3 class=\"wp-block-heading\" id=\"h-ausblick-und-potenzial-auf-dem-weg-zur-weltweiten-prasenz\">Outlook and potential: On the way to a global presence<\/h3>\n\n\n\n\n\n\n\n<p>Overall, Ming-Chi Kuo&#039;s statements confirm the expectations and hopes of many Apple enthusiasts regarding the Vision Pro headset. The upcoming global expansion will allow a wider target group to experience Apple&#039;s groundbreaking technology. With an impressive return rate and increased interest from consumers, the Vision Pro remains well on its way to making a lasting mark on the world of augmented reality. (Image: Apple)<\/p>\n\n\n\n<ul class=\"wp-block-list\">\n<li><a href=\"https:\/\/www.apfelpatient.de\/en\/tips-tricks\/apples-optic-id-the-new-era-of-biometrics\">Apple&#039;s Optic ID: The new era of biometrics<\/a><\/li>\n\n\n\n<li><a href=\"https:\/\/www.apfelpatient.de\/en\/news\/apple-vision-pro-a-memorable-moment-like-the-iphone\">Apple Vision Pro: A memorable moment like the iPhone<\/a><\/li>\n\n\n\n<li><a href=\"https:\/\/www.apfelpatient.de\/en\/news\/apple-vision-pro-price-and-technology-in-harmony\">Apple Vision Pro: Price and technology in harmony<\/a><\/li>\n\n\n\n<li><a href=\"https:\/\/www.apfelpatient.de\/en\/tips-tricks\/apple-vision-pro-tips-for-optimal-use\">Apple Vision Pro: Tips for optimal use<\/a><\/li>\n\n\n\n<li><a href=\"https:\/\/www.apfelpatient.de\/en\/tips-tricks\/apple-vision-pro-cleaning-tips-for-flawless-ar-experiences\">Apple Vision Pro Cleaning: Tips for flawless AR experiences<\/a><\/li>\n\n\n\n<li><a href=\"https:\/\/www.apfelpatient.de\/en\/tips-tricks\/apple-vision-pro-data-sync-charging-indicator-in-focus\">Apple Vision Pro: Sync data &amp; focus on charging indicator<\/a><\/li>\n\n\n\n<li><a href=\"https:\/\/www.apfelpatient.de\/en\/tips-tricks\/vision-pro-apple-gives-tips-on-battery-life-performance-and-more\">Vision Pro: Apple gives tips on battery life, performance and more<\/a><\/li>\n<\/ul>\n\n\n\n<h6 class=\"wp-block-heading translation-block\" id=\"h-kennt-ihr-schon-unsere-amazon-storefront-dort-findet-ihr-eine-handverlesene-auswahl-von-diversen-produkten-f-r-euer-iphone-und-co-viel-spa-beim-st-bern\"><em>Have you already visited our Amazon Storefront? There you&#039;ll find a hand-picked selection of various products for your iPhone and other devices \u2013 <span class=\"has-inline-color has-vivid-red-color\"><a href=\"https:\/\/www.amazon.de\/shop\/apfelpatientofficial\" class=\"ek-link\" data-wpel-link=\"exclude\" rel=\"follow noopener\" target=\"_self\"><span style=\"text-decoration: underline\" class=\"ek-underline\">enjoy browsing<\/span><\/a> !<\/span><\/em><\/h6>\n\n\n\n<h6 class=\"wp-block-heading translation-block\" id=\"h-der-beitrag-enthalt-partnerlinks\">This post contains <a data-type=\"URL\" data-id=\"https:\/\/www.apfelpatient.de\/partnerprogramm\" href=\"https:\/\/www.apfelpatient.de\/en\/partner-program\" data-wpel-link=\"internal\" target=\"_self\">affiliate links<\/a>.<\/h6>","protected":false},"excerpt":{"rendered":"<p>Apple Vision Pro: Explore the expanded availability of the innovative AR headset with Ming-Chi Kuo&#039;s insights.<\/p>","protected":false},"author":2,"featured_media":41965,"comment_status":"closed","ping_status":"closed","sticky":false,"template":"","format":"standard","meta":{"jnews-multi-image_gallery":[],"jnews_single_post":{"subtitle":"","format":"standard","video":"","gallery":"","source_name":"","source_url":"","via_name":"","via_url":"","override_template":"0","override":[{"template":"4","single_blog_custom":"","parallax":"1","fullscreen":"1","layout":"right-sidebar","sidebar":"default-sidebar","second_sidebar":"default-sidebar","sticky_sidebar":"1","share_position":"top","share_float_style":"share-monocrhome","show_share_counter":"1","show_view_counter":"1","show_featured":"1","show_post_meta":"1","show_post_author":"1","show_post_author_image":"1","show_post_date":"1","post_date_format":"default","post_date_format_custom":"Y\/m\/d","show_post_category":"1","show_post_reading_time":"0","post_reading_time_wpm":"300","show_zoom_button":"0","zoom_button_out_step":"2","zoom_button_in_step":"3","show_post_tag":"1","show_prev_next_post":"1","show_popup_post":"1","number_popup_post":"1","show_author_box":"0","show_post_related":"0","show_inline_post_related":"0"}],"override_image_size":"0","image_override":[{"single_post_thumbnail_size":"crop-500","single_post_gallery_size":"crop-500"}],"trending_post":"0","trending_post_position":"meta","trending_post_label":"Trending","sponsored_post":"0","sponsored_post_label":"Sponsored by","sponsored_post_name":"","sponsored_post_url":"","sponsored_post_logo_enable":"0","sponsored_post_logo":"","sponsored_post_desc":"","disable_ad":"0"},"jnews_primary_category":{"id":"25","hide":""},"footnotes":""},"categories":[25],"tags":[843,609],"class_list":["post-42134","post","type-post","status-publish","format-standard","has-post-thumbnail","hentry","category-rumors","tag-apple-vision-pro","tag-apple-vr-ar"],"yoast_head":"<!-- This site is optimized with the Yoast SEO Premium plugin v27.5 (Yoast SEO v27.5) - https:\/\/yoast.com\/product\/yoast-seo-premium-wordpress\/ -->\n<title>Apple Vision Pro: Erweiterte Verf\u00fcgbarkeit in Sicht Apfelpatient<\/title>\n<meta name=\"description\" content=\"Apple Vision Pro: Mit Ming-Chi Kuos Einblicken erkundest du die erweiterte Verf\u00fcgbarkeit des innovativen AR-Headsets.\" \/>\n<meta name=\"robots\" content=\"index, follow, max-snippet:-1, max-image-preview:large, max-video-preview:-1\" \/>\n<link rel=\"canonical\" href=\"https:\/\/www.apfelpatient.de\/en\/rumors\/apple-vision-pro-expanded-availability-on-the-horizon\" \/>\n<meta property=\"og:locale\" content=\"en_US\" \/>\n<meta property=\"og:type\" content=\"article\" \/>\n<meta property=\"og:title\" content=\"Apple Vision Pro: Erweiterte Verf\u00fcgbarkeit in Sicht\" \/>\n<meta property=\"og:description\" content=\"Apple Vision Pro: Mit Ming-Chi Kuos Einblicken erkundest du die erweiterte Verf\u00fcgbarkeit des innovativen AR-Headsets.\" \/>\n<meta property=\"og:url\" content=\"https:\/\/www.apfelpatient.de\/en\/rumors\/apple-vision-pro-expanded-availability-on-the-horizon\" \/>\n<meta property=\"og:site_name\" content=\"Apfelpatient\" \/>\n<meta property=\"article:publisher\" content=\"https:\/\/www.facebook.com\/apfelpatientOfficial\" \/>\n<meta property=\"article:author\" content=\"https:\/\/www.facebook.com\/apfelpatientOfficial\" \/>\n<meta property=\"article:published_time\" content=\"2024-02-28T16:54:55+00:00\" \/>\n<meta property=\"article:modified_time\" content=\"2024-02-28T16:54:56+00:00\" \/>\n<meta property=\"og:image\" content=\"https:\/\/www.apfelpatient.de\/wp-content\/uploads\/2024\/02\/Apple-Vision-Pro-availability-customer-demo-with-team-member.jpg\" \/>\n\t<meta property=\"og:image:width\" content=\"1600\" \/>\n\t<meta property=\"og:image:height\" content=\"1066\" \/>\n\t<meta property=\"og:image:type\" content=\"image\/jpeg\" \/>\n<meta name=\"author\" content=\"Milan\" \/>\n<meta name=\"twitter:card\" content=\"summary_large_image\" \/>\n<meta name=\"twitter:description\" content=\"Apple Vision Pro: Mit Ming-Chi Kuos Einblicken erkundest du die erweiterte Verf\u00fcgbarkeit des innovativen AR-Headsets.\" \/>\n<meta name=\"twitter:label1\" content=\"Written by\" \/>\n\t<meta name=\"twitter:data1\" content=\"Milan\" \/>\n\t<meta name=\"twitter:label2\" content=\"Est. reading time\" \/>\n\t<meta name=\"twitter:data2\" content=\"3 minutes\" \/>\n<script type=\"application\/ld+json\" class=\"yoast-schema-graph\">{\"@context\":\"https:\\\/\\\/schema.org\",\"@graph\":[{\"@type\":\"NewsArticle\",\"@id\":\"https:\\\/\\\/www.apfelpatient.de\\\/rumors\\\/apple-vision-pro-erweiterte-verfuegbarkeit-in-sicht#article\",\"isPartOf\":{\"@id\":\"https:\\\/\\\/www.apfelpatient.de\\\/rumors\\\/apple-vision-pro-erweiterte-verfuegbarkeit-in-sicht\"},\"author\":{\"@type\":\"Organization\",\"@id\":\"https:\\\/\\\/www.apfelpatient.de\\\/en\\\/#organization\",\"name\":\"Apfelpatient\",\"url\":\"https:\\\/\\\/www.apfelpatient.de\\\/en\\\/\"},\"headline\":\"Apple Vision Pro: Erweiterte Verf\u00fcgbarkeit in Sicht\",\"datePublished\":\"2024-02-28T16:54:55+00:00\",\"dateModified\":\"2024-02-28T16:54:56+00:00\",\"mainEntityOfPage\":{\"@id\":\"https:\\\/\\\/www.apfelpatient.de\\\/rumors\\\/apple-vision-pro-erweiterte-verfuegbarkeit-in-sicht\"},\"wordCount\":459,\"publisher\":{\"@type\":\"Organization\",\"@id\":\"https:\\\/\\\/www.apfelpatient.de\\\/en\\\/#organization\",\"name\":\"Apfelpatient\",\"url\":\"https:\\\/\\\/www.apfelpatient.de\\\/en\\\/\"},\"image\":{\"@id\":\"https:\\\/\\\/www.apfelpatient.de\\\/rumors\\\/apple-vision-pro-erweiterte-verfuegbarkeit-in-sicht#primaryimage\"},\"thumbnailUrl\":\"https:\\\/\\\/www.apfelpatient.de\\\/wp-content\\\/uploads\\\/2024\\\/02\\\/Apple-Vision-Pro-availability-customer-demo-with-team-member.jpg\",\"keywords\":[\"Apple Vision Pro\",\"Apple VR\\\/AR\"],\"articleSection\":\"Rumors\",\"inLanguage\":\"en-US\",\"copyrightYear\":\"2024\",\"copyrightHolder\":{\"@id\":\"https:\\\/\\\/www.apfelpatient.de\\\/en\\\/#organization\"}},{\"@type\":\"WebPage\",\"@id\":\"https:\\\/\\\/www.apfelpatient.de\\\/rumors\\\/apple-vision-pro-erweiterte-verfuegbarkeit-in-sicht\",\"url\":\"https:\\\/\\\/www.apfelpatient.de\\\/rumors\\\/apple-vision-pro-erweiterte-verfuegbarkeit-in-sicht\",\"name\":\"Apple Vision Pro: Erweiterte Verf\u00fcgbarkeit in Sicht Apfelpatient\",\"isPartOf\":{\"@id\":\"https:\\\/\\\/www.apfelpatient.de\\\/#website\"},\"primaryImageOfPage\":{\"@id\":\"https:\\\/\\\/www.apfelpatient.de\\\/rumors\\\/apple-vision-pro-erweiterte-verfuegbarkeit-in-sicht#primaryimage\"},\"image\":{\"@id\":\"https:\\\/\\\/www.apfelpatient.de\\\/rumors\\\/apple-vision-pro-erweiterte-verfuegbarkeit-in-sicht#primaryimage\"},\"thumbnailUrl\":\"https:\\\/\\\/www.apfelpatient.de\\\/wp-content\\\/uploads\\\/2024\\\/02\\\/Apple-Vision-Pro-availability-customer-demo-with-team-member.jpg\",\"datePublished\":\"2024-02-28T16:54:55+00:00\",\"dateModified\":\"2024-02-28T16:54:56+00:00\",\"description\":\"Apple Vision Pro: Mit Ming-Chi Kuos Einblicken erkundest du die erweiterte Verf\u00fcgbarkeit des innovativen AR-Headsets.\",\"breadcrumb\":{\"@id\":\"https:\\\/\\\/www.apfelpatient.de\\\/rumors\\\/apple-vision-pro-erweiterte-verfuegbarkeit-in-sicht#breadcrumb\"},\"inLanguage\":\"en-US\",\"potentialAction\":[{\"@type\":\"ReadAction\",\"target\":[\"https:\\\/\\\/www.apfelpatient.de\\\/rumors\\\/apple-vision-pro-erweiterte-verfuegbarkeit-in-sicht\"]}]},{\"@type\":\"ImageObject\",\"inLanguage\":\"en-US\",\"@id\":\"https:\\\/\\\/www.apfelpatient.de\\\/rumors\\\/apple-vision-pro-erweiterte-verfuegbarkeit-in-sicht#primaryimage\",\"url\":\"https:\\\/\\\/www.apfelpatient.de\\\/wp-content\\\/uploads\\\/2024\\\/02\\\/Apple-Vision-Pro-availability-customer-demo-with-team-member.jpg\",\"contentUrl\":\"https:\\\/\\\/www.apfelpatient.de\\\/wp-content\\\/uploads\\\/2024\\\/02\\\/Apple-Vision-Pro-availability-customer-demo-with-team-member.jpg\",\"width\":1600,\"height\":1066,\"caption\":\"Bild: Apple\"},{\"@type\":\"BreadcrumbList\",\"@id\":\"https:\\\/\\\/www.apfelpatient.de\\\/rumors\\\/apple-vision-pro-erweiterte-verfuegbarkeit-in-sicht#breadcrumb\",\"itemListElement\":[{\"@type\":\"ListItem\",\"position\":1,\"name\":\"Startseite\",\"item\":\"https:\\\/\\\/www.apfelpatient.de\\\/\"},{\"@type\":\"ListItem\",\"position\":2,\"name\":\"Apple Vision Pro: Erweiterte Verf\u00fcgbarkeit in Sicht\"}]},{\"@type\":\"WebSite\",\"@id\":\"https:\\\/\\\/www.apfelpatient.de\\\/#website\",\"url\":\"https:\\\/\\\/www.apfelpatient.de\\\/\",\"name\":\"Apfelpatient\",\"description\":\"Alles rund um Apple!\",\"publisher\":{\"@type\":\"Organization\",\"@id\":\"https:\\\/\\\/www.apfelpatient.de\\\/en\\\/#organization\",\"name\":\"Apfelpatient\",\"url\":\"https:\\\/\\\/www.apfelpatient.de\\\/en\\\/\"},\"alternateName\":\"Apfelpatient\",\"potentialAction\":[{\"@type\":\"SearchAction\",\"target\":{\"@type\":\"EntryPoint\",\"urlTemplate\":\"https:\\\/\\\/www.apfelpatient.de\\\/?s={search_term_string}\"},\"query-input\":{\"@type\":\"PropertyValueSpecification\",\"valueRequired\":true,\"valueName\":\"search_term_string\"}}],\"inLanguage\":\"en-US\"},{\"@type\":[\"Person\",\"Organization\"],\"@id\":\"https:\\\/\\\/www.apfelpatient.de\\\/#\\\/schema\\\/person\\\/35b3ddba5832f2bfc7fff5206d4f6b7b\",\"name\":\"Milan\",\"logo\":{\"@id\":\"https:\\\/\\\/www.apfelpatient.de\\\/#\\\/schema\\\/person\\\/image\\\/\"},\"description\":\"Hallo und herzlich willkommen auf meinem Technik-Blog! Als gro\u00dfer Apple-Fan berichte ich hier \u00fcber alles, was mit Apple zu tun hat: von den neuesten News und spannenden Ger\u00fcchten \u00fcber hilfreiche Tipps und Tricks bis hin zu ausf\u00fchrlichen Produkttests. Wenn du genauso technikbegeistert bist wie ich, bist du hier genau richtig!\",\"sameAs\":[\"https:\\\/\\\/www.facebook.com\\\/apfelpatientOfficial\",\"https:\\\/\\\/www.linkedin.com\\\/in\\\/milan-jovicic-42aa0231b\"],\"url\":\"https:\\\/\\\/www.apfelpatient.de\\\/en\\\/author\\\/apfeladmin\"}]}<\/script>\n<!-- \/ Yoast SEO Premium plugin. -->","yoast_head_json":{"title":"Apple Vision Pro: Expanded availability in sight Apfelpatient","description":"Apple Vision Pro: Explore the expanded availability of the innovative AR headset with Ming-Chi Kuo&#039;s insights.","robots":{"index":"index","follow":"follow","max-snippet":"max-snippet:-1","max-image-preview":"max-image-preview:large","max-video-preview":"max-video-preview:-1"},"canonical":"https:\/\/www.apfelpatient.de\/en\/rumors\/apple-vision-pro-expanded-availability-on-the-horizon","og_locale":"en_US","og_type":"article","og_title":"Apple Vision Pro: Erweiterte Verf\u00fcgbarkeit in Sicht","og_description":"Apple Vision Pro: Mit Ming-Chi Kuos Einblicken erkundest du die erweiterte Verf\u00fcgbarkeit des innovativen AR-Headsets.","og_url":"https:\/\/www.apfelpatient.de\/en\/rumors\/apple-vision-pro-expanded-availability-on-the-horizon","og_site_name":"Apfelpatient","article_publisher":"https:\/\/www.facebook.com\/apfelpatientOfficial","article_author":"https:\/\/www.facebook.com\/apfelpatientOfficial","article_published_time":"2024-02-28T16:54:55+00:00","article_modified_time":"2024-02-28T16:54:56+00:00","og_image":[{"width":1600,"height":1066,"url":"https:\/\/www.apfelpatient.de\/wp-content\/uploads\/2024\/02\/Apple-Vision-Pro-availability-customer-demo-with-team-member.jpg","type":"image\/jpeg"}],"author":"Milan","twitter_card":"summary_large_image","twitter_description":"Apple Vision Pro: Mit Ming-Chi Kuos Einblicken erkundest du die erweiterte Verf\u00fcgbarkeit des innovativen AR-Headsets.","twitter_misc":{"Written by":"Milan","Est. reading time":"3 minutes"},"schema":{"@context":"https:\/\/schema.org","@graph":[{"@type":"NewsArticle","@id":"https:\/\/www.apfelpatient.de\/rumors\/apple-vision-pro-erweiterte-verfuegbarkeit-in-sicht#article","isPartOf":{"@id":"https:\/\/www.apfelpatient.de\/rumors\/apple-vision-pro-erweiterte-verfuegbarkeit-in-sicht"},"author":{"@type":"Organization","@id":"https:\/\/www.apfelpatient.de\/en\/#organization","name":"Apfelpatient","url":"https:\/\/www.apfelpatient.de\/en\/"},"headline":"Apple Vision Pro: Erweiterte Verf\u00fcgbarkeit in Sicht","datePublished":"2024-02-28T16:54:55+00:00","dateModified":"2024-02-28T16:54:56+00:00","mainEntityOfPage":{"@id":"https:\/\/www.apfelpatient.de\/rumors\/apple-vision-pro-erweiterte-verfuegbarkeit-in-sicht"},"wordCount":459,"publisher":{"@type":"Organization","@id":"https:\/\/www.apfelpatient.de\/en\/#organization","name":"Apfelpatient","url":"https:\/\/www.apfelpatient.de\/en\/"},"image":{"@id":"https:\/\/www.apfelpatient.de\/rumors\/apple-vision-pro-erweiterte-verfuegbarkeit-in-sicht#primaryimage"},"thumbnailUrl":"https:\/\/www.apfelpatient.de\/wp-content\/uploads\/2024\/02\/Apple-Vision-Pro-availability-customer-demo-with-team-member.jpg","keywords":["Apple Vision Pro","Apple VR\/AR"],"articleSection":"Rumors","inLanguage":"en-US","copyrightYear":"2024","copyrightHolder":{"@id":"https:\/\/www.apfelpatient.de\/en\/#organization"}},{"@type":"WebPage","@id":"https:\/\/www.apfelpatient.de\/rumors\/apple-vision-pro-erweiterte-verfuegbarkeit-in-sicht","url":"https:\/\/www.apfelpatient.de\/rumors\/apple-vision-pro-erweiterte-verfuegbarkeit-in-sicht","name":"Apple Vision Pro: Expanded availability in sight Apfelpatient","isPartOf":{"@id":"https:\/\/www.apfelpatient.de\/#website"},"primaryImageOfPage":{"@id":"https:\/\/www.apfelpatient.de\/rumors\/apple-vision-pro-erweiterte-verfuegbarkeit-in-sicht#primaryimage"},"image":{"@id":"https:\/\/www.apfelpatient.de\/rumors\/apple-vision-pro-erweiterte-verfuegbarkeit-in-sicht#primaryimage"},"thumbnailUrl":"https:\/\/www.apfelpatient.de\/wp-content\/uploads\/2024\/02\/Apple-Vision-Pro-availability-customer-demo-with-team-member.jpg","datePublished":"2024-02-28T16:54:55+00:00","dateModified":"2024-02-28T16:54:56+00:00","description":"Apple Vision Pro: Explore the expanded availability of the innovative AR headset with Ming-Chi Kuo&#039;s insights.","breadcrumb":{"@id":"https:\/\/www.apfelpatient.de\/rumors\/apple-vision-pro-erweiterte-verfuegbarkeit-in-sicht#breadcrumb"},"inLanguage":"en-US","potentialAction":[{"@type":"ReadAction","target":["https:\/\/www.apfelpatient.de\/rumors\/apple-vision-pro-erweiterte-verfuegbarkeit-in-sicht"]}]},{"@type":"ImageObject","inLanguage":"en-US","@id":"https:\/\/www.apfelpatient.de\/rumors\/apple-vision-pro-erweiterte-verfuegbarkeit-in-sicht#primaryimage","url":"https:\/\/www.apfelpatient.de\/wp-content\/uploads\/2024\/02\/Apple-Vision-Pro-availability-customer-demo-with-team-member.jpg","contentUrl":"https:\/\/www.apfelpatient.de\/wp-content\/uploads\/2024\/02\/Apple-Vision-Pro-availability-customer-demo-with-team-member.jpg","width":1600,"height":1066,"caption":"Bild: Apple"},{"@type":"BreadcrumbList","@id":"https:\/\/www.apfelpatient.de\/rumors\/apple-vision-pro-erweiterte-verfuegbarkeit-in-sicht#breadcrumb","itemListElement":[{"@type":"ListItem","position":1,"name":"Startseite","item":"https:\/\/www.apfelpatient.de\/"},{"@type":"ListItem","position":2,"name":"Apple Vision Pro: Erweiterte Verf\u00fcgbarkeit in Sicht"}]},{"@type":"WebSite","@id":"https:\/\/www.apfelpatient.de\/#website","url":"https:\/\/www.apfelpatient.de\/","name":"apple patient","description":"Everything about Apple!","publisher":{"@type":"Organization","@id":"https:\/\/www.apfelpatient.de\/en\/#organization","name":"Apfelpatient","url":"https:\/\/www.apfelpatient.de\/en\/"},"alternateName":"Apfelpatient","potentialAction":[{"@type":"SearchAction","target":{"@type":"EntryPoint","urlTemplate":"https:\/\/www.apfelpatient.de\/?s={search_term_string}"},"query-input":{"@type":"PropertyValueSpecification","valueRequired":true,"valueName":"search_term_string"}}],"inLanguage":"en-US"},{"@type":["Person","Organization"],"@id":"https:\/\/www.apfelpatient.de\/#\/schema\/person\/35b3ddba5832f2bfc7fff5206d4f6b7b","name":"Milan","logo":{"@id":"https:\/\/www.apfelpatient.de\/#\/schema\/person\/image\/"},"description":"Hello and welcome to my technology blog! As a big Apple fan, I report on everything to do with Apple: from the latest news and exciting rumors to helpful tips and tricks and detailed product tests. If you are as enthusiastic about technology as I am, you have come to the right place!","sameAs":["https:\/\/www.facebook.com\/apfelpatientOfficial","https:\/\/www.linkedin.com\/in\/milan-jovicic-42aa0231b"],"url":"https:\/\/www.apfelpatient.de\/en\/author\/apfeladmin"}]}},"_links":{"self":[{"href":"https:\/\/www.apfelpatient.de\/en\/wp-json\/wp\/v2\/posts\/42134","targetHints":{"allow":["GET"]}}],"collection":[{"href":"https:\/\/www.apfelpatient.de\/en\/wp-json\/wp\/v2\/posts"}],"about":[{"href":"https:\/\/www.apfelpatient.de\/en\/wp-json\/wp\/v2\/types\/post"}],"author":[{"embeddable":true,"href":"https:\/\/www.apfelpatient.de\/en\/wp-json\/wp\/v2\/users\/2"}],"replies":[{"embeddable":true,"href":"https:\/\/www.apfelpatient.de\/en\/wp-json\/wp\/v2\/comments?post=42134"}],"version-history":[{"count":0,"href":"https:\/\/www.apfelpatient.de\/en\/wp-json\/wp\/v2\/posts\/42134\/revisions"}],"wp:featuredmedia":[{"embeddable":true,"href":"https:\/\/www.apfelpatient.de\/en\/wp-json\/wp\/v2\/media\/41965"}],"wp:attachment":[{"href":"https:\/\/www.apfelpatient.de\/en\/wp-json\/wp\/v2\/media?parent=42134"}],"wp:term":[{"taxonomy":"category","embeddable":true,"href":"https:\/\/www.apfelpatient.de\/en\/wp-json\/wp\/v2\/categories?post=42134"},{"taxonomy":"post_tag","embeddable":true,"href":"https:\/\/www.apfelpatient.de\/en\/wp-json\/wp\/v2\/tags?post=42134"}],"curies":[{"name":"wp","href":"https:\/\/api.w.org\/{rel}","templated":true}]}}