{"id":42130,"date":"2024-02-27T20:29:25","date_gmt":"2024-02-27T19:29:25","guid":{"rendered":"https:\/\/www.apfelpatient.de\/?p=42130"},"modified":"2024-02-27T20:29:26","modified_gmt":"2024-02-27T19:29:26","slug":"future-course-changes-apple-abandons-electric-car-project","status":"publish","type":"post","link":"https:\/\/www.apfelpatient.de\/en\/rumors\/zukunftskurs-veraendert-apple-gibt-elektroauto-projekt-auf","title":{"rendered":"Future course changed: Apple abandons electric car project"},"content":{"rendered":"<p class=\"has-drop-cap\"><strong>Apple has made a significant decision that will significantly affect the future of its development plans. After more than a decade of intensive work and considerable investment, Apple has canceled its long-awaited electric car project.<\/strong><\/p>\n\n\n\n<p>The launch of an Apple Car was an ambitious goal that would redefine the boundaries of technology. But despite extensive efforts and investment of resources, the company has now decided to abandon those plans. This decision raises questions and provides a glimpse into the dynamics of one of the most innovative companies of our time.<\/p>\n\n\n\n<h3 class=\"wp-block-heading\" id=\"h-apple-gibt-das-elektroauto-projekt-auf\">Apple abandons electric car project<\/h3>\n\n\n\n<p class=\"translation-block\">The news of the Apple Car project being canceled was <a href=\"https:\/\/www.bloomberg.com\/news\/articles\/2024-02-27\/apple-cancels-work-on-electric-car-shifts-team-to-generative-ai?sref=9hGJlFio\" target=\"_blank\" rel=\"noreferrer noopener\" class=\"broken_link\" data-wpel-link=\"external\">revealed<\/a> by Bloomberg and took the tech world by surprise. Apple had invested more than a decade in developing an autonomous electric vehicle, but ultimately decided the project was not feasible. Jeff Williams, Apple&#039;s Chief Operating Officer, announced internally that the project had been canceled and that the affected employees would be moving to other areas of the company. The original plan was for an electric car with semi-autonomous features similar to the Tesla.<\/p>\n\n\n\n<h3 class=\"wp-block-heading\" id=\"h-interne-herausforderungen-und-wechsel-der-weg-des-apple-car-projekts\">Internal challenges and changes: The path of the Apple Car project<\/h3>\n\n\n\n<p>But internal squabbles and a shift in focus led to a series of challenges. Kevin Lynch, head of Apple Watch, took over the project in 2021 and tried to scale the project down while still developing a capable car. Despite these efforts, senior Apple executives made the final decision to shut down the project in recent weeks. Many of the employees who worked on the Apple Car will now move to Apple&#039;s artificial intelligence department to work on generative AI.<\/p>\n\n\n\n<h3 class=\"wp-block-heading\" id=\"h-implikationen-und-ausblick-apples-innovationsstrategie-nach-dem-ende-des-elektroauto-projekts\">Implications and outlook: Apple&#039;s innovation strategy after the end of the electric car project<\/h3>\n\n\n\n\n\n\n\n<p>The cancellation of the Apple Car project marks a significant shift in Apple&#039;s innovation strategy. Although the company remains at the forefront of the technology industry, this decision illustrates the challenges and risks associated with pursuing groundbreaking projects. While the Apple Car project has been canceled, Apple remains committed to exploring new avenues and shaping the future of technology. (Photo by Fabrikasimf \/ Bigstockphoto)<\/p>\n\n\n\n<ul class=\"wp-block-list\">\n<li><a href=\"https:\/\/www.apfelpatient.de\/en\/rumors\/apple-car-new-turn-in-development\">Apple Car: a new twist in development<\/a><\/li>\n<\/ul>\n\n\n\n<h6 class=\"wp-block-heading translation-block\" id=\"h-kennt-ihr-schon-unsere-amazon-storefront-dort-findet-ihr-eine-handverlesene-auswahl-von-diversen-produkten-f-r-euer-iphone-und-co-viel-spa-beim-st-bern\"><em>Have you already visited our Amazon Storefront? There you&#039;ll find a hand-picked selection of various products for your iPhone and other devices \u2013 <span class=\"has-inline-color has-vivid-red-color\"><a href=\"https:\/\/www.amazon.de\/shop\/apfelpatientofficial\" class=\"ek-link\" data-wpel-link=\"exclude\" rel=\"follow noopener\" target=\"_self\"><span style=\"text-decoration: underline\" class=\"ek-underline\">enjoy browsing<\/span><\/a> !<\/span><\/em><\/h6>\n\n\n\n<h6 class=\"wp-block-heading translation-block\" id=\"h-der-beitrag-enthalt-partnerlinks\">This post contains <a data-type=\"URL\" data-id=\"https:\/\/www.apfelpatient.de\/partnerprogramm\" href=\"https:\/\/www.apfelpatient.de\/en\/partner-program\" data-wpel-link=\"internal\" target=\"_self\">affiliate links<\/a>.<\/h6>","protected":false},"excerpt":{"rendered":"<p>Apple changes course: The end of the long-awaited electric car project. The background and effects at a glance.<\/p>","protected":false},"author":2,"featured_media":40997,"comment_status":"closed","ping_status":"closed","sticky":false,"template":"","format":"standard","meta":{"jnews-multi-image_gallery":[],"jnews_single_post":{"subtitle":"","format":"standard","video":"","gallery":"","source_name":"","source_url":"","via_name":"","via_url":"","override_template":"0","override":[{"template":"4","single_blog_custom":"","parallax":"1","fullscreen":"1","layout":"right-sidebar","sidebar":"default-sidebar","second_sidebar":"default-sidebar","sticky_sidebar":"1","share_position":"top","share_float_style":"share-monocrhome","show_share_counter":"1","show_view_counter":"1","show_featured":"1","show_post_meta":"1","show_post_author":"1","show_post_author_image":"1","show_post_date":"1","post_date_format":"default","post_date_format_custom":"Y\/m\/d","show_post_category":"1","show_post_reading_time":"0","post_reading_time_wpm":"300","show_zoom_button":"0","zoom_button_out_step":"2","zoom_button_in_step":"3","show_post_tag":"1","show_prev_next_post":"1","show_popup_post":"1","number_popup_post":"1","show_author_box":"0","show_post_related":"0","show_inline_post_related":"0"}],"override_image_size":"0","image_override":[{"single_post_thumbnail_size":"crop-500","single_post_gallery_size":"crop-500"}],"trending_post":"0","trending_post_position":"meta","trending_post_label":"Trending","sponsored_post":"0","sponsored_post_label":"Sponsored by","sponsored_post_name":"","sponsored_post_url":"","sponsored_post_logo_enable":"0","sponsored_post_logo":"","sponsored_post_desc":"","disable_ad":"0"},"jnews_primary_category":{"id":"25","hide":""},"footnotes":""},"categories":[25],"tags":[115,13],"class_list":["post-42130","post","type-post","status-publish","format-standard","has-post-thumbnail","hentry","category-rumors","tag-apple-car","tag-techpatient"],"yoast_head":"<!-- This site is optimized with the Yoast SEO Premium plugin v27.5 (Yoast SEO v27.5) - https:\/\/yoast.com\/product\/yoast-seo-premium-wordpress\/ -->\n<title>Zukunftskurs ver\u00e4ndert: Apple gibt Elektroauto-Projekt auf Apfelpatient<\/title>\n<meta name=\"description\" content=\"Apple ver\u00e4ndert seinen Kurs: Das Ende des lang erwarteten Elektroauto-Projekts. Die Hintergr\u00fcnde und Auswirkungen im \u00dcberblick.\" \/>\n<meta name=\"robots\" content=\"index, follow, max-snippet:-1, max-image-preview:large, max-video-preview:-1\" \/>\n<link rel=\"canonical\" href=\"https:\/\/www.apfelpatient.de\/en\/rumors\/future-course-changes-apple-abandons-electric-car-project\" \/>\n<meta property=\"og:locale\" content=\"en_US\" \/>\n<meta property=\"og:type\" content=\"article\" \/>\n<meta property=\"og:title\" content=\"Zukunftskurs ver\u00e4ndert: Apple gibt Elektroauto-Projekt auf\" \/>\n<meta property=\"og:description\" content=\"Apple ver\u00e4ndert seinen Kurs: Das Ende des lang erwarteten Elektroauto-Projekts. Die Hintergr\u00fcnde und Auswirkungen im \u00dcberblick.\" \/>\n<meta property=\"og:url\" content=\"https:\/\/www.apfelpatient.de\/en\/rumors\/future-course-changes-apple-abandons-electric-car-project\" \/>\n<meta property=\"og:site_name\" content=\"Apfelpatient\" \/>\n<meta property=\"article:publisher\" content=\"https:\/\/www.facebook.com\/apfelpatientOfficial\" \/>\n<meta property=\"article:author\" content=\"https:\/\/www.facebook.com\/apfelpatientOfficial\" \/>\n<meta property=\"article:published_time\" content=\"2024-02-27T19:29:25+00:00\" \/>\n<meta property=\"article:modified_time\" content=\"2024-02-27T19:29:26+00:00\" \/>\n<meta property=\"og:image\" content=\"https:\/\/www.apfelpatient.de\/wp-content\/uploads\/2023\/11\/bigstock-Modern-Car-Interior-With-Abstr-478620301.jpg\" \/>\n\t<meta property=\"og:image:width\" content=\"1600\" \/>\n\t<meta property=\"og:image:height\" content=\"1067\" \/>\n\t<meta property=\"og:image:type\" content=\"image\/jpeg\" \/>\n<meta name=\"author\" content=\"Milan\" \/>\n<meta name=\"twitter:card\" content=\"summary_large_image\" \/>\n<meta name=\"twitter:description\" content=\"Apple ver\u00e4ndert seinen Kurs: Das Ende des lang erwarteten Elektroauto-Projekts. Die Hintergr\u00fcnde und Auswirkungen im \u00dcberblick.\" \/>\n<meta name=\"twitter:label1\" content=\"Written by\" \/>\n\t<meta name=\"twitter:data1\" content=\"Milan\" \/>\n\t<meta name=\"twitter:label2\" content=\"Est. reading time\" \/>\n\t<meta name=\"twitter:data2\" content=\"3 minutes\" \/>\n<script type=\"application\/ld+json\" class=\"yoast-schema-graph\">{\"@context\":\"https:\\\/\\\/schema.org\",\"@graph\":[{\"@type\":\"NewsArticle\",\"@id\":\"https:\\\/\\\/www.apfelpatient.de\\\/rumors\\\/zukunftskurs-veraendert-apple-gibt-elektroauto-projekt-auf#article\",\"isPartOf\":{\"@id\":\"https:\\\/\\\/www.apfelpatient.de\\\/rumors\\\/zukunftskurs-veraendert-apple-gibt-elektroauto-projekt-auf\"},\"author\":{\"@type\":\"Organization\",\"@id\":\"https:\\\/\\\/www.apfelpatient.de\\\/en\\\/#organization\",\"name\":\"Apfelpatient\",\"url\":\"https:\\\/\\\/www.apfelpatient.de\\\/en\\\/\"},\"headline\":\"Zukunftskurs ver\u00e4ndert: Apple gibt Elektroauto-Projekt auf\",\"datePublished\":\"2024-02-27T19:29:25+00:00\",\"dateModified\":\"2024-02-27T19:29:26+00:00\",\"mainEntityOfPage\":{\"@id\":\"https:\\\/\\\/www.apfelpatient.de\\\/rumors\\\/zukunftskurs-veraendert-apple-gibt-elektroauto-projekt-auf\"},\"wordCount\":361,\"publisher\":{\"@type\":\"Organization\",\"@id\":\"https:\\\/\\\/www.apfelpatient.de\\\/en\\\/#organization\",\"name\":\"Apfelpatient\",\"url\":\"https:\\\/\\\/www.apfelpatient.de\\\/en\\\/\"},\"image\":{\"@id\":\"https:\\\/\\\/www.apfelpatient.de\\\/rumors\\\/zukunftskurs-veraendert-apple-gibt-elektroauto-projekt-auf#primaryimage\"},\"thumbnailUrl\":\"https:\\\/\\\/www.apfelpatient.de\\\/wp-content\\\/uploads\\\/2023\\\/11\\\/bigstock-Modern-Car-Interior-With-Abstr-478620301.jpg\",\"keywords\":[\"Apple Car\",\"TechPatient\"],\"articleSection\":\"Rumors\",\"inLanguage\":\"en-US\",\"copyrightYear\":\"2024\",\"copyrightHolder\":{\"@id\":\"https:\\\/\\\/www.apfelpatient.de\\\/en\\\/#organization\"}},{\"@type\":\"WebPage\",\"@id\":\"https:\\\/\\\/www.apfelpatient.de\\\/rumors\\\/zukunftskurs-veraendert-apple-gibt-elektroauto-projekt-auf\",\"url\":\"https:\\\/\\\/www.apfelpatient.de\\\/rumors\\\/zukunftskurs-veraendert-apple-gibt-elektroauto-projekt-auf\",\"name\":\"Zukunftskurs ver\u00e4ndert: Apple gibt Elektroauto-Projekt auf Apfelpatient\",\"isPartOf\":{\"@id\":\"https:\\\/\\\/www.apfelpatient.de\\\/#website\"},\"primaryImageOfPage\":{\"@id\":\"https:\\\/\\\/www.apfelpatient.de\\\/rumors\\\/zukunftskurs-veraendert-apple-gibt-elektroauto-projekt-auf#primaryimage\"},\"image\":{\"@id\":\"https:\\\/\\\/www.apfelpatient.de\\\/rumors\\\/zukunftskurs-veraendert-apple-gibt-elektroauto-projekt-auf#primaryimage\"},\"thumbnailUrl\":\"https:\\\/\\\/www.apfelpatient.de\\\/wp-content\\\/uploads\\\/2023\\\/11\\\/bigstock-Modern-Car-Interior-With-Abstr-478620301.jpg\",\"datePublished\":\"2024-02-27T19:29:25+00:00\",\"dateModified\":\"2024-02-27T19:29:26+00:00\",\"description\":\"Apple ver\u00e4ndert seinen Kurs: Das Ende des lang erwarteten Elektroauto-Projekts. Die Hintergr\u00fcnde und Auswirkungen im \u00dcberblick.\",\"breadcrumb\":{\"@id\":\"https:\\\/\\\/www.apfelpatient.de\\\/rumors\\\/zukunftskurs-veraendert-apple-gibt-elektroauto-projekt-auf#breadcrumb\"},\"inLanguage\":\"en-US\",\"potentialAction\":[{\"@type\":\"ReadAction\",\"target\":[\"https:\\\/\\\/www.apfelpatient.de\\\/rumors\\\/zukunftskurs-veraendert-apple-gibt-elektroauto-projekt-auf\"]}]},{\"@type\":\"ImageObject\",\"inLanguage\":\"en-US\",\"@id\":\"https:\\\/\\\/www.apfelpatient.de\\\/rumors\\\/zukunftskurs-veraendert-apple-gibt-elektroauto-projekt-auf#primaryimage\",\"url\":\"https:\\\/\\\/www.apfelpatient.de\\\/wp-content\\\/uploads\\\/2023\\\/11\\\/bigstock-Modern-Car-Interior-With-Abstr-478620301.jpg\",\"contentUrl\":\"https:\\\/\\\/www.apfelpatient.de\\\/wp-content\\\/uploads\\\/2023\\\/11\\\/bigstock-Modern-Car-Interior-With-Abstr-478620301.jpg\",\"width\":1600,\"height\":1067,\"caption\":\"Modern car interior with abstract futuristic digital screen\"},{\"@type\":\"BreadcrumbList\",\"@id\":\"https:\\\/\\\/www.apfelpatient.de\\\/rumors\\\/zukunftskurs-veraendert-apple-gibt-elektroauto-projekt-auf#breadcrumb\",\"itemListElement\":[{\"@type\":\"ListItem\",\"position\":1,\"name\":\"Startseite\",\"item\":\"https:\\\/\\\/www.apfelpatient.de\\\/\"},{\"@type\":\"ListItem\",\"position\":2,\"name\":\"Zukunftskurs ver\u00e4ndert: Apple gibt Elektroauto-Projekt auf\"}]},{\"@type\":\"WebSite\",\"@id\":\"https:\\\/\\\/www.apfelpatient.de\\\/#website\",\"url\":\"https:\\\/\\\/www.apfelpatient.de\\\/\",\"name\":\"Apfelpatient\",\"description\":\"Alles rund um Apple!\",\"publisher\":{\"@type\":\"Organization\",\"@id\":\"https:\\\/\\\/www.apfelpatient.de\\\/en\\\/#organization\",\"name\":\"Apfelpatient\",\"url\":\"https:\\\/\\\/www.apfelpatient.de\\\/en\\\/\"},\"alternateName\":\"Apfelpatient\",\"potentialAction\":[{\"@type\":\"SearchAction\",\"target\":{\"@type\":\"EntryPoint\",\"urlTemplate\":\"https:\\\/\\\/www.apfelpatient.de\\\/?s={search_term_string}\"},\"query-input\":{\"@type\":\"PropertyValueSpecification\",\"valueRequired\":true,\"valueName\":\"search_term_string\"}}],\"inLanguage\":\"en-US\"},{\"@type\":[\"Person\",\"Organization\"],\"@id\":\"https:\\\/\\\/www.apfelpatient.de\\\/#\\\/schema\\\/person\\\/7dc56ad6c8e9824b76d2c08d4c140e13\",\"name\":\"Milan\",\"logo\":{\"@id\":\"https:\\\/\\\/www.apfelpatient.de\\\/#\\\/schema\\\/person\\\/image\\\/\"},\"description\":\"Hallo und herzlich willkommen auf meinem Technik-Blog! Als gro\u00dfer Apple-Fan berichte ich hier \u00fcber alles, was mit Apple zu tun hat: von den neuesten News und spannenden Ger\u00fcchten \u00fcber hilfreiche Tipps und Tricks bis hin zu ausf\u00fchrlichen Produkttests. Wenn du genauso technikbegeistert bist wie ich, bist du hier genau richtig!\",\"sameAs\":[\"https:\\\/\\\/www.facebook.com\\\/apfelpatientOfficial\",\"https:\\\/\\\/www.linkedin.com\\\/in\\\/milan-jovicic-42aa0231b\"],\"url\":\"https:\\\/\\\/www.apfelpatient.de\\\/en\\\/author\\\/apfeladmin\"}]}<\/script>\n<!-- \/ Yoast SEO Premium plugin. -->","yoast_head_json":{"title":"Future course changed: Apple abandons electric car project Apfelpatient","description":"Apple changes course: The end of the long-awaited electric car project. The background and effects at a glance.","robots":{"index":"index","follow":"follow","max-snippet":"max-snippet:-1","max-image-preview":"max-image-preview:large","max-video-preview":"max-video-preview:-1"},"canonical":"https:\/\/www.apfelpatient.de\/en\/rumors\/future-course-changes-apple-abandons-electric-car-project","og_locale":"en_US","og_type":"article","og_title":"Zukunftskurs ver\u00e4ndert: Apple gibt Elektroauto-Projekt auf","og_description":"Apple ver\u00e4ndert seinen Kurs: Das Ende des lang erwarteten Elektroauto-Projekts. Die Hintergr\u00fcnde und Auswirkungen im \u00dcberblick.","og_url":"https:\/\/www.apfelpatient.de\/en\/rumors\/future-course-changes-apple-abandons-electric-car-project","og_site_name":"Apfelpatient","article_publisher":"https:\/\/www.facebook.com\/apfelpatientOfficial","article_author":"https:\/\/www.facebook.com\/apfelpatientOfficial","article_published_time":"2024-02-27T19:29:25+00:00","article_modified_time":"2024-02-27T19:29:26+00:00","og_image":[{"width":1600,"height":1067,"url":"https:\/\/www.apfelpatient.de\/wp-content\/uploads\/2023\/11\/bigstock-Modern-Car-Interior-With-Abstr-478620301.jpg","type":"image\/jpeg"}],"author":"Milan","twitter_card":"summary_large_image","twitter_description":"Apple ver\u00e4ndert seinen Kurs: Das Ende des lang erwarteten Elektroauto-Projekts. Die Hintergr\u00fcnde und Auswirkungen im \u00dcberblick.","twitter_misc":{"Written by":"Milan","Est. reading time":"3 minutes"},"schema":{"@context":"https:\/\/schema.org","@graph":[{"@type":"NewsArticle","@id":"https:\/\/www.apfelpatient.de\/rumors\/zukunftskurs-veraendert-apple-gibt-elektroauto-projekt-auf#article","isPartOf":{"@id":"https:\/\/www.apfelpatient.de\/rumors\/zukunftskurs-veraendert-apple-gibt-elektroauto-projekt-auf"},"author":{"@type":"Organization","@id":"https:\/\/www.apfelpatient.de\/en\/#organization","name":"Apfelpatient","url":"https:\/\/www.apfelpatient.de\/en\/"},"headline":"Zukunftskurs ver\u00e4ndert: Apple gibt Elektroauto-Projekt auf","datePublished":"2024-02-27T19:29:25+00:00","dateModified":"2024-02-27T19:29:26+00:00","mainEntityOfPage":{"@id":"https:\/\/www.apfelpatient.de\/rumors\/zukunftskurs-veraendert-apple-gibt-elektroauto-projekt-auf"},"wordCount":361,"publisher":{"@type":"Organization","@id":"https:\/\/www.apfelpatient.de\/en\/#organization","name":"Apfelpatient","url":"https:\/\/www.apfelpatient.de\/en\/"},"image":{"@id":"https:\/\/www.apfelpatient.de\/rumors\/zukunftskurs-veraendert-apple-gibt-elektroauto-projekt-auf#primaryimage"},"thumbnailUrl":"https:\/\/www.apfelpatient.de\/wp-content\/uploads\/2023\/11\/bigstock-Modern-Car-Interior-With-Abstr-478620301.jpg","keywords":["Apple Car","TechPatient"],"articleSection":"Rumors","inLanguage":"en-US","copyrightYear":"2024","copyrightHolder":{"@id":"https:\/\/www.apfelpatient.de\/en\/#organization"}},{"@type":"WebPage","@id":"https:\/\/www.apfelpatient.de\/rumors\/zukunftskurs-veraendert-apple-gibt-elektroauto-projekt-auf","url":"https:\/\/www.apfelpatient.de\/rumors\/zukunftskurs-veraendert-apple-gibt-elektroauto-projekt-auf","name":"Future course changed: Apple abandons electric car project Apfelpatient","isPartOf":{"@id":"https:\/\/www.apfelpatient.de\/#website"},"primaryImageOfPage":{"@id":"https:\/\/www.apfelpatient.de\/rumors\/zukunftskurs-veraendert-apple-gibt-elektroauto-projekt-auf#primaryimage"},"image":{"@id":"https:\/\/www.apfelpatient.de\/rumors\/zukunftskurs-veraendert-apple-gibt-elektroauto-projekt-auf#primaryimage"},"thumbnailUrl":"https:\/\/www.apfelpatient.de\/wp-content\/uploads\/2023\/11\/bigstock-Modern-Car-Interior-With-Abstr-478620301.jpg","datePublished":"2024-02-27T19:29:25+00:00","dateModified":"2024-02-27T19:29:26+00:00","description":"Apple changes course: The end of the long-awaited electric car project. The background and effects at a glance.","breadcrumb":{"@id":"https:\/\/www.apfelpatient.de\/rumors\/zukunftskurs-veraendert-apple-gibt-elektroauto-projekt-auf#breadcrumb"},"inLanguage":"en-US","potentialAction":[{"@type":"ReadAction","target":["https:\/\/www.apfelpatient.de\/rumors\/zukunftskurs-veraendert-apple-gibt-elektroauto-projekt-auf"]}]},{"@type":"ImageObject","inLanguage":"en-US","@id":"https:\/\/www.apfelpatient.de\/rumors\/zukunftskurs-veraendert-apple-gibt-elektroauto-projekt-auf#primaryimage","url":"https:\/\/www.apfelpatient.de\/wp-content\/uploads\/2023\/11\/bigstock-Modern-Car-Interior-With-Abstr-478620301.jpg","contentUrl":"https:\/\/www.apfelpatient.de\/wp-content\/uploads\/2023\/11\/bigstock-Modern-Car-Interior-With-Abstr-478620301.jpg","width":1600,"height":1067,"caption":"Modern car interior with abstract futuristic digital screen"},{"@type":"BreadcrumbList","@id":"https:\/\/www.apfelpatient.de\/rumors\/zukunftskurs-veraendert-apple-gibt-elektroauto-projekt-auf#breadcrumb","itemListElement":[{"@type":"ListItem","position":1,"name":"Startseite","item":"https:\/\/www.apfelpatient.de\/"},{"@type":"ListItem","position":2,"name":"Zukunftskurs ver\u00e4ndert: Apple gibt Elektroauto-Projekt auf"}]},{"@type":"WebSite","@id":"https:\/\/www.apfelpatient.de\/#website","url":"https:\/\/www.apfelpatient.de\/","name":"apple patient","description":"Everything about Apple!","publisher":{"@type":"Organization","@id":"https:\/\/www.apfelpatient.de\/en\/#organization","name":"Apfelpatient","url":"https:\/\/www.apfelpatient.de\/en\/"},"alternateName":"Apfelpatient","potentialAction":[{"@type":"SearchAction","target":{"@type":"EntryPoint","urlTemplate":"https:\/\/www.apfelpatient.de\/?s={search_term_string}"},"query-input":{"@type":"PropertyValueSpecification","valueRequired":true,"valueName":"search_term_string"}}],"inLanguage":"en-US"},{"@type":["Person","Organization"],"@id":"https:\/\/www.apfelpatient.de\/#\/schema\/person\/7dc56ad6c8e9824b76d2c08d4c140e13","name":"Milan","logo":{"@id":"https:\/\/www.apfelpatient.de\/#\/schema\/person\/image\/"},"description":"Hello and welcome to my technology blog! As a big Apple fan, I report on everything to do with Apple: from the latest news and exciting rumors to helpful tips and tricks and detailed product tests. If you are as enthusiastic about technology as I am, you have come to the right place!","sameAs":["https:\/\/www.facebook.com\/apfelpatientOfficial","https:\/\/www.linkedin.com\/in\/milan-jovicic-42aa0231b"],"url":"https:\/\/www.apfelpatient.de\/en\/author\/apfeladmin"}]}},"_links":{"self":[{"href":"https:\/\/www.apfelpatient.de\/en\/wp-json\/wp\/v2\/posts\/42130","targetHints":{"allow":["GET"]}}],"collection":[{"href":"https:\/\/www.apfelpatient.de\/en\/wp-json\/wp\/v2\/posts"}],"about":[{"href":"https:\/\/www.apfelpatient.de\/en\/wp-json\/wp\/v2\/types\/post"}],"author":[{"embeddable":true,"href":"https:\/\/www.apfelpatient.de\/en\/wp-json\/wp\/v2\/users\/2"}],"replies":[{"embeddable":true,"href":"https:\/\/www.apfelpatient.de\/en\/wp-json\/wp\/v2\/comments?post=42130"}],"version-history":[{"count":0,"href":"https:\/\/www.apfelpatient.de\/en\/wp-json\/wp\/v2\/posts\/42130\/revisions"}],"wp:featuredmedia":[{"embeddable":true,"href":"https:\/\/www.apfelpatient.de\/en\/wp-json\/wp\/v2\/media\/40997"}],"wp:attachment":[{"href":"https:\/\/www.apfelpatient.de\/en\/wp-json\/wp\/v2\/media?parent=42130"}],"wp:term":[{"taxonomy":"category","embeddable":true,"href":"https:\/\/www.apfelpatient.de\/en\/wp-json\/wp\/v2\/categories?post=42130"},{"taxonomy":"post_tag","embeddable":true,"href":"https:\/\/www.apfelpatient.de\/en\/wp-json\/wp\/v2\/tags?post=42130"}],"curies":[{"name":"wp","href":"https:\/\/api.w.org\/{rel}","templated":true}]}}