{"id":41996,"date":"2024-02-07T05:07:34","date_gmt":"2024-02-07T04:07:34","guid":{"rendered":"https:\/\/www.apfelpatient.de\/?p=41996"},"modified":"2024-02-07T05:07:35","modified_gmt":"2024-02-07T04:07:35","slug":"oled-ipad-pro-price-increase-lower-than-expected","status":"publish","type":"post","link":"https:\/\/www.apfelpatient.de\/en\/rumors\/oled-ipad-pro-preissteigerung-geringer-als-erwartet","title":{"rendered":"OLED iPad Pro: Price increase lower than expected?"},"content":{"rendered":"<p class=\"has-drop-cap\"><strong>Excitement is building among Apple fans worldwide as the release of the next generation iPad Pro draws closer. One of the biggest changes in the product line is about to happen with the introduction of OLED displays in these tablets. The potential price increases for these models have already caught the public&#039;s attention, but there is good news - the cost could potentially be lower than initially feared.<\/strong><\/p>\n\n\n\n<p>Apple has historically set the bar for innovation in the tablet market, and the iPad Pro is no exception. By incorporating OLED technology into their latest models, Apple is once again showing their commitment to high-quality products. Below, we take a closer look at the expected price increases, the reasons behind them, and what else the new iPad Pro models have to offer.<\/p>\n\n\n\n<h3 class=\"wp-block-heading\" id=\"h-neue-ipad-pro-modelle-mit-oled-display\">New iPad Pro models with OLED display<\/h3>\n\n\n\n<p>The rumor mill was in full swing when it was first claimed that the next-generation 11-inch OLED iPad Pro could start at a whopping $1,500, while the 13-inch model could even start at $1,800. Some speculation even went as high as $2,000 for the larger model, with this likely indicating a higher storage configuration. But <a href=\"https:\/\/www.digitimes.com\/news\/a20240205PD224\/ipad-apple-tablet-sales.html\" target=\"_blank\" rel=\"noreferrer noopener\">reports<\/a> from DigiTimes suggest that the price increase may not be as drastic as initially thought. Prices for the current iPad Pro models start at $799 for the 11-inch model and $1,099 for the 12.9-inch model with mini-LED display. The expected $160 price increases could mean that the entry-level 11-inch OLED iPad Pro will still remain under the magic $1,000 mark, while the 13-inch model will start at around $1,200 to $1,300.<\/p>\n\n\n\n<h3 class=\"wp-block-heading\" id=\"h-start-ende-marz-erwartet\">Start expected at the end of March<\/h3>\n\n\n\n\n\n\n\n<p>The main reason for these price increases is the high-quality OLED panels that Apple will use for the first time in its iPads. Compared to traditional LCD panels, OLED panels are more expensive to source. In addition to the cost, Apple&#039;s special requirements for the screens, such as the thin design and tandem stack design, contribute to the higher production costs. However, OLED technology also offers significant advantages, including improved longevity, efficiency and higher brightness.<\/p>\n\n\n\n<figure class=\"wp-block-image size-large\"><img decoding=\"async\" width=\"1024\" height=\"682\" src=\"https:\/\/www.apfelpatient.de\/wp-content\/uploads\/2022\/10\/Apple-iPad-Pro-Magic-Keyboard-M2-hero-2up-221018-1024x682.jpg\" alt=\"M2 iPad Pro 6 Magic Keyboard OLED Apple\" class=\"wp-image-34718\" srcset=\"https:\/\/www.apfelpatient.de\/wp-content\/uploads\/2022\/10\/Apple-iPad-Pro-Magic-Keyboard-M2-hero-2up-221018-1024x682.jpg 1024w, https:\/\/www.apfelpatient.de\/wp-content\/uploads\/2022\/10\/Apple-iPad-Pro-Magic-Keyboard-M2-hero-2up-221018-300x200.jpg 300w, https:\/\/www.apfelpatient.de\/wp-content\/uploads\/2022\/10\/Apple-iPad-Pro-Magic-Keyboard-M2-hero-2up-221018-768x512.jpg 768w, https:\/\/www.apfelpatient.de\/wp-content\/uploads\/2022\/10\/Apple-iPad-Pro-Magic-Keyboard-M2-hero-2up-221018-1536x1023.jpg 1536w, https:\/\/www.apfelpatient.de\/wp-content\/uploads\/2022\/10\/Apple-iPad-Pro-Magic-Keyboard-M2-hero-2up-221018-750x500.jpg 750w, https:\/\/www.apfelpatient.de\/wp-content\/uploads\/2022\/10\/Apple-iPad-Pro-Magic-Keyboard-M2-hero-2up-221018-1140x760.jpg 1140w, https:\/\/www.apfelpatient.de\/wp-content\/uploads\/2022\/10\/Apple-iPad-Pro-Magic-Keyboard-M2-hero-2up-221018.jpg 1600w\" sizes=\"(max-width: 1024px) 100vw, 1024px\" \/><figcaption class=\"wp-element-caption\">Image: Apple<\/figcaption><\/figure>\n\n\n\n<p>Apple sources these OLED panels from Samsung and LG Display, who are said to have developed special two-stack tandem OLED panels specifically for Apple. This underlines Apple&#039;s commitment to innovative technologies and partnerships with industry leaders. The new iPad Pro models are expected to be powered by Apple&#039;s latest M3 chip, which promises a significant increase in performance. Additionally, MagSafe charging could be an option for the upcoming devices, making wireless charging even more convenient. A revised Magic Keyboard is also expected, which includes a larger trackpad and makes the iPad Pro look even more like a laptop. According to current reports, the devices are set to make their debut at the end of March. So the whole thing should remain exciting. (Photo by Elinaxx1v \/ Bigstockphoto)<\/p>\n\n\n\n<ul class=\"wp-block-list\">\n<li><a href=\"https:\/\/www.apfelpatient.de\/en\/rumors\/exciting-ipad-innovations-what-awaits-us-in-2024\">Exciting iPad innovations: What awaits us in 2024?<\/a><\/li>\n<\/ul>\n\n\n\n<h6 class=\"wp-block-heading translation-block\" id=\"h-kennt-ihr-schon-unsere-amazon-storefront-dort-findet-ihr-eine-handverlesene-auswahl-von-diversen-produkten-f-r-euer-iphone-und-co-viel-spa-beim-st-bern\"><em>Have you already visited our Amazon Storefront? There you&#039;ll find a hand-picked selection of various products for your iPhone and other devices \u2013 <span class=\"has-inline-color has-vivid-red-color\"><a href=\"https:\/\/www.amazon.de\/shop\/apfelpatientofficial\" class=\"ek-link\" data-wpel-link=\"exclude\" rel=\"follow noopener\" target=\"_self\"><span style=\"text-decoration: underline\" class=\"ek-underline\">enjoy browsing<\/span><\/a> !<\/span><\/em><\/h6>\n\n\n\n<h6 class=\"wp-block-heading translation-block\" id=\"h-der-beitrag-enthalt-partnerlinks\">This post contains <a data-type=\"URL\" data-id=\"https:\/\/www.apfelpatient.de\/partnerprogramm\" href=\"https:\/\/www.apfelpatient.de\/en\/partner-program\" data-wpel-link=\"internal\" target=\"_self\">affiliate links<\/a>.<\/h6>","protected":false},"excerpt":{"rendered":"<p>The introduction of OLED displays in the iPad Pro promises to be a revolution. Find out how prices might develop and much more.<\/p>","protected":false},"author":2,"featured_media":26827,"comment_status":"closed","ping_status":"closed","sticky":false,"template":"","format":"standard","meta":{"jnews-multi-image_gallery":[],"jnews_single_post":{"subtitle":"","format":"standard","video":"","gallery":"","source_name":"","source_url":"","via_name":"","via_url":"","override_template":"0","override":[{"template":"4","single_blog_custom":"","parallax":"1","fullscreen":"1","layout":"right-sidebar","sidebar":"default-sidebar","second_sidebar":"default-sidebar","sticky_sidebar":"1","share_position":"top","share_float_style":"share-monocrhome","show_share_counter":"1","show_view_counter":"1","show_featured":"1","show_post_meta":"1","show_post_author":"1","show_post_author_image":"1","show_post_date":"1","post_date_format":"default","post_date_format_custom":"Y\/m\/d","show_post_category":"1","show_post_reading_time":"0","post_reading_time_wpm":"300","show_zoom_button":"0","zoom_button_out_step":"2","zoom_button_in_step":"3","show_post_tag":"1","show_prev_next_post":"1","show_popup_post":"1","number_popup_post":"1","show_author_box":"0","show_post_related":"0","show_inline_post_related":"0"}],"override_image_size":"0","image_override":[{"single_post_thumbnail_size":"crop-500","single_post_gallery_size":"crop-500"}],"trending_post":"0","trending_post_position":"meta","trending_post_label":"Trending","sponsored_post":"0","sponsored_post_label":"Sponsored by","sponsored_post_name":"","sponsored_post_url":"","sponsored_post_logo_enable":"0","sponsored_post_logo":"","sponsored_post_desc":"","disable_ad":"0"},"jnews_primary_category":{"id":"25","hide":""},"footnotes":""},"categories":[25],"tags":[18,66],"class_list":["post-41996","post","type-post","status-publish","format-standard","has-post-thumbnail","hentry","category-rumors","tag-ipad","tag-ipad-pro"],"yoast_head":"<!-- This site is optimized with the Yoast SEO Premium plugin v27.5 (Yoast SEO v27.5) - https:\/\/yoast.com\/product\/yoast-seo-premium-wordpress\/ -->\n<title>OLED iPad Pro: Preissteigerung geringer als erwartet? Apfelpatient<\/title>\n<meta name=\"description\" content=\"Die Einf\u00fchrung von OLED-Displays im iPad Pro verspricht eine Revolution. Erfahre, wie sich die Preise entwickeln k\u00f6nnten und vieles mehr.\" \/>\n<meta name=\"robots\" content=\"index, follow, max-snippet:-1, max-image-preview:large, max-video-preview:-1\" \/>\n<link rel=\"canonical\" href=\"https:\/\/www.apfelpatient.de\/en\/rumors\/oled-ipad-pro-price-increase-lower-than-expected\" \/>\n<meta property=\"og:locale\" content=\"en_US\" \/>\n<meta property=\"og:type\" content=\"article\" \/>\n<meta property=\"og:title\" content=\"OLED iPad Pro: Preissteigerung geringer als erwartet?\" \/>\n<meta property=\"og:description\" content=\"Die Einf\u00fchrung von OLED-Displays im iPad Pro verspricht eine Revolution. Erfahre, wie sich die Preise entwickeln k\u00f6nnten und vieles mehr.\" \/>\n<meta property=\"og:url\" content=\"https:\/\/www.apfelpatient.de\/en\/rumors\/oled-ipad-pro-price-increase-lower-than-expected\" \/>\n<meta property=\"og:site_name\" content=\"Apfelpatient\" \/>\n<meta property=\"article:publisher\" content=\"https:\/\/www.facebook.com\/apfelpatientOfficial\" \/>\n<meta property=\"article:author\" content=\"https:\/\/www.facebook.com\/apfelpatientOfficial\" \/>\n<meta property=\"article:published_time\" content=\"2024-02-07T04:07:34+00:00\" \/>\n<meta property=\"article:modified_time\" content=\"2024-02-07T04:07:35+00:00\" \/>\n<meta property=\"og:image\" content=\"https:\/\/www.apfelpatient.de\/wp-content\/uploads\/2021\/09\/bigstock-Nice-France-New-405598754.jpg\" \/>\n\t<meta property=\"og:image:width\" content=\"1600\" \/>\n\t<meta property=\"og:image:height\" content=\"1067\" \/>\n\t<meta property=\"og:image:type\" content=\"image\/jpeg\" \/>\n<meta name=\"author\" content=\"Milan\" \/>\n<meta name=\"twitter:card\" content=\"summary_large_image\" \/>\n<meta name=\"twitter:description\" content=\"Die Einf\u00fchrung von OLED-Displays im iPad Pro verspricht eine Revolution. Erfahre, wie sich die Preise entwickeln k\u00f6nnten und vieles mehr.\" \/>\n<meta name=\"twitter:label1\" content=\"Written by\" \/>\n\t<meta name=\"twitter:data1\" content=\"Milan\" \/>\n\t<meta name=\"twitter:label2\" content=\"Est. reading time\" \/>\n\t<meta name=\"twitter:data2\" content=\"4 minutes\" \/>\n<script type=\"application\/ld+json\" class=\"yoast-schema-graph\">{\"@context\":\"https:\\\/\\\/schema.org\",\"@graph\":[{\"@type\":\"NewsArticle\",\"@id\":\"https:\\\/\\\/www.apfelpatient.de\\\/rumors\\\/oled-ipad-pro-preissteigerung-geringer-als-erwartet#article\",\"isPartOf\":{\"@id\":\"https:\\\/\\\/www.apfelpatient.de\\\/rumors\\\/oled-ipad-pro-preissteigerung-geringer-als-erwartet\"},\"author\":{\"@type\":\"Organization\",\"@id\":\"https:\\\/\\\/www.apfelpatient.de\\\/en\\\/#organization\",\"name\":\"Apfelpatient\",\"url\":\"https:\\\/\\\/www.apfelpatient.de\\\/en\\\/\"},\"headline\":\"OLED iPad Pro: Preissteigerung geringer als erwartet?\",\"datePublished\":\"2024-02-07T04:07:34+00:00\",\"dateModified\":\"2024-02-07T04:07:35+00:00\",\"mainEntityOfPage\":{\"@id\":\"https:\\\/\\\/www.apfelpatient.de\\\/rumors\\\/oled-ipad-pro-preissteigerung-geringer-als-erwartet\"},\"wordCount\":513,\"publisher\":{\"@type\":\"Organization\",\"@id\":\"https:\\\/\\\/www.apfelpatient.de\\\/en\\\/#organization\",\"name\":\"Apfelpatient\",\"url\":\"https:\\\/\\\/www.apfelpatient.de\\\/en\\\/\"},\"image\":{\"@id\":\"https:\\\/\\\/www.apfelpatient.de\\\/rumors\\\/oled-ipad-pro-preissteigerung-geringer-als-erwartet#primaryimage\"},\"thumbnailUrl\":\"https:\\\/\\\/www.apfelpatient.de\\\/wp-content\\\/uploads\\\/2021\\\/09\\\/bigstock-Nice-France-New-405598754.jpg\",\"keywords\":[\"iPad\",\"iPad Pro\"],\"articleSection\":\"Rumors\",\"inLanguage\":\"en-US\",\"copyrightYear\":\"2024\",\"copyrightHolder\":{\"@id\":\"https:\\\/\\\/www.apfelpatient.de\\\/en\\\/#organization\"}},{\"@type\":\"WebPage\",\"@id\":\"https:\\\/\\\/www.apfelpatient.de\\\/rumors\\\/oled-ipad-pro-preissteigerung-geringer-als-erwartet\",\"url\":\"https:\\\/\\\/www.apfelpatient.de\\\/rumors\\\/oled-ipad-pro-preissteigerung-geringer-als-erwartet\",\"name\":\"OLED iPad Pro: Preissteigerung geringer als erwartet? Apfelpatient\",\"isPartOf\":{\"@id\":\"https:\\\/\\\/www.apfelpatient.de\\\/#website\"},\"primaryImageOfPage\":{\"@id\":\"https:\\\/\\\/www.apfelpatient.de\\\/rumors\\\/oled-ipad-pro-preissteigerung-geringer-als-erwartet#primaryimage\"},\"image\":{\"@id\":\"https:\\\/\\\/www.apfelpatient.de\\\/rumors\\\/oled-ipad-pro-preissteigerung-geringer-als-erwartet#primaryimage\"},\"thumbnailUrl\":\"https:\\\/\\\/www.apfelpatient.de\\\/wp-content\\\/uploads\\\/2021\\\/09\\\/bigstock-Nice-France-New-405598754.jpg\",\"datePublished\":\"2024-02-07T04:07:34+00:00\",\"dateModified\":\"2024-02-07T04:07:35+00:00\",\"description\":\"Die Einf\u00fchrung von OLED-Displays im iPad Pro verspricht eine Revolution. Erfahre, wie sich die Preise entwickeln k\u00f6nnten und vieles mehr.\",\"breadcrumb\":{\"@id\":\"https:\\\/\\\/www.apfelpatient.de\\\/rumors\\\/oled-ipad-pro-preissteigerung-geringer-als-erwartet#breadcrumb\"},\"inLanguage\":\"en-US\",\"potentialAction\":[{\"@type\":\"ReadAction\",\"target\":[\"https:\\\/\\\/www.apfelpatient.de\\\/rumors\\\/oled-ipad-pro-preissteigerung-geringer-als-erwartet\"]}]},{\"@type\":\"ImageObject\",\"inLanguage\":\"en-US\",\"@id\":\"https:\\\/\\\/www.apfelpatient.de\\\/rumors\\\/oled-ipad-pro-preissteigerung-geringer-als-erwartet#primaryimage\",\"url\":\"https:\\\/\\\/www.apfelpatient.de\\\/wp-content\\\/uploads\\\/2021\\\/09\\\/bigstock-Nice-France-New-405598754.jpg\",\"contentUrl\":\"https:\\\/\\\/www.apfelpatient.de\\\/wp-content\\\/uploads\\\/2021\\\/09\\\/bigstock-Nice-France-New-405598754.jpg\",\"width\":1600,\"height\":1067,\"caption\":\"Nice, France - 29.01.2021: New iPad Pro 12.9 inches from Apple on a light background. Tablet Computer on a Wooden background. High quality photo\"},{\"@type\":\"BreadcrumbList\",\"@id\":\"https:\\\/\\\/www.apfelpatient.de\\\/rumors\\\/oled-ipad-pro-preissteigerung-geringer-als-erwartet#breadcrumb\",\"itemListElement\":[{\"@type\":\"ListItem\",\"position\":1,\"name\":\"Startseite\",\"item\":\"https:\\\/\\\/www.apfelpatient.de\\\/\"},{\"@type\":\"ListItem\",\"position\":2,\"name\":\"OLED iPad Pro: Preissteigerung geringer als erwartet?\"}]},{\"@type\":\"WebSite\",\"@id\":\"https:\\\/\\\/www.apfelpatient.de\\\/#website\",\"url\":\"https:\\\/\\\/www.apfelpatient.de\\\/\",\"name\":\"Apfelpatient\",\"description\":\"Alles rund um Apple!\",\"publisher\":{\"@type\":\"Organization\",\"@id\":\"https:\\\/\\\/www.apfelpatient.de\\\/en\\\/#organization\",\"name\":\"Apfelpatient\",\"url\":\"https:\\\/\\\/www.apfelpatient.de\\\/en\\\/\"},\"alternateName\":\"Apfelpatient\",\"potentialAction\":[{\"@type\":\"SearchAction\",\"target\":{\"@type\":\"EntryPoint\",\"urlTemplate\":\"https:\\\/\\\/www.apfelpatient.de\\\/?s={search_term_string}\"},\"query-input\":{\"@type\":\"PropertyValueSpecification\",\"valueRequired\":true,\"valueName\":\"search_term_string\"}}],\"inLanguage\":\"en-US\"},{\"@type\":[\"Person\",\"Organization\"],\"@id\":\"https:\\\/\\\/www.apfelpatient.de\\\/#\\\/schema\\\/person\\\/35b3ddba5832f2bfc7fff5206d4f6b7b\",\"name\":\"Milan\",\"logo\":{\"@id\":\"https:\\\/\\\/www.apfelpatient.de\\\/#\\\/schema\\\/person\\\/image\\\/\"},\"description\":\"Hallo und herzlich willkommen auf meinem Technik-Blog! Als gro\u00dfer Apple-Fan berichte ich hier \u00fcber alles, was mit Apple zu tun hat: von den neuesten News und spannenden Ger\u00fcchten \u00fcber hilfreiche Tipps und Tricks bis hin zu ausf\u00fchrlichen Produkttests. Wenn du genauso technikbegeistert bist wie ich, bist du hier genau richtig!\",\"sameAs\":[\"https:\\\/\\\/www.facebook.com\\\/apfelpatientOfficial\",\"https:\\\/\\\/www.linkedin.com\\\/in\\\/milan-jovicic-42aa0231b\"],\"url\":\"https:\\\/\\\/www.apfelpatient.de\\\/en\\\/author\\\/apfeladmin\"}]}<\/script>\n<!-- \/ Yoast SEO Premium plugin. -->","yoast_head_json":{"title":"OLED iPad Pro: Price increase lower than expected? Apfelpatient","description":"The introduction of OLED displays in the iPad Pro promises to be a revolution. Find out how prices might develop and much more.","robots":{"index":"index","follow":"follow","max-snippet":"max-snippet:-1","max-image-preview":"max-image-preview:large","max-video-preview":"max-video-preview:-1"},"canonical":"https:\/\/www.apfelpatient.de\/en\/rumors\/oled-ipad-pro-price-increase-lower-than-expected","og_locale":"en_US","og_type":"article","og_title":"OLED iPad Pro: Preissteigerung geringer als erwartet?","og_description":"Die Einf\u00fchrung von OLED-Displays im iPad Pro verspricht eine Revolution. Erfahre, wie sich die Preise entwickeln k\u00f6nnten und vieles mehr.","og_url":"https:\/\/www.apfelpatient.de\/en\/rumors\/oled-ipad-pro-price-increase-lower-than-expected","og_site_name":"Apfelpatient","article_publisher":"https:\/\/www.facebook.com\/apfelpatientOfficial","article_author":"https:\/\/www.facebook.com\/apfelpatientOfficial","article_published_time":"2024-02-07T04:07:34+00:00","article_modified_time":"2024-02-07T04:07:35+00:00","og_image":[{"width":1600,"height":1067,"url":"https:\/\/www.apfelpatient.de\/wp-content\/uploads\/2021\/09\/bigstock-Nice-France-New-405598754.jpg","type":"image\/jpeg"}],"author":"Milan","twitter_card":"summary_large_image","twitter_description":"Die Einf\u00fchrung von OLED-Displays im iPad Pro verspricht eine Revolution. Erfahre, wie sich die Preise entwickeln k\u00f6nnten und vieles mehr.","twitter_misc":{"Written by":"Milan","Est. reading time":"4 minutes"},"schema":{"@context":"https:\/\/schema.org","@graph":[{"@type":"NewsArticle","@id":"https:\/\/www.apfelpatient.de\/rumors\/oled-ipad-pro-preissteigerung-geringer-als-erwartet#article","isPartOf":{"@id":"https:\/\/www.apfelpatient.de\/rumors\/oled-ipad-pro-preissteigerung-geringer-als-erwartet"},"author":{"@type":"Organization","@id":"https:\/\/www.apfelpatient.de\/en\/#organization","name":"Apfelpatient","url":"https:\/\/www.apfelpatient.de\/en\/"},"headline":"OLED iPad Pro: Preissteigerung geringer als erwartet?","datePublished":"2024-02-07T04:07:34+00:00","dateModified":"2024-02-07T04:07:35+00:00","mainEntityOfPage":{"@id":"https:\/\/www.apfelpatient.de\/rumors\/oled-ipad-pro-preissteigerung-geringer-als-erwartet"},"wordCount":513,"publisher":{"@type":"Organization","@id":"https:\/\/www.apfelpatient.de\/en\/#organization","name":"Apfelpatient","url":"https:\/\/www.apfelpatient.de\/en\/"},"image":{"@id":"https:\/\/www.apfelpatient.de\/rumors\/oled-ipad-pro-preissteigerung-geringer-als-erwartet#primaryimage"},"thumbnailUrl":"https:\/\/www.apfelpatient.de\/wp-content\/uploads\/2021\/09\/bigstock-Nice-France-New-405598754.jpg","keywords":["iPad","iPad Pro"],"articleSection":"Rumors","inLanguage":"en-US","copyrightYear":"2024","copyrightHolder":{"@id":"https:\/\/www.apfelpatient.de\/en\/#organization"}},{"@type":"WebPage","@id":"https:\/\/www.apfelpatient.de\/rumors\/oled-ipad-pro-preissteigerung-geringer-als-erwartet","url":"https:\/\/www.apfelpatient.de\/rumors\/oled-ipad-pro-preissteigerung-geringer-als-erwartet","name":"OLED iPad Pro: Price increase lower than expected? Apfelpatient","isPartOf":{"@id":"https:\/\/www.apfelpatient.de\/#website"},"primaryImageOfPage":{"@id":"https:\/\/www.apfelpatient.de\/rumors\/oled-ipad-pro-preissteigerung-geringer-als-erwartet#primaryimage"},"image":{"@id":"https:\/\/www.apfelpatient.de\/rumors\/oled-ipad-pro-preissteigerung-geringer-als-erwartet#primaryimage"},"thumbnailUrl":"https:\/\/www.apfelpatient.de\/wp-content\/uploads\/2021\/09\/bigstock-Nice-France-New-405598754.jpg","datePublished":"2024-02-07T04:07:34+00:00","dateModified":"2024-02-07T04:07:35+00:00","description":"The introduction of OLED displays in the iPad Pro promises to be a revolution. Find out how prices might develop and much more.","breadcrumb":{"@id":"https:\/\/www.apfelpatient.de\/rumors\/oled-ipad-pro-preissteigerung-geringer-als-erwartet#breadcrumb"},"inLanguage":"en-US","potentialAction":[{"@type":"ReadAction","target":["https:\/\/www.apfelpatient.de\/rumors\/oled-ipad-pro-preissteigerung-geringer-als-erwartet"]}]},{"@type":"ImageObject","inLanguage":"en-US","@id":"https:\/\/www.apfelpatient.de\/rumors\/oled-ipad-pro-preissteigerung-geringer-als-erwartet#primaryimage","url":"https:\/\/www.apfelpatient.de\/wp-content\/uploads\/2021\/09\/bigstock-Nice-France-New-405598754.jpg","contentUrl":"https:\/\/www.apfelpatient.de\/wp-content\/uploads\/2021\/09\/bigstock-Nice-France-New-405598754.jpg","width":1600,"height":1067,"caption":"Nice, France - 29.01.2021: New iPad Pro 12.9 inches from Apple on a light background. Tablet Computer on a Wooden background. High quality photo"},{"@type":"BreadcrumbList","@id":"https:\/\/www.apfelpatient.de\/rumors\/oled-ipad-pro-preissteigerung-geringer-als-erwartet#breadcrumb","itemListElement":[{"@type":"ListItem","position":1,"name":"Startseite","item":"https:\/\/www.apfelpatient.de\/"},{"@type":"ListItem","position":2,"name":"OLED iPad Pro: Preissteigerung geringer als erwartet?"}]},{"@type":"WebSite","@id":"https:\/\/www.apfelpatient.de\/#website","url":"https:\/\/www.apfelpatient.de\/","name":"apple patient","description":"Everything about Apple!","publisher":{"@type":"Organization","@id":"https:\/\/www.apfelpatient.de\/en\/#organization","name":"Apfelpatient","url":"https:\/\/www.apfelpatient.de\/en\/"},"alternateName":"Apfelpatient","potentialAction":[{"@type":"SearchAction","target":{"@type":"EntryPoint","urlTemplate":"https:\/\/www.apfelpatient.de\/?s={search_term_string}"},"query-input":{"@type":"PropertyValueSpecification","valueRequired":true,"valueName":"search_term_string"}}],"inLanguage":"en-US"},{"@type":["Person","Organization"],"@id":"https:\/\/www.apfelpatient.de\/#\/schema\/person\/35b3ddba5832f2bfc7fff5206d4f6b7b","name":"Milan","logo":{"@id":"https:\/\/www.apfelpatient.de\/#\/schema\/person\/image\/"},"description":"Hello and welcome to my technology blog! As a big Apple fan, I report on everything to do with Apple: from the latest news and exciting rumors to helpful tips and tricks and detailed product tests. If you are as enthusiastic about technology as I am, you have come to the right place!","sameAs":["https:\/\/www.facebook.com\/apfelpatientOfficial","https:\/\/www.linkedin.com\/in\/milan-jovicic-42aa0231b"],"url":"https:\/\/www.apfelpatient.de\/en\/author\/apfeladmin"}]}},"_links":{"self":[{"href":"https:\/\/www.apfelpatient.de\/en\/wp-json\/wp\/v2\/posts\/41996","targetHints":{"allow":["GET"]}}],"collection":[{"href":"https:\/\/www.apfelpatient.de\/en\/wp-json\/wp\/v2\/posts"}],"about":[{"href":"https:\/\/www.apfelpatient.de\/en\/wp-json\/wp\/v2\/types\/post"}],"author":[{"embeddable":true,"href":"https:\/\/www.apfelpatient.de\/en\/wp-json\/wp\/v2\/users\/2"}],"replies":[{"embeddable":true,"href":"https:\/\/www.apfelpatient.de\/en\/wp-json\/wp\/v2\/comments?post=41996"}],"version-history":[{"count":0,"href":"https:\/\/www.apfelpatient.de\/en\/wp-json\/wp\/v2\/posts\/41996\/revisions"}],"wp:featuredmedia":[{"embeddable":true,"href":"https:\/\/www.apfelpatient.de\/en\/wp-json\/wp\/v2\/media\/26827"}],"wp:attachment":[{"href":"https:\/\/www.apfelpatient.de\/en\/wp-json\/wp\/v2\/media?parent=41996"}],"wp:term":[{"taxonomy":"category","embeddable":true,"href":"https:\/\/www.apfelpatient.de\/en\/wp-json\/wp\/v2\/categories?post=41996"},{"taxonomy":"post_tag","embeddable":true,"href":"https:\/\/www.apfelpatient.de\/en\/wp-json\/wp\/v2\/tags?post=41996"}],"curies":[{"name":"wp","href":"https:\/\/api.w.org\/{rel}","templated":true}]}}