{"id":41976,"date":"2024-02-03T19:32:32","date_gmt":"2024-02-03T18:32:32","guid":{"rendered":"https:\/\/www.apfelpatient.de\/?p=41976"},"modified":"2024-02-03T19:32:33","modified_gmt":"2024-02-03T18:32:33","slug":"the-future-of-the-app-store-phil-schillers-perspective","status":"publish","type":"post","link":"https:\/\/www.apfelpatient.de\/en\/news\/die-zukunft-des-app-store-phil-schillers-perspektive","title":{"rendered":"The Future of the App Store: Phil Schiller&#039;s Perspective"},"content":{"rendered":"<p class=\"has-drop-cap\"><strong>Apple&#039;s recent announcement outlined major changes to the App Store and iPhone in the European Union. The reasons for these changes are complex, but an interview with Apple Fellow Phil Schiller highlights the tech company&#039;s concerns. This article will take a closer look at Schiller&#039;s comments and how he discusses the impact of third-party app stores on iPhone users.<\/strong><\/p>\n\n\n\n<p>Apple is known for its tight control over the App Store and its content. This has helped ensure the safety and quality of apps on the iPhone. But with recent regulatory changes in the European Union, changes are coming that will pose major challenges for Apple. Phil Schiller, a distinguished Apple Fellow, shared his thoughts on these changes and the potential risks to users in an interview with Fast Company.<\/p>\n\n\n\n<h3 class=\"wp-block-heading\" id=\"h-phil-schiller-app-store-anderungen-bieten-chancen-aber-auch-risiken\">Phil Schiller: App Store changes offer opportunities but also risks<\/h3>\n\n\n\n<p>In the conversation <a href=\"https:\/\/www.fastcompany.com\/91021439\/apple-phil-schiller-iphone-app-store-alternative-eu-risk-security\" target=\"_blank\" rel=\"noreferrer noopener\">explained<\/a> Schiller said that the new regulations allowing alternative app marketplaces and in-app purchasing options undoubtedly offer opportunities for developers, but also bring risks. He stressed that Apple is committed to minimizing these risks to ensure safety and quality for all users. A key concern for Schiller is third-party app marketplaces that could open the iPhone to content that has not previously been allowed by Apple. These marketplaces could have different rules and restrictions when it comes to controlling the content. In Schiller&#039;s view, this increases the risk that users could encounter offensive or inappropriate content. Schiller explains:<\/p>\n\n\n\n<blockquote class=\"wp-block-quote is-layout-flow wp-block-quote-is-layout-flow\">\n<p>Ultimately, there are things we didn&#039;t allow in our app store - things we didn&#039;t think were safe or appropriate. It won&#039;t be our decision whether these other marketplaces have the same terms and restrictions.<\/p>\n<\/blockquote>\n\n\n\n<p>Schiller is particularly concerned about apps that could be available exclusively on third-party app marketplaces. In such cases, many users would be forced to agree to the marketplaces without knowing much about them, which could compromise user safety and security.<\/p>\n\n\n\n<h3 class=\"wp-block-heading\" id=\"h-debatte-uber-balance-zwischen-freiheit-und-sicherheit-in-der-app-welt-geht-weiter\">Debate about balance between freedom and security in the app world continues<\/h3>\n\n\n\n\n\n\n\n<p>The interview with Phil Schiller highlights the challenges and concerns Apple faces due to the upcoming changes in the EU. While the new regulations offer developers more freedom and opportunities, it also brings risks for users. The debate about the balance between freedom and security in the app world will undoubtedly continue, and it will be interesting to see how Apple and other companies respond. The future of the app ecosystem remains an exciting topic that will shape the tech industry in the years to come. (Photo by PixieMe \/ Bigstockphoto)<\/p>\n\n\n\n<ul class=\"wp-block-list\">\n<li><a href=\"https:\/\/www.apfelpatient.de\/en\/news\/apple-in-the-eu-what-changes-for-you\">Apple in the EU: What changes for you?<\/a><\/li>\n<\/ul>\n\n\n\n<h6 class=\"wp-block-heading translation-block\" id=\"h-kennt-ihr-schon-unsere-amazon-storefront-dort-findet-ihr-eine-handverlesene-auswahl-von-diversen-produkten-f-r-euer-iphone-und-co-viel-spa-beim-st-bern\"><em>Have you already visited our Amazon Storefront? There you&#039;ll find a hand-picked selection of various products for your iPhone and other devices \u2013 <span class=\"has-inline-color has-vivid-red-color\"><a href=\"https:\/\/www.amazon.de\/shop\/apfelpatientofficial\" class=\"ek-link\" data-wpel-link=\"exclude\" rel=\"follow noopener\" target=\"_self\"><span style=\"text-decoration: underline\" class=\"ek-underline\">enjoy browsing<\/span><\/a> !<\/span><\/em><\/h6>\n\n\n\n<h6 class=\"wp-block-heading translation-block\" id=\"h-der-beitrag-enthalt-partnerlinks\">This post contains <a data-type=\"URL\" data-id=\"https:\/\/www.apfelpatient.de\/partnerprogramm\" href=\"https:\/\/www.apfelpatient.de\/en\/partner-program\" data-wpel-link=\"internal\" target=\"_self\">affiliate links<\/a>.<\/h6>","protected":false},"excerpt":{"rendered":"<p>Phil Schiller talks about the latest App Store changes in the European Union and their potential impact on iPhone users.<\/p>","protected":false},"author":2,"featured_media":41978,"comment_status":"closed","ping_status":"closed","sticky":false,"template":"","format":"standard","meta":{"jnews-multi-image_gallery":[],"jnews_single_post":{"subtitle":"","format":"standard","video":"","gallery":"","source_name":"","source_url":"","via_name":"","via_url":"","override_template":"0","override":[{"template":"4","single_blog_custom":"","parallax":"1","fullscreen":"1","layout":"right-sidebar","sidebar":"default-sidebar","second_sidebar":"default-sidebar","sticky_sidebar":"1","share_position":"top","share_float_style":"share-monocrhome","show_share_counter":"1","show_view_counter":"1","show_featured":"1","show_post_meta":"1","show_post_author":"1","show_post_author_image":"1","show_post_date":"1","post_date_format":"default","post_date_format_custom":"Y\/m\/d","show_post_category":"1","show_post_reading_time":"0","post_reading_time_wpm":"300","show_zoom_button":"0","zoom_button_out_step":"2","zoom_button_in_step":"3","show_post_tag":"1","show_prev_next_post":"1","show_popup_post":"1","number_popup_post":"1","show_author_box":"0","show_post_related":"0","show_inline_post_related":"0"}],"override_image_size":"0","image_override":[{"single_post_thumbnail_size":"crop-500","single_post_gallery_size":"crop-500"}],"trending_post":"0","trending_post_position":"meta","trending_post_label":"Trending","sponsored_post":"0","sponsored_post_label":"Sponsored by","sponsored_post_name":"","sponsored_post_url":"","sponsored_post_logo_enable":"0","sponsored_post_logo":"","sponsored_post_desc":"","disable_ad":"0"},"jnews_primary_category":{"id":"9","hide":""},"footnotes":""},"categories":[9],"tags":[34,3,910,33,898],"class_list":["post-41976","post","type-post","status-publish","format-standard","has-post-thumbnail","hentry","category-news","tag-apple-dienste","tag-ios","tag-ios-17-4","tag-ipados","tag-ipados-17-4"],"yoast_head":"<!-- This site is optimized with the Yoast SEO Premium plugin v27.5 (Yoast SEO v27.5) - https:\/\/yoast.com\/product\/yoast-seo-premium-wordpress\/ -->\n<title>Die Zukunft des App Store: Phil Schillers Perspektive Apfelpatient<\/title>\n<meta name=\"description\" content=\"Apple: Phil Schiller spricht \u00fcber die neuesten App Store \u00c4nderungen in der Europ\u00e4ischen Union und deren m\u00f6glichen Einfluss auf iPhone-Nutzer.\" \/>\n<meta name=\"robots\" content=\"index, follow, max-snippet:-1, max-image-preview:large, max-video-preview:-1\" \/>\n<link rel=\"canonical\" href=\"https:\/\/www.apfelpatient.de\/en\/news\/the-future-of-the-app-store-phil-schillers-perspective\" \/>\n<meta property=\"og:locale\" content=\"en_US\" \/>\n<meta property=\"og:type\" content=\"article\" \/>\n<meta property=\"og:title\" content=\"Die Zukunft des App Store: Phil Schillers Perspektive\" \/>\n<meta property=\"og:description\" content=\"Phil Schiller spricht \u00fcber die neuesten App Store \u00c4nderungen in der Europ\u00e4ischen Union und deren m\u00f6glichen Einfluss auf iPhone-Nutzer.\" \/>\n<meta property=\"og:url\" content=\"https:\/\/www.apfelpatient.de\/en\/news\/the-future-of-the-app-store-phil-schillers-perspective\" \/>\n<meta property=\"og:site_name\" content=\"Apfelpatient\" \/>\n<meta property=\"article:publisher\" content=\"https:\/\/www.facebook.com\/apfelpatientOfficial\" \/>\n<meta property=\"article:author\" content=\"https:\/\/www.facebook.com\/apfelpatientOfficial\" \/>\n<meta property=\"article:published_time\" content=\"2024-02-03T18:32:32+00:00\" \/>\n<meta property=\"article:modified_time\" content=\"2024-02-03T18:32:33+00:00\" \/>\n<meta property=\"og:image\" content=\"https:\/\/www.apfelpatient.de\/wp-content\/uploads\/2024\/02\/bigstock-195057733.jpg\" \/>\n\t<meta property=\"og:image:width\" content=\"1600\" \/>\n\t<meta property=\"og:image:height\" content=\"1068\" \/>\n\t<meta property=\"og:image:type\" content=\"image\/jpeg\" \/>\n<meta name=\"author\" content=\"Milan\" \/>\n<meta name=\"twitter:card\" content=\"summary_large_image\" \/>\n<meta name=\"twitter:description\" content=\"Phil Schiller spricht \u00fcber die neuesten App Store \u00c4nderungen in der Europ\u00e4ischen Union und deren m\u00f6glichen Einfluss auf iPhone-Nutzer.\" \/>\n<meta name=\"twitter:label1\" content=\"Written by\" \/>\n\t<meta name=\"twitter:data1\" content=\"Milan\" \/>\n\t<meta name=\"twitter:label2\" content=\"Est. reading time\" \/>\n\t<meta name=\"twitter:data2\" content=\"3 minutes\" \/>\n<script type=\"application\/ld+json\" class=\"yoast-schema-graph\">{\"@context\":\"https:\\\/\\\/schema.org\",\"@graph\":[{\"@type\":\"NewsArticle\",\"@id\":\"https:\\\/\\\/www.apfelpatient.de\\\/news\\\/die-zukunft-des-app-store-phil-schillers-perspektive#article\",\"isPartOf\":{\"@id\":\"https:\\\/\\\/www.apfelpatient.de\\\/news\\\/die-zukunft-des-app-store-phil-schillers-perspektive\"},\"author\":{\"@type\":\"Organization\",\"@id\":\"https:\\\/\\\/www.apfelpatient.de\\\/en\\\/#organization\",\"name\":\"Apfelpatient\",\"url\":\"https:\\\/\\\/www.apfelpatient.de\\\/en\\\/\"},\"headline\":\"Die Zukunft des App Store: Phil Schillers Perspektive\",\"datePublished\":\"2024-02-03T18:32:32+00:00\",\"dateModified\":\"2024-02-03T18:32:33+00:00\",\"mainEntityOfPage\":{\"@id\":\"https:\\\/\\\/www.apfelpatient.de\\\/news\\\/die-zukunft-des-app-store-phil-schillers-perspektive\"},\"wordCount\":503,\"publisher\":{\"@type\":\"Organization\",\"@id\":\"https:\\\/\\\/www.apfelpatient.de\\\/en\\\/#organization\",\"name\":\"Apfelpatient\",\"url\":\"https:\\\/\\\/www.apfelpatient.de\\\/en\\\/\"},\"image\":{\"@id\":\"https:\\\/\\\/www.apfelpatient.de\\\/news\\\/die-zukunft-des-app-store-phil-schillers-perspektive#primaryimage\"},\"thumbnailUrl\":\"https:\\\/\\\/www.apfelpatient.de\\\/wp-content\\\/uploads\\\/2024\\\/02\\\/bigstock-195057733.jpg\",\"keywords\":[\"Apple Dienste\",\"iOS\",\"iOS 17.4\",\"iPadOS\",\"iPadOS 17.4\"],\"articleSection\":\"News\",\"inLanguage\":\"en-US\",\"copyrightYear\":\"2024\",\"copyrightHolder\":{\"@id\":\"https:\\\/\\\/www.apfelpatient.de\\\/en\\\/#organization\"}},{\"@type\":\"WebPage\",\"@id\":\"https:\\\/\\\/www.apfelpatient.de\\\/news\\\/die-zukunft-des-app-store-phil-schillers-perspektive\",\"url\":\"https:\\\/\\\/www.apfelpatient.de\\\/news\\\/die-zukunft-des-app-store-phil-schillers-perspektive\",\"name\":\"Die Zukunft des App Store: Phil Schillers Perspektive Apfelpatient\",\"isPartOf\":{\"@id\":\"https:\\\/\\\/www.apfelpatient.de\\\/#website\"},\"primaryImageOfPage\":{\"@id\":\"https:\\\/\\\/www.apfelpatient.de\\\/news\\\/die-zukunft-des-app-store-phil-schillers-perspektive#primaryimage\"},\"image\":{\"@id\":\"https:\\\/\\\/www.apfelpatient.de\\\/news\\\/die-zukunft-des-app-store-phil-schillers-perspektive#primaryimage\"},\"thumbnailUrl\":\"https:\\\/\\\/www.apfelpatient.de\\\/wp-content\\\/uploads\\\/2024\\\/02\\\/bigstock-195057733.jpg\",\"datePublished\":\"2024-02-03T18:32:32+00:00\",\"dateModified\":\"2024-02-03T18:32:33+00:00\",\"description\":\"Apple: Phil Schiller spricht \u00fcber die neuesten App Store \u00c4nderungen in der Europ\u00e4ischen Union und deren m\u00f6glichen Einfluss auf iPhone-Nutzer.\",\"breadcrumb\":{\"@id\":\"https:\\\/\\\/www.apfelpatient.de\\\/news\\\/die-zukunft-des-app-store-phil-schillers-perspektive#breadcrumb\"},\"inLanguage\":\"en-US\",\"potentialAction\":[{\"@type\":\"ReadAction\",\"target\":[\"https:\\\/\\\/www.apfelpatient.de\\\/news\\\/die-zukunft-des-app-store-phil-schillers-perspektive\"]}]},{\"@type\":\"ImageObject\",\"inLanguage\":\"en-US\",\"@id\":\"https:\\\/\\\/www.apfelpatient.de\\\/news\\\/die-zukunft-des-app-store-phil-schillers-perspektive#primaryimage\",\"url\":\"https:\\\/\\\/www.apfelpatient.de\\\/wp-content\\\/uploads\\\/2024\\\/02\\\/bigstock-195057733.jpg\",\"contentUrl\":\"https:\\\/\\\/www.apfelpatient.de\\\/wp-content\\\/uploads\\\/2024\\\/02\\\/bigstock-195057733.jpg\",\"width\":1600,\"height\":1068,\"caption\":\"New york, USA - July 11, 2017:App store icon on screen of tablet close-up. Mobile application icon of app store\"},{\"@type\":\"BreadcrumbList\",\"@id\":\"https:\\\/\\\/www.apfelpatient.de\\\/news\\\/die-zukunft-des-app-store-phil-schillers-perspektive#breadcrumb\",\"itemListElement\":[{\"@type\":\"ListItem\",\"position\":1,\"name\":\"Startseite\",\"item\":\"https:\\\/\\\/www.apfelpatient.de\\\/\"},{\"@type\":\"ListItem\",\"position\":2,\"name\":\"Die Zukunft des App Store: Phil Schillers Perspektive\"}]},{\"@type\":\"WebSite\",\"@id\":\"https:\\\/\\\/www.apfelpatient.de\\\/#website\",\"url\":\"https:\\\/\\\/www.apfelpatient.de\\\/\",\"name\":\"Apfelpatient\",\"description\":\"Alles rund um Apple!\",\"publisher\":{\"@type\":\"Organization\",\"@id\":\"https:\\\/\\\/www.apfelpatient.de\\\/en\\\/#organization\",\"name\":\"Apfelpatient\",\"url\":\"https:\\\/\\\/www.apfelpatient.de\\\/en\\\/\"},\"alternateName\":\"Apfelpatient\",\"potentialAction\":[{\"@type\":\"SearchAction\",\"target\":{\"@type\":\"EntryPoint\",\"urlTemplate\":\"https:\\\/\\\/www.apfelpatient.de\\\/?s={search_term_string}\"},\"query-input\":{\"@type\":\"PropertyValueSpecification\",\"valueRequired\":true,\"valueName\":\"search_term_string\"}}],\"inLanguage\":\"en-US\"},{\"@type\":[\"Person\",\"Organization\"],\"@id\":\"https:\\\/\\\/www.apfelpatient.de\\\/#\\\/schema\\\/person\\\/35b3ddba5832f2bfc7fff5206d4f6b7b\",\"name\":\"Milan\",\"logo\":{\"@id\":\"https:\\\/\\\/www.apfelpatient.de\\\/#\\\/schema\\\/person\\\/image\\\/\"},\"description\":\"Hallo und herzlich willkommen auf meinem Technik-Blog! Als gro\u00dfer Apple-Fan berichte ich hier \u00fcber alles, was mit Apple zu tun hat: von den neuesten News und spannenden Ger\u00fcchten \u00fcber hilfreiche Tipps und Tricks bis hin zu ausf\u00fchrlichen Produkttests. Wenn du genauso technikbegeistert bist wie ich, bist du hier genau richtig!\",\"sameAs\":[\"https:\\\/\\\/www.facebook.com\\\/apfelpatientOfficial\",\"https:\\\/\\\/www.linkedin.com\\\/in\\\/milan-jovicic-42aa0231b\"],\"url\":\"https:\\\/\\\/www.apfelpatient.de\\\/en\\\/author\\\/apfeladmin\"}]}<\/script>\n<!-- \/ Yoast SEO Premium plugin. -->","yoast_head_json":{"title":"The Future of the App Store: Phil Schiller&#039;s Perspective Apfelpatient","description":"Apple: Phil Schiller talks about the latest App Store changes in the European Union and their potential impact on iPhone users.","robots":{"index":"index","follow":"follow","max-snippet":"max-snippet:-1","max-image-preview":"max-image-preview:large","max-video-preview":"max-video-preview:-1"},"canonical":"https:\/\/www.apfelpatient.de\/en\/news\/the-future-of-the-app-store-phil-schillers-perspective","og_locale":"en_US","og_type":"article","og_title":"Die Zukunft des App Store: Phil Schillers Perspektive","og_description":"Phil Schiller spricht \u00fcber die neuesten App Store \u00c4nderungen in der Europ\u00e4ischen Union und deren m\u00f6glichen Einfluss auf iPhone-Nutzer.","og_url":"https:\/\/www.apfelpatient.de\/en\/news\/the-future-of-the-app-store-phil-schillers-perspective","og_site_name":"Apfelpatient","article_publisher":"https:\/\/www.facebook.com\/apfelpatientOfficial","article_author":"https:\/\/www.facebook.com\/apfelpatientOfficial","article_published_time":"2024-02-03T18:32:32+00:00","article_modified_time":"2024-02-03T18:32:33+00:00","og_image":[{"width":1600,"height":1068,"url":"https:\/\/www.apfelpatient.de\/wp-content\/uploads\/2024\/02\/bigstock-195057733.jpg","type":"image\/jpeg"}],"author":"Milan","twitter_card":"summary_large_image","twitter_description":"Phil Schiller spricht \u00fcber die neuesten App Store \u00c4nderungen in der Europ\u00e4ischen Union und deren m\u00f6glichen Einfluss auf iPhone-Nutzer.","twitter_misc":{"Written by":"Milan","Est. reading time":"3 minutes"},"schema":{"@context":"https:\/\/schema.org","@graph":[{"@type":"NewsArticle","@id":"https:\/\/www.apfelpatient.de\/news\/die-zukunft-des-app-store-phil-schillers-perspektive#article","isPartOf":{"@id":"https:\/\/www.apfelpatient.de\/news\/die-zukunft-des-app-store-phil-schillers-perspektive"},"author":{"@type":"Organization","@id":"https:\/\/www.apfelpatient.de\/en\/#organization","name":"Apfelpatient","url":"https:\/\/www.apfelpatient.de\/en\/"},"headline":"Die Zukunft des App Store: Phil Schillers Perspektive","datePublished":"2024-02-03T18:32:32+00:00","dateModified":"2024-02-03T18:32:33+00:00","mainEntityOfPage":{"@id":"https:\/\/www.apfelpatient.de\/news\/die-zukunft-des-app-store-phil-schillers-perspektive"},"wordCount":503,"publisher":{"@type":"Organization","@id":"https:\/\/www.apfelpatient.de\/en\/#organization","name":"Apfelpatient","url":"https:\/\/www.apfelpatient.de\/en\/"},"image":{"@id":"https:\/\/www.apfelpatient.de\/news\/die-zukunft-des-app-store-phil-schillers-perspektive#primaryimage"},"thumbnailUrl":"https:\/\/www.apfelpatient.de\/wp-content\/uploads\/2024\/02\/bigstock-195057733.jpg","keywords":["Apple Dienste","iOS","iOS 17.4","iPadOS","iPadOS 17.4"],"articleSection":"News","inLanguage":"en-US","copyrightYear":"2024","copyrightHolder":{"@id":"https:\/\/www.apfelpatient.de\/en\/#organization"}},{"@type":"WebPage","@id":"https:\/\/www.apfelpatient.de\/news\/die-zukunft-des-app-store-phil-schillers-perspektive","url":"https:\/\/www.apfelpatient.de\/news\/die-zukunft-des-app-store-phil-schillers-perspektive","name":"The Future of the App Store: Phil Schiller&#039;s Perspective Apfelpatient","isPartOf":{"@id":"https:\/\/www.apfelpatient.de\/#website"},"primaryImageOfPage":{"@id":"https:\/\/www.apfelpatient.de\/news\/die-zukunft-des-app-store-phil-schillers-perspektive#primaryimage"},"image":{"@id":"https:\/\/www.apfelpatient.de\/news\/die-zukunft-des-app-store-phil-schillers-perspektive#primaryimage"},"thumbnailUrl":"https:\/\/www.apfelpatient.de\/wp-content\/uploads\/2024\/02\/bigstock-195057733.jpg","datePublished":"2024-02-03T18:32:32+00:00","dateModified":"2024-02-03T18:32:33+00:00","description":"Apple: Phil Schiller talks about the latest App Store changes in the European Union and their potential impact on iPhone users.","breadcrumb":{"@id":"https:\/\/www.apfelpatient.de\/news\/die-zukunft-des-app-store-phil-schillers-perspektive#breadcrumb"},"inLanguage":"en-US","potentialAction":[{"@type":"ReadAction","target":["https:\/\/www.apfelpatient.de\/news\/die-zukunft-des-app-store-phil-schillers-perspektive"]}]},{"@type":"ImageObject","inLanguage":"en-US","@id":"https:\/\/www.apfelpatient.de\/news\/die-zukunft-des-app-store-phil-schillers-perspektive#primaryimage","url":"https:\/\/www.apfelpatient.de\/wp-content\/uploads\/2024\/02\/bigstock-195057733.jpg","contentUrl":"https:\/\/www.apfelpatient.de\/wp-content\/uploads\/2024\/02\/bigstock-195057733.jpg","width":1600,"height":1068,"caption":"New york, USA - July 11, 2017:App store icon on screen of tablet close-up. Mobile application icon of app store"},{"@type":"BreadcrumbList","@id":"https:\/\/www.apfelpatient.de\/news\/die-zukunft-des-app-store-phil-schillers-perspektive#breadcrumb","itemListElement":[{"@type":"ListItem","position":1,"name":"Startseite","item":"https:\/\/www.apfelpatient.de\/"},{"@type":"ListItem","position":2,"name":"Die Zukunft des App Store: Phil Schillers Perspektive"}]},{"@type":"WebSite","@id":"https:\/\/www.apfelpatient.de\/#website","url":"https:\/\/www.apfelpatient.de\/","name":"apple patient","description":"Everything about Apple!","publisher":{"@type":"Organization","@id":"https:\/\/www.apfelpatient.de\/en\/#organization","name":"Apfelpatient","url":"https:\/\/www.apfelpatient.de\/en\/"},"alternateName":"Apfelpatient","potentialAction":[{"@type":"SearchAction","target":{"@type":"EntryPoint","urlTemplate":"https:\/\/www.apfelpatient.de\/?s={search_term_string}"},"query-input":{"@type":"PropertyValueSpecification","valueRequired":true,"valueName":"search_term_string"}}],"inLanguage":"en-US"},{"@type":["Person","Organization"],"@id":"https:\/\/www.apfelpatient.de\/#\/schema\/person\/35b3ddba5832f2bfc7fff5206d4f6b7b","name":"Milan","logo":{"@id":"https:\/\/www.apfelpatient.de\/#\/schema\/person\/image\/"},"description":"Hello and welcome to my technology blog! As a big Apple fan, I report on everything to do with Apple: from the latest news and exciting rumors to helpful tips and tricks and detailed product tests. If you are as enthusiastic about technology as I am, you have come to the right place!","sameAs":["https:\/\/www.facebook.com\/apfelpatientOfficial","https:\/\/www.linkedin.com\/in\/milan-jovicic-42aa0231b"],"url":"https:\/\/www.apfelpatient.de\/en\/author\/apfeladmin"}]}},"_links":{"self":[{"href":"https:\/\/www.apfelpatient.de\/en\/wp-json\/wp\/v2\/posts\/41976","targetHints":{"allow":["GET"]}}],"collection":[{"href":"https:\/\/www.apfelpatient.de\/en\/wp-json\/wp\/v2\/posts"}],"about":[{"href":"https:\/\/www.apfelpatient.de\/en\/wp-json\/wp\/v2\/types\/post"}],"author":[{"embeddable":true,"href":"https:\/\/www.apfelpatient.de\/en\/wp-json\/wp\/v2\/users\/2"}],"replies":[{"embeddable":true,"href":"https:\/\/www.apfelpatient.de\/en\/wp-json\/wp\/v2\/comments?post=41976"}],"version-history":[{"count":0,"href":"https:\/\/www.apfelpatient.de\/en\/wp-json\/wp\/v2\/posts\/41976\/revisions"}],"wp:featuredmedia":[{"embeddable":true,"href":"https:\/\/www.apfelpatient.de\/en\/wp-json\/wp\/v2\/media\/41978"}],"wp:attachment":[{"href":"https:\/\/www.apfelpatient.de\/en\/wp-json\/wp\/v2\/media?parent=41976"}],"wp:term":[{"taxonomy":"category","embeddable":true,"href":"https:\/\/www.apfelpatient.de\/en\/wp-json\/wp\/v2\/categories?post=41976"},{"taxonomy":"post_tag","embeddable":true,"href":"https:\/\/www.apfelpatient.de\/en\/wp-json\/wp\/v2\/tags?post=41976"}],"curies":[{"name":"wp","href":"https:\/\/api.w.org\/{rel}","templated":true}]}}