{"id":41972,"date":"2024-02-03T17:28:25","date_gmt":"2024-02-03T16:28:25","guid":{"rendered":"https:\/\/www.apfelpatient.de\/?p=41972"},"modified":"2024-02-03T17:28:26","modified_gmt":"2024-02-03T16:28:26","slug":"apple-vision-pro-a-memorable-moment-like-the-iphone","status":"publish","type":"post","link":"https:\/\/www.apfelpatient.de\/en\/news\/apple-vision-pro-ein-erinnerungswuerdiger-moment-wie-das-iphone","title":{"rendered":"Apple Vision Pro: A memorable moment like the iPhone"},"content":{"rendered":"<p class=\"has-drop-cap\"><strong>With the launch of the Apple Vision Pro, the company ushered in a new era of spatial computing. In a heartfelt memo to team members, Apple CEO Tim Cook compared this groundbreaking product to the revolutionary days of the iPhone launch 17 years ago.<\/strong><\/p>\n\n\n\n<p>The Apple Vision Pro is the newest member of Apple&#039;s product family and marks the first significant change since the launch of the Apple Watch in 2015. Priced at $3,499, it may seem less mass-compatible, but its revolutionary nature has already generated considerable sales in the pre-order phase.<\/p>\n\n\n\n<h3 class=\"wp-block-heading\" id=\"h-apple-vision-pro-vereint-tausende-von-innovationen\">Apple Vision Pro combines thousands of innovations<\/h3>\n\n\n\n<p>The Apple Vision Pro is a product that combines thousands of innovations and has the potential to enrich people&#039;s lives and impact industries around the world. Tim Cook <a href=\"https:\/\/www.bloomberg.com\/news\/articles\/2024-02-02\/apple-fans-line-up-for-headset-as-spatial-computing-era-begins\" target=\"_blank\" rel=\"noreferrer noopener\">described<\/a> it as &quot;a technology that has to be seen - and seen through - to be believed&quot;. It allows users to experience augmented reality in a way never before possible. However, the launch of this device requires a hands-on demo, as navigation is intuitive using eye movements and hand gestures. Despite these challenges, Apple aims to bring augmented reality into the mainstream and make the technology accessible to a wider audience. Early impressions of the Apple Vision Pro are promising, and demand is high, as evidenced by the queues outside Apple Stores, suggesting that Apple may once again have a revolutionary product on its hands that will fundamentally change the way we use technology.<\/p>\n\n\n\n<h3 class=\"wp-block-heading\" id=\"h-die-nachste-stufe-der-technologie\">The next level of technology<\/h3>\n\n\n\n\n\n\n\n<p>The launch of the Apple Vision Pro marks a significant milestone in the history of technology and spatial computing. Apple has once again proven that it has the ability to surprise and impact the world with innovative products. While the price tag may be off-putting for some, the groundbreaking nature of this product should not be underestimated. The Apple Vision Pro has the potential to change the way we interact with the digital world and open up new possibilities for the future. We can look forward to seeing how this technology will continue to shape our lives and the world around us. Tim Cook&#039;s comparison to the launch of the iPhone many years ago seems increasingly apt, as the Apple Vision Pro appears to be following a similar path in the history of technology. (Image: Apple)<\/p>\n\n\n\n<ul class=\"wp-block-list\">\n<li><a href=\"https:\/\/www.apfelpatient.de\/en\/news\/apple-vision-pro-price-and-technology-in-harmony\">Apple Vision Pro: Price and technology in harmony<\/a><\/li>\n\n\n\n<li><a href=\"https:\/\/www.apfelpatient.de\/en\/tips-tricks\/apple-vision-pro-tips-for-optimal-use\">Apple Vision Pro: Tips for optimal use<\/a><\/li>\n\n\n\n<li><a href=\"https:\/\/www.apfelpatient.de\/en\/tips-tricks\/apple-vision-pro-cleaning-tips-for-flawless-ar-experiences\">Apple Vision Pro Cleaning: Tips for flawless AR experiences<\/a><\/li>\n\n\n\n<li><a href=\"https:\/\/www.apfelpatient.de\/en\/tips-tricks\/apple-vision-pro-data-sync-charging-indicator-in-focus\">Apple Vision Pro: Sync data &amp; focus on charging indicator<\/a><\/li>\n\n\n\n<li><a href=\"https:\/\/www.apfelpatient.de\/en\/tips-tricks\/vision-pro-apple-gives-tips-on-battery-life-performance-and-more\">Vision Pro: Apple gives tips on battery life, performance and more<\/a><\/li>\n<\/ul>\n\n\n\n<h6 class=\"wp-block-heading translation-block\" id=\"h-kennt-ihr-schon-unsere-amazon-storefront-dort-findet-ihr-eine-handverlesene-auswahl-von-diversen-produkten-f-r-euer-iphone-und-co-viel-spa-beim-st-bern\"><em>Have you already visited our Amazon Storefront? There you&#039;ll find a hand-picked selection of various products for your iPhone and other devices \u2013 <span class=\"has-inline-color has-vivid-red-color\"><a href=\"https:\/\/www.amazon.de\/shop\/apfelpatientofficial\" class=\"ek-link\" data-wpel-link=\"exclude\" rel=\"follow noopener\" target=\"_self\"><span style=\"text-decoration: underline\" class=\"ek-underline\">enjoy browsing<\/span><\/a> !<\/span><\/em><\/h6>\n\n\n\n<h6 class=\"wp-block-heading translation-block\" id=\"h-der-beitrag-enthalt-partnerlinks\">This post contains <a data-type=\"URL\" data-id=\"https:\/\/www.apfelpatient.de\/partnerprogramm\" href=\"https:\/\/www.apfelpatient.de\/en\/partner-program\" data-wpel-link=\"internal\" target=\"_self\">affiliate links<\/a>.<\/h6>","protected":false},"excerpt":{"rendered":"<p>Apple Vision Pro: A new era of spatial computing begins \u2013 comparable to the iPhone revolution 17 years ago!<\/p>","protected":false},"author":2,"featured_media":41960,"comment_status":"closed","ping_status":"closed","sticky":false,"template":"","format":"standard","meta":{"jnews-multi-image_gallery":[],"jnews_single_post":{"subtitle":"","format":"standard","video":"","gallery":"","source_name":"","source_url":"","via_name":"","via_url":"","override_template":"0","override":[{"template":"4","single_blog_custom":"","parallax":"1","fullscreen":"1","layout":"right-sidebar","sidebar":"default-sidebar","second_sidebar":"default-sidebar","sticky_sidebar":"1","share_position":"top","share_float_style":"share-monocrhome","show_share_counter":"1","show_view_counter":"1","show_featured":"1","show_post_meta":"1","show_post_author":"1","show_post_author_image":"1","show_post_date":"1","post_date_format":"default","post_date_format_custom":"Y\/m\/d","show_post_category":"1","show_post_reading_time":"0","post_reading_time_wpm":"300","show_zoom_button":"0","zoom_button_out_step":"2","zoom_button_in_step":"3","show_post_tag":"1","show_prev_next_post":"1","show_popup_post":"1","number_popup_post":"1","show_author_box":"0","show_post_related":"0","show_inline_post_related":"0"}],"override_image_size":"0","image_override":[{"single_post_thumbnail_size":"crop-500","single_post_gallery_size":"crop-500"}],"trending_post":"0","trending_post_position":"meta","trending_post_label":"Trending","sponsored_post":"0","sponsored_post_label":"Sponsored by","sponsored_post_name":"","sponsored_post_url":"","sponsored_post_logo_enable":"0","sponsored_post_logo":"","sponsored_post_desc":"","disable_ad":"0"},"jnews_primary_category":{"id":"9","hide":""},"footnotes":""},"categories":[9],"tags":[843,609],"class_list":["post-41972","post","type-post","status-publish","format-standard","has-post-thumbnail","hentry","category-news","tag-apple-vision-pro","tag-apple-vr-ar"],"yoast_head":"<!-- This site is optimized with the Yoast SEO Premium plugin v27.5 (Yoast SEO v27.5) - https:\/\/yoast.com\/product\/yoast-seo-premium-wordpress\/ -->\n<title>Apple Vision Pro: Ein erinnerungsw\u00fcrdiger Moment wie das iPhone Apfelpatient<\/title>\n<meta name=\"description\" content=\"Apple Vision Pro: Ein neues Zeitalter des r\u00e4umlichen Computings beginnt - Vergleichbar mit der Revolution des iPhones vor 17 Jahren!\" \/>\n<meta name=\"robots\" content=\"index, follow, max-snippet:-1, max-image-preview:large, max-video-preview:-1\" \/>\n<link rel=\"canonical\" href=\"https:\/\/www.apfelpatient.de\/en\/news\/apple-vision-pro-a-memorable-moment-like-the-iphone\" \/>\n<meta property=\"og:locale\" content=\"en_US\" \/>\n<meta property=\"og:type\" content=\"article\" \/>\n<meta property=\"og:title\" content=\"Apple Vision Pro: Ein erinnerungsw\u00fcrdiger Moment wie das iPhone\" \/>\n<meta property=\"og:description\" content=\"Apple Vision Pro: Ein neues Zeitalter des r\u00e4umlichen Computings beginnt - Vergleichbar mit der Revolution des iPhones vor 17 Jahren!\" \/>\n<meta property=\"og:url\" content=\"https:\/\/www.apfelpatient.de\/en\/news\/apple-vision-pro-a-memorable-moment-like-the-iphone\" \/>\n<meta property=\"og:site_name\" content=\"Apfelpatient\" \/>\n<meta property=\"article:publisher\" content=\"https:\/\/www.facebook.com\/apfelpatientOfficial\" \/>\n<meta property=\"article:author\" content=\"https:\/\/www.facebook.com\/apfelpatientOfficial\" \/>\n<meta property=\"article:published_time\" content=\"2024-02-03T16:28:25+00:00\" \/>\n<meta property=\"article:modified_time\" content=\"2024-02-03T16:28:26+00:00\" \/>\n<meta property=\"og:image\" content=\"https:\/\/www.apfelpatient.de\/wp-content\/uploads\/2024\/02\/Apple-Vision-Pro-availability-customer-demo-01.jpg\" \/>\n\t<meta property=\"og:image:width\" content=\"1600\" \/>\n\t<meta property=\"og:image:height\" content=\"1066\" \/>\n\t<meta property=\"og:image:type\" content=\"image\/jpeg\" \/>\n<meta name=\"author\" content=\"Milan\" \/>\n<meta name=\"twitter:card\" content=\"summary_large_image\" \/>\n<meta name=\"twitter:description\" content=\"Apple Vision Pro: Ein neues Zeitalter des r\u00e4umlichen Computings beginnt - Vergleichbar mit der Revolution des iPhones vor 17 Jahren!\" \/>\n<meta name=\"twitter:label1\" content=\"Written by\" \/>\n\t<meta name=\"twitter:data1\" content=\"Milan\" \/>\n\t<meta name=\"twitter:label2\" content=\"Est. reading time\" \/>\n\t<meta name=\"twitter:data2\" content=\"3 minutes\" \/>\n<script type=\"application\/ld+json\" class=\"yoast-schema-graph\">{\"@context\":\"https:\\\/\\\/schema.org\",\"@graph\":[{\"@type\":\"NewsArticle\",\"@id\":\"https:\\\/\\\/www.apfelpatient.de\\\/news\\\/apple-vision-pro-ein-erinnerungswuerdiger-moment-wie-das-iphone#article\",\"isPartOf\":{\"@id\":\"https:\\\/\\\/www.apfelpatient.de\\\/news\\\/apple-vision-pro-ein-erinnerungswuerdiger-moment-wie-das-iphone\"},\"author\":{\"@type\":\"Organization\",\"@id\":\"https:\\\/\\\/www.apfelpatient.de\\\/en\\\/#organization\",\"name\":\"Apfelpatient\",\"url\":\"https:\\\/\\\/www.apfelpatient.de\\\/en\\\/\"},\"headline\":\"Apple Vision Pro: Ein erinnerungsw\u00fcrdiger Moment wie das iPhone\",\"datePublished\":\"2024-02-03T16:28:25+00:00\",\"dateModified\":\"2024-02-03T16:28:26+00:00\",\"mainEntityOfPage\":{\"@id\":\"https:\\\/\\\/www.apfelpatient.de\\\/news\\\/apple-vision-pro-ein-erinnerungswuerdiger-moment-wie-das-iphone\"},\"wordCount\":471,\"publisher\":{\"@type\":\"Organization\",\"@id\":\"https:\\\/\\\/www.apfelpatient.de\\\/en\\\/#organization\",\"name\":\"Apfelpatient\",\"url\":\"https:\\\/\\\/www.apfelpatient.de\\\/en\\\/\"},\"image\":{\"@id\":\"https:\\\/\\\/www.apfelpatient.de\\\/news\\\/apple-vision-pro-ein-erinnerungswuerdiger-moment-wie-das-iphone#primaryimage\"},\"thumbnailUrl\":\"https:\\\/\\\/www.apfelpatient.de\\\/wp-content\\\/uploads\\\/2024\\\/02\\\/Apple-Vision-Pro-availability-customer-demo-01.jpg\",\"keywords\":[\"Apple Vision Pro\",\"Apple VR\\\/AR\"],\"articleSection\":\"News\",\"inLanguage\":\"en-US\",\"copyrightYear\":\"2024\",\"copyrightHolder\":{\"@id\":\"https:\\\/\\\/www.apfelpatient.de\\\/en\\\/#organization\"}},{\"@type\":\"WebPage\",\"@id\":\"https:\\\/\\\/www.apfelpatient.de\\\/news\\\/apple-vision-pro-ein-erinnerungswuerdiger-moment-wie-das-iphone\",\"url\":\"https:\\\/\\\/www.apfelpatient.de\\\/news\\\/apple-vision-pro-ein-erinnerungswuerdiger-moment-wie-das-iphone\",\"name\":\"Apple Vision Pro: Ein erinnerungsw\u00fcrdiger Moment wie das iPhone Apfelpatient\",\"isPartOf\":{\"@id\":\"https:\\\/\\\/www.apfelpatient.de\\\/#website\"},\"primaryImageOfPage\":{\"@id\":\"https:\\\/\\\/www.apfelpatient.de\\\/news\\\/apple-vision-pro-ein-erinnerungswuerdiger-moment-wie-das-iphone#primaryimage\"},\"image\":{\"@id\":\"https:\\\/\\\/www.apfelpatient.de\\\/news\\\/apple-vision-pro-ein-erinnerungswuerdiger-moment-wie-das-iphone#primaryimage\"},\"thumbnailUrl\":\"https:\\\/\\\/www.apfelpatient.de\\\/wp-content\\\/uploads\\\/2024\\\/02\\\/Apple-Vision-Pro-availability-customer-demo-01.jpg\",\"datePublished\":\"2024-02-03T16:28:25+00:00\",\"dateModified\":\"2024-02-03T16:28:26+00:00\",\"description\":\"Apple Vision Pro: Ein neues Zeitalter des r\u00e4umlichen Computings beginnt - Vergleichbar mit der Revolution des iPhones vor 17 Jahren!\",\"breadcrumb\":{\"@id\":\"https:\\\/\\\/www.apfelpatient.de\\\/news\\\/apple-vision-pro-ein-erinnerungswuerdiger-moment-wie-das-iphone#breadcrumb\"},\"inLanguage\":\"en-US\",\"potentialAction\":[{\"@type\":\"ReadAction\",\"target\":[\"https:\\\/\\\/www.apfelpatient.de\\\/news\\\/apple-vision-pro-ein-erinnerungswuerdiger-moment-wie-das-iphone\"]}]},{\"@type\":\"ImageObject\",\"inLanguage\":\"en-US\",\"@id\":\"https:\\\/\\\/www.apfelpatient.de\\\/news\\\/apple-vision-pro-ein-erinnerungswuerdiger-moment-wie-das-iphone#primaryimage\",\"url\":\"https:\\\/\\\/www.apfelpatient.de\\\/wp-content\\\/uploads\\\/2024\\\/02\\\/Apple-Vision-Pro-availability-customer-demo-01.jpg\",\"contentUrl\":\"https:\\\/\\\/www.apfelpatient.de\\\/wp-content\\\/uploads\\\/2024\\\/02\\\/Apple-Vision-Pro-availability-customer-demo-01.jpg\",\"width\":1600,\"height\":1066,\"caption\":\"Bild: Apple\"},{\"@type\":\"BreadcrumbList\",\"@id\":\"https:\\\/\\\/www.apfelpatient.de\\\/news\\\/apple-vision-pro-ein-erinnerungswuerdiger-moment-wie-das-iphone#breadcrumb\",\"itemListElement\":[{\"@type\":\"ListItem\",\"position\":1,\"name\":\"Startseite\",\"item\":\"https:\\\/\\\/www.apfelpatient.de\\\/\"},{\"@type\":\"ListItem\",\"position\":2,\"name\":\"Apple Vision Pro: Ein erinnerungsw\u00fcrdiger Moment wie das iPhone\"}]},{\"@type\":\"WebSite\",\"@id\":\"https:\\\/\\\/www.apfelpatient.de\\\/#website\",\"url\":\"https:\\\/\\\/www.apfelpatient.de\\\/\",\"name\":\"Apfelpatient\",\"description\":\"Alles rund um Apple!\",\"publisher\":{\"@type\":\"Organization\",\"@id\":\"https:\\\/\\\/www.apfelpatient.de\\\/en\\\/#organization\",\"name\":\"Apfelpatient\",\"url\":\"https:\\\/\\\/www.apfelpatient.de\\\/en\\\/\"},\"alternateName\":\"Apfelpatient\",\"potentialAction\":[{\"@type\":\"SearchAction\",\"target\":{\"@type\":\"EntryPoint\",\"urlTemplate\":\"https:\\\/\\\/www.apfelpatient.de\\\/?s={search_term_string}\"},\"query-input\":{\"@type\":\"PropertyValueSpecification\",\"valueRequired\":true,\"valueName\":\"search_term_string\"}}],\"inLanguage\":\"en-US\"},{\"@type\":[\"Person\",\"Organization\"],\"@id\":\"https:\\\/\\\/www.apfelpatient.de\\\/#\\\/schema\\\/person\\\/35b3ddba5832f2bfc7fff5206d4f6b7b\",\"name\":\"Milan\",\"logo\":{\"@id\":\"https:\\\/\\\/www.apfelpatient.de\\\/#\\\/schema\\\/person\\\/image\\\/\"},\"description\":\"Hallo und herzlich willkommen auf meinem Technik-Blog! Als gro\u00dfer Apple-Fan berichte ich hier \u00fcber alles, was mit Apple zu tun hat: von den neuesten News und spannenden Ger\u00fcchten \u00fcber hilfreiche Tipps und Tricks bis hin zu ausf\u00fchrlichen Produkttests. Wenn du genauso technikbegeistert bist wie ich, bist du hier genau richtig!\",\"sameAs\":[\"https:\\\/\\\/www.facebook.com\\\/apfelpatientOfficial\",\"https:\\\/\\\/www.linkedin.com\\\/in\\\/milan-jovicic-42aa0231b\"],\"url\":\"https:\\\/\\\/www.apfelpatient.de\\\/en\\\/author\\\/apfeladmin\"}]}<\/script>\n<!-- \/ Yoast SEO Premium plugin. -->","yoast_head_json":{"title":"Apple Vision Pro: A memorable moment like the iPhone Apfelpatient","description":"Apple Vision Pro: A new era of spatial computing begins - comparable to the iPhone revolution 17 years ago!","robots":{"index":"index","follow":"follow","max-snippet":"max-snippet:-1","max-image-preview":"max-image-preview:large","max-video-preview":"max-video-preview:-1"},"canonical":"https:\/\/www.apfelpatient.de\/en\/news\/apple-vision-pro-a-memorable-moment-like-the-iphone","og_locale":"en_US","og_type":"article","og_title":"Apple Vision Pro: Ein erinnerungsw\u00fcrdiger Moment wie das iPhone","og_description":"Apple Vision Pro: Ein neues Zeitalter des r\u00e4umlichen Computings beginnt - Vergleichbar mit der Revolution des iPhones vor 17 Jahren!","og_url":"https:\/\/www.apfelpatient.de\/en\/news\/apple-vision-pro-a-memorable-moment-like-the-iphone","og_site_name":"Apfelpatient","article_publisher":"https:\/\/www.facebook.com\/apfelpatientOfficial","article_author":"https:\/\/www.facebook.com\/apfelpatientOfficial","article_published_time":"2024-02-03T16:28:25+00:00","article_modified_time":"2024-02-03T16:28:26+00:00","og_image":[{"width":1600,"height":1066,"url":"https:\/\/www.apfelpatient.de\/wp-content\/uploads\/2024\/02\/Apple-Vision-Pro-availability-customer-demo-01.jpg","type":"image\/jpeg"}],"author":"Milan","twitter_card":"summary_large_image","twitter_description":"Apple Vision Pro: Ein neues Zeitalter des r\u00e4umlichen Computings beginnt - Vergleichbar mit der Revolution des iPhones vor 17 Jahren!","twitter_misc":{"Written by":"Milan","Est. reading time":"3 minutes"},"schema":{"@context":"https:\/\/schema.org","@graph":[{"@type":"NewsArticle","@id":"https:\/\/www.apfelpatient.de\/news\/apple-vision-pro-ein-erinnerungswuerdiger-moment-wie-das-iphone#article","isPartOf":{"@id":"https:\/\/www.apfelpatient.de\/news\/apple-vision-pro-ein-erinnerungswuerdiger-moment-wie-das-iphone"},"author":{"@type":"Organization","@id":"https:\/\/www.apfelpatient.de\/en\/#organization","name":"Apfelpatient","url":"https:\/\/www.apfelpatient.de\/en\/"},"headline":"Apple Vision Pro: Ein erinnerungsw\u00fcrdiger Moment wie das iPhone","datePublished":"2024-02-03T16:28:25+00:00","dateModified":"2024-02-03T16:28:26+00:00","mainEntityOfPage":{"@id":"https:\/\/www.apfelpatient.de\/news\/apple-vision-pro-ein-erinnerungswuerdiger-moment-wie-das-iphone"},"wordCount":471,"publisher":{"@type":"Organization","@id":"https:\/\/www.apfelpatient.de\/en\/#organization","name":"Apfelpatient","url":"https:\/\/www.apfelpatient.de\/en\/"},"image":{"@id":"https:\/\/www.apfelpatient.de\/news\/apple-vision-pro-ein-erinnerungswuerdiger-moment-wie-das-iphone#primaryimage"},"thumbnailUrl":"https:\/\/www.apfelpatient.de\/wp-content\/uploads\/2024\/02\/Apple-Vision-Pro-availability-customer-demo-01.jpg","keywords":["Apple Vision Pro","Apple VR\/AR"],"articleSection":"News","inLanguage":"en-US","copyrightYear":"2024","copyrightHolder":{"@id":"https:\/\/www.apfelpatient.de\/en\/#organization"}},{"@type":"WebPage","@id":"https:\/\/www.apfelpatient.de\/news\/apple-vision-pro-ein-erinnerungswuerdiger-moment-wie-das-iphone","url":"https:\/\/www.apfelpatient.de\/news\/apple-vision-pro-ein-erinnerungswuerdiger-moment-wie-das-iphone","name":"Apple Vision Pro: A memorable moment like the iPhone Apfelpatient","isPartOf":{"@id":"https:\/\/www.apfelpatient.de\/#website"},"primaryImageOfPage":{"@id":"https:\/\/www.apfelpatient.de\/news\/apple-vision-pro-ein-erinnerungswuerdiger-moment-wie-das-iphone#primaryimage"},"image":{"@id":"https:\/\/www.apfelpatient.de\/news\/apple-vision-pro-ein-erinnerungswuerdiger-moment-wie-das-iphone#primaryimage"},"thumbnailUrl":"https:\/\/www.apfelpatient.de\/wp-content\/uploads\/2024\/02\/Apple-Vision-Pro-availability-customer-demo-01.jpg","datePublished":"2024-02-03T16:28:25+00:00","dateModified":"2024-02-03T16:28:26+00:00","description":"Apple Vision Pro: A new era of spatial computing begins - comparable to the iPhone revolution 17 years ago!","breadcrumb":{"@id":"https:\/\/www.apfelpatient.de\/news\/apple-vision-pro-ein-erinnerungswuerdiger-moment-wie-das-iphone#breadcrumb"},"inLanguage":"en-US","potentialAction":[{"@type":"ReadAction","target":["https:\/\/www.apfelpatient.de\/news\/apple-vision-pro-ein-erinnerungswuerdiger-moment-wie-das-iphone"]}]},{"@type":"ImageObject","inLanguage":"en-US","@id":"https:\/\/www.apfelpatient.de\/news\/apple-vision-pro-ein-erinnerungswuerdiger-moment-wie-das-iphone#primaryimage","url":"https:\/\/www.apfelpatient.de\/wp-content\/uploads\/2024\/02\/Apple-Vision-Pro-availability-customer-demo-01.jpg","contentUrl":"https:\/\/www.apfelpatient.de\/wp-content\/uploads\/2024\/02\/Apple-Vision-Pro-availability-customer-demo-01.jpg","width":1600,"height":1066,"caption":"Bild: Apple"},{"@type":"BreadcrumbList","@id":"https:\/\/www.apfelpatient.de\/news\/apple-vision-pro-ein-erinnerungswuerdiger-moment-wie-das-iphone#breadcrumb","itemListElement":[{"@type":"ListItem","position":1,"name":"Startseite","item":"https:\/\/www.apfelpatient.de\/"},{"@type":"ListItem","position":2,"name":"Apple Vision Pro: Ein erinnerungsw\u00fcrdiger Moment wie das iPhone"}]},{"@type":"WebSite","@id":"https:\/\/www.apfelpatient.de\/#website","url":"https:\/\/www.apfelpatient.de\/","name":"apple patient","description":"Everything about Apple!","publisher":{"@type":"Organization","@id":"https:\/\/www.apfelpatient.de\/en\/#organization","name":"Apfelpatient","url":"https:\/\/www.apfelpatient.de\/en\/"},"alternateName":"Apfelpatient","potentialAction":[{"@type":"SearchAction","target":{"@type":"EntryPoint","urlTemplate":"https:\/\/www.apfelpatient.de\/?s={search_term_string}"},"query-input":{"@type":"PropertyValueSpecification","valueRequired":true,"valueName":"search_term_string"}}],"inLanguage":"en-US"},{"@type":["Person","Organization"],"@id":"https:\/\/www.apfelpatient.de\/#\/schema\/person\/35b3ddba5832f2bfc7fff5206d4f6b7b","name":"Milan","logo":{"@id":"https:\/\/www.apfelpatient.de\/#\/schema\/person\/image\/"},"description":"Hello and welcome to my technology blog! As a big Apple fan, I report on everything to do with Apple: from the latest news and exciting rumors to helpful tips and tricks and detailed product tests. If you are as enthusiastic about technology as I am, you have come to the right place!","sameAs":["https:\/\/www.facebook.com\/apfelpatientOfficial","https:\/\/www.linkedin.com\/in\/milan-jovicic-42aa0231b"],"url":"https:\/\/www.apfelpatient.de\/en\/author\/apfeladmin"}]}},"_links":{"self":[{"href":"https:\/\/www.apfelpatient.de\/en\/wp-json\/wp\/v2\/posts\/41972","targetHints":{"allow":["GET"]}}],"collection":[{"href":"https:\/\/www.apfelpatient.de\/en\/wp-json\/wp\/v2\/posts"}],"about":[{"href":"https:\/\/www.apfelpatient.de\/en\/wp-json\/wp\/v2\/types\/post"}],"author":[{"embeddable":true,"href":"https:\/\/www.apfelpatient.de\/en\/wp-json\/wp\/v2\/users\/2"}],"replies":[{"embeddable":true,"href":"https:\/\/www.apfelpatient.de\/en\/wp-json\/wp\/v2\/comments?post=41972"}],"version-history":[{"count":0,"href":"https:\/\/www.apfelpatient.de\/en\/wp-json\/wp\/v2\/posts\/41972\/revisions"}],"wp:featuredmedia":[{"embeddable":true,"href":"https:\/\/www.apfelpatient.de\/en\/wp-json\/wp\/v2\/media\/41960"}],"wp:attachment":[{"href":"https:\/\/www.apfelpatient.de\/en\/wp-json\/wp\/v2\/media?parent=41972"}],"wp:term":[{"taxonomy":"category","embeddable":true,"href":"https:\/\/www.apfelpatient.de\/en\/wp-json\/wp\/v2\/categories?post=41972"},{"taxonomy":"post_tag","embeddable":true,"href":"https:\/\/www.apfelpatient.de\/en\/wp-json\/wp\/v2\/tags?post=41972"}],"curies":[{"name":"wp","href":"https:\/\/api.w.org\/{rel}","templated":true}]}}