{"id":41928,"date":"2024-02-02T16:34:03","date_gmt":"2024-02-02T15:34:03","guid":{"rendered":"https:\/\/www.apfelpatient.de\/?p=41928"},"modified":"2024-02-02T19:19:56","modified_gmt":"2024-02-02T18:19:56","slug":"apple-vision-pro-price-and-technology-in-harmony","status":"publish","type":"post","link":"https:\/\/www.apfelpatient.de\/en\/news\/apple-vision-pro-preis-und-technologie-im-einklang","title":{"rendered":"Apple Vision Pro: Price and technology in harmony"},"content":{"rendered":"<p class=\"has-drop-cap\"><strong>Apple&#039;s Vision Pro has taken the tech world by storm, and Apple CEO Tim Cook himself celebrated the US launch of this groundbreaking product in New York City. With a starting price of $3,500 per unit (256GB model), the Apple Vision Pro has exceeded consumer expectations, and Tim Cook explains that this price is justified as it represents &quot;the technology of tomorrow, today.&quot;<\/strong><\/p>\n\n\n\n<p>Apple has a remarkable track record of introducing breakthrough technologies such as the iPod, iPhone, Mac, iPad and Apple Watch. The Vision Pro is the latest jewel in the company&#039;s crown and promises to revolutionize the way we interact with computers and technology. Tim Cook <a href=\"https:\/\/www.goodmorningamerica.com\/News\/video\/tim-cook-talks-new-apple-vision-pro-106891694\" target=\"_blank\" rel=\"noreferrer noopener\">explained<\/a>that this spatial computer has the potential to fundamentally change the way we perceive our environment and our reality.<\/p>\n\n\n\n<h3 class=\"wp-block-heading\" id=\"h-tim-cook-hebt-die-vielseitigkeit-hervor\">Tim Cook highlights the versatility<\/h3>\n\n\n\n<p>Tim Cook, speaking to Good Morning America, highlighted the versatility of the Vision Pro and its many possible uses. This spatial computer represents a new era of technology and allows people to interact with it in different ways. Some might use it to communicate with each other via FaceTime, while others might use it for training and specialized tasks, such as in the medical field. With over a million apps already available for the Vision Pro, the use cases are almost limitless. One of the key concerns that comes with such a technological innovation is the fear that it could isolate people from one another. However, Tim Cook assures that the Vision Pro is designed to strengthen the connection between people. Instead of drawing users into their own virtual world, the Vision Pro augments users&#039; reality.<\/p>\n\n\n\n<h3 class=\"wp-block-heading\" id=\"h-5-000-patente-sind-in-der-apple-vision-pro-bereits-integriert\">5,000 patents are already integrated into the Apple Vision Pro<\/h3>\n\n\n\n<p>This allows people to have a conversation with the headset on while still being able to see the other person&#039;s eyes and be aware of the screens around them. This design was deliberately chosen to encourage interpersonal connection. As for the $3,500 price tag, Tim Cook stressed that the Vision Pro justifies this price due to the advanced technology and the impressive number of 5,000 patents that have already been incorporated into the product. Cook explained that some customers will finance the product while others will purchase it outright. The future of the price remains open, but Apple is confident that this price is reasonable and reflects the value of the Vision Pro.<\/p>\n\n\n\n<h3 class=\"wp-block-heading\" id=\"h-ein-meilenstein-in-der-welt-der-technologie\">A milestone in the world of technology<\/h3>\n\n\n\n\n\n\n\n<p>Apple&#039;s Vision Pro is undoubtedly a milestone in the world of technology. With its ability to augment reality while strengthening human connection, this product has the potential to fundamentally change the way we use technology. Tim Cook&#039;s vision of &quot;tomorrow&#039;s technology today&quot; seems to be becoming a reality with the Vision Pro. Apple has once again proven that it is at the forefront of innovation and shaping the future of technology. (Image: Apple)<\/p>\n\n\n\n<ul class=\"wp-block-list\">\n<li><a href=\"https:\/\/www.apfelpatient.de\/en\/news\/vision-pro-apple-announces-over-600-optimized-apps\">Vision Pro: Apple announces over 600 optimized apps<\/a><\/li>\n<\/ul>\n\n\n\n<h6 class=\"wp-block-heading translation-block\" id=\"h-kennt-ihr-schon-unsere-amazon-storefront-dort-findet-ihr-eine-handverlesene-auswahl-von-diversen-produkten-f-r-euer-iphone-und-co-viel-spa-beim-st-bern\"><em>Have you already visited our Amazon Storefront? There you&#039;ll find a hand-picked selection of various products for your iPhone and other devices \u2013 <span class=\"has-inline-color has-vivid-red-color\"><a href=\"https:\/\/www.amazon.de\/shop\/apfelpatientofficial\" class=\"ek-link\" data-wpel-link=\"exclude\" rel=\"follow noopener\" target=\"_self\"><span style=\"text-decoration: underline\" class=\"ek-underline\">enjoy browsing<\/span><\/a> !<\/span><\/em><\/h6>\n\n\n\n<h6 class=\"wp-block-heading translation-block\" id=\"h-der-beitrag-enthalt-partnerlinks\">This post contains <a data-type=\"URL\" data-id=\"https:\/\/www.apfelpatient.de\/partnerprogramm\" href=\"https:\/\/www.apfelpatient.de\/en\/partner-program\" data-wpel-link=\"internal\" target=\"_self\">affiliate links<\/a>.<\/h6>","protected":false},"excerpt":{"rendered":"<p>Discover the groundbreaking Apple Vision Pro: Price and technology in perfect harmony. A look into the future of technology from Tim Cook.<\/p>","protected":false},"author":2,"featured_media":41644,"comment_status":"closed","ping_status":"closed","sticky":false,"template":"","format":"standard","meta":{"jnews-multi-image_gallery":[],"jnews_single_post":{"subtitle":"","format":"standard","video":"","gallery":"","source_name":"","source_url":"","via_name":"","via_url":"","override_template":"0","override":[{"template":"4","single_blog_custom":"","parallax":"1","fullscreen":"1","layout":"right-sidebar","sidebar":"default-sidebar","second_sidebar":"default-sidebar","sticky_sidebar":"1","share_position":"top","share_float_style":"share-monocrhome","show_share_counter":"1","show_view_counter":"1","show_featured":"1","show_post_meta":"1","show_post_author":"1","show_post_author_image":"1","show_post_date":"1","post_date_format":"default","post_date_format_custom":"Y\/m\/d","show_post_category":"1","show_post_reading_time":"0","post_reading_time_wpm":"300","show_zoom_button":"0","zoom_button_out_step":"2","zoom_button_in_step":"3","show_post_tag":"1","show_prev_next_post":"1","show_popup_post":"1","number_popup_post":"1","show_author_box":"0","show_post_related":"0","show_inline_post_related":"0"}],"override_image_size":"0","image_override":[{"single_post_thumbnail_size":"crop-500","single_post_gallery_size":"crop-500"}],"trending_post":"0","trending_post_position":"meta","trending_post_label":"Trending","sponsored_post":"0","sponsored_post_label":"Sponsored by","sponsored_post_name":"","sponsored_post_url":"","sponsored_post_logo_enable":"0","sponsored_post_logo":"","sponsored_post_desc":"","disable_ad":"0"},"jnews_primary_category":{"id":"9","hide":""},"footnotes":""},"categories":[9],"tags":[843,609],"class_list":["post-41928","post","type-post","status-publish","format-standard","has-post-thumbnail","hentry","category-news","tag-apple-vision-pro","tag-apple-vr-ar"],"yoast_head":"<!-- This site is optimized with the Yoast SEO Premium plugin v27.5 (Yoast SEO v27.5) - https:\/\/yoast.com\/product\/yoast-seo-premium-wordpress\/ -->\n<title>Apple Vision Pro: Preis und Technologie im Einklang Apfelpatient<\/title>\n<meta name=\"description\" content=\"Entdecke die bahnbrechende Apple Vision Pro: Preis &amp; Technologie in perfekter Harmonie. Ein Blick in die Zukunft der Technologie von Tim Cook.\" \/>\n<meta name=\"robots\" content=\"index, follow, max-snippet:-1, max-image-preview:large, max-video-preview:-1\" \/>\n<link rel=\"canonical\" href=\"https:\/\/www.apfelpatient.de\/en\/news\/apple-vision-pro-price-and-technology-in-harmony\" \/>\n<meta property=\"og:locale\" content=\"en_US\" \/>\n<meta property=\"og:type\" content=\"article\" \/>\n<meta property=\"og:title\" content=\"Apple Vision Pro: Preis und Technologie im Einklang\" \/>\n<meta property=\"og:description\" content=\"Entdecke die bahnbrechende Apple Vision Pro: Preis &amp; Technologie in perfekter Harmonie. Ein Blick in die Zukunft der Technologie von Tim Cook.\" \/>\n<meta property=\"og:url\" content=\"https:\/\/www.apfelpatient.de\/en\/news\/apple-vision-pro-price-and-technology-in-harmony\" \/>\n<meta property=\"og:site_name\" content=\"Apfelpatient\" \/>\n<meta property=\"article:publisher\" content=\"https:\/\/www.facebook.com\/apfelpatientOfficial\" \/>\n<meta property=\"article:author\" content=\"https:\/\/www.facebook.com\/apfelpatientOfficial\" \/>\n<meta property=\"article:published_time\" content=\"2024-02-02T15:34:03+00:00\" \/>\n<meta property=\"article:modified_time\" content=\"2024-02-02T18:19:56+00:00\" \/>\n<meta property=\"og:image\" content=\"https:\/\/www.apfelpatient.de\/wp-content\/uploads\/2024\/01\/Apple-Vision-Pro-availability-lifestyle-EyeSight.jpg\" \/>\n\t<meta property=\"og:image:width\" content=\"1600\" \/>\n\t<meta property=\"og:image:height\" content=\"1067\" \/>\n\t<meta property=\"og:image:type\" content=\"image\/jpeg\" \/>\n<meta name=\"author\" content=\"Milan\" \/>\n<meta name=\"twitter:card\" content=\"summary_large_image\" \/>\n<meta name=\"twitter:description\" content=\"Entdecke die bahnbrechende Apple Vision Pro: Preis &amp; Technologie in perfekter Harmonie. Ein Blick in die Zukunft der Technologie von Tim Cook.\" \/>\n<meta name=\"twitter:label1\" content=\"Written by\" \/>\n\t<meta name=\"twitter:data1\" content=\"Milan\" \/>\n\t<meta name=\"twitter:label2\" content=\"Est. reading time\" \/>\n\t<meta name=\"twitter:data2\" content=\"9 minutes\" \/>\n<script type=\"application\/ld+json\" class=\"yoast-schema-graph\">{\"@context\":\"https:\\\/\\\/schema.org\",\"@graph\":[{\"@type\":\"NewsArticle\",\"@id\":\"https:\\\/\\\/www.apfelpatient.de\\\/news\\\/apple-vision-pro-preis-und-technologie-im-einklang#article\",\"isPartOf\":{\"@id\":\"https:\\\/\\\/www.apfelpatient.de\\\/news\\\/apple-vision-pro-preis-und-technologie-im-einklang\"},\"author\":{\"@type\":\"Organization\",\"@id\":\"https:\\\/\\\/www.apfelpatient.de\\\/en\\\/#organization\",\"name\":\"Apfelpatient\",\"url\":\"https:\\\/\\\/www.apfelpatient.de\\\/en\\\/\"},\"headline\":\"Apple Vision Pro: Preis und Technologie im Einklang\",\"datePublished\":\"2024-02-02T15:34:03+00:00\",\"dateModified\":\"2024-02-02T18:19:56+00:00\",\"mainEntityOfPage\":{\"@id\":\"https:\\\/\\\/www.apfelpatient.de\\\/news\\\/apple-vision-pro-preis-und-technologie-im-einklang\"},\"wordCount\":548,\"publisher\":{\"@type\":\"Organization\",\"@id\":\"https:\\\/\\\/www.apfelpatient.de\\\/en\\\/#organization\",\"name\":\"Apfelpatient\",\"url\":\"https:\\\/\\\/www.apfelpatient.de\\\/en\\\/\"},\"image\":{\"@id\":\"https:\\\/\\\/www.apfelpatient.de\\\/news\\\/apple-vision-pro-preis-und-technologie-im-einklang#primaryimage\"},\"thumbnailUrl\":\"https:\\\/\\\/www.apfelpatient.de\\\/wp-content\\\/uploads\\\/2024\\\/01\\\/Apple-Vision-Pro-availability-lifestyle-EyeSight.jpg\",\"keywords\":[\"Apple Vision Pro\",\"Apple VR\\\/AR\"],\"articleSection\":\"News\",\"inLanguage\":\"en-US\",\"copyrightYear\":\"2024\",\"copyrightHolder\":{\"@id\":\"https:\\\/\\\/www.apfelpatient.de\\\/en\\\/#organization\"}},{\"@type\":\"WebPage\",\"@id\":\"https:\\\/\\\/www.apfelpatient.de\\\/news\\\/apple-vision-pro-preis-und-technologie-im-einklang\",\"url\":\"https:\\\/\\\/www.apfelpatient.de\\\/news\\\/apple-vision-pro-preis-und-technologie-im-einklang\",\"name\":\"Apple Vision Pro: Preis und Technologie im Einklang Apfelpatient\",\"isPartOf\":{\"@id\":\"https:\\\/\\\/www.apfelpatient.de\\\/#website\"},\"primaryImageOfPage\":{\"@id\":\"https:\\\/\\\/www.apfelpatient.de\\\/news\\\/apple-vision-pro-preis-und-technologie-im-einklang#primaryimage\"},\"image\":{\"@id\":\"https:\\\/\\\/www.apfelpatient.de\\\/news\\\/apple-vision-pro-preis-und-technologie-im-einklang#primaryimage\"},\"thumbnailUrl\":\"https:\\\/\\\/www.apfelpatient.de\\\/wp-content\\\/uploads\\\/2024\\\/01\\\/Apple-Vision-Pro-availability-lifestyle-EyeSight.jpg\",\"datePublished\":\"2024-02-02T15:34:03+00:00\",\"dateModified\":\"2024-02-02T18:19:56+00:00\",\"description\":\"Entdecke die bahnbrechende Apple Vision Pro: Preis & Technologie in perfekter Harmonie. Ein Blick in die Zukunft der Technologie von Tim Cook.\",\"breadcrumb\":{\"@id\":\"https:\\\/\\\/www.apfelpatient.de\\\/news\\\/apple-vision-pro-preis-und-technologie-im-einklang#breadcrumb\"},\"inLanguage\":\"en-US\",\"potentialAction\":[{\"@type\":\"ReadAction\",\"target\":[\"https:\\\/\\\/www.apfelpatient.de\\\/news\\\/apple-vision-pro-preis-und-technologie-im-einklang\"]}]},{\"@type\":\"ImageObject\",\"inLanguage\":\"en-US\",\"@id\":\"https:\\\/\\\/www.apfelpatient.de\\\/news\\\/apple-vision-pro-preis-und-technologie-im-einklang#primaryimage\",\"url\":\"https:\\\/\\\/www.apfelpatient.de\\\/wp-content\\\/uploads\\\/2024\\\/01\\\/Apple-Vision-Pro-availability-lifestyle-EyeSight.jpg\",\"contentUrl\":\"https:\\\/\\\/www.apfelpatient.de\\\/wp-content\\\/uploads\\\/2024\\\/01\\\/Apple-Vision-Pro-availability-lifestyle-EyeSight.jpg\",\"width\":1600,\"height\":1067,\"caption\":\"Bild: Apple\"},{\"@type\":\"BreadcrumbList\",\"@id\":\"https:\\\/\\\/www.apfelpatient.de\\\/news\\\/apple-vision-pro-preis-und-technologie-im-einklang#breadcrumb\",\"itemListElement\":[{\"@type\":\"ListItem\",\"position\":1,\"name\":\"Startseite\",\"item\":\"https:\\\/\\\/www.apfelpatient.de\\\/\"},{\"@type\":\"ListItem\",\"position\":2,\"name\":\"Apple Vision Pro: Preis und Technologie im Einklang\"}]},{\"@type\":\"WebSite\",\"@id\":\"https:\\\/\\\/www.apfelpatient.de\\\/#website\",\"url\":\"https:\\\/\\\/www.apfelpatient.de\\\/\",\"name\":\"Apfelpatient\",\"description\":\"Alles rund um Apple!\",\"publisher\":{\"@type\":\"Organization\",\"@id\":\"https:\\\/\\\/www.apfelpatient.de\\\/en\\\/#organization\",\"name\":\"Apfelpatient\",\"url\":\"https:\\\/\\\/www.apfelpatient.de\\\/en\\\/\"},\"alternateName\":\"Apfelpatient\",\"potentialAction\":[{\"@type\":\"SearchAction\",\"target\":{\"@type\":\"EntryPoint\",\"urlTemplate\":\"https:\\\/\\\/www.apfelpatient.de\\\/?s={search_term_string}\"},\"query-input\":{\"@type\":\"PropertyValueSpecification\",\"valueRequired\":true,\"valueName\":\"search_term_string\"}}],\"inLanguage\":\"en-US\"},{\"@type\":[\"Person\",\"Organization\"],\"@id\":\"https:\\\/\\\/www.apfelpatient.de\\\/#\\\/schema\\\/person\\\/35b3ddba5832f2bfc7fff5206d4f6b7b\",\"name\":\"Milan\",\"logo\":{\"@id\":\"https:\\\/\\\/www.apfelpatient.de\\\/#\\\/schema\\\/person\\\/image\\\/\"},\"description\":\"Hallo und herzlich willkommen auf meinem Technik-Blog! Als gro\u00dfer Apple-Fan berichte ich hier \u00fcber alles, was mit Apple zu tun hat: von den neuesten News und spannenden Ger\u00fcchten \u00fcber hilfreiche Tipps und Tricks bis hin zu ausf\u00fchrlichen Produkttests. Wenn du genauso technikbegeistert bist wie ich, bist du hier genau richtig!\",\"sameAs\":[\"https:\\\/\\\/www.facebook.com\\\/apfelpatientOfficial\",\"https:\\\/\\\/www.linkedin.com\\\/in\\\/milan-jovicic-42aa0231b\"],\"url\":\"https:\\\/\\\/www.apfelpatient.de\\\/en\\\/author\\\/apfeladmin\"}]}<\/script>\n<!-- \/ Yoast SEO Premium plugin. -->","yoast_head_json":{"title":"Apple Vision Pro: Price and technology in harmony Apfelpatient","description":"Discover the groundbreaking Apple Vision Pro: price &amp; technology in perfect harmony. A look into the future of technology from Tim Cook.","robots":{"index":"index","follow":"follow","max-snippet":"max-snippet:-1","max-image-preview":"max-image-preview:large","max-video-preview":"max-video-preview:-1"},"canonical":"https:\/\/www.apfelpatient.de\/en\/news\/apple-vision-pro-price-and-technology-in-harmony","og_locale":"en_US","og_type":"article","og_title":"Apple Vision Pro: Preis und Technologie im Einklang","og_description":"Entdecke die bahnbrechende Apple Vision Pro: Preis & Technologie in perfekter Harmonie. Ein Blick in die Zukunft der Technologie von Tim Cook.","og_url":"https:\/\/www.apfelpatient.de\/en\/news\/apple-vision-pro-price-and-technology-in-harmony","og_site_name":"Apfelpatient","article_publisher":"https:\/\/www.facebook.com\/apfelpatientOfficial","article_author":"https:\/\/www.facebook.com\/apfelpatientOfficial","article_published_time":"2024-02-02T15:34:03+00:00","article_modified_time":"2024-02-02T18:19:56+00:00","og_image":[{"width":1600,"height":1067,"url":"https:\/\/www.apfelpatient.de\/wp-content\/uploads\/2024\/01\/Apple-Vision-Pro-availability-lifestyle-EyeSight.jpg","type":"image\/jpeg"}],"author":"Milan","twitter_card":"summary_large_image","twitter_description":"Entdecke die bahnbrechende Apple Vision Pro: Preis & Technologie in perfekter Harmonie. Ein Blick in die Zukunft der Technologie von Tim Cook.","twitter_misc":{"Written by":"Milan","Est. reading time":"9 minutes"},"schema":{"@context":"https:\/\/schema.org","@graph":[{"@type":"NewsArticle","@id":"https:\/\/www.apfelpatient.de\/news\/apple-vision-pro-preis-und-technologie-im-einklang#article","isPartOf":{"@id":"https:\/\/www.apfelpatient.de\/news\/apple-vision-pro-preis-und-technologie-im-einklang"},"author":{"@type":"Organization","@id":"https:\/\/www.apfelpatient.de\/en\/#organization","name":"Apfelpatient","url":"https:\/\/www.apfelpatient.de\/en\/"},"headline":"Apple Vision Pro: Preis und Technologie im Einklang","datePublished":"2024-02-02T15:34:03+00:00","dateModified":"2024-02-02T18:19:56+00:00","mainEntityOfPage":{"@id":"https:\/\/www.apfelpatient.de\/news\/apple-vision-pro-preis-und-technologie-im-einklang"},"wordCount":548,"publisher":{"@type":"Organization","@id":"https:\/\/www.apfelpatient.de\/en\/#organization","name":"Apfelpatient","url":"https:\/\/www.apfelpatient.de\/en\/"},"image":{"@id":"https:\/\/www.apfelpatient.de\/news\/apple-vision-pro-preis-und-technologie-im-einklang#primaryimage"},"thumbnailUrl":"https:\/\/www.apfelpatient.de\/wp-content\/uploads\/2024\/01\/Apple-Vision-Pro-availability-lifestyle-EyeSight.jpg","keywords":["Apple Vision Pro","Apple VR\/AR"],"articleSection":"News","inLanguage":"en-US","copyrightYear":"2024","copyrightHolder":{"@id":"https:\/\/www.apfelpatient.de\/en\/#organization"}},{"@type":"WebPage","@id":"https:\/\/www.apfelpatient.de\/news\/apple-vision-pro-preis-und-technologie-im-einklang","url":"https:\/\/www.apfelpatient.de\/news\/apple-vision-pro-preis-und-technologie-im-einklang","name":"Apple Vision Pro: Price and technology in harmony Apfelpatient","isPartOf":{"@id":"https:\/\/www.apfelpatient.de\/#website"},"primaryImageOfPage":{"@id":"https:\/\/www.apfelpatient.de\/news\/apple-vision-pro-preis-und-technologie-im-einklang#primaryimage"},"image":{"@id":"https:\/\/www.apfelpatient.de\/news\/apple-vision-pro-preis-und-technologie-im-einklang#primaryimage"},"thumbnailUrl":"https:\/\/www.apfelpatient.de\/wp-content\/uploads\/2024\/01\/Apple-Vision-Pro-availability-lifestyle-EyeSight.jpg","datePublished":"2024-02-02T15:34:03+00:00","dateModified":"2024-02-02T18:19:56+00:00","description":"Discover the groundbreaking Apple Vision Pro: price &amp; technology in perfect harmony. A look into the future of technology from Tim Cook.","breadcrumb":{"@id":"https:\/\/www.apfelpatient.de\/news\/apple-vision-pro-preis-und-technologie-im-einklang#breadcrumb"},"inLanguage":"en-US","potentialAction":[{"@type":"ReadAction","target":["https:\/\/www.apfelpatient.de\/news\/apple-vision-pro-preis-und-technologie-im-einklang"]}]},{"@type":"ImageObject","inLanguage":"en-US","@id":"https:\/\/www.apfelpatient.de\/news\/apple-vision-pro-preis-und-technologie-im-einklang#primaryimage","url":"https:\/\/www.apfelpatient.de\/wp-content\/uploads\/2024\/01\/Apple-Vision-Pro-availability-lifestyle-EyeSight.jpg","contentUrl":"https:\/\/www.apfelpatient.de\/wp-content\/uploads\/2024\/01\/Apple-Vision-Pro-availability-lifestyle-EyeSight.jpg","width":1600,"height":1067,"caption":"Bild: Apple"},{"@type":"BreadcrumbList","@id":"https:\/\/www.apfelpatient.de\/news\/apple-vision-pro-preis-und-technologie-im-einklang#breadcrumb","itemListElement":[{"@type":"ListItem","position":1,"name":"Startseite","item":"https:\/\/www.apfelpatient.de\/"},{"@type":"ListItem","position":2,"name":"Apple Vision Pro: Preis und Technologie im Einklang"}]},{"@type":"WebSite","@id":"https:\/\/www.apfelpatient.de\/#website","url":"https:\/\/www.apfelpatient.de\/","name":"apple patient","description":"Everything about Apple!","publisher":{"@type":"Organization","@id":"https:\/\/www.apfelpatient.de\/en\/#organization","name":"Apfelpatient","url":"https:\/\/www.apfelpatient.de\/en\/"},"alternateName":"Apfelpatient","potentialAction":[{"@type":"SearchAction","target":{"@type":"EntryPoint","urlTemplate":"https:\/\/www.apfelpatient.de\/?s={search_term_string}"},"query-input":{"@type":"PropertyValueSpecification","valueRequired":true,"valueName":"search_term_string"}}],"inLanguage":"en-US"},{"@type":["Person","Organization"],"@id":"https:\/\/www.apfelpatient.de\/#\/schema\/person\/35b3ddba5832f2bfc7fff5206d4f6b7b","name":"Milan","logo":{"@id":"https:\/\/www.apfelpatient.de\/#\/schema\/person\/image\/"},"description":"Hello and welcome to my technology blog! As a big Apple fan, I report on everything to do with Apple: from the latest news and exciting rumors to helpful tips and tricks and detailed product tests. If you are as enthusiastic about technology as I am, you have come to the right place!","sameAs":["https:\/\/www.facebook.com\/apfelpatientOfficial","https:\/\/www.linkedin.com\/in\/milan-jovicic-42aa0231b"],"url":"https:\/\/www.apfelpatient.de\/en\/author\/apfeladmin"}]}},"_links":{"self":[{"href":"https:\/\/www.apfelpatient.de\/en\/wp-json\/wp\/v2\/posts\/41928","targetHints":{"allow":["GET"]}}],"collection":[{"href":"https:\/\/www.apfelpatient.de\/en\/wp-json\/wp\/v2\/posts"}],"about":[{"href":"https:\/\/www.apfelpatient.de\/en\/wp-json\/wp\/v2\/types\/post"}],"author":[{"embeddable":true,"href":"https:\/\/www.apfelpatient.de\/en\/wp-json\/wp\/v2\/users\/2"}],"replies":[{"embeddable":true,"href":"https:\/\/www.apfelpatient.de\/en\/wp-json\/wp\/v2\/comments?post=41928"}],"version-history":[{"count":0,"href":"https:\/\/www.apfelpatient.de\/en\/wp-json\/wp\/v2\/posts\/41928\/revisions"}],"wp:featuredmedia":[{"embeddable":true,"href":"https:\/\/www.apfelpatient.de\/en\/wp-json\/wp\/v2\/media\/41644"}],"wp:attachment":[{"href":"https:\/\/www.apfelpatient.de\/en\/wp-json\/wp\/v2\/media?parent=41928"}],"wp:term":[{"taxonomy":"category","embeddable":true,"href":"https:\/\/www.apfelpatient.de\/en\/wp-json\/wp\/v2\/categories?post=41928"},{"taxonomy":"post_tag","embeddable":true,"href":"https:\/\/www.apfelpatient.de\/en\/wp-json\/wp\/v2\/tags?post=41928"}],"curies":[{"name":"wp","href":"https:\/\/api.w.org\/{rel}","templated":true}]}}