{"id":4191,"date":"2019-04-25T23:22:48","date_gmt":"2019-04-25T21:22:48","guid":{"rendered":"https:\/\/www.apfelpatient.de\/?p=4191"},"modified":"2025-02-06T07:12:14","modified_gmt":"2025-02-06T06:12:14","slug":"ipad-pro-to-be-released-much-later-with-5g","status":"publish","type":"post","link":"https:\/\/www.apfelpatient.de\/en\/rumors\/ipad-pro-soll-deutlich-spaeter-mit-5g-erscheinen","title":{"rendered":"iPad Pro to be released with 5G much later"},"content":{"rendered":"<p><strong>In recent weeks, rumors about the next iPhone generation have taken over \u2013 all the more refreshing is new information about upcoming iPad Pro models.<\/strong><\/p>\n<p>The well-known star analyst Ming-Chi Kuo has now published a new report on the iPad Pro. Unlike the <a href=\"https:\/\/www.apfelpatient.de\/en\">iPhone<\/a> The iPad Pro will be equipped with a 5G modem much later. According to Kuo&#039;s information, Apple is planning to improve the antenna design in 2020. The following year, i.e. 2021, the iPad Pro will be launched with 5G for the first time. In addition, Apple will not present a new professional tablet in 2019 - according to the analyst. The 11&quot; and 12.9&quot; sizes, however, are to remain the same, and there will be no change to the design.<\/p>\n<p><strong>Signal losses are reduced<\/strong><\/p>\n<p class=\"p1\"><\/p>\n<p>The most important innovation will be the use of an \u201cLCP Soft Board\u201d \u2013 a material known as liquid crystal polymer. As the name suggests, the board is soft and flexible. It can connect components to one another to avoid the limitations of inflexible circuit boards. The use of \u201cLCP Soft Board\u201d is the first step towards 5G modems, as it will make connecting antennas to the motherboard easier \u2013 the aim is to reduce signal losses. According to speculation, a company called Murata will supply the LCP components for the construction of the new iPad Pro. It remains to be seen whether Apple will stick to its plans. These features could be the <a href=\"https:\/\/www.apfelpatient.de\/en\">iPad Pro under iOS 13<\/a> receive.<\/p>\n<h6><a href=\"https:\/\/t.me\/apfelpatient_official\"><em><strong>Don&#039;t want to miss any more news? Then subscribe to our Telegram channel here<\/strong><\/em><\/a><\/h6>","protected":false},"excerpt":{"rendered":"<p>In den letzten Wochen haben Ger\u00fcchte rund um die kommende iPhone Generation \u00fcberhand genommen &#8211; umso erfrischender sind neue Informationen zu kommenden iPad Pro Modellen. Der bekannte Staranalyst Ming-Chi Kuo hat nun einen neuen Bericht zum Thema iPad Pro ver\u00f6ffentlicht. Anders als das iPhone soll das iPad Pro deutlich sp\u00e4ter mit einem 5G-Modem ausgestattet werden. [&hellip;]<\/p>\n","protected":false},"author":2,"featured_media":2476,"comment_status":"open","ping_status":"open","sticky":false,"template":"","format":"standard","meta":{"jnews-multi-image_gallery":[],"jnews_single_post":[],"jnews_primary_category":[],"footnotes":""},"categories":[25],"tags":[199,18,66,266],"class_list":["post-4191","post","type-post","status-publish","format-standard","has-post-thumbnail","hentry","category-rumors","tag-ios-13","tag-ipad","tag-ipad-pro","tag-iphone-5g"],"yoast_head":"<!-- This site is optimized with the Yoast SEO Premium plugin v27.5 (Yoast SEO v27.5) - https:\/\/yoast.com\/product\/yoast-seo-premium-wordpress\/ -->\n<title>iPad Pro soll deutlich sp\u00e4ter mit 5G erscheinen Apfelpatient<\/title>\n<meta name=\"description\" content=\"- In den letzten Wochen haben Ger\u00fcchte rund um die kommende iPhone Generation \u00fcberhand genommen - umso erfrischender sind neue Informationen zu kommenden iPad Pro Modellen.\" \/>\n<meta name=\"robots\" content=\"index, follow, max-snippet:-1, max-image-preview:large, max-video-preview:-1\" \/>\n<link rel=\"canonical\" href=\"https:\/\/www.apfelpatient.de\/en\/rumors\/ipad-pro-to-be-released-much-later-with-5g\" \/>\n<meta property=\"og:locale\" content=\"en_US\" \/>\n<meta property=\"og:type\" content=\"article\" \/>\n<meta property=\"og:title\" content=\"iPad Pro soll deutlich sp\u00e4ter mit 5G erscheinen\" \/>\n<meta property=\"og:description\" content=\"- In den letzten Wochen haben Ger\u00fcchte rund um die kommende iPhone Generation \u00fcberhand genommen - umso erfrischender sind neue Informationen zu kommenden iPad Pro Modellen.\" \/>\n<meta property=\"og:url\" content=\"https:\/\/www.apfelpatient.de\/en\/rumors\/ipad-pro-to-be-released-much-later-with-5g\" \/>\n<meta property=\"og:site_name\" content=\"Apfelpatient\" \/>\n<meta property=\"article:publisher\" content=\"https:\/\/www.facebook.com\/apfelpatientOfficial\" \/>\n<meta property=\"article:author\" content=\"https:\/\/www.facebook.com\/apfelpatientOfficial\" \/>\n<meta property=\"article:published_time\" content=\"2019-04-25T21:22:48+00:00\" \/>\n<meta property=\"article:modified_time\" content=\"2025-02-06T06:12:14+00:00\" \/>\n<meta property=\"og:image\" content=\"https:\/\/www.apfelpatient.de\/wp-content\/uploads\/2018\/10\/iPad-Pro_hand-5mm_10302018.jpg\" \/>\n\t<meta property=\"og:image:width\" content=\"1713\" \/>\n\t<meta property=\"og:image:height\" content=\"966\" \/>\n\t<meta property=\"og:image:type\" content=\"image\/jpeg\" \/>\n<meta name=\"author\" content=\"Milan\" \/>\n<meta name=\"twitter:card\" content=\"summary_large_image\" \/>\n<meta name=\"twitter:label1\" content=\"Written by\" \/>\n\t<meta name=\"twitter:data1\" content=\"Milan\" \/>\n\t<meta name=\"twitter:label2\" content=\"Est. reading time\" \/>\n\t<meta name=\"twitter:data2\" content=\"1 minute\" \/>\n<script type=\"application\/ld+json\" class=\"yoast-schema-graph\">{\"@context\":\"https:\\\/\\\/schema.org\",\"@graph\":[{\"@type\":\"NewsArticle\",\"@id\":\"https:\\\/\\\/www.apfelpatient.de\\\/rumors\\\/ipad-pro-soll-deutlich-spaeter-mit-5g-erscheinen#article\",\"isPartOf\":{\"@id\":\"https:\\\/\\\/www.apfelpatient.de\\\/rumors\\\/ipad-pro-soll-deutlich-spaeter-mit-5g-erscheinen\"},\"author\":{\"@type\":\"Organization\",\"@id\":\"https:\\\/\\\/www.apfelpatient.de\\\/en\\\/#organization\",\"name\":\"Apfelpatient\",\"url\":\"https:\\\/\\\/www.apfelpatient.de\\\/en\\\/\"},\"headline\":\"iPad Pro soll deutlich sp\u00e4ter mit 5G erscheinen\",\"datePublished\":\"2019-04-25T21:22:48+00:00\",\"dateModified\":\"2025-02-06T06:12:14+00:00\",\"mainEntityOfPage\":{\"@id\":\"https:\\\/\\\/www.apfelpatient.de\\\/rumors\\\/ipad-pro-soll-deutlich-spaeter-mit-5g-erscheinen\"},\"wordCount\":255,\"commentCount\":0,\"publisher\":{\"@type\":\"Organization\",\"@id\":\"https:\\\/\\\/www.apfelpatient.de\\\/en\\\/#organization\",\"name\":\"Apfelpatient\",\"url\":\"https:\\\/\\\/www.apfelpatient.de\\\/en\\\/\"},\"image\":{\"@id\":\"https:\\\/\\\/www.apfelpatient.de\\\/rumors\\\/ipad-pro-soll-deutlich-spaeter-mit-5g-erscheinen#primaryimage\"},\"thumbnailUrl\":\"https:\\\/\\\/www.apfelpatient.de\\\/wp-content\\\/uploads\\\/2018\\\/10\\\/iPad-Pro_hand-5mm_10302018.jpg\",\"keywords\":[\"iOS 13\",\"iPad\",\"iPad Pro\",\"iPhone 5G\"],\"articleSection\":\"Rumors\",\"inLanguage\":\"en-US\",\"potentialAction\":[{\"@type\":\"CommentAction\",\"name\":\"Comment\",\"target\":[\"https:\\\/\\\/www.apfelpatient.de\\\/rumors\\\/ipad-pro-soll-deutlich-spaeter-mit-5g-erscheinen#respond\"]}],\"copyrightYear\":\"2019\",\"copyrightHolder\":{\"@id\":\"https:\\\/\\\/www.apfelpatient.de\\\/en\\\/#organization\"}},{\"@type\":\"WebPage\",\"@id\":\"https:\\\/\\\/www.apfelpatient.de\\\/rumors\\\/ipad-pro-soll-deutlich-spaeter-mit-5g-erscheinen\",\"url\":\"https:\\\/\\\/www.apfelpatient.de\\\/rumors\\\/ipad-pro-soll-deutlich-spaeter-mit-5g-erscheinen\",\"name\":\"iPad Pro soll deutlich sp\u00e4ter mit 5G erscheinen Apfelpatient\",\"isPartOf\":{\"@id\":\"https:\\\/\\\/www.apfelpatient.de\\\/#website\"},\"primaryImageOfPage\":{\"@id\":\"https:\\\/\\\/www.apfelpatient.de\\\/rumors\\\/ipad-pro-soll-deutlich-spaeter-mit-5g-erscheinen#primaryimage\"},\"image\":{\"@id\":\"https:\\\/\\\/www.apfelpatient.de\\\/rumors\\\/ipad-pro-soll-deutlich-spaeter-mit-5g-erscheinen#primaryimage\"},\"thumbnailUrl\":\"https:\\\/\\\/www.apfelpatient.de\\\/wp-content\\\/uploads\\\/2018\\\/10\\\/iPad-Pro_hand-5mm_10302018.jpg\",\"datePublished\":\"2019-04-25T21:22:48+00:00\",\"dateModified\":\"2025-02-06T06:12:14+00:00\",\"description\":\"- In den letzten Wochen haben Ger\u00fcchte rund um die kommende iPhone Generation \u00fcberhand genommen - umso erfrischender sind neue Informationen zu kommenden iPad Pro Modellen.\",\"breadcrumb\":{\"@id\":\"https:\\\/\\\/www.apfelpatient.de\\\/rumors\\\/ipad-pro-soll-deutlich-spaeter-mit-5g-erscheinen#breadcrumb\"},\"inLanguage\":\"en-US\",\"potentialAction\":[{\"@type\":\"ReadAction\",\"target\":[\"https:\\\/\\\/www.apfelpatient.de\\\/rumors\\\/ipad-pro-soll-deutlich-spaeter-mit-5g-erscheinen\"]}]},{\"@type\":\"ImageObject\",\"inLanguage\":\"en-US\",\"@id\":\"https:\\\/\\\/www.apfelpatient.de\\\/rumors\\\/ipad-pro-soll-deutlich-spaeter-mit-5g-erscheinen#primaryimage\",\"url\":\"https:\\\/\\\/www.apfelpatient.de\\\/wp-content\\\/uploads\\\/2018\\\/10\\\/iPad-Pro_hand-5mm_10302018.jpg\",\"contentUrl\":\"https:\\\/\\\/www.apfelpatient.de\\\/wp-content\\\/uploads\\\/2018\\\/10\\\/iPad-Pro_hand-5mm_10302018.jpg\",\"width\":1713,\"height\":966,\"caption\":\"Bild: Apple\"},{\"@type\":\"BreadcrumbList\",\"@id\":\"https:\\\/\\\/www.apfelpatient.de\\\/rumors\\\/ipad-pro-soll-deutlich-spaeter-mit-5g-erscheinen#breadcrumb\",\"itemListElement\":[{\"@type\":\"ListItem\",\"position\":1,\"name\":\"Startseite\",\"item\":\"https:\\\/\\\/www.apfelpatient.de\\\/\"},{\"@type\":\"ListItem\",\"position\":2,\"name\":\"iPad Pro soll deutlich sp\u00e4ter mit 5G erscheinen\"}]},{\"@type\":\"WebSite\",\"@id\":\"https:\\\/\\\/www.apfelpatient.de\\\/#website\",\"url\":\"https:\\\/\\\/www.apfelpatient.de\\\/\",\"name\":\"Apfelpatient\",\"description\":\"Alles rund um Apple!\",\"publisher\":{\"@type\":\"Organization\",\"@id\":\"https:\\\/\\\/www.apfelpatient.de\\\/en\\\/#organization\",\"name\":\"Apfelpatient\",\"url\":\"https:\\\/\\\/www.apfelpatient.de\\\/en\\\/\"},\"alternateName\":\"Apfelpatient\",\"potentialAction\":[{\"@type\":\"SearchAction\",\"target\":{\"@type\":\"EntryPoint\",\"urlTemplate\":\"https:\\\/\\\/www.apfelpatient.de\\\/?s={search_term_string}\"},\"query-input\":{\"@type\":\"PropertyValueSpecification\",\"valueRequired\":true,\"valueName\":\"search_term_string\"}}],\"inLanguage\":\"en-US\"},{\"@type\":[\"Person\",\"Organization\"],\"@id\":\"https:\\\/\\\/www.apfelpatient.de\\\/#\\\/schema\\\/person\\\/7dc56ad6c8e9824b76d2c08d4c140e13\",\"name\":\"Milan\",\"logo\":{\"@id\":\"https:\\\/\\\/www.apfelpatient.de\\\/#\\\/schema\\\/person\\\/image\\\/\"},\"description\":\"Hallo und herzlich willkommen auf meinem Technik-Blog! Als gro\u00dfer Apple-Fan berichte ich hier \u00fcber alles, was mit Apple zu tun hat: von den neuesten News und spannenden Ger\u00fcchten \u00fcber hilfreiche Tipps und Tricks bis hin zu ausf\u00fchrlichen Produkttests. Wenn du genauso technikbegeistert bist wie ich, bist du hier genau richtig!\",\"sameAs\":[\"https:\\\/\\\/www.facebook.com\\\/apfelpatientOfficial\",\"https:\\\/\\\/www.linkedin.com\\\/in\\\/milan-jovicic-42aa0231b\"],\"url\":\"https:\\\/\\\/www.apfelpatient.de\\\/en\\\/author\\\/apfeladmin\"}]}<\/script>\n<!-- \/ Yoast SEO Premium plugin. -->","yoast_head_json":{"title":"iPad Pro to be released with 5G much later Apfelpatient","description":"- In recent weeks, rumors about the next iPhone generation have taken over - all the more refreshing is new information about upcoming iPad Pro models.","robots":{"index":"index","follow":"follow","max-snippet":"max-snippet:-1","max-image-preview":"max-image-preview:large","max-video-preview":"max-video-preview:-1"},"canonical":"https:\/\/www.apfelpatient.de\/en\/rumors\/ipad-pro-to-be-released-much-later-with-5g","og_locale":"en_US","og_type":"article","og_title":"iPad Pro soll deutlich sp\u00e4ter mit 5G erscheinen","og_description":"- In den letzten Wochen haben Ger\u00fcchte rund um die kommende iPhone Generation \u00fcberhand genommen - umso erfrischender sind neue Informationen zu kommenden iPad Pro Modellen.","og_url":"https:\/\/www.apfelpatient.de\/en\/rumors\/ipad-pro-to-be-released-much-later-with-5g","og_site_name":"Apfelpatient","article_publisher":"https:\/\/www.facebook.com\/apfelpatientOfficial","article_author":"https:\/\/www.facebook.com\/apfelpatientOfficial","article_published_time":"2019-04-25T21:22:48+00:00","article_modified_time":"2025-02-06T06:12:14+00:00","og_image":[{"width":1713,"height":966,"url":"https:\/\/www.apfelpatient.de\/wp-content\/uploads\/2018\/10\/iPad-Pro_hand-5mm_10302018.jpg","type":"image\/jpeg"}],"author":"Milan","twitter_card":"summary_large_image","twitter_misc":{"Written by":"Milan","Est. reading time":"1 minute"},"schema":{"@context":"https:\/\/schema.org","@graph":[{"@type":"NewsArticle","@id":"https:\/\/www.apfelpatient.de\/rumors\/ipad-pro-soll-deutlich-spaeter-mit-5g-erscheinen#article","isPartOf":{"@id":"https:\/\/www.apfelpatient.de\/rumors\/ipad-pro-soll-deutlich-spaeter-mit-5g-erscheinen"},"author":{"@type":"Organization","@id":"https:\/\/www.apfelpatient.de\/en\/#organization","name":"Apfelpatient","url":"https:\/\/www.apfelpatient.de\/en\/"},"headline":"iPad Pro soll deutlich sp\u00e4ter mit 5G erscheinen","datePublished":"2019-04-25T21:22:48+00:00","dateModified":"2025-02-06T06:12:14+00:00","mainEntityOfPage":{"@id":"https:\/\/www.apfelpatient.de\/rumors\/ipad-pro-soll-deutlich-spaeter-mit-5g-erscheinen"},"wordCount":255,"commentCount":0,"publisher":{"@type":"Organization","@id":"https:\/\/www.apfelpatient.de\/en\/#organization","name":"Apfelpatient","url":"https:\/\/www.apfelpatient.de\/en\/"},"image":{"@id":"https:\/\/www.apfelpatient.de\/rumors\/ipad-pro-soll-deutlich-spaeter-mit-5g-erscheinen#primaryimage"},"thumbnailUrl":"https:\/\/www.apfelpatient.de\/wp-content\/uploads\/2018\/10\/iPad-Pro_hand-5mm_10302018.jpg","keywords":["iOS 13","iPad","iPad Pro","iPhone 5G"],"articleSection":"Rumors","inLanguage":"en-US","potentialAction":[{"@type":"CommentAction","name":"Comment","target":["https:\/\/www.apfelpatient.de\/rumors\/ipad-pro-soll-deutlich-spaeter-mit-5g-erscheinen#respond"]}],"copyrightYear":"2019","copyrightHolder":{"@id":"https:\/\/www.apfelpatient.de\/en\/#organization"}},{"@type":"WebPage","@id":"https:\/\/www.apfelpatient.de\/rumors\/ipad-pro-soll-deutlich-spaeter-mit-5g-erscheinen","url":"https:\/\/www.apfelpatient.de\/rumors\/ipad-pro-soll-deutlich-spaeter-mit-5g-erscheinen","name":"iPad Pro to be released with 5G much later Apfelpatient","isPartOf":{"@id":"https:\/\/www.apfelpatient.de\/#website"},"primaryImageOfPage":{"@id":"https:\/\/www.apfelpatient.de\/rumors\/ipad-pro-soll-deutlich-spaeter-mit-5g-erscheinen#primaryimage"},"image":{"@id":"https:\/\/www.apfelpatient.de\/rumors\/ipad-pro-soll-deutlich-spaeter-mit-5g-erscheinen#primaryimage"},"thumbnailUrl":"https:\/\/www.apfelpatient.de\/wp-content\/uploads\/2018\/10\/iPad-Pro_hand-5mm_10302018.jpg","datePublished":"2019-04-25T21:22:48+00:00","dateModified":"2025-02-06T06:12:14+00:00","description":"- In recent weeks, rumors about the next iPhone generation have taken over - all the more refreshing is new information about upcoming iPad Pro models.","breadcrumb":{"@id":"https:\/\/www.apfelpatient.de\/rumors\/ipad-pro-soll-deutlich-spaeter-mit-5g-erscheinen#breadcrumb"},"inLanguage":"en-US","potentialAction":[{"@type":"ReadAction","target":["https:\/\/www.apfelpatient.de\/rumors\/ipad-pro-soll-deutlich-spaeter-mit-5g-erscheinen"]}]},{"@type":"ImageObject","inLanguage":"en-US","@id":"https:\/\/www.apfelpatient.de\/rumors\/ipad-pro-soll-deutlich-spaeter-mit-5g-erscheinen#primaryimage","url":"https:\/\/www.apfelpatient.de\/wp-content\/uploads\/2018\/10\/iPad-Pro_hand-5mm_10302018.jpg","contentUrl":"https:\/\/www.apfelpatient.de\/wp-content\/uploads\/2018\/10\/iPad-Pro_hand-5mm_10302018.jpg","width":1713,"height":966,"caption":"Bild: Apple"},{"@type":"BreadcrumbList","@id":"https:\/\/www.apfelpatient.de\/rumors\/ipad-pro-soll-deutlich-spaeter-mit-5g-erscheinen#breadcrumb","itemListElement":[{"@type":"ListItem","position":1,"name":"Startseite","item":"https:\/\/www.apfelpatient.de\/"},{"@type":"ListItem","position":2,"name":"iPad Pro soll deutlich sp\u00e4ter mit 5G erscheinen"}]},{"@type":"WebSite","@id":"https:\/\/www.apfelpatient.de\/#website","url":"https:\/\/www.apfelpatient.de\/","name":"apple patient","description":"Everything about Apple!","publisher":{"@type":"Organization","@id":"https:\/\/www.apfelpatient.de\/en\/#organization","name":"Apfelpatient","url":"https:\/\/www.apfelpatient.de\/en\/"},"alternateName":"Apfelpatient","potentialAction":[{"@type":"SearchAction","target":{"@type":"EntryPoint","urlTemplate":"https:\/\/www.apfelpatient.de\/?s={search_term_string}"},"query-input":{"@type":"PropertyValueSpecification","valueRequired":true,"valueName":"search_term_string"}}],"inLanguage":"en-US"},{"@type":["Person","Organization"],"@id":"https:\/\/www.apfelpatient.de\/#\/schema\/person\/7dc56ad6c8e9824b76d2c08d4c140e13","name":"Milan","logo":{"@id":"https:\/\/www.apfelpatient.de\/#\/schema\/person\/image\/"},"description":"Hello and welcome to my technology blog! As a big Apple fan, I report on everything to do with Apple: from the latest news and exciting rumors to helpful tips and tricks and detailed product tests. If you are as enthusiastic about technology as I am, you have come to the right place!","sameAs":["https:\/\/www.facebook.com\/apfelpatientOfficial","https:\/\/www.linkedin.com\/in\/milan-jovicic-42aa0231b"],"url":"https:\/\/www.apfelpatient.de\/en\/author\/apfeladmin"}]}},"_links":{"self":[{"href":"https:\/\/www.apfelpatient.de\/en\/wp-json\/wp\/v2\/posts\/4191","targetHints":{"allow":["GET"]}}],"collection":[{"href":"https:\/\/www.apfelpatient.de\/en\/wp-json\/wp\/v2\/posts"}],"about":[{"href":"https:\/\/www.apfelpatient.de\/en\/wp-json\/wp\/v2\/types\/post"}],"author":[{"embeddable":true,"href":"https:\/\/www.apfelpatient.de\/en\/wp-json\/wp\/v2\/users\/2"}],"replies":[{"embeddable":true,"href":"https:\/\/www.apfelpatient.de\/en\/wp-json\/wp\/v2\/comments?post=4191"}],"version-history":[{"count":0,"href":"https:\/\/www.apfelpatient.de\/en\/wp-json\/wp\/v2\/posts\/4191\/revisions"}],"wp:featuredmedia":[{"embeddable":true,"href":"https:\/\/www.apfelpatient.de\/en\/wp-json\/wp\/v2\/media\/2476"}],"wp:attachment":[{"href":"https:\/\/www.apfelpatient.de\/en\/wp-json\/wp\/v2\/media?parent=4191"}],"wp:term":[{"taxonomy":"category","embeddable":true,"href":"https:\/\/www.apfelpatient.de\/en\/wp-json\/wp\/v2\/categories?post=4191"},{"taxonomy":"post_tag","embeddable":true,"href":"https:\/\/www.apfelpatient.de\/en\/wp-json\/wp\/v2\/tags?post=4191"}],"curies":[{"name":"wp","href":"https:\/\/api.w.org\/{rel}","templated":true}]}}