{"id":4181,"date":"2019-04-25T22:21:41","date_gmt":"2019-04-25T20:21:41","guid":{"rendered":"https:\/\/www.apfelpatient.de\/?p=4181"},"modified":"2019-04-25T22:21:41","modified_gmt":"2019-04-25T20:21:41","slug":"apple-starts-recall-campaign","status":"publish","type":"post","link":"https:\/\/www.apfelpatient.de\/en\/news\/apple-startet-rueckruf-aktion","title":{"rendered":"Apple starts recall campaign"},"content":{"rendered":"<p><strong>Apple has launched a recall campaign and a free exchange program via a press release. A specific adapter is said to be affected.<\/strong><\/p>\n<p class=\"p1\"><\/p>\n<p>Apple has started an exchange program for a specific travel power adapter. According to the press release, the travel adapter for use in Hong Kong, Singapore and Great Britain is affected. Apple writes that the power adapter is faulty in rare cases. One of the three plug pins can break off and cause an electric shock. The power adapters in question were sold between 2003 and 2010. Anyone who has such a travel kit can have it exchanged free of charge at an Apple Store or at an authorized service provider - an appointment is required.<\/p>\n<figure id=\"attachment_4182\" aria-describedby=\"caption-attachment-4182\" style=\"width: 1436px\" class=\"wp-caption aligncenter\"><img decoding=\"async\" class=\"size-full wp-image-4182\" src=\"https:\/\/www.apfelpatient.de\/wp-content\/uploads\/2019\/04\/Bildschirmfoto-2019-04-25-um-22.17.11.png\" alt=\"\" width=\"1436\" height=\"942\" \/><figcaption id=\"caption-attachment-4182\" class=\"wp-caption-text\">Image: Apple<\/figcaption><\/figure>\n<h6><a href=\"https:\/\/t.me\/apfelpatient_official\"><em><strong>Don&#039;t want to miss any more news? Then subscribe to our Telegram channel here<\/strong><\/em><\/a><\/h6>","protected":false},"excerpt":{"rendered":"<p>Apple hat mittels einer Pressemitteilung eine R\u00fcckruf-Aktion bzw. ein kostenloses Austauschprogramm gestartet. Betroffen sei demnach ein bestimmter Adapter. Apple hat ein Austauschprogramm f\u00fcr ein bestimmtes Reisenetzteil gestartet. Der Pressemitteilung nach soll der Reise-Adapter f\u00fcr den Einsatz in Hongkong, Singapur und Gro\u00dfbritannien betroffen sein. Apple schreibt, dass das Netzteil in seltenen F\u00e4llen fehlerhaft sei. So kann [&hellip;]<\/p>\n","protected":false},"author":2,"featured_media":3476,"comment_status":"open","ping_status":"open","sticky":false,"template":"","format":"standard","meta":{"jnews-multi-image_gallery":[],"jnews_single_post":{"format":"standard"},"jnews_primary_category":[],"footnotes":""},"categories":[9],"tags":[48,8],"class_list":["post-4181","post","type-post","status-publish","format-standard","has-post-thumbnail","hentry","category-news","tag-austauschprogramm","tag-iphone"],"yoast_head":"<!-- This site is optimized with the Yoast SEO Premium plugin v27.5 (Yoast SEO v27.5) - https:\/\/yoast.com\/product\/yoast-seo-premium-wordpress\/ -->\n<title>Apple startet R\u00fcckruf-Aktion Apfelpatient<\/title>\n<meta name=\"description\" content=\"- Apple hat mittels einer Pressemitteilung eine R\u00fcckruf-Aktion bzw. ein kostenloses Austauschprogramm gestartet. Betroffen sei demnach ein bestimmter Adapter.\" \/>\n<meta name=\"robots\" content=\"index, follow, max-snippet:-1, max-image-preview:large, max-video-preview:-1\" \/>\n<link rel=\"canonical\" href=\"https:\/\/www.apfelpatient.de\/en\/news\/apple-starts-recall-campaign\" \/>\n<meta property=\"og:locale\" content=\"en_US\" \/>\n<meta property=\"og:type\" content=\"article\" \/>\n<meta property=\"og:title\" content=\"Apple startet R\u00fcckruf-Aktion\" \/>\n<meta property=\"og:description\" content=\"- Apple hat mittels einer Pressemitteilung eine R\u00fcckruf-Aktion bzw. ein kostenloses Austauschprogramm gestartet. Betroffen sei demnach ein bestimmter Adapter.\" \/>\n<meta property=\"og:url\" content=\"https:\/\/www.apfelpatient.de\/en\/news\/apple-starts-recall-campaign\" \/>\n<meta property=\"og:site_name\" content=\"Apfelpatient\" \/>\n<meta property=\"article:publisher\" content=\"https:\/\/www.facebook.com\/apfelpatientOfficial\" \/>\n<meta property=\"article:author\" content=\"https:\/\/www.facebook.com\/apfelpatientOfficial\" \/>\n<meta property=\"article:published_time\" content=\"2019-04-25T20:21:41+00:00\" \/>\n<meta property=\"og:image\" content=\"https:\/\/www.apfelpatient.de\/wp-content\/uploads\/2019\/02\/vinoth-ragunathan-1129309-unsplash.jpg\" \/>\n\t<meta property=\"og:image:width\" content=\"3286\" \/>\n\t<meta property=\"og:image:height\" content=\"2432\" \/>\n\t<meta property=\"og:image:type\" content=\"image\/jpeg\" \/>\n<meta name=\"author\" content=\"Milan\" \/>\n<meta name=\"twitter:card\" content=\"summary_large_image\" \/>\n<meta name=\"twitter:label1\" content=\"Written by\" \/>\n\t<meta name=\"twitter:data1\" content=\"Milan\" \/>\n\t<meta name=\"twitter:label2\" content=\"Est. reading time\" \/>\n\t<meta name=\"twitter:data2\" content=\"1 minute\" \/>\n<script type=\"application\/ld+json\" class=\"yoast-schema-graph\">{\"@context\":\"https:\\\/\\\/schema.org\",\"@graph\":[{\"@type\":\"NewsArticle\",\"@id\":\"https:\\\/\\\/www.apfelpatient.de\\\/news\\\/apple-startet-rueckruf-aktion#article\",\"isPartOf\":{\"@id\":\"https:\\\/\\\/www.apfelpatient.de\\\/news\\\/apple-startet-rueckruf-aktion\"},\"author\":{\"@type\":\"Organization\",\"@id\":\"https:\\\/\\\/www.apfelpatient.de\\\/en\\\/#organization\",\"name\":\"Apfelpatient\",\"url\":\"https:\\\/\\\/www.apfelpatient.de\\\/en\\\/\"},\"headline\":\"Apple startet R\u00fcckruf-Aktion\",\"datePublished\":\"2019-04-25T20:21:41+00:00\",\"mainEntityOfPage\":{\"@id\":\"https:\\\/\\\/www.apfelpatient.de\\\/news\\\/apple-startet-rueckruf-aktion\"},\"wordCount\":131,\"commentCount\":0,\"publisher\":{\"@type\":\"Organization\",\"@id\":\"https:\\\/\\\/www.apfelpatient.de\\\/en\\\/#organization\",\"name\":\"Apfelpatient\",\"url\":\"https:\\\/\\\/www.apfelpatient.de\\\/en\\\/\"},\"image\":{\"@id\":\"https:\\\/\\\/www.apfelpatient.de\\\/news\\\/apple-startet-rueckruf-aktion#primaryimage\"},\"thumbnailUrl\":\"https:\\\/\\\/www.apfelpatient.de\\\/wp-content\\\/uploads\\\/2019\\\/02\\\/vinoth-ragunathan-1129309-unsplash.jpg\",\"keywords\":[\"Austauschprogramm\",\"iPhone\"],\"articleSection\":\"News\",\"inLanguage\":\"en-US\",\"potentialAction\":[{\"@type\":\"CommentAction\",\"name\":\"Comment\",\"target\":[\"https:\\\/\\\/www.apfelpatient.de\\\/news\\\/apple-startet-rueckruf-aktion#respond\"]}],\"copyrightYear\":\"2019\",\"copyrightHolder\":{\"@id\":\"https:\\\/\\\/www.apfelpatient.de\\\/en\\\/#organization\"}},{\"@type\":\"WebPage\",\"@id\":\"https:\\\/\\\/www.apfelpatient.de\\\/news\\\/apple-startet-rueckruf-aktion\",\"url\":\"https:\\\/\\\/www.apfelpatient.de\\\/news\\\/apple-startet-rueckruf-aktion\",\"name\":\"Apple startet R\u00fcckruf-Aktion Apfelpatient\",\"isPartOf\":{\"@id\":\"https:\\\/\\\/www.apfelpatient.de\\\/#website\"},\"primaryImageOfPage\":{\"@id\":\"https:\\\/\\\/www.apfelpatient.de\\\/news\\\/apple-startet-rueckruf-aktion#primaryimage\"},\"image\":{\"@id\":\"https:\\\/\\\/www.apfelpatient.de\\\/news\\\/apple-startet-rueckruf-aktion#primaryimage\"},\"thumbnailUrl\":\"https:\\\/\\\/www.apfelpatient.de\\\/wp-content\\\/uploads\\\/2019\\\/02\\\/vinoth-ragunathan-1129309-unsplash.jpg\",\"datePublished\":\"2019-04-25T20:21:41+00:00\",\"description\":\"- Apple hat mittels einer Pressemitteilung eine R\u00fcckruf-Aktion bzw. ein kostenloses Austauschprogramm gestartet. Betroffen sei demnach ein bestimmter Adapter.\",\"breadcrumb\":{\"@id\":\"https:\\\/\\\/www.apfelpatient.de\\\/news\\\/apple-startet-rueckruf-aktion#breadcrumb\"},\"inLanguage\":\"en-US\",\"potentialAction\":[{\"@type\":\"ReadAction\",\"target\":[\"https:\\\/\\\/www.apfelpatient.de\\\/news\\\/apple-startet-rueckruf-aktion\"]}]},{\"@type\":\"ImageObject\",\"inLanguage\":\"en-US\",\"@id\":\"https:\\\/\\\/www.apfelpatient.de\\\/news\\\/apple-startet-rueckruf-aktion#primaryimage\",\"url\":\"https:\\\/\\\/www.apfelpatient.de\\\/wp-content\\\/uploads\\\/2019\\\/02\\\/vinoth-ragunathan-1129309-unsplash.jpg\",\"contentUrl\":\"https:\\\/\\\/www.apfelpatient.de\\\/wp-content\\\/uploads\\\/2019\\\/02\\\/vinoth-ragunathan-1129309-unsplash.jpg\",\"width\":3286,\"height\":2432,\"caption\":\"Photo by Unsplash\"},{\"@type\":\"BreadcrumbList\",\"@id\":\"https:\\\/\\\/www.apfelpatient.de\\\/news\\\/apple-startet-rueckruf-aktion#breadcrumb\",\"itemListElement\":[{\"@type\":\"ListItem\",\"position\":1,\"name\":\"Startseite\",\"item\":\"https:\\\/\\\/www.apfelpatient.de\\\/\"},{\"@type\":\"ListItem\",\"position\":2,\"name\":\"Apple startet R\u00fcckruf-Aktion\"}]},{\"@type\":\"WebSite\",\"@id\":\"https:\\\/\\\/www.apfelpatient.de\\\/#website\",\"url\":\"https:\\\/\\\/www.apfelpatient.de\\\/\",\"name\":\"Apfelpatient\",\"description\":\"Alles rund um Apple!\",\"publisher\":{\"@type\":\"Organization\",\"@id\":\"https:\\\/\\\/www.apfelpatient.de\\\/en\\\/#organization\",\"name\":\"Apfelpatient\",\"url\":\"https:\\\/\\\/www.apfelpatient.de\\\/en\\\/\"},\"alternateName\":\"Apfelpatient\",\"potentialAction\":[{\"@type\":\"SearchAction\",\"target\":{\"@type\":\"EntryPoint\",\"urlTemplate\":\"https:\\\/\\\/www.apfelpatient.de\\\/?s={search_term_string}\"},\"query-input\":{\"@type\":\"PropertyValueSpecification\",\"valueRequired\":true,\"valueName\":\"search_term_string\"}}],\"inLanguage\":\"en-US\"},{\"@type\":[\"Person\",\"Organization\"],\"@id\":\"https:\\\/\\\/www.apfelpatient.de\\\/#\\\/schema\\\/person\\\/7dc56ad6c8e9824b76d2c08d4c140e13\",\"name\":\"Milan\",\"logo\":{\"@id\":\"https:\\\/\\\/www.apfelpatient.de\\\/#\\\/schema\\\/person\\\/image\\\/\"},\"description\":\"Hallo und herzlich willkommen auf meinem Technik-Blog! Als gro\u00dfer Apple-Fan berichte ich hier \u00fcber alles, was mit Apple zu tun hat: von den neuesten News und spannenden Ger\u00fcchten \u00fcber hilfreiche Tipps und Tricks bis hin zu ausf\u00fchrlichen Produkttests. Wenn du genauso technikbegeistert bist wie ich, bist du hier genau richtig!\",\"sameAs\":[\"https:\\\/\\\/www.facebook.com\\\/apfelpatientOfficial\",\"https:\\\/\\\/www.linkedin.com\\\/in\\\/milan-jovicic-42aa0231b\"],\"url\":\"https:\\\/\\\/www.apfelpatient.de\\\/en\\\/author\\\/apfeladmin\"}]}<\/script>\n<!-- \/ Yoast SEO Premium plugin. -->","yoast_head_json":{"title":"Apple launches recall campaign Apfelpatient","description":"- Apple has launched a recall campaign and a free exchange program via a press release. A specific adapter is said to be affected.","robots":{"index":"index","follow":"follow","max-snippet":"max-snippet:-1","max-image-preview":"max-image-preview:large","max-video-preview":"max-video-preview:-1"},"canonical":"https:\/\/www.apfelpatient.de\/en\/news\/apple-starts-recall-campaign","og_locale":"en_US","og_type":"article","og_title":"Apple startet R\u00fcckruf-Aktion","og_description":"- Apple hat mittels einer Pressemitteilung eine R\u00fcckruf-Aktion bzw. ein kostenloses Austauschprogramm gestartet. Betroffen sei demnach ein bestimmter Adapter.","og_url":"https:\/\/www.apfelpatient.de\/en\/news\/apple-starts-recall-campaign","og_site_name":"Apfelpatient","article_publisher":"https:\/\/www.facebook.com\/apfelpatientOfficial","article_author":"https:\/\/www.facebook.com\/apfelpatientOfficial","article_published_time":"2019-04-25T20:21:41+00:00","og_image":[{"width":3286,"height":2432,"url":"https:\/\/www.apfelpatient.de\/wp-content\/uploads\/2019\/02\/vinoth-ragunathan-1129309-unsplash.jpg","type":"image\/jpeg"}],"author":"Milan","twitter_card":"summary_large_image","twitter_misc":{"Written by":"Milan","Est. reading time":"1 minute"},"schema":{"@context":"https:\/\/schema.org","@graph":[{"@type":"NewsArticle","@id":"https:\/\/www.apfelpatient.de\/news\/apple-startet-rueckruf-aktion#article","isPartOf":{"@id":"https:\/\/www.apfelpatient.de\/news\/apple-startet-rueckruf-aktion"},"author":{"@type":"Organization","@id":"https:\/\/www.apfelpatient.de\/en\/#organization","name":"Apfelpatient","url":"https:\/\/www.apfelpatient.de\/en\/"},"headline":"Apple startet R\u00fcckruf-Aktion","datePublished":"2019-04-25T20:21:41+00:00","mainEntityOfPage":{"@id":"https:\/\/www.apfelpatient.de\/news\/apple-startet-rueckruf-aktion"},"wordCount":131,"commentCount":0,"publisher":{"@type":"Organization","@id":"https:\/\/www.apfelpatient.de\/en\/#organization","name":"Apfelpatient","url":"https:\/\/www.apfelpatient.de\/en\/"},"image":{"@id":"https:\/\/www.apfelpatient.de\/news\/apple-startet-rueckruf-aktion#primaryimage"},"thumbnailUrl":"https:\/\/www.apfelpatient.de\/wp-content\/uploads\/2019\/02\/vinoth-ragunathan-1129309-unsplash.jpg","keywords":["Austauschprogramm","iPhone"],"articleSection":"News","inLanguage":"en-US","potentialAction":[{"@type":"CommentAction","name":"Comment","target":["https:\/\/www.apfelpatient.de\/news\/apple-startet-rueckruf-aktion#respond"]}],"copyrightYear":"2019","copyrightHolder":{"@id":"https:\/\/www.apfelpatient.de\/en\/#organization"}},{"@type":"WebPage","@id":"https:\/\/www.apfelpatient.de\/news\/apple-startet-rueckruf-aktion","url":"https:\/\/www.apfelpatient.de\/news\/apple-startet-rueckruf-aktion","name":"Apple launches recall campaign Apfelpatient","isPartOf":{"@id":"https:\/\/www.apfelpatient.de\/#website"},"primaryImageOfPage":{"@id":"https:\/\/www.apfelpatient.de\/news\/apple-startet-rueckruf-aktion#primaryimage"},"image":{"@id":"https:\/\/www.apfelpatient.de\/news\/apple-startet-rueckruf-aktion#primaryimage"},"thumbnailUrl":"https:\/\/www.apfelpatient.de\/wp-content\/uploads\/2019\/02\/vinoth-ragunathan-1129309-unsplash.jpg","datePublished":"2019-04-25T20:21:41+00:00","description":"- Apple has launched a recall campaign and a free exchange program via a press release. A specific adapter is said to be affected.","breadcrumb":{"@id":"https:\/\/www.apfelpatient.de\/news\/apple-startet-rueckruf-aktion#breadcrumb"},"inLanguage":"en-US","potentialAction":[{"@type":"ReadAction","target":["https:\/\/www.apfelpatient.de\/news\/apple-startet-rueckruf-aktion"]}]},{"@type":"ImageObject","inLanguage":"en-US","@id":"https:\/\/www.apfelpatient.de\/news\/apple-startet-rueckruf-aktion#primaryimage","url":"https:\/\/www.apfelpatient.de\/wp-content\/uploads\/2019\/02\/vinoth-ragunathan-1129309-unsplash.jpg","contentUrl":"https:\/\/www.apfelpatient.de\/wp-content\/uploads\/2019\/02\/vinoth-ragunathan-1129309-unsplash.jpg","width":3286,"height":2432,"caption":"Photo by Unsplash"},{"@type":"BreadcrumbList","@id":"https:\/\/www.apfelpatient.de\/news\/apple-startet-rueckruf-aktion#breadcrumb","itemListElement":[{"@type":"ListItem","position":1,"name":"Startseite","item":"https:\/\/www.apfelpatient.de\/"},{"@type":"ListItem","position":2,"name":"Apple startet R\u00fcckruf-Aktion"}]},{"@type":"WebSite","@id":"https:\/\/www.apfelpatient.de\/#website","url":"https:\/\/www.apfelpatient.de\/","name":"apple patient","description":"Everything about Apple!","publisher":{"@type":"Organization","@id":"https:\/\/www.apfelpatient.de\/en\/#organization","name":"Apfelpatient","url":"https:\/\/www.apfelpatient.de\/en\/"},"alternateName":"Apfelpatient","potentialAction":[{"@type":"SearchAction","target":{"@type":"EntryPoint","urlTemplate":"https:\/\/www.apfelpatient.de\/?s={search_term_string}"},"query-input":{"@type":"PropertyValueSpecification","valueRequired":true,"valueName":"search_term_string"}}],"inLanguage":"en-US"},{"@type":["Person","Organization"],"@id":"https:\/\/www.apfelpatient.de\/#\/schema\/person\/7dc56ad6c8e9824b76d2c08d4c140e13","name":"Milan","logo":{"@id":"https:\/\/www.apfelpatient.de\/#\/schema\/person\/image\/"},"description":"Hello and welcome to my technology blog! As a big Apple fan, I report on everything to do with Apple: from the latest news and exciting rumors to helpful tips and tricks and detailed product tests. If you are as enthusiastic about technology as I am, you have come to the right place!","sameAs":["https:\/\/www.facebook.com\/apfelpatientOfficial","https:\/\/www.linkedin.com\/in\/milan-jovicic-42aa0231b"],"url":"https:\/\/www.apfelpatient.de\/en\/author\/apfeladmin"}]}},"_links":{"self":[{"href":"https:\/\/www.apfelpatient.de\/en\/wp-json\/wp\/v2\/posts\/4181","targetHints":{"allow":["GET"]}}],"collection":[{"href":"https:\/\/www.apfelpatient.de\/en\/wp-json\/wp\/v2\/posts"}],"about":[{"href":"https:\/\/www.apfelpatient.de\/en\/wp-json\/wp\/v2\/types\/post"}],"author":[{"embeddable":true,"href":"https:\/\/www.apfelpatient.de\/en\/wp-json\/wp\/v2\/users\/2"}],"replies":[{"embeddable":true,"href":"https:\/\/www.apfelpatient.de\/en\/wp-json\/wp\/v2\/comments?post=4181"}],"version-history":[{"count":0,"href":"https:\/\/www.apfelpatient.de\/en\/wp-json\/wp\/v2\/posts\/4181\/revisions"}],"wp:featuredmedia":[{"embeddable":true,"href":"https:\/\/www.apfelpatient.de\/en\/wp-json\/wp\/v2\/media\/3476"}],"wp:attachment":[{"href":"https:\/\/www.apfelpatient.de\/en\/wp-json\/wp\/v2\/media?parent=4181"}],"wp:term":[{"taxonomy":"category","embeddable":true,"href":"https:\/\/www.apfelpatient.de\/en\/wp-json\/wp\/v2\/categories?post=4181"},{"taxonomy":"post_tag","embeddable":true,"href":"https:\/\/www.apfelpatient.de\/en\/wp-json\/wp\/v2\/tags?post=4181"}],"curies":[{"name":"wp","href":"https:\/\/api.w.org\/{rel}","templated":true}]}}