{"id":41670,"date":"2024-01-08T17:58:40","date_gmt":"2024-01-08T16:58:40","guid":{"rendered":"https:\/\/www.apfelpatient.de\/?p=41670"},"modified":"2024-02-01T22:45:40","modified_gmt":"2024-02-01T21:45:40","slug":"q1-2024-apple-opens-the-books-in-early-february","status":"publish","type":"post","link":"https:\/\/www.apfelpatient.de\/en\/news\/q1-2024-apple-oeffnet-anfang-februar-die-buecher","title":{"rendered":"Q1\/2024: Apple opens its books in early February"},"content":{"rendered":"<p class=\"has-drop-cap\"><strong>Apple recently confirmed that the company will announce results for the first quarter of fiscal year 2024 (fourth calendar quarter of 2023) on February 1. Side note: Apple&#039;s fiscal year starts on October 1 and ends on September 30.<\/strong><\/p>\n\n\n\n<p>The holiday quarter is Apple&#039;s most lucrative quarter, as sales of new iPhones are boosted by the holiday season. Financial results for the period October to December 2023 will be released, <a href=\"https:\/\/investor.apple.com\/investor-relations\/default.aspx\" target=\"_blank\" rel=\"noreferrer noopener\">followed<\/a> from a conference call with CEO Tim Cook and CFO Luca Maestri. The iPhone 15 and iPhone 15 Pro launched in September and were a huge success. Tim Cook said it was the best September quarter ever for the iPhone.<\/p>\n\n\n\n<h3 class=\"wp-block-heading\" id=\"h-q1-2024-apple-wird-uberzeugen\">Q1\/2024: Apple will convince<\/h3>\n\n\n\n<p>Apple&#039;s &quot;Scary Fast&quot; event in October unveiled three M3 processors that will be used in an updated 24-inch iMac, 14-inch MacBook Pro, and 16-inch MacBook Pro. The availability of new Macs in November and December should allow for a favorable comparison to the first quarter of 2023, as Apple has not announced any new Macs in the second half of 2022. The M2 processor launched in the MacBook Air in June 2022, and the M2 Pro\/Max was integrated into the MacBook Pro line in January 2023 - missing Q1 2023 entirely. Last year&#039;s results were not a bright spot for Apple, with revenue declining for four consecutive quarters.<\/p>\n\n\n\n<h3 class=\"wp-block-heading\" id=\"h-rechtsstreit-mit-massimo-durfte-im-fokus-der-analysten-stehen\">Legal dispute with Massimo is likely to be the focus of analysts<\/h3>\n\n\n\n\n\n\n\n<p>Services continues to be a growth area for Apple but the post-pandemic market is down for most hardware products. Wearables, however, will be a tough one as demand was pushed into Q1 2023 due to supply chain conditions in 2022. The Apple Watch Series 9 and Apple Watch Ultra 2 launched without any supply issues, so demand was focused on Q4 2023 and available demand for Q1 2024 likely dropped. The ongoing Masimo case against Apple and a potential import ban on the Apple Watch will likely be the focus of analysts. The first ban was only imposed on December 25 and lasted only two days before being briefly suspended but if the ban goes back into effect in January, it will have a significant impact on Q2. (Photo by AshDesign \/ Bigstockphoto)<\/p>\n\n\n\n<ul class=\"wp-block-list\">\n<li><a href=\"https:\/\/www.apfelpatient.de\/en\/news\/apple-in-q4-2023-new-record-performances\">Apple in Q4\/2023: New record performances<\/a><\/li>\n<\/ul>\n\n\n\n<h6 class=\"wp-block-heading translation-block\" id=\"h-kennt-ihr-schon-unsere-amazon-storefront-dort-findet-ihr-eine-handverlesene-auswahl-von-diversen-produkten-f-r-euer-iphone-und-co-viel-spa-beim-st-bern\"><em>Have you already visited our Amazon Storefront? There you&#039;ll find a hand-picked selection of various products for your iPhone and other devices \u2013 <span class=\"has-inline-color has-vivid-red-color\"><a href=\"https:\/\/www.amazon.de\/shop\/apfelpatientofficial\" class=\"ek-link\" data-wpel-link=\"exclude\" rel=\"follow noopener\" target=\"_self\"><span style=\"text-decoration: underline\" class=\"ek-underline\">enjoy browsing<\/span><\/a> !<\/span><\/em><\/h6>\n\n\n\n<h6 class=\"wp-block-heading translation-block\" id=\"h-der-beitrag-enthalt-partnerlinks\">This post contains <a data-type=\"URL\" data-id=\"https:\/\/www.apfelpatient.de\/partnerprogramm\" href=\"https:\/\/www.apfelpatient.de\/en\/partner-program\" data-wpel-link=\"internal\" target=\"_self\">affiliate links<\/a>.<\/h6>","protected":false},"excerpt":{"rendered":"<p>Learn all about Apple&#039;s Q1\/2024 quarterly report, especially regarding the success of iPhone 15 and iPhone 15 Pro and more.<\/p>","protected":false},"author":2,"featured_media":41672,"comment_status":"closed","ping_status":"closed","sticky":false,"template":"","format":"standard","meta":{"jnews-multi-image_gallery":[],"jnews_single_post":{"subtitle":"","format":"standard","video":"","gallery":"","source_name":"","source_url":"","via_name":"","via_url":"","override_template":"0","override":[{"template":"4","single_blog_custom":"","parallax":"1","fullscreen":"1","layout":"right-sidebar","sidebar":"default-sidebar","second_sidebar":"default-sidebar","sticky_sidebar":"1","share_position":"top","share_float_style":"share-monocrhome","show_share_counter":"1","show_view_counter":"1","show_featured":"1","show_post_meta":"1","show_post_author":"1","show_post_author_image":"1","show_post_date":"1","post_date_format":"default","post_date_format_custom":"Y\/m\/d","show_post_category":"1","show_post_reading_time":"0","post_reading_time_wpm":"300","show_zoom_button":"0","zoom_button_out_step":"2","zoom_button_in_step":"3","show_post_tag":"1","show_prev_next_post":"1","show_popup_post":"1","number_popup_post":"1","show_author_box":"0","show_post_related":"0","show_inline_post_related":"0"}],"override_image_size":"0","image_override":[{"single_post_thumbnail_size":"crop-500","single_post_gallery_size":"crop-500"}],"trending_post":"0","trending_post_position":"meta","trending_post_label":"Trending","sponsored_post":"0","sponsored_post_label":"Sponsored by","sponsored_post_name":"","sponsored_post_url":"","sponsored_post_logo_enable":"0","sponsored_post_logo":"","sponsored_post_desc":"","disable_ad":"0"},"jnews_primary_category":{"id":"9","hide":""},"footnotes":""},"categories":[9],"tags":[61,13],"class_list":["post-41670","post","type-post","status-publish","format-standard","has-post-thumbnail","hentry","category-news","tag-quartalszahlen","tag-techpatient"],"yoast_head":"<!-- This site is optimized with the Yoast SEO Premium plugin v27.5 (Yoast SEO v27.5) - https:\/\/yoast.com\/product\/yoast-seo-premium-wordpress\/ -->\n<title>Q1\/2024: Apple \u00f6ffnet Anfang Februar die B\u00fccher Apfelpatient<\/title>\n<meta name=\"description\" content=\"Erfahre alles \u00fcber Apples Quartalsbericht Q1\/2024, insbesondere im Hinblick auf den Erfolg von iPhone 15 und iPhone 15 Pro und mehr.\" \/>\n<meta name=\"robots\" content=\"index, follow, max-snippet:-1, max-image-preview:large, max-video-preview:-1\" \/>\n<link rel=\"canonical\" href=\"https:\/\/www.apfelpatient.de\/en\/news\/q1-2024-apple-opens-the-books-in-early-february\" \/>\n<meta property=\"og:locale\" content=\"en_US\" \/>\n<meta property=\"og:type\" content=\"article\" \/>\n<meta property=\"og:title\" content=\"Q1\/2024: Apple \u00f6ffnet Anfang Februar die B\u00fccher\" \/>\n<meta property=\"og:description\" content=\"Erfahre alles \u00fcber Apples Quartalsbericht Q1\/2024, insbesondere im Hinblick auf den Erfolg von iPhone 15 und iPhone 15 Pro und mehr.\" \/>\n<meta property=\"og:url\" content=\"https:\/\/www.apfelpatient.de\/en\/news\/q1-2024-apple-opens-the-books-in-early-february\" \/>\n<meta property=\"og:site_name\" content=\"Apfelpatient\" \/>\n<meta property=\"article:publisher\" content=\"https:\/\/www.facebook.com\/apfelpatientOfficial\" \/>\n<meta property=\"article:author\" content=\"https:\/\/www.facebook.com\/apfelpatientOfficial\" \/>\n<meta property=\"article:published_time\" content=\"2024-01-08T16:58:40+00:00\" \/>\n<meta property=\"article:modified_time\" content=\"2024-02-01T21:45:40+00:00\" \/>\n<meta property=\"og:image\" content=\"https:\/\/www.apfelpatient.de\/wp-content\/uploads\/2024\/01\/bigstock-Stock-Market-Graph-9655973.jpg\" \/>\n\t<meta property=\"og:image:width\" content=\"1600\" \/>\n\t<meta property=\"og:image:height\" content=\"1000\" \/>\n\t<meta property=\"og:image:type\" content=\"image\/jpeg\" \/>\n<meta name=\"author\" content=\"Milan\" \/>\n<meta name=\"twitter:card\" content=\"summary_large_image\" \/>\n<meta name=\"twitter:description\" content=\"Erfahre alles \u00fcber Apples Quartalsbericht Q1\/2024, insbesondere im Hinblick auf den Erfolg von iPhone 15 und iPhone 15 Pro und mehr.\" \/>\n<meta name=\"twitter:label1\" content=\"Written by\" \/>\n\t<meta name=\"twitter:data1\" content=\"Milan\" \/>\n\t<meta name=\"twitter:label2\" content=\"Est. reading time\" \/>\n\t<meta name=\"twitter:data2\" content=\"1 minute\" \/>\n<script type=\"application\/ld+json\" class=\"yoast-schema-graph\">{\"@context\":\"https:\\\/\\\/schema.org\",\"@graph\":[{\"@type\":\"NewsArticle\",\"@id\":\"https:\\\/\\\/www.apfelpatient.de\\\/news\\\/q1-2024-apple-oeffnet-anfang-februar-die-buecher#article\",\"isPartOf\":{\"@id\":\"https:\\\/\\\/www.apfelpatient.de\\\/news\\\/q1-2024-apple-oeffnet-anfang-februar-die-buecher\"},\"author\":{\"@type\":\"Organization\",\"@id\":\"https:\\\/\\\/www.apfelpatient.de\\\/en\\\/#organization\",\"name\":\"Apfelpatient\",\"url\":\"https:\\\/\\\/www.apfelpatient.de\\\/en\\\/\"},\"headline\":\"Q1\\\/2024: Apple \u00f6ffnet Anfang Februar die B\u00fccher\",\"datePublished\":\"2024-01-08T16:58:40+00:00\",\"dateModified\":\"2024-02-01T21:45:40+00:00\",\"mainEntityOfPage\":{\"@id\":\"https:\\\/\\\/www.apfelpatient.de\\\/news\\\/q1-2024-apple-oeffnet-anfang-februar-die-buecher\"},\"wordCount\":398,\"publisher\":{\"@type\":\"Organization\",\"@id\":\"https:\\\/\\\/www.apfelpatient.de\\\/en\\\/#organization\",\"name\":\"Apfelpatient\",\"url\":\"https:\\\/\\\/www.apfelpatient.de\\\/en\\\/\"},\"image\":{\"@id\":\"https:\\\/\\\/www.apfelpatient.de\\\/news\\\/q1-2024-apple-oeffnet-anfang-februar-die-buecher#primaryimage\"},\"thumbnailUrl\":\"https:\\\/\\\/www.apfelpatient.de\\\/wp-content\\\/uploads\\\/2024\\\/01\\\/bigstock-Stock-Market-Graph-9655973.jpg\",\"keywords\":[\"Quartalszahlen\",\"TechPatient\"],\"articleSection\":\"News\",\"inLanguage\":\"en-US\",\"copyrightYear\":\"2024\",\"copyrightHolder\":{\"@id\":\"https:\\\/\\\/www.apfelpatient.de\\\/en\\\/#organization\"}},{\"@type\":\"WebPage\",\"@id\":\"https:\\\/\\\/www.apfelpatient.de\\\/news\\\/q1-2024-apple-oeffnet-anfang-februar-die-buecher\",\"url\":\"https:\\\/\\\/www.apfelpatient.de\\\/news\\\/q1-2024-apple-oeffnet-anfang-februar-die-buecher\",\"name\":\"Q1\\\/2024: Apple \u00f6ffnet Anfang Februar die B\u00fccher Apfelpatient\",\"isPartOf\":{\"@id\":\"https:\\\/\\\/www.apfelpatient.de\\\/#website\"},\"primaryImageOfPage\":{\"@id\":\"https:\\\/\\\/www.apfelpatient.de\\\/news\\\/q1-2024-apple-oeffnet-anfang-februar-die-buecher#primaryimage\"},\"image\":{\"@id\":\"https:\\\/\\\/www.apfelpatient.de\\\/news\\\/q1-2024-apple-oeffnet-anfang-februar-die-buecher#primaryimage\"},\"thumbnailUrl\":\"https:\\\/\\\/www.apfelpatient.de\\\/wp-content\\\/uploads\\\/2024\\\/01\\\/bigstock-Stock-Market-Graph-9655973.jpg\",\"datePublished\":\"2024-01-08T16:58:40+00:00\",\"dateModified\":\"2024-02-01T21:45:40+00:00\",\"description\":\"Erfahre alles \u00fcber Apples Quartalsbericht Q1\\\/2024, insbesondere im Hinblick auf den Erfolg von iPhone 15 und iPhone 15 Pro und mehr.\",\"breadcrumb\":{\"@id\":\"https:\\\/\\\/www.apfelpatient.de\\\/news\\\/q1-2024-apple-oeffnet-anfang-februar-die-buecher#breadcrumb\"},\"inLanguage\":\"en-US\",\"potentialAction\":[{\"@type\":\"ReadAction\",\"target\":[\"https:\\\/\\\/www.apfelpatient.de\\\/news\\\/q1-2024-apple-oeffnet-anfang-februar-die-buecher\"]}]},{\"@type\":\"ImageObject\",\"inLanguage\":\"en-US\",\"@id\":\"https:\\\/\\\/www.apfelpatient.de\\\/news\\\/q1-2024-apple-oeffnet-anfang-februar-die-buecher#primaryimage\",\"url\":\"https:\\\/\\\/www.apfelpatient.de\\\/wp-content\\\/uploads\\\/2024\\\/01\\\/bigstock-Stock-Market-Graph-9655973.jpg\",\"contentUrl\":\"https:\\\/\\\/www.apfelpatient.de\\\/wp-content\\\/uploads\\\/2024\\\/01\\\/bigstock-Stock-Market-Graph-9655973.jpg\",\"width\":1600,\"height\":1000,\"caption\":\"3d rendered illustration of a stock market\"},{\"@type\":\"BreadcrumbList\",\"@id\":\"https:\\\/\\\/www.apfelpatient.de\\\/news\\\/q1-2024-apple-oeffnet-anfang-februar-die-buecher#breadcrumb\",\"itemListElement\":[{\"@type\":\"ListItem\",\"position\":1,\"name\":\"Startseite\",\"item\":\"https:\\\/\\\/www.apfelpatient.de\\\/\"},{\"@type\":\"ListItem\",\"position\":2,\"name\":\"Q1\\\/2024: Apple \u00f6ffnet Anfang Februar die B\u00fccher\"}]},{\"@type\":\"WebSite\",\"@id\":\"https:\\\/\\\/www.apfelpatient.de\\\/#website\",\"url\":\"https:\\\/\\\/www.apfelpatient.de\\\/\",\"name\":\"Apfelpatient\",\"description\":\"Alles rund um Apple!\",\"publisher\":{\"@type\":\"Organization\",\"@id\":\"https:\\\/\\\/www.apfelpatient.de\\\/en\\\/#organization\",\"name\":\"Apfelpatient\",\"url\":\"https:\\\/\\\/www.apfelpatient.de\\\/en\\\/\"},\"alternateName\":\"Apfelpatient\",\"potentialAction\":[{\"@type\":\"SearchAction\",\"target\":{\"@type\":\"EntryPoint\",\"urlTemplate\":\"https:\\\/\\\/www.apfelpatient.de\\\/?s={search_term_string}\"},\"query-input\":{\"@type\":\"PropertyValueSpecification\",\"valueRequired\":true,\"valueName\":\"search_term_string\"}}],\"inLanguage\":\"en-US\"},{\"@type\":[\"Person\",\"Organization\"],\"@id\":\"https:\\\/\\\/www.apfelpatient.de\\\/#\\\/schema\\\/person\\\/7dc56ad6c8e9824b76d2c08d4c140e13\",\"name\":\"Milan\",\"logo\":{\"@id\":\"https:\\\/\\\/www.apfelpatient.de\\\/#\\\/schema\\\/person\\\/image\\\/\"},\"description\":\"Hallo und herzlich willkommen auf meinem Technik-Blog! Als gro\u00dfer Apple-Fan berichte ich hier \u00fcber alles, was mit Apple zu tun hat: von den neuesten News und spannenden Ger\u00fcchten \u00fcber hilfreiche Tipps und Tricks bis hin zu ausf\u00fchrlichen Produkttests. Wenn du genauso technikbegeistert bist wie ich, bist du hier genau richtig!\",\"sameAs\":[\"https:\\\/\\\/www.facebook.com\\\/apfelpatientOfficial\",\"https:\\\/\\\/www.linkedin.com\\\/in\\\/milan-jovicic-42aa0231b\"],\"url\":\"https:\\\/\\\/www.apfelpatient.de\\\/en\\\/author\\\/apfeladmin\"}]}<\/script>\n<!-- \/ Yoast SEO Premium plugin. -->","yoast_head_json":{"title":"Q1\/2024: Apple opens its books in early February Apfelpatient","description":"Learn all about Apple&#039;s Q1\/2024 quarterly report, especially regarding the success of iPhone 15 and iPhone 15 Pro and more.","robots":{"index":"index","follow":"follow","max-snippet":"max-snippet:-1","max-image-preview":"max-image-preview:large","max-video-preview":"max-video-preview:-1"},"canonical":"https:\/\/www.apfelpatient.de\/en\/news\/q1-2024-apple-opens-the-books-in-early-february","og_locale":"en_US","og_type":"article","og_title":"Q1\/2024: Apple \u00f6ffnet Anfang Februar die B\u00fccher","og_description":"Erfahre alles \u00fcber Apples Quartalsbericht Q1\/2024, insbesondere im Hinblick auf den Erfolg von iPhone 15 und iPhone 15 Pro und mehr.","og_url":"https:\/\/www.apfelpatient.de\/en\/news\/q1-2024-apple-opens-the-books-in-early-february","og_site_name":"Apfelpatient","article_publisher":"https:\/\/www.facebook.com\/apfelpatientOfficial","article_author":"https:\/\/www.facebook.com\/apfelpatientOfficial","article_published_time":"2024-01-08T16:58:40+00:00","article_modified_time":"2024-02-01T21:45:40+00:00","og_image":[{"width":1600,"height":1000,"url":"https:\/\/www.apfelpatient.de\/wp-content\/uploads\/2024\/01\/bigstock-Stock-Market-Graph-9655973.jpg","type":"image\/jpeg"}],"author":"Milan","twitter_card":"summary_large_image","twitter_description":"Erfahre alles \u00fcber Apples Quartalsbericht Q1\/2024, insbesondere im Hinblick auf den Erfolg von iPhone 15 und iPhone 15 Pro und mehr.","twitter_misc":{"Written by":"Milan","Est. reading time":"1 minute"},"schema":{"@context":"https:\/\/schema.org","@graph":[{"@type":"NewsArticle","@id":"https:\/\/www.apfelpatient.de\/news\/q1-2024-apple-oeffnet-anfang-februar-die-buecher#article","isPartOf":{"@id":"https:\/\/www.apfelpatient.de\/news\/q1-2024-apple-oeffnet-anfang-februar-die-buecher"},"author":{"@type":"Organization","@id":"https:\/\/www.apfelpatient.de\/en\/#organization","name":"Apfelpatient","url":"https:\/\/www.apfelpatient.de\/en\/"},"headline":"Q1\/2024: Apple \u00f6ffnet Anfang Februar die B\u00fccher","datePublished":"2024-01-08T16:58:40+00:00","dateModified":"2024-02-01T21:45:40+00:00","mainEntityOfPage":{"@id":"https:\/\/www.apfelpatient.de\/news\/q1-2024-apple-oeffnet-anfang-februar-die-buecher"},"wordCount":398,"publisher":{"@type":"Organization","@id":"https:\/\/www.apfelpatient.de\/en\/#organization","name":"Apfelpatient","url":"https:\/\/www.apfelpatient.de\/en\/"},"image":{"@id":"https:\/\/www.apfelpatient.de\/news\/q1-2024-apple-oeffnet-anfang-februar-die-buecher#primaryimage"},"thumbnailUrl":"https:\/\/www.apfelpatient.de\/wp-content\/uploads\/2024\/01\/bigstock-Stock-Market-Graph-9655973.jpg","keywords":["Quartalszahlen","TechPatient"],"articleSection":"News","inLanguage":"en-US","copyrightYear":"2024","copyrightHolder":{"@id":"https:\/\/www.apfelpatient.de\/en\/#organization"}},{"@type":"WebPage","@id":"https:\/\/www.apfelpatient.de\/news\/q1-2024-apple-oeffnet-anfang-februar-die-buecher","url":"https:\/\/www.apfelpatient.de\/news\/q1-2024-apple-oeffnet-anfang-februar-die-buecher","name":"Q1\/2024: Apple opens its books in early February Apfelpatient","isPartOf":{"@id":"https:\/\/www.apfelpatient.de\/#website"},"primaryImageOfPage":{"@id":"https:\/\/www.apfelpatient.de\/news\/q1-2024-apple-oeffnet-anfang-februar-die-buecher#primaryimage"},"image":{"@id":"https:\/\/www.apfelpatient.de\/news\/q1-2024-apple-oeffnet-anfang-februar-die-buecher#primaryimage"},"thumbnailUrl":"https:\/\/www.apfelpatient.de\/wp-content\/uploads\/2024\/01\/bigstock-Stock-Market-Graph-9655973.jpg","datePublished":"2024-01-08T16:58:40+00:00","dateModified":"2024-02-01T21:45:40+00:00","description":"Learn all about Apple&#039;s Q1\/2024 quarterly report, especially regarding the success of iPhone 15 and iPhone 15 Pro and more.","breadcrumb":{"@id":"https:\/\/www.apfelpatient.de\/news\/q1-2024-apple-oeffnet-anfang-februar-die-buecher#breadcrumb"},"inLanguage":"en-US","potentialAction":[{"@type":"ReadAction","target":["https:\/\/www.apfelpatient.de\/news\/q1-2024-apple-oeffnet-anfang-februar-die-buecher"]}]},{"@type":"ImageObject","inLanguage":"en-US","@id":"https:\/\/www.apfelpatient.de\/news\/q1-2024-apple-oeffnet-anfang-februar-die-buecher#primaryimage","url":"https:\/\/www.apfelpatient.de\/wp-content\/uploads\/2024\/01\/bigstock-Stock-Market-Graph-9655973.jpg","contentUrl":"https:\/\/www.apfelpatient.de\/wp-content\/uploads\/2024\/01\/bigstock-Stock-Market-Graph-9655973.jpg","width":1600,"height":1000,"caption":"3d rendered illustration of a stock market"},{"@type":"BreadcrumbList","@id":"https:\/\/www.apfelpatient.de\/news\/q1-2024-apple-oeffnet-anfang-februar-die-buecher#breadcrumb","itemListElement":[{"@type":"ListItem","position":1,"name":"Startseite","item":"https:\/\/www.apfelpatient.de\/"},{"@type":"ListItem","position":2,"name":"Q1\/2024: Apple \u00f6ffnet Anfang Februar die B\u00fccher"}]},{"@type":"WebSite","@id":"https:\/\/www.apfelpatient.de\/#website","url":"https:\/\/www.apfelpatient.de\/","name":"apple patient","description":"Everything about Apple!","publisher":{"@type":"Organization","@id":"https:\/\/www.apfelpatient.de\/en\/#organization","name":"Apfelpatient","url":"https:\/\/www.apfelpatient.de\/en\/"},"alternateName":"Apfelpatient","potentialAction":[{"@type":"SearchAction","target":{"@type":"EntryPoint","urlTemplate":"https:\/\/www.apfelpatient.de\/?s={search_term_string}"},"query-input":{"@type":"PropertyValueSpecification","valueRequired":true,"valueName":"search_term_string"}}],"inLanguage":"en-US"},{"@type":["Person","Organization"],"@id":"https:\/\/www.apfelpatient.de\/#\/schema\/person\/7dc56ad6c8e9824b76d2c08d4c140e13","name":"Milan","logo":{"@id":"https:\/\/www.apfelpatient.de\/#\/schema\/person\/image\/"},"description":"Hello and welcome to my technology blog! As a big Apple fan, I report on everything to do with Apple: from the latest news and exciting rumors to helpful tips and tricks and detailed product tests. If you are as enthusiastic about technology as I am, you have come to the right place!","sameAs":["https:\/\/www.facebook.com\/apfelpatientOfficial","https:\/\/www.linkedin.com\/in\/milan-jovicic-42aa0231b"],"url":"https:\/\/www.apfelpatient.de\/en\/author\/apfeladmin"}]}},"_links":{"self":[{"href":"https:\/\/www.apfelpatient.de\/en\/wp-json\/wp\/v2\/posts\/41670","targetHints":{"allow":["GET"]}}],"collection":[{"href":"https:\/\/www.apfelpatient.de\/en\/wp-json\/wp\/v2\/posts"}],"about":[{"href":"https:\/\/www.apfelpatient.de\/en\/wp-json\/wp\/v2\/types\/post"}],"author":[{"embeddable":true,"href":"https:\/\/www.apfelpatient.de\/en\/wp-json\/wp\/v2\/users\/2"}],"replies":[{"embeddable":true,"href":"https:\/\/www.apfelpatient.de\/en\/wp-json\/wp\/v2\/comments?post=41670"}],"version-history":[{"count":0,"href":"https:\/\/www.apfelpatient.de\/en\/wp-json\/wp\/v2\/posts\/41670\/revisions"}],"wp:featuredmedia":[{"embeddable":true,"href":"https:\/\/www.apfelpatient.de\/en\/wp-json\/wp\/v2\/media\/41672"}],"wp:attachment":[{"href":"https:\/\/www.apfelpatient.de\/en\/wp-json\/wp\/v2\/media?parent=41670"}],"wp:term":[{"taxonomy":"category","embeddable":true,"href":"https:\/\/www.apfelpatient.de\/en\/wp-json\/wp\/v2\/categories?post=41670"},{"taxonomy":"post_tag","embeddable":true,"href":"https:\/\/www.apfelpatient.de\/en\/wp-json\/wp\/v2\/tags?post=41670"}],"curies":[{"name":"wp","href":"https:\/\/api.w.org\/{rel}","templated":true}]}}