{"id":4164,"date":"2019-04-23T22:39:50","date_gmt":"2019-04-23T20:39:50","guid":{"rendered":"https:\/\/www.apfelpatient.de\/?p=4164"},"modified":"2025-02-06T07:22:18","modified_gmt":"2025-02-06T06:22:18","slug":"powerbeats-pro-limited-color-selection-at-market-launch","status":"publish","type":"post","link":"https:\/\/www.apfelpatient.de\/en\/news\/powerbeats-pro-eingeschraenkte-farbauswahl-bei-marktstart","title":{"rendered":"Powerbeats Pro limited color selection at market launch"},"content":{"rendered":"<p><strong>At the beginning of April, Apple announced the new Powerbeats Pro - the new wireless headphones were previously discovered in an iOS 12.2 beta. Now there are new details about the market launch of the Beats headphones.<\/strong><\/p>\n<p>The new Powerbeats Pro are the successors to the Powerbeats 3 generation. The biggest difference to their predecessors: they are no longer wired. Like the AirPods, they are stored in a charging case. According to the description, the Powerbeats Pro should last a full nine hours.<\/p>\n<p><strong>With acceleration sensors<\/strong><\/p>\n<p>The new headphones will cost 250 $ and will be available from May. According to Apple, the Powerbeats Pro deliver &quot;powerful, balanced sound with dynamic range and noise isolation for a premium listening experience.&quot; The Powerbeats Pro are sweat and water resistant and include the Powerbeats ear hooks in four sizes. There are physical controls on each earpiece - these buttons are used to adjust the volume and answer phone calls. They also have accelerometers like the AirPods - so the Powerbeats Pro can detect whether the user has the earpiece in their ear or not - the music is played or paused accordingly. The &quot;Hey Siri&quot; function is also on board.<\/p>\n<p><strong>Color selection is not available for now<\/strong><\/p>\n<p class=\"p1\"><\/p>\n<p>The Powerbeats Pro come in their own charging case \u2013 similar to the AirPods. The case provides a total of 24 hours of battery life. There is also a quick charge function \u2013 this should enable up to 1.5 hours of battery life in five minutes. The heart of the new Beats is the same H1 chip that was already in the <a href=\"https:\/\/www.apfelpatient.de\/en\">AirPods 2<\/a> was installed. According to the description, the Powerbeats Pro are available in four colors: black, ivory, moss green and navy blue. Now Apple has changed its plan. At launch, the Powerbeats Pro will only be available in black - the remaining colors will follow in the summer, according to the announcement. Why Cupertino has now decided differently has not been commented on. At launch, the wireless headphones will be available in over 20 countries.<\/p>\n<p><em>Market launch in: Germany, USA, Canada, Liechtenstein, Luxembourg, Macau, Netherlands, New Zealand, Norway, Austria, Finland, France, Greece, Hong Kong, Ireland, Italy, Japan, Portugal, Puerto Rico, Singapore, Spain, Sweden, Switzerland, Australia, Belgium, Denmark and Great Britain.<\/em><\/p>\n<h6><a href=\"https:\/\/t.me\/apfelpatient_official\"><em><strong>Don&#039;t want to miss any more news? Then subscribe to our Telegram channel here<\/strong><\/em><\/a><\/h6>","protected":false},"excerpt":{"rendered":"<p>Anfang April hat Apple die neuen Powerbeats Pro angek\u00fcndigt &#8211; die neuen kabellosen Kopfh\u00f6rer wurden bereits zuvor in einer iOS 12.2 Beta entdeckt. Nun gibt es neue Details zum Marktstart der Beats Kopfh\u00f6rer. Die neuen Powerbeats Pro sind die Nachfolger der Powerbeats 3 Generation. Der gr\u00f6\u00dfte Unterschied zum Vorg\u00e4nger: sie sind nicht mehr kabelgebunden. Sie [&hellip;]<\/p>\n","protected":false},"author":2,"featured_media":4016,"comment_status":"open","ping_status":"open","sticky":false,"template":"","format":"standard","meta":{"jnews-multi-image_gallery":[],"jnews_single_post":[],"jnews_primary_category":[],"footnotes":""},"categories":[9],"tags":[251],"class_list":["post-4164","post","type-post","status-publish","format-standard","has-post-thumbnail","hentry","category-news","tag-powerbeats-pro"],"yoast_head":"<!-- This site is optimized with the Yoast SEO Premium plugin v27.5 (Yoast SEO v27.5) - https:\/\/yoast.com\/product\/yoast-seo-premium-wordpress\/ -->\n<title>Powerbeats Pro eingeschr\u00e4nkte Farbauswahl bei Marktstart Apfelpatient<\/title>\n<meta name=\"description\" content=\"- Anfang April hat Apple die neuen Powerbeats Pro angek\u00fcndigt - die neuen kabellosen Kopfh\u00f6rer wurden bereits zuvor in einer iOS 12.2 Beta entdeckt. Nun gibt es neue Details zum Marktstart der Beats Kopfh\u00f6rer.\" \/>\n<meta name=\"robots\" content=\"index, follow, max-snippet:-1, max-image-preview:large, max-video-preview:-1\" \/>\n<link rel=\"canonical\" href=\"https:\/\/www.apfelpatient.de\/en\/news\/powerbeats-pro-limited-color-selection-at-market-launch\" \/>\n<meta property=\"og:locale\" content=\"en_US\" \/>\n<meta property=\"og:type\" content=\"article\" \/>\n<meta property=\"og:title\" content=\"Powerbeats Pro eingeschr\u00e4nkte Farbauswahl bei Marktstart\" \/>\n<meta property=\"og:description\" content=\"- Anfang April hat Apple die neuen Powerbeats Pro angek\u00fcndigt - die neuen kabellosen Kopfh\u00f6rer wurden bereits zuvor in einer iOS 12.2 Beta entdeckt. Nun gibt es neue Details zum Marktstart der Beats Kopfh\u00f6rer.\" \/>\n<meta property=\"og:url\" content=\"https:\/\/www.apfelpatient.de\/en\/news\/powerbeats-pro-limited-color-selection-at-market-launch\" \/>\n<meta property=\"og:site_name\" content=\"Apfelpatient\" \/>\n<meta property=\"article:publisher\" content=\"https:\/\/www.facebook.com\/apfelpatientOfficial\" \/>\n<meta property=\"article:author\" content=\"https:\/\/www.facebook.com\/apfelpatientOfficial\" \/>\n<meta property=\"article:published_time\" content=\"2019-04-23T20:39:50+00:00\" \/>\n<meta property=\"article:modified_time\" content=\"2025-02-06T06:22:18+00:00\" \/>\n<meta property=\"og:image\" content=\"https:\/\/www.apfelpatient.de\/wp-content\/uploads\/2019\/04\/Ivory-PowerBeats-Pro-RGB-Angle04_v10.jpg\" \/>\n\t<meta property=\"og:image:width\" content=\"7500\" \/>\n\t<meta property=\"og:image:height\" content=\"4250\" \/>\n\t<meta property=\"og:image:type\" content=\"image\/jpeg\" \/>\n<meta name=\"author\" content=\"Milan\" \/>\n<meta name=\"twitter:card\" content=\"summary_large_image\" \/>\n<meta name=\"twitter:label1\" content=\"Written by\" \/>\n\t<meta name=\"twitter:data1\" content=\"Milan\" \/>\n\t<meta name=\"twitter:label2\" content=\"Est. reading time\" \/>\n\t<meta name=\"twitter:data2\" content=\"2 minutes\" \/>\n<script type=\"application\/ld+json\" class=\"yoast-schema-graph\">{\"@context\":\"https:\\\/\\\/schema.org\",\"@graph\":[{\"@type\":\"NewsArticle\",\"@id\":\"https:\\\/\\\/www.apfelpatient.de\\\/news\\\/powerbeats-pro-eingeschraenkte-farbauswahl-bei-marktstart#article\",\"isPartOf\":{\"@id\":\"https:\\\/\\\/www.apfelpatient.de\\\/news\\\/powerbeats-pro-eingeschraenkte-farbauswahl-bei-marktstart\"},\"author\":{\"@type\":\"Organization\",\"@id\":\"https:\\\/\\\/www.apfelpatient.de\\\/en\\\/#organization\",\"name\":\"Apfelpatient\",\"url\":\"https:\\\/\\\/www.apfelpatient.de\\\/en\\\/\"},\"headline\":\"Powerbeats Pro eingeschr\u00e4nkte Farbauswahl bei Marktstart\",\"datePublished\":\"2019-04-23T20:39:50+00:00\",\"dateModified\":\"2025-02-06T06:22:18+00:00\",\"mainEntityOfPage\":{\"@id\":\"https:\\\/\\\/www.apfelpatient.de\\\/news\\\/powerbeats-pro-eingeschraenkte-farbauswahl-bei-marktstart\"},\"wordCount\":385,\"commentCount\":0,\"publisher\":{\"@type\":\"Organization\",\"@id\":\"https:\\\/\\\/www.apfelpatient.de\\\/en\\\/#organization\",\"name\":\"Apfelpatient\",\"url\":\"https:\\\/\\\/www.apfelpatient.de\\\/en\\\/\"},\"image\":{\"@id\":\"https:\\\/\\\/www.apfelpatient.de\\\/news\\\/powerbeats-pro-eingeschraenkte-farbauswahl-bei-marktstart#primaryimage\"},\"thumbnailUrl\":\"https:\\\/\\\/www.apfelpatient.de\\\/wp-content\\\/uploads\\\/2019\\\/04\\\/Ivory-PowerBeats-Pro-RGB-Angle04_v10.jpg\",\"keywords\":[\"Powerbeats Pro\"],\"articleSection\":\"News\",\"inLanguage\":\"en-US\",\"potentialAction\":[{\"@type\":\"CommentAction\",\"name\":\"Comment\",\"target\":[\"https:\\\/\\\/www.apfelpatient.de\\\/news\\\/powerbeats-pro-eingeschraenkte-farbauswahl-bei-marktstart#respond\"]}],\"copyrightYear\":\"2019\",\"copyrightHolder\":{\"@id\":\"https:\\\/\\\/www.apfelpatient.de\\\/en\\\/#organization\"}},{\"@type\":\"WebPage\",\"@id\":\"https:\\\/\\\/www.apfelpatient.de\\\/news\\\/powerbeats-pro-eingeschraenkte-farbauswahl-bei-marktstart\",\"url\":\"https:\\\/\\\/www.apfelpatient.de\\\/news\\\/powerbeats-pro-eingeschraenkte-farbauswahl-bei-marktstart\",\"name\":\"Powerbeats Pro eingeschr\u00e4nkte Farbauswahl bei Marktstart Apfelpatient\",\"isPartOf\":{\"@id\":\"https:\\\/\\\/www.apfelpatient.de\\\/#website\"},\"primaryImageOfPage\":{\"@id\":\"https:\\\/\\\/www.apfelpatient.de\\\/news\\\/powerbeats-pro-eingeschraenkte-farbauswahl-bei-marktstart#primaryimage\"},\"image\":{\"@id\":\"https:\\\/\\\/www.apfelpatient.de\\\/news\\\/powerbeats-pro-eingeschraenkte-farbauswahl-bei-marktstart#primaryimage\"},\"thumbnailUrl\":\"https:\\\/\\\/www.apfelpatient.de\\\/wp-content\\\/uploads\\\/2019\\\/04\\\/Ivory-PowerBeats-Pro-RGB-Angle04_v10.jpg\",\"datePublished\":\"2019-04-23T20:39:50+00:00\",\"dateModified\":\"2025-02-06T06:22:18+00:00\",\"description\":\"- Anfang April hat Apple die neuen Powerbeats Pro angek\u00fcndigt - die neuen kabellosen Kopfh\u00f6rer wurden bereits zuvor in einer iOS 12.2 Beta entdeckt. Nun gibt es neue Details zum Marktstart der Beats Kopfh\u00f6rer.\",\"breadcrumb\":{\"@id\":\"https:\\\/\\\/www.apfelpatient.de\\\/news\\\/powerbeats-pro-eingeschraenkte-farbauswahl-bei-marktstart#breadcrumb\"},\"inLanguage\":\"en-US\",\"potentialAction\":[{\"@type\":\"ReadAction\",\"target\":[\"https:\\\/\\\/www.apfelpatient.de\\\/news\\\/powerbeats-pro-eingeschraenkte-farbauswahl-bei-marktstart\"]}]},{\"@type\":\"ImageObject\",\"inLanguage\":\"en-US\",\"@id\":\"https:\\\/\\\/www.apfelpatient.de\\\/news\\\/powerbeats-pro-eingeschraenkte-farbauswahl-bei-marktstart#primaryimage\",\"url\":\"https:\\\/\\\/www.apfelpatient.de\\\/wp-content\\\/uploads\\\/2019\\\/04\\\/Ivory-PowerBeats-Pro-RGB-Angle04_v10.jpg\",\"contentUrl\":\"https:\\\/\\\/www.apfelpatient.de\\\/wp-content\\\/uploads\\\/2019\\\/04\\\/Ivory-PowerBeats-Pro-RGB-Angle04_v10.jpg\",\"width\":7500,\"height\":4250,\"caption\":\"Bild: Apple\"},{\"@type\":\"BreadcrumbList\",\"@id\":\"https:\\\/\\\/www.apfelpatient.de\\\/news\\\/powerbeats-pro-eingeschraenkte-farbauswahl-bei-marktstart#breadcrumb\",\"itemListElement\":[{\"@type\":\"ListItem\",\"position\":1,\"name\":\"Startseite\",\"item\":\"https:\\\/\\\/www.apfelpatient.de\\\/\"},{\"@type\":\"ListItem\",\"position\":2,\"name\":\"Powerbeats Pro eingeschr\u00e4nkte Farbauswahl bei Marktstart\"}]},{\"@type\":\"WebSite\",\"@id\":\"https:\\\/\\\/www.apfelpatient.de\\\/#website\",\"url\":\"https:\\\/\\\/www.apfelpatient.de\\\/\",\"name\":\"Apfelpatient\",\"description\":\"Alles rund um Apple!\",\"publisher\":{\"@type\":\"Organization\",\"@id\":\"https:\\\/\\\/www.apfelpatient.de\\\/en\\\/#organization\",\"name\":\"Apfelpatient\",\"url\":\"https:\\\/\\\/www.apfelpatient.de\\\/en\\\/\"},\"alternateName\":\"Apfelpatient\",\"potentialAction\":[{\"@type\":\"SearchAction\",\"target\":{\"@type\":\"EntryPoint\",\"urlTemplate\":\"https:\\\/\\\/www.apfelpatient.de\\\/?s={search_term_string}\"},\"query-input\":{\"@type\":\"PropertyValueSpecification\",\"valueRequired\":true,\"valueName\":\"search_term_string\"}}],\"inLanguage\":\"en-US\"},{\"@type\":[\"Person\",\"Organization\"],\"@id\":\"https:\\\/\\\/www.apfelpatient.de\\\/#\\\/schema\\\/person\\\/7dc56ad6c8e9824b76d2c08d4c140e13\",\"name\":\"Milan\",\"logo\":{\"@id\":\"https:\\\/\\\/www.apfelpatient.de\\\/#\\\/schema\\\/person\\\/image\\\/\"},\"description\":\"Hallo und herzlich willkommen auf meinem Technik-Blog! Als gro\u00dfer Apple-Fan berichte ich hier \u00fcber alles, was mit Apple zu tun hat: von den neuesten News und spannenden Ger\u00fcchten \u00fcber hilfreiche Tipps und Tricks bis hin zu ausf\u00fchrlichen Produkttests. Wenn du genauso technikbegeistert bist wie ich, bist du hier genau richtig!\",\"sameAs\":[\"https:\\\/\\\/www.facebook.com\\\/apfelpatientOfficial\",\"https:\\\/\\\/www.linkedin.com\\\/in\\\/milan-jovicic-42aa0231b\"],\"url\":\"https:\\\/\\\/www.apfelpatient.de\\\/en\\\/author\\\/apfeladmin\"}]}<\/script>\n<!-- \/ Yoast SEO Premium plugin. -->","yoast_head_json":{"title":"Powerbeats Pro limited color selection at market launch Apfelpatient","description":"- At the beginning of April, Apple announced the new Powerbeats Pro - the new wireless headphones were previously discovered in an iOS 12.2 beta. Now there are new details about the market launch of the Beats headphones.","robots":{"index":"index","follow":"follow","max-snippet":"max-snippet:-1","max-image-preview":"max-image-preview:large","max-video-preview":"max-video-preview:-1"},"canonical":"https:\/\/www.apfelpatient.de\/en\/news\/powerbeats-pro-limited-color-selection-at-market-launch","og_locale":"en_US","og_type":"article","og_title":"Powerbeats Pro eingeschr\u00e4nkte Farbauswahl bei Marktstart","og_description":"- Anfang April hat Apple die neuen Powerbeats Pro angek\u00fcndigt - die neuen kabellosen Kopfh\u00f6rer wurden bereits zuvor in einer iOS 12.2 Beta entdeckt. Nun gibt es neue Details zum Marktstart der Beats Kopfh\u00f6rer.","og_url":"https:\/\/www.apfelpatient.de\/en\/news\/powerbeats-pro-limited-color-selection-at-market-launch","og_site_name":"Apfelpatient","article_publisher":"https:\/\/www.facebook.com\/apfelpatientOfficial","article_author":"https:\/\/www.facebook.com\/apfelpatientOfficial","article_published_time":"2019-04-23T20:39:50+00:00","article_modified_time":"2025-02-06T06:22:18+00:00","og_image":[{"width":7500,"height":4250,"url":"https:\/\/www.apfelpatient.de\/wp-content\/uploads\/2019\/04\/Ivory-PowerBeats-Pro-RGB-Angle04_v10.jpg","type":"image\/jpeg"}],"author":"Milan","twitter_card":"summary_large_image","twitter_misc":{"Written by":"Milan","Est. reading time":"2 minutes"},"schema":{"@context":"https:\/\/schema.org","@graph":[{"@type":"NewsArticle","@id":"https:\/\/www.apfelpatient.de\/news\/powerbeats-pro-eingeschraenkte-farbauswahl-bei-marktstart#article","isPartOf":{"@id":"https:\/\/www.apfelpatient.de\/news\/powerbeats-pro-eingeschraenkte-farbauswahl-bei-marktstart"},"author":{"@type":"Organization","@id":"https:\/\/www.apfelpatient.de\/en\/#organization","name":"Apfelpatient","url":"https:\/\/www.apfelpatient.de\/en\/"},"headline":"Powerbeats Pro eingeschr\u00e4nkte Farbauswahl bei Marktstart","datePublished":"2019-04-23T20:39:50+00:00","dateModified":"2025-02-06T06:22:18+00:00","mainEntityOfPage":{"@id":"https:\/\/www.apfelpatient.de\/news\/powerbeats-pro-eingeschraenkte-farbauswahl-bei-marktstart"},"wordCount":385,"commentCount":0,"publisher":{"@type":"Organization","@id":"https:\/\/www.apfelpatient.de\/en\/#organization","name":"Apfelpatient","url":"https:\/\/www.apfelpatient.de\/en\/"},"image":{"@id":"https:\/\/www.apfelpatient.de\/news\/powerbeats-pro-eingeschraenkte-farbauswahl-bei-marktstart#primaryimage"},"thumbnailUrl":"https:\/\/www.apfelpatient.de\/wp-content\/uploads\/2019\/04\/Ivory-PowerBeats-Pro-RGB-Angle04_v10.jpg","keywords":["Powerbeats Pro"],"articleSection":"News","inLanguage":"en-US","potentialAction":[{"@type":"CommentAction","name":"Comment","target":["https:\/\/www.apfelpatient.de\/news\/powerbeats-pro-eingeschraenkte-farbauswahl-bei-marktstart#respond"]}],"copyrightYear":"2019","copyrightHolder":{"@id":"https:\/\/www.apfelpatient.de\/en\/#organization"}},{"@type":"WebPage","@id":"https:\/\/www.apfelpatient.de\/news\/powerbeats-pro-eingeschraenkte-farbauswahl-bei-marktstart","url":"https:\/\/www.apfelpatient.de\/news\/powerbeats-pro-eingeschraenkte-farbauswahl-bei-marktstart","name":"Powerbeats Pro limited color selection at market launch Apfelpatient","isPartOf":{"@id":"https:\/\/www.apfelpatient.de\/#website"},"primaryImageOfPage":{"@id":"https:\/\/www.apfelpatient.de\/news\/powerbeats-pro-eingeschraenkte-farbauswahl-bei-marktstart#primaryimage"},"image":{"@id":"https:\/\/www.apfelpatient.de\/news\/powerbeats-pro-eingeschraenkte-farbauswahl-bei-marktstart#primaryimage"},"thumbnailUrl":"https:\/\/www.apfelpatient.de\/wp-content\/uploads\/2019\/04\/Ivory-PowerBeats-Pro-RGB-Angle04_v10.jpg","datePublished":"2019-04-23T20:39:50+00:00","dateModified":"2025-02-06T06:22:18+00:00","description":"- At the beginning of April, Apple announced the new Powerbeats Pro - the new wireless headphones were previously discovered in an iOS 12.2 beta. Now there are new details about the market launch of the Beats headphones.","breadcrumb":{"@id":"https:\/\/www.apfelpatient.de\/news\/powerbeats-pro-eingeschraenkte-farbauswahl-bei-marktstart#breadcrumb"},"inLanguage":"en-US","potentialAction":[{"@type":"ReadAction","target":["https:\/\/www.apfelpatient.de\/news\/powerbeats-pro-eingeschraenkte-farbauswahl-bei-marktstart"]}]},{"@type":"ImageObject","inLanguage":"en-US","@id":"https:\/\/www.apfelpatient.de\/news\/powerbeats-pro-eingeschraenkte-farbauswahl-bei-marktstart#primaryimage","url":"https:\/\/www.apfelpatient.de\/wp-content\/uploads\/2019\/04\/Ivory-PowerBeats-Pro-RGB-Angle04_v10.jpg","contentUrl":"https:\/\/www.apfelpatient.de\/wp-content\/uploads\/2019\/04\/Ivory-PowerBeats-Pro-RGB-Angle04_v10.jpg","width":7500,"height":4250,"caption":"Bild: Apple"},{"@type":"BreadcrumbList","@id":"https:\/\/www.apfelpatient.de\/news\/powerbeats-pro-eingeschraenkte-farbauswahl-bei-marktstart#breadcrumb","itemListElement":[{"@type":"ListItem","position":1,"name":"Startseite","item":"https:\/\/www.apfelpatient.de\/"},{"@type":"ListItem","position":2,"name":"Powerbeats Pro eingeschr\u00e4nkte Farbauswahl bei Marktstart"}]},{"@type":"WebSite","@id":"https:\/\/www.apfelpatient.de\/#website","url":"https:\/\/www.apfelpatient.de\/","name":"apple patient","description":"Everything about Apple!","publisher":{"@type":"Organization","@id":"https:\/\/www.apfelpatient.de\/en\/#organization","name":"Apfelpatient","url":"https:\/\/www.apfelpatient.de\/en\/"},"alternateName":"Apfelpatient","potentialAction":[{"@type":"SearchAction","target":{"@type":"EntryPoint","urlTemplate":"https:\/\/www.apfelpatient.de\/?s={search_term_string}"},"query-input":{"@type":"PropertyValueSpecification","valueRequired":true,"valueName":"search_term_string"}}],"inLanguage":"en-US"},{"@type":["Person","Organization"],"@id":"https:\/\/www.apfelpatient.de\/#\/schema\/person\/7dc56ad6c8e9824b76d2c08d4c140e13","name":"Milan","logo":{"@id":"https:\/\/www.apfelpatient.de\/#\/schema\/person\/image\/"},"description":"Hello and welcome to my technology blog! As a big Apple fan, I report on everything to do with Apple: from the latest news and exciting rumors to helpful tips and tricks and detailed product tests. If you are as enthusiastic about technology as I am, you have come to the right place!","sameAs":["https:\/\/www.facebook.com\/apfelpatientOfficial","https:\/\/www.linkedin.com\/in\/milan-jovicic-42aa0231b"],"url":"https:\/\/www.apfelpatient.de\/en\/author\/apfeladmin"}]}},"_links":{"self":[{"href":"https:\/\/www.apfelpatient.de\/en\/wp-json\/wp\/v2\/posts\/4164","targetHints":{"allow":["GET"]}}],"collection":[{"href":"https:\/\/www.apfelpatient.de\/en\/wp-json\/wp\/v2\/posts"}],"about":[{"href":"https:\/\/www.apfelpatient.de\/en\/wp-json\/wp\/v2\/types\/post"}],"author":[{"embeddable":true,"href":"https:\/\/www.apfelpatient.de\/en\/wp-json\/wp\/v2\/users\/2"}],"replies":[{"embeddable":true,"href":"https:\/\/www.apfelpatient.de\/en\/wp-json\/wp\/v2\/comments?post=4164"}],"version-history":[{"count":0,"href":"https:\/\/www.apfelpatient.de\/en\/wp-json\/wp\/v2\/posts\/4164\/revisions"}],"wp:featuredmedia":[{"embeddable":true,"href":"https:\/\/www.apfelpatient.de\/en\/wp-json\/wp\/v2\/media\/4016"}],"wp:attachment":[{"href":"https:\/\/www.apfelpatient.de\/en\/wp-json\/wp\/v2\/media?parent=4164"}],"wp:term":[{"taxonomy":"category","embeddable":true,"href":"https:\/\/www.apfelpatient.de\/en\/wp-json\/wp\/v2\/categories?post=4164"},{"taxonomy":"post_tag","embeddable":true,"href":"https:\/\/www.apfelpatient.de\/en\/wp-json\/wp\/v2\/tags?post=4164"}],"curies":[{"name":"wp","href":"https:\/\/api.w.org\/{rel}","templated":true}]}}