{"id":4150,"date":"2019-04-22T18:33:13","date_gmt":"2019-04-22T16:33:13","guid":{"rendered":"https:\/\/www.apfelpatient.de\/?p=4150"},"modified":"2025-02-06T07:12:06","modified_gmt":"2025-02-06T06:12:06","slug":"samsung-galaxy-fold-market-launch-postponed-by-several-weeks","status":"publish","type":"post","link":"https:\/\/www.apfelpatient.de\/en\/news\/samsung-galaxy-fold-marktstart-um-mehrere-wochen-verschoben","title":{"rendered":"Samsung Galaxy Fold: Market launch postponed by several weeks"},"content":{"rendered":"<p><strong>A few days ago, everything seemed perfect at Samsung. Then countless reports came out about various display problems with the Samsung Galaxy Fold - now the market launch has been postponed by several weeks.<\/strong><\/p>\n<p>Samsung sent some of the Galaxy Fold devices to journalists, influencers, technology bloggers, etc. before the planned market launch - they all failed in a variety of ways. All of the test devices were said to have had a variety of display problems. The reports caused a lot of ridicule around the world. Now Samsung seems to have pulled the handbrake. A sales event planned in China was canceled, and pre-sales of the new folding phone were also stopped. The cancellation was justified by problems at the venue - a lie, because other events around the world were also postponed. The Wall Street Journal claims to have learned from sources close to the company that Samsung only wants to postpone the market launch in order to be able to rework the foldable Galaxy Fold - in the hope of preventing further display failures.<\/p>\n<p><strong>Top or flop?<\/strong><\/p>\n<p class=\"p1\"><\/p>\n<p>In response to the negative press, the company announced the following: &quot;We are conducting a thorough investigation into the problems reported by some testers,&quot; said a Samsung spokeswoman with regard to the earlier failures. &quot;We will announce the results as soon as we have them.&quot; An internal investigation is indeed underway, according to the anonymous source - the problems are said to be due to the way the hinge works. This puts additional pressure on the inner screen when the mechanism is used. Whether Samsung will <a href=\"https:\/\/www.apfelpatient.de\/en\">Problems with the Galaxy Fold<\/a> It remains questionable whether the smartphone will be brought under control \u2013 some observers assume that the new Samsung flip phone will be a $2,000 flop.<\/p>\n<h6><a href=\"https:\/\/t.me\/apfelpatient_official\"><em><strong>Don&#039;t want to miss any more news? Then subscribe to our Telegram channel here<\/strong><\/em><\/a><\/h6>","protected":false},"excerpt":{"rendered":"<p>Vor ein paar Tagen schien im Hause Samsung alles noch perfekt. Dann wurden unz\u00e4hlige Berichte \u00fcber diverse Display-Probleme beim Samsung Galaxy Fold bekannt &#8211; nun wurde der Marktstart um mehrere Wochen verschoben. Samsung hat noch vor der geplanten Markteinf\u00fchrung einige der Galaxy Fold Ger\u00e4te an Journalisten, Influencer, Technik Blogger und Co. verschickt \u2013 sie alle [&hellip;]<\/p>\n","protected":false},"author":2,"featured_media":0,"comment_status":"open","ping_status":"open","sticky":false,"template":"","format":"standard","meta":{"jnews-multi-image_gallery":[],"jnews_single_post":[],"jnews_primary_category":[],"footnotes":""},"categories":[9],"tags":[42,13],"class_list":["post-4150","post","type-post","status-publish","format-standard","hentry","category-news","tag-samsung","tag-techpatient"],"yoast_head":"<!-- This site is optimized with the Yoast SEO Premium plugin v27.5 (Yoast SEO v27.5) - https:\/\/yoast.com\/product\/yoast-seo-premium-wordpress\/ -->\n<title>Samsung Galaxy Fold: Marktstart um mehrere Wochen verschoben Apfelpatient<\/title>\n<meta name=\"description\" content=\"- Vor ein paar Tagen schien im Hause Samsung alles noch perfekt. Dann wurden unz\u00e4hlige Berichte \u00fcber diverse Display-Probleme beim Samsung Galaxy Fold bekannt - nun wurde der Marktstart um mehrere Wochen verschoben.\" \/>\n<meta name=\"robots\" content=\"index, follow, max-snippet:-1, max-image-preview:large, max-video-preview:-1\" \/>\n<link rel=\"canonical\" href=\"https:\/\/www.apfelpatient.de\/en\/news\/samsung-galaxy-fold-market-launch-postponed-by-several-weeks\" \/>\n<meta property=\"og:locale\" content=\"en_US\" \/>\n<meta property=\"og:type\" content=\"article\" \/>\n<meta property=\"og:title\" content=\"Samsung Galaxy Fold: Marktstart um mehrere Wochen verschoben\" \/>\n<meta property=\"og:description\" content=\"- Vor ein paar Tagen schien im Hause Samsung alles noch perfekt. Dann wurden unz\u00e4hlige Berichte \u00fcber diverse Display-Probleme beim Samsung Galaxy Fold bekannt - nun wurde der Marktstart um mehrere Wochen verschoben.\" \/>\n<meta property=\"og:url\" content=\"https:\/\/www.apfelpatient.de\/en\/news\/samsung-galaxy-fold-market-launch-postponed-by-several-weeks\" \/>\n<meta property=\"og:site_name\" content=\"Apfelpatient\" \/>\n<meta property=\"article:publisher\" content=\"https:\/\/www.facebook.com\/apfelpatientOfficial\" \/>\n<meta property=\"article:author\" content=\"https:\/\/www.facebook.com\/apfelpatientOfficial\" \/>\n<meta property=\"article:published_time\" content=\"2019-04-22T16:33:13+00:00\" \/>\n<meta property=\"article:modified_time\" content=\"2025-02-06T06:12:06+00:00\" \/>\n<meta property=\"og:image\" content=\"https:\/\/www.apfelpatient.de\/wp-content\/uploads\/2020\/09\/APP_Apfelpatient_RZ.png\" \/>\n\t<meta property=\"og:image:width\" content=\"992\" \/>\n\t<meta property=\"og:image:height\" content=\"992\" \/>\n\t<meta property=\"og:image:type\" content=\"image\/png\" \/>\n<meta name=\"author\" content=\"Milan\" \/>\n<meta name=\"twitter:card\" content=\"summary_large_image\" \/>\n<meta name=\"twitter:label1\" content=\"Written by\" \/>\n\t<meta name=\"twitter:data1\" content=\"Milan\" \/>\n\t<meta name=\"twitter:label2\" content=\"Est. reading time\" \/>\n\t<meta name=\"twitter:data2\" content=\"1 minute\" \/>\n<script type=\"application\/ld+json\" class=\"yoast-schema-graph\">{\"@context\":\"https:\\\/\\\/schema.org\",\"@graph\":[{\"@type\":\"NewsArticle\",\"@id\":\"https:\\\/\\\/www.apfelpatient.de\\\/news\\\/samsung-galaxy-fold-marktstart-um-mehrere-wochen-verschoben#article\",\"isPartOf\":{\"@id\":\"https:\\\/\\\/www.apfelpatient.de\\\/news\\\/samsung-galaxy-fold-marktstart-um-mehrere-wochen-verschoben\"},\"author\":{\"@type\":\"Organization\",\"@id\":\"https:\\\/\\\/www.apfelpatient.de\\\/en\\\/#organization\",\"name\":\"Apfelpatient\",\"url\":\"https:\\\/\\\/www.apfelpatient.de\\\/en\\\/\"},\"headline\":\"Samsung Galaxy Fold: Marktstart um mehrere Wochen verschoben\",\"datePublished\":\"2019-04-22T16:33:13+00:00\",\"dateModified\":\"2025-02-06T06:12:06+00:00\",\"mainEntityOfPage\":{\"@id\":\"https:\\\/\\\/www.apfelpatient.de\\\/news\\\/samsung-galaxy-fold-marktstart-um-mehrere-wochen-verschoben\"},\"wordCount\":303,\"commentCount\":0,\"publisher\":{\"@type\":\"Organization\",\"@id\":\"https:\\\/\\\/www.apfelpatient.de\\\/en\\\/#organization\",\"name\":\"Apfelpatient\",\"url\":\"https:\\\/\\\/www.apfelpatient.de\\\/en\\\/\"},\"keywords\":[\"Samsung\",\"TechPatient\"],\"articleSection\":\"News\",\"inLanguage\":\"en-US\",\"potentialAction\":[{\"@type\":\"CommentAction\",\"name\":\"Comment\",\"target\":[\"https:\\\/\\\/www.apfelpatient.de\\\/news\\\/samsung-galaxy-fold-marktstart-um-mehrere-wochen-verschoben#respond\"]}],\"copyrightYear\":\"2019\",\"copyrightHolder\":{\"@id\":\"https:\\\/\\\/www.apfelpatient.de\\\/en\\\/#organization\"}},{\"@type\":\"WebPage\",\"@id\":\"https:\\\/\\\/www.apfelpatient.de\\\/news\\\/samsung-galaxy-fold-marktstart-um-mehrere-wochen-verschoben\",\"url\":\"https:\\\/\\\/www.apfelpatient.de\\\/news\\\/samsung-galaxy-fold-marktstart-um-mehrere-wochen-verschoben\",\"name\":\"Samsung Galaxy Fold: Marktstart um mehrere Wochen verschoben Apfelpatient\",\"isPartOf\":{\"@id\":\"https:\\\/\\\/www.apfelpatient.de\\\/#website\"},\"datePublished\":\"2019-04-22T16:33:13+00:00\",\"dateModified\":\"2025-02-06T06:12:06+00:00\",\"description\":\"- Vor ein paar Tagen schien im Hause Samsung alles noch perfekt. Dann wurden unz\u00e4hlige Berichte \u00fcber diverse Display-Probleme beim Samsung Galaxy Fold bekannt - nun wurde der Marktstart um mehrere Wochen verschoben.\",\"breadcrumb\":{\"@id\":\"https:\\\/\\\/www.apfelpatient.de\\\/news\\\/samsung-galaxy-fold-marktstart-um-mehrere-wochen-verschoben#breadcrumb\"},\"inLanguage\":\"en-US\",\"potentialAction\":[{\"@type\":\"ReadAction\",\"target\":[\"https:\\\/\\\/www.apfelpatient.de\\\/news\\\/samsung-galaxy-fold-marktstart-um-mehrere-wochen-verschoben\"]}]},{\"@type\":\"BreadcrumbList\",\"@id\":\"https:\\\/\\\/www.apfelpatient.de\\\/news\\\/samsung-galaxy-fold-marktstart-um-mehrere-wochen-verschoben#breadcrumb\",\"itemListElement\":[{\"@type\":\"ListItem\",\"position\":1,\"name\":\"Startseite\",\"item\":\"https:\\\/\\\/www.apfelpatient.de\\\/\"},{\"@type\":\"ListItem\",\"position\":2,\"name\":\"Samsung Galaxy Fold: Marktstart um mehrere Wochen verschoben\"}]},{\"@type\":\"WebSite\",\"@id\":\"https:\\\/\\\/www.apfelpatient.de\\\/#website\",\"url\":\"https:\\\/\\\/www.apfelpatient.de\\\/\",\"name\":\"Apfelpatient\",\"description\":\"Alles rund um Apple!\",\"publisher\":{\"@type\":\"Organization\",\"@id\":\"https:\\\/\\\/www.apfelpatient.de\\\/en\\\/#organization\",\"name\":\"Apfelpatient\",\"url\":\"https:\\\/\\\/www.apfelpatient.de\\\/en\\\/\"},\"alternateName\":\"Apfelpatient\",\"potentialAction\":[{\"@type\":\"SearchAction\",\"target\":{\"@type\":\"EntryPoint\",\"urlTemplate\":\"https:\\\/\\\/www.apfelpatient.de\\\/?s={search_term_string}\"},\"query-input\":{\"@type\":\"PropertyValueSpecification\",\"valueRequired\":true,\"valueName\":\"search_term_string\"}}],\"inLanguage\":\"en-US\"},{\"@type\":[\"Person\",\"Organization\"],\"@id\":\"https:\\\/\\\/www.apfelpatient.de\\\/#\\\/schema\\\/person\\\/35b3ddba5832f2bfc7fff5206d4f6b7b\",\"name\":\"Milan\",\"logo\":{\"@id\":\"https:\\\/\\\/www.apfelpatient.de\\\/#\\\/schema\\\/person\\\/image\\\/\"},\"description\":\"Hallo und herzlich willkommen auf meinem Technik-Blog! Als gro\u00dfer Apple-Fan berichte ich hier \u00fcber alles, was mit Apple zu tun hat: von den neuesten News und spannenden Ger\u00fcchten \u00fcber hilfreiche Tipps und Tricks bis hin zu ausf\u00fchrlichen Produkttests. Wenn du genauso technikbegeistert bist wie ich, bist du hier genau richtig!\",\"sameAs\":[\"https:\\\/\\\/www.facebook.com\\\/apfelpatientOfficial\",\"https:\\\/\\\/www.linkedin.com\\\/in\\\/milan-jovicic-42aa0231b\"],\"url\":\"https:\\\/\\\/www.apfelpatient.de\\\/en\\\/author\\\/apfeladmin\"}]}<\/script>\n<!-- \/ Yoast SEO Premium plugin. -->","yoast_head_json":{"title":"Samsung Galaxy Fold: Market launch postponed by several weeks Apfelpatient","description":"- A few days ago, everything seemed perfect at Samsung. Then countless reports came out about various display problems with the Samsung Galaxy Fold - now the market launch has been postponed by several weeks.","robots":{"index":"index","follow":"follow","max-snippet":"max-snippet:-1","max-image-preview":"max-image-preview:large","max-video-preview":"max-video-preview:-1"},"canonical":"https:\/\/www.apfelpatient.de\/en\/news\/samsung-galaxy-fold-market-launch-postponed-by-several-weeks","og_locale":"en_US","og_type":"article","og_title":"Samsung Galaxy Fold: Marktstart um mehrere Wochen verschoben","og_description":"- Vor ein paar Tagen schien im Hause Samsung alles noch perfekt. Dann wurden unz\u00e4hlige Berichte \u00fcber diverse Display-Probleme beim Samsung Galaxy Fold bekannt - nun wurde der Marktstart um mehrere Wochen verschoben.","og_url":"https:\/\/www.apfelpatient.de\/en\/news\/samsung-galaxy-fold-market-launch-postponed-by-several-weeks","og_site_name":"Apfelpatient","article_publisher":"https:\/\/www.facebook.com\/apfelpatientOfficial","article_author":"https:\/\/www.facebook.com\/apfelpatientOfficial","article_published_time":"2019-04-22T16:33:13+00:00","article_modified_time":"2025-02-06T06:12:06+00:00","og_image":[{"width":992,"height":992,"url":"https:\/\/www.apfelpatient.de\/wp-content\/uploads\/2020\/09\/APP_Apfelpatient_RZ.png","type":"image\/png"}],"author":"Milan","twitter_card":"summary_large_image","twitter_misc":{"Written by":"Milan","Est. reading time":"1 minute"},"schema":{"@context":"https:\/\/schema.org","@graph":[{"@type":"NewsArticle","@id":"https:\/\/www.apfelpatient.de\/news\/samsung-galaxy-fold-marktstart-um-mehrere-wochen-verschoben#article","isPartOf":{"@id":"https:\/\/www.apfelpatient.de\/news\/samsung-galaxy-fold-marktstart-um-mehrere-wochen-verschoben"},"author":{"@type":"Organization","@id":"https:\/\/www.apfelpatient.de\/en\/#organization","name":"Apfelpatient","url":"https:\/\/www.apfelpatient.de\/en\/"},"headline":"Samsung Galaxy Fold: Marktstart um mehrere Wochen verschoben","datePublished":"2019-04-22T16:33:13+00:00","dateModified":"2025-02-06T06:12:06+00:00","mainEntityOfPage":{"@id":"https:\/\/www.apfelpatient.de\/news\/samsung-galaxy-fold-marktstart-um-mehrere-wochen-verschoben"},"wordCount":303,"commentCount":0,"publisher":{"@type":"Organization","@id":"https:\/\/www.apfelpatient.de\/en\/#organization","name":"Apfelpatient","url":"https:\/\/www.apfelpatient.de\/en\/"},"keywords":["Samsung","TechPatient"],"articleSection":"News","inLanguage":"en-US","potentialAction":[{"@type":"CommentAction","name":"Comment","target":["https:\/\/www.apfelpatient.de\/news\/samsung-galaxy-fold-marktstart-um-mehrere-wochen-verschoben#respond"]}],"copyrightYear":"2019","copyrightHolder":{"@id":"https:\/\/www.apfelpatient.de\/en\/#organization"}},{"@type":"WebPage","@id":"https:\/\/www.apfelpatient.de\/news\/samsung-galaxy-fold-marktstart-um-mehrere-wochen-verschoben","url":"https:\/\/www.apfelpatient.de\/news\/samsung-galaxy-fold-marktstart-um-mehrere-wochen-verschoben","name":"Samsung Galaxy Fold: Market launch postponed by several weeks Apfelpatient","isPartOf":{"@id":"https:\/\/www.apfelpatient.de\/#website"},"datePublished":"2019-04-22T16:33:13+00:00","dateModified":"2025-02-06T06:12:06+00:00","description":"- A few days ago, everything seemed perfect at Samsung. Then countless reports came out about various display problems with the Samsung Galaxy Fold - now the market launch has been postponed by several weeks.","breadcrumb":{"@id":"https:\/\/www.apfelpatient.de\/news\/samsung-galaxy-fold-marktstart-um-mehrere-wochen-verschoben#breadcrumb"},"inLanguage":"en-US","potentialAction":[{"@type":"ReadAction","target":["https:\/\/www.apfelpatient.de\/news\/samsung-galaxy-fold-marktstart-um-mehrere-wochen-verschoben"]}]},{"@type":"BreadcrumbList","@id":"https:\/\/www.apfelpatient.de\/news\/samsung-galaxy-fold-marktstart-um-mehrere-wochen-verschoben#breadcrumb","itemListElement":[{"@type":"ListItem","position":1,"name":"Startseite","item":"https:\/\/www.apfelpatient.de\/"},{"@type":"ListItem","position":2,"name":"Samsung Galaxy Fold: Marktstart um mehrere Wochen verschoben"}]},{"@type":"WebSite","@id":"https:\/\/www.apfelpatient.de\/#website","url":"https:\/\/www.apfelpatient.de\/","name":"apple patient","description":"Everything about Apple!","publisher":{"@type":"Organization","@id":"https:\/\/www.apfelpatient.de\/en\/#organization","name":"Apfelpatient","url":"https:\/\/www.apfelpatient.de\/en\/"},"alternateName":"Apfelpatient","potentialAction":[{"@type":"SearchAction","target":{"@type":"EntryPoint","urlTemplate":"https:\/\/www.apfelpatient.de\/?s={search_term_string}"},"query-input":{"@type":"PropertyValueSpecification","valueRequired":true,"valueName":"search_term_string"}}],"inLanguage":"en-US"},{"@type":["Person","Organization"],"@id":"https:\/\/www.apfelpatient.de\/#\/schema\/person\/35b3ddba5832f2bfc7fff5206d4f6b7b","name":"Milan","logo":{"@id":"https:\/\/www.apfelpatient.de\/#\/schema\/person\/image\/"},"description":"Hello and welcome to my technology blog! As a big Apple fan, I report on everything to do with Apple: from the latest news and exciting rumors to helpful tips and tricks and detailed product tests. If you are as enthusiastic about technology as I am, you have come to the right place!","sameAs":["https:\/\/www.facebook.com\/apfelpatientOfficial","https:\/\/www.linkedin.com\/in\/milan-jovicic-42aa0231b"],"url":"https:\/\/www.apfelpatient.de\/en\/author\/apfeladmin"}]}},"_links":{"self":[{"href":"https:\/\/www.apfelpatient.de\/en\/wp-json\/wp\/v2\/posts\/4150","targetHints":{"allow":["GET"]}}],"collection":[{"href":"https:\/\/www.apfelpatient.de\/en\/wp-json\/wp\/v2\/posts"}],"about":[{"href":"https:\/\/www.apfelpatient.de\/en\/wp-json\/wp\/v2\/types\/post"}],"author":[{"embeddable":true,"href":"https:\/\/www.apfelpatient.de\/en\/wp-json\/wp\/v2\/users\/2"}],"replies":[{"embeddable":true,"href":"https:\/\/www.apfelpatient.de\/en\/wp-json\/wp\/v2\/comments?post=4150"}],"version-history":[{"count":0,"href":"https:\/\/www.apfelpatient.de\/en\/wp-json\/wp\/v2\/posts\/4150\/revisions"}],"wp:attachment":[{"href":"https:\/\/www.apfelpatient.de\/en\/wp-json\/wp\/v2\/media?parent=4150"}],"wp:term":[{"taxonomy":"category","embeddable":true,"href":"https:\/\/www.apfelpatient.de\/en\/wp-json\/wp\/v2\/categories?post=4150"},{"taxonomy":"post_tag","embeddable":true,"href":"https:\/\/www.apfelpatient.de\/en\/wp-json\/wp\/v2\/tags?post=4150"}],"curies":[{"name":"wp","href":"https:\/\/api.w.org\/{rel}","templated":true}]}}