{"id":41332,"date":"2023-12-10T17:41:20","date_gmt":"2023-12-10T16:41:20","guid":{"rendered":"https:\/\/www.apfelpatient.de\/?p=41332"},"modified":"2023-12-10T17:41:21","modified_gmt":"2023-12-10T16:41:21","slug":"apple-vision-pro-expected-to-launch-before-march","status":"publish","type":"post","link":"https:\/\/www.apfelpatient.de\/en\/rumors\/apple-vision-pro-marktstart-noch-vor-maerz-erwartet","title":{"rendered":"Apple Vision Pro: Market launch expected before March"},"content":{"rendered":"<p class=\"has-drop-cap\"><strong>The Apple community is eagerly awaiting the release of the Apple Vision Pro headset, which promises to be a groundbreaking innovation in the field of augmented reality. Below we will take a closer look at the latest information on the upcoming release of the headset.<\/strong><\/p>\n\n\n\n<p>The year 2024 will be very exciting for Apple fans, as the launch of the Apple Vision Pro headset is imminent. The long-awaited augmented reality headset was originally planned to hit the market at the beginning of the year, but according to recent reports, the release date could be pushed back to February.<\/p>\n\n\n\n<h3 class=\"wp-block-heading\" id=\"h-mitarbeiter-erhalten-eine-schulung\">Employees receive training<\/h3>\n\n\n\n<p>Apple has not yet announced a specific release date for the Apple Vision Pro headset, but insider information suggests that it will be available in February rather than early in the year. Mark Gurman, a renowned Apple expert, <a href=\"https:\/\/www.bloomberg.com\/news\/newsletters\/2023-12-10\/apple-aapl-to-fix-confusing-ipad-lineup-with-new-ipad-pro-mid-tier-ipad-air-lpzjekw4\" target=\"_blank\" rel=\"noreferrer noopener\">expressed<\/a> recently spoke about preparations and predictions regarding the Apple Vision Pro headset in his Bloomberg newsletter &quot;Power On&quot;. He reported that Apple&#039;s internal goal is to launch the headset in February. At the same time, he admitted that the release is expected &quot;at least before March&quot; unless there are unforeseen obstacles. Preparations for the sale of the Apple Vision Pro headset are in full swing. In a further step, Apple plans to send selected employees from its Apple Stores to Apple Park in January to train them to sell and support the new headset.<\/p>\n\n\n\n<h3 class=\"wp-block-heading\" id=\"h-apple-vision-pro-nur-via-abholung-im-store-erhaltlich\">Apple Vision Pro: Only available via in-store pickup<\/h3>\n\n\n\n\n\n\n\n<p>This training is crucial as the Apple Vision Pro requires a complex setup that must be customized to each customer&#039;s needs. The training, which is set to begin in mid-January, will provide each employee with two days of intensive training, as Mark Gurman reports. This training is aimed at ensuring that Apple Store employees can serve customers with comprehensive knowledge and &quot;carefully tailored&quot; support. The decision to allow customers to pick up the headset in store is expected to be welcomed by customers as it will give them the opportunity to receive personalized advice and fitting. Apple plans to provide the equipment in Apple Stores to assemble and package the Apple Vision Pro on site to ensure a seamless customer experience. Please note, at launch the device will only be available in the US, with other markets to follow. (Image: Apple)<\/p>\n\n\n\n<ul class=\"wp-block-list\">\n<li><a href=\"https:\/\/www.apfelpatient.de\/en\/news\/is-the-apple-vision-pro-worth-the-money-the-price-of-innovation\">Is the Apple Vision Pro worth the money? The price of innovation<\/a><\/li>\n<\/ul>\n\n\n\n<h6 class=\"wp-block-heading translation-block\" id=\"h-kennt-ihr-schon-unsere-amazon-storefront-dort-findet-ihr-eine-handverlesene-auswahl-von-diversen-produkten-f-r-euer-iphone-und-co-viel-spa-beim-st-bern\"><em>Have you already visited our Amazon Storefront? There you&#039;ll find a hand-picked selection of various products for your iPhone and other devices \u2013 <span class=\"has-inline-color has-vivid-red-color\"><a href=\"https:\/\/www.amazon.de\/shop\/apfelpatientofficial\" class=\"ek-link\" data-wpel-link=\"exclude\" rel=\"follow noopener\" target=\"_self\"><span style=\"text-decoration: underline\" class=\"ek-underline\">enjoy browsing<\/span><\/a> !<\/span><\/em><\/h6>\n\n\n\n<h6 class=\"wp-block-heading translation-block\" id=\"h-der-beitrag-enthalt-partnerlinks\">This post contains <a data-type=\"URL\" data-id=\"https:\/\/www.apfelpatient.de\/partnerprogramm\" href=\"https:\/\/www.apfelpatient.de\/en\/partner-program\" data-wpel-link=\"internal\" target=\"_self\">affiliate links<\/a>.<\/h6>","protected":false},"excerpt":{"rendered":"<p>Apple Vision Pro: The world awaits Apple&#039;s revolutionary augmented reality headset. Find out everything about the market launch in 2024.<\/p>","protected":false},"author":2,"featured_media":39037,"comment_status":"closed","ping_status":"closed","sticky":false,"template":"","format":"standard","meta":{"jnews-multi-image_gallery":[],"jnews_single_post":{"subtitle":"","format":"standard","video":"","gallery":"","source_name":"","source_url":"","via_name":"","via_url":"","override_template":"0","override":[{"template":"4","single_blog_custom":"","parallax":"1","fullscreen":"1","layout":"right-sidebar","sidebar":"default-sidebar","second_sidebar":"default-sidebar","sticky_sidebar":"1","share_position":"top","share_float_style":"share-monocrhome","show_share_counter":"1","show_view_counter":"1","show_featured":"1","show_post_meta":"1","show_post_author":"1","show_post_author_image":"1","show_post_date":"1","post_date_format":"default","post_date_format_custom":"Y\/m\/d","show_post_category":"1","show_post_reading_time":"0","post_reading_time_wpm":"300","show_zoom_button":"0","zoom_button_out_step":"2","zoom_button_in_step":"3","show_post_tag":"1","show_prev_next_post":"1","show_popup_post":"1","number_popup_post":"1","show_author_box":"0","show_post_related":"0","show_inline_post_related":"0"}],"override_image_size":"0","image_override":[{"single_post_thumbnail_size":"crop-500","single_post_gallery_size":"crop-500"}],"trending_post":"0","trending_post_position":"meta","trending_post_label":"Trending","sponsored_post":"0","sponsored_post_label":"Sponsored by","sponsored_post_name":"","sponsored_post_url":"","sponsored_post_logo_enable":"0","sponsored_post_logo":"","sponsored_post_desc":"","disable_ad":"0"},"jnews_primary_category":{"id":"25","hide":""},"footnotes":""},"categories":[25],"tags":[843,844],"class_list":["post-41332","post","type-post","status-publish","format-standard","has-post-thumbnail","hentry","category-rumors","tag-apple-vision-pro","tag-visionos"],"yoast_head":"<!-- This site is optimized with the Yoast SEO Premium plugin v27.5 (Yoast SEO v27.5) - https:\/\/yoast.com\/product\/yoast-seo-premium-wordpress\/ -->\n<title>Apple Vision Pro: Marktstart noch vor M\u00e4rz erwartet Apfelpatient<\/title>\n<meta name=\"description\" content=\"Apple Vision Pro: Die Welt erwartet das revolution\u00e4re Augmented Reality Headset von Apple. Erfahre alles \u00fcber den Marktstart im Jahr 2024.\" \/>\n<meta name=\"robots\" content=\"index, follow, max-snippet:-1, max-image-preview:large, max-video-preview:-1\" \/>\n<link rel=\"canonical\" href=\"https:\/\/www.apfelpatient.de\/en\/rumors\/apple-vision-pro-expected-to-launch-before-march\" \/>\n<meta property=\"og:locale\" content=\"en_US\" \/>\n<meta property=\"og:type\" content=\"article\" \/>\n<meta property=\"og:title\" content=\"Apple Vision Pro: Marktstart noch vor M\u00e4rz erwartet\" \/>\n<meta property=\"og:description\" content=\"Apple Vision Pro: Die Welt erwartet das revolution\u00e4re Augmented Reality Headset von Apple. Erfahre alles \u00fcber den Marktstart im Jahr 2024.\" \/>\n<meta property=\"og:url\" content=\"https:\/\/www.apfelpatient.de\/en\/rumors\/apple-vision-pro-expected-to-launch-before-march\" \/>\n<meta property=\"og:site_name\" content=\"Apfelpatient\" \/>\n<meta property=\"article:publisher\" content=\"https:\/\/www.facebook.com\/apfelpatientOfficial\" \/>\n<meta property=\"article:author\" content=\"https:\/\/www.facebook.com\/apfelpatientOfficial\" \/>\n<meta property=\"article:published_time\" content=\"2023-12-10T16:41:20+00:00\" \/>\n<meta property=\"article:modified_time\" content=\"2023-12-10T16:41:21+00:00\" \/>\n<meta property=\"og:image\" content=\"https:\/\/www.apfelpatient.de\/wp-content\/uploads\/2023\/06\/Apple-WWDC23-event-photos-Apple-Vision-Pro.jpg\" \/>\n\t<meta property=\"og:image:width\" content=\"1600\" \/>\n\t<meta property=\"og:image:height\" content=\"1066\" \/>\n\t<meta property=\"og:image:type\" content=\"image\/jpeg\" \/>\n<meta name=\"author\" content=\"Milan\" \/>\n<meta name=\"twitter:card\" content=\"summary_large_image\" \/>\n<meta name=\"twitter:description\" content=\"Apple Vision Pro: Die Welt erwartet das revolution\u00e4re Augmented Reality Headset von Apple. Erfahre alles \u00fcber den Marktstart im Jahr 2024.\" \/>\n<meta name=\"twitter:label1\" content=\"Written by\" \/>\n\t<meta name=\"twitter:data1\" content=\"Milan\" \/>\n\t<meta name=\"twitter:label2\" content=\"Est. reading time\" \/>\n\t<meta name=\"twitter:data2\" content=\"3 minutes\" \/>\n<script type=\"application\/ld+json\" class=\"yoast-schema-graph\">{\"@context\":\"https:\\\/\\\/schema.org\",\"@graph\":[{\"@type\":\"NewsArticle\",\"@id\":\"https:\\\/\\\/www.apfelpatient.de\\\/rumors\\\/apple-vision-pro-marktstart-noch-vor-maerz-erwartet#article\",\"isPartOf\":{\"@id\":\"https:\\\/\\\/www.apfelpatient.de\\\/rumors\\\/apple-vision-pro-marktstart-noch-vor-maerz-erwartet\"},\"author\":{\"@type\":\"Organization\",\"@id\":\"https:\\\/\\\/www.apfelpatient.de\\\/en\\\/#organization\",\"name\":\"Apfelpatient\",\"url\":\"https:\\\/\\\/www.apfelpatient.de\\\/en\\\/\"},\"headline\":\"Apple Vision Pro: Marktstart noch vor M\u00e4rz erwartet\",\"datePublished\":\"2023-12-10T16:41:20+00:00\",\"dateModified\":\"2023-12-10T16:41:21+00:00\",\"mainEntityOfPage\":{\"@id\":\"https:\\\/\\\/www.apfelpatient.de\\\/rumors\\\/apple-vision-pro-marktstart-noch-vor-maerz-erwartet\"},\"wordCount\":428,\"publisher\":{\"@type\":\"Organization\",\"@id\":\"https:\\\/\\\/www.apfelpatient.de\\\/en\\\/#organization\",\"name\":\"Apfelpatient\",\"url\":\"https:\\\/\\\/www.apfelpatient.de\\\/en\\\/\"},\"image\":{\"@id\":\"https:\\\/\\\/www.apfelpatient.de\\\/rumors\\\/apple-vision-pro-marktstart-noch-vor-maerz-erwartet#primaryimage\"},\"thumbnailUrl\":\"https:\\\/\\\/www.apfelpatient.de\\\/wp-content\\\/uploads\\\/2023\\\/06\\\/Apple-WWDC23-event-photos-Apple-Vision-Pro.jpg\",\"keywords\":[\"Apple Vision Pro\",\"visionOS\"],\"articleSection\":\"Rumors\",\"inLanguage\":\"en-US\",\"copyrightYear\":\"2023\",\"copyrightHolder\":{\"@id\":\"https:\\\/\\\/www.apfelpatient.de\\\/en\\\/#organization\"}},{\"@type\":\"WebPage\",\"@id\":\"https:\\\/\\\/www.apfelpatient.de\\\/rumors\\\/apple-vision-pro-marktstart-noch-vor-maerz-erwartet\",\"url\":\"https:\\\/\\\/www.apfelpatient.de\\\/rumors\\\/apple-vision-pro-marktstart-noch-vor-maerz-erwartet\",\"name\":\"Apple Vision Pro: Marktstart noch vor M\u00e4rz erwartet Apfelpatient\",\"isPartOf\":{\"@id\":\"https:\\\/\\\/www.apfelpatient.de\\\/#website\"},\"primaryImageOfPage\":{\"@id\":\"https:\\\/\\\/www.apfelpatient.de\\\/rumors\\\/apple-vision-pro-marktstart-noch-vor-maerz-erwartet#primaryimage\"},\"image\":{\"@id\":\"https:\\\/\\\/www.apfelpatient.de\\\/rumors\\\/apple-vision-pro-marktstart-noch-vor-maerz-erwartet#primaryimage\"},\"thumbnailUrl\":\"https:\\\/\\\/www.apfelpatient.de\\\/wp-content\\\/uploads\\\/2023\\\/06\\\/Apple-WWDC23-event-photos-Apple-Vision-Pro.jpg\",\"datePublished\":\"2023-12-10T16:41:20+00:00\",\"dateModified\":\"2023-12-10T16:41:21+00:00\",\"description\":\"Apple Vision Pro: Die Welt erwartet das revolution\u00e4re Augmented Reality Headset von Apple. Erfahre alles \u00fcber den Marktstart im Jahr 2024.\",\"breadcrumb\":{\"@id\":\"https:\\\/\\\/www.apfelpatient.de\\\/rumors\\\/apple-vision-pro-marktstart-noch-vor-maerz-erwartet#breadcrumb\"},\"inLanguage\":\"en-US\",\"potentialAction\":[{\"@type\":\"ReadAction\",\"target\":[\"https:\\\/\\\/www.apfelpatient.de\\\/rumors\\\/apple-vision-pro-marktstart-noch-vor-maerz-erwartet\"]}]},{\"@type\":\"ImageObject\",\"inLanguage\":\"en-US\",\"@id\":\"https:\\\/\\\/www.apfelpatient.de\\\/rumors\\\/apple-vision-pro-marktstart-noch-vor-maerz-erwartet#primaryimage\",\"url\":\"https:\\\/\\\/www.apfelpatient.de\\\/wp-content\\\/uploads\\\/2023\\\/06\\\/Apple-WWDC23-event-photos-Apple-Vision-Pro.jpg\",\"contentUrl\":\"https:\\\/\\\/www.apfelpatient.de\\\/wp-content\\\/uploads\\\/2023\\\/06\\\/Apple-WWDC23-event-photos-Apple-Vision-Pro.jpg\",\"width\":1600,\"height\":1066,\"caption\":\"Bild: Apple\"},{\"@type\":\"BreadcrumbList\",\"@id\":\"https:\\\/\\\/www.apfelpatient.de\\\/rumors\\\/apple-vision-pro-marktstart-noch-vor-maerz-erwartet#breadcrumb\",\"itemListElement\":[{\"@type\":\"ListItem\",\"position\":1,\"name\":\"Startseite\",\"item\":\"https:\\\/\\\/www.apfelpatient.de\\\/\"},{\"@type\":\"ListItem\",\"position\":2,\"name\":\"Apple Vision Pro: Marktstart noch vor M\u00e4rz erwartet\"}]},{\"@type\":\"WebSite\",\"@id\":\"https:\\\/\\\/www.apfelpatient.de\\\/#website\",\"url\":\"https:\\\/\\\/www.apfelpatient.de\\\/\",\"name\":\"Apfelpatient\",\"description\":\"Alles rund um Apple!\",\"publisher\":{\"@type\":\"Organization\",\"@id\":\"https:\\\/\\\/www.apfelpatient.de\\\/en\\\/#organization\",\"name\":\"Apfelpatient\",\"url\":\"https:\\\/\\\/www.apfelpatient.de\\\/en\\\/\"},\"alternateName\":\"Apfelpatient\",\"potentialAction\":[{\"@type\":\"SearchAction\",\"target\":{\"@type\":\"EntryPoint\",\"urlTemplate\":\"https:\\\/\\\/www.apfelpatient.de\\\/?s={search_term_string}\"},\"query-input\":{\"@type\":\"PropertyValueSpecification\",\"valueRequired\":true,\"valueName\":\"search_term_string\"}}],\"inLanguage\":\"en-US\"},{\"@type\":[\"Person\",\"Organization\"],\"@id\":\"https:\\\/\\\/www.apfelpatient.de\\\/#\\\/schema\\\/person\\\/35b3ddba5832f2bfc7fff5206d4f6b7b\",\"name\":\"Milan\",\"logo\":{\"@id\":\"https:\\\/\\\/www.apfelpatient.de\\\/#\\\/schema\\\/person\\\/image\\\/\"},\"description\":\"Hallo und herzlich willkommen auf meinem Technik-Blog! Als gro\u00dfer Apple-Fan berichte ich hier \u00fcber alles, was mit Apple zu tun hat: von den neuesten News und spannenden Ger\u00fcchten \u00fcber hilfreiche Tipps und Tricks bis hin zu ausf\u00fchrlichen Produkttests. Wenn du genauso technikbegeistert bist wie ich, bist du hier genau richtig!\",\"sameAs\":[\"https:\\\/\\\/www.facebook.com\\\/apfelpatientOfficial\",\"https:\\\/\\\/www.linkedin.com\\\/in\\\/milan-jovicic-42aa0231b\"],\"url\":\"https:\\\/\\\/www.apfelpatient.de\\\/en\\\/author\\\/apfeladmin\"}]}<\/script>\n<!-- \/ Yoast SEO Premium plugin. -->","yoast_head_json":{"title":"Apple Vision Pro: Market launch expected before March Apfelpatient","description":"Apple Vision Pro: The world awaits Apple&#039;s revolutionary augmented reality headset. Find out everything about the market launch in 2024.","robots":{"index":"index","follow":"follow","max-snippet":"max-snippet:-1","max-image-preview":"max-image-preview:large","max-video-preview":"max-video-preview:-1"},"canonical":"https:\/\/www.apfelpatient.de\/en\/rumors\/apple-vision-pro-expected-to-launch-before-march","og_locale":"en_US","og_type":"article","og_title":"Apple Vision Pro: Marktstart noch vor M\u00e4rz erwartet","og_description":"Apple Vision Pro: Die Welt erwartet das revolution\u00e4re Augmented Reality Headset von Apple. Erfahre alles \u00fcber den Marktstart im Jahr 2024.","og_url":"https:\/\/www.apfelpatient.de\/en\/rumors\/apple-vision-pro-expected-to-launch-before-march","og_site_name":"Apfelpatient","article_publisher":"https:\/\/www.facebook.com\/apfelpatientOfficial","article_author":"https:\/\/www.facebook.com\/apfelpatientOfficial","article_published_time":"2023-12-10T16:41:20+00:00","article_modified_time":"2023-12-10T16:41:21+00:00","og_image":[{"width":1600,"height":1066,"url":"https:\/\/www.apfelpatient.de\/wp-content\/uploads\/2023\/06\/Apple-WWDC23-event-photos-Apple-Vision-Pro.jpg","type":"image\/jpeg"}],"author":"Milan","twitter_card":"summary_large_image","twitter_description":"Apple Vision Pro: Die Welt erwartet das revolution\u00e4re Augmented Reality Headset von Apple. Erfahre alles \u00fcber den Marktstart im Jahr 2024.","twitter_misc":{"Written by":"Milan","Est. reading time":"3 minutes"},"schema":{"@context":"https:\/\/schema.org","@graph":[{"@type":"NewsArticle","@id":"https:\/\/www.apfelpatient.de\/rumors\/apple-vision-pro-marktstart-noch-vor-maerz-erwartet#article","isPartOf":{"@id":"https:\/\/www.apfelpatient.de\/rumors\/apple-vision-pro-marktstart-noch-vor-maerz-erwartet"},"author":{"@type":"Organization","@id":"https:\/\/www.apfelpatient.de\/en\/#organization","name":"Apfelpatient","url":"https:\/\/www.apfelpatient.de\/en\/"},"headline":"Apple Vision Pro: Marktstart noch vor M\u00e4rz erwartet","datePublished":"2023-12-10T16:41:20+00:00","dateModified":"2023-12-10T16:41:21+00:00","mainEntityOfPage":{"@id":"https:\/\/www.apfelpatient.de\/rumors\/apple-vision-pro-marktstart-noch-vor-maerz-erwartet"},"wordCount":428,"publisher":{"@type":"Organization","@id":"https:\/\/www.apfelpatient.de\/en\/#organization","name":"Apfelpatient","url":"https:\/\/www.apfelpatient.de\/en\/"},"image":{"@id":"https:\/\/www.apfelpatient.de\/rumors\/apple-vision-pro-marktstart-noch-vor-maerz-erwartet#primaryimage"},"thumbnailUrl":"https:\/\/www.apfelpatient.de\/wp-content\/uploads\/2023\/06\/Apple-WWDC23-event-photos-Apple-Vision-Pro.jpg","keywords":["Apple Vision Pro","visionOS"],"articleSection":"Rumors","inLanguage":"en-US","copyrightYear":"2023","copyrightHolder":{"@id":"https:\/\/www.apfelpatient.de\/en\/#organization"}},{"@type":"WebPage","@id":"https:\/\/www.apfelpatient.de\/rumors\/apple-vision-pro-marktstart-noch-vor-maerz-erwartet","url":"https:\/\/www.apfelpatient.de\/rumors\/apple-vision-pro-marktstart-noch-vor-maerz-erwartet","name":"Apple Vision Pro: Market launch expected before March Apfelpatient","isPartOf":{"@id":"https:\/\/www.apfelpatient.de\/#website"},"primaryImageOfPage":{"@id":"https:\/\/www.apfelpatient.de\/rumors\/apple-vision-pro-marktstart-noch-vor-maerz-erwartet#primaryimage"},"image":{"@id":"https:\/\/www.apfelpatient.de\/rumors\/apple-vision-pro-marktstart-noch-vor-maerz-erwartet#primaryimage"},"thumbnailUrl":"https:\/\/www.apfelpatient.de\/wp-content\/uploads\/2023\/06\/Apple-WWDC23-event-photos-Apple-Vision-Pro.jpg","datePublished":"2023-12-10T16:41:20+00:00","dateModified":"2023-12-10T16:41:21+00:00","description":"Apple Vision Pro: The world awaits Apple&#039;s revolutionary augmented reality headset. Find out everything about the market launch in 2024.","breadcrumb":{"@id":"https:\/\/www.apfelpatient.de\/rumors\/apple-vision-pro-marktstart-noch-vor-maerz-erwartet#breadcrumb"},"inLanguage":"en-US","potentialAction":[{"@type":"ReadAction","target":["https:\/\/www.apfelpatient.de\/rumors\/apple-vision-pro-marktstart-noch-vor-maerz-erwartet"]}]},{"@type":"ImageObject","inLanguage":"en-US","@id":"https:\/\/www.apfelpatient.de\/rumors\/apple-vision-pro-marktstart-noch-vor-maerz-erwartet#primaryimage","url":"https:\/\/www.apfelpatient.de\/wp-content\/uploads\/2023\/06\/Apple-WWDC23-event-photos-Apple-Vision-Pro.jpg","contentUrl":"https:\/\/www.apfelpatient.de\/wp-content\/uploads\/2023\/06\/Apple-WWDC23-event-photos-Apple-Vision-Pro.jpg","width":1600,"height":1066,"caption":"Bild: Apple"},{"@type":"BreadcrumbList","@id":"https:\/\/www.apfelpatient.de\/rumors\/apple-vision-pro-marktstart-noch-vor-maerz-erwartet#breadcrumb","itemListElement":[{"@type":"ListItem","position":1,"name":"Startseite","item":"https:\/\/www.apfelpatient.de\/"},{"@type":"ListItem","position":2,"name":"Apple Vision Pro: Marktstart noch vor M\u00e4rz erwartet"}]},{"@type":"WebSite","@id":"https:\/\/www.apfelpatient.de\/#website","url":"https:\/\/www.apfelpatient.de\/","name":"apple patient","description":"Everything about Apple!","publisher":{"@type":"Organization","@id":"https:\/\/www.apfelpatient.de\/en\/#organization","name":"Apfelpatient","url":"https:\/\/www.apfelpatient.de\/en\/"},"alternateName":"Apfelpatient","potentialAction":[{"@type":"SearchAction","target":{"@type":"EntryPoint","urlTemplate":"https:\/\/www.apfelpatient.de\/?s={search_term_string}"},"query-input":{"@type":"PropertyValueSpecification","valueRequired":true,"valueName":"search_term_string"}}],"inLanguage":"en-US"},{"@type":["Person","Organization"],"@id":"https:\/\/www.apfelpatient.de\/#\/schema\/person\/35b3ddba5832f2bfc7fff5206d4f6b7b","name":"Milan","logo":{"@id":"https:\/\/www.apfelpatient.de\/#\/schema\/person\/image\/"},"description":"Hello and welcome to my technology blog! As a big Apple fan, I report on everything to do with Apple: from the latest news and exciting rumors to helpful tips and tricks and detailed product tests. If you are as enthusiastic about technology as I am, you have come to the right place!","sameAs":["https:\/\/www.facebook.com\/apfelpatientOfficial","https:\/\/www.linkedin.com\/in\/milan-jovicic-42aa0231b"],"url":"https:\/\/www.apfelpatient.de\/en\/author\/apfeladmin"}]}},"_links":{"self":[{"href":"https:\/\/www.apfelpatient.de\/en\/wp-json\/wp\/v2\/posts\/41332","targetHints":{"allow":["GET"]}}],"collection":[{"href":"https:\/\/www.apfelpatient.de\/en\/wp-json\/wp\/v2\/posts"}],"about":[{"href":"https:\/\/www.apfelpatient.de\/en\/wp-json\/wp\/v2\/types\/post"}],"author":[{"embeddable":true,"href":"https:\/\/www.apfelpatient.de\/en\/wp-json\/wp\/v2\/users\/2"}],"replies":[{"embeddable":true,"href":"https:\/\/www.apfelpatient.de\/en\/wp-json\/wp\/v2\/comments?post=41332"}],"version-history":[{"count":0,"href":"https:\/\/www.apfelpatient.de\/en\/wp-json\/wp\/v2\/posts\/41332\/revisions"}],"wp:featuredmedia":[{"embeddable":true,"href":"https:\/\/www.apfelpatient.de\/en\/wp-json\/wp\/v2\/media\/39037"}],"wp:attachment":[{"href":"https:\/\/www.apfelpatient.de\/en\/wp-json\/wp\/v2\/media?parent=41332"}],"wp:term":[{"taxonomy":"category","embeddable":true,"href":"https:\/\/www.apfelpatient.de\/en\/wp-json\/wp\/v2\/categories?post=41332"},{"taxonomy":"post_tag","embeddable":true,"href":"https:\/\/www.apfelpatient.de\/en\/wp-json\/wp\/v2\/tags?post=41332"}],"curies":[{"name":"wp","href":"https:\/\/api.w.org\/{rel}","templated":true}]}}