{"id":4133,"date":"2019-04-18T17:32:06","date_gmt":"2019-04-18T15:32:06","guid":{"rendered":"https:\/\/www.apfelpatient.de\/?p=4133"},"modified":"2025-02-06T07:11:05","modified_gmt":"2025-02-06T06:11:05","slug":"iphone-2019-new-details-about-the-cameras-emerged","status":"publish","type":"post","link":"https:\/\/www.apfelpatient.de\/en\/rumors\/iphone-2019-neue-details-zu-den-kameras-aufgetaucht","title":{"rendered":"iPhone 2019: New details about the cameras have emerged"},"content":{"rendered":"<p><strong>Star analyst Ming-Chi Kuo has spoken out again. This time he reports on the front and rear cameras of the 2019 iPhone models.<\/strong><\/p>\n<p>Apple oracle Ming-Chi Kuo has new information to announce about the front and rear cameras of the upcoming iPhone line-up. According to him, Apple is planning to update the front camera from 7 megapixels to 12 megapixels on all three iPhone models. Furthermore, the much-discussed triple camera is set to be introduced in the 5.8&quot; and 6.5&quot; iPhones - the third lens, according to Kuo, will be an ultra-wide-angle lens with 12 megapixels from Sony. Both the front and rear cameras will be delivered with a special black coating - the result should be an inconspicuous look - according to Kuo.<\/p>\n<p class=\"p1\"><\/p>\n<p>At the same time, the lenses themselves are coated black.<\/p>\n<p><strong>iPhone XR 2 with dual camera<\/strong><\/p>\n<p>Otherwise you could <a href=\"https:\/\/www.apfelpatient.de\/en\">controversial square<\/a> do not hide. Whether the invisibility effect will actually help remains to be seen, of course. There is also new information about the successor model to the iPhone XR. Previous rumors that Apple will give the iPhone XR 2 a dual camera have now been confirmed by Kuo. The new iPhone line-up, consisting of the successor to the iPhone XS, iPhone XS Max and iPhone XR, is expected in mid-September.<\/p>\n<h6><a href=\"https:\/\/t.me\/apfelpatient_official\"><em><strong>Don&#039;t want to miss any more news? Then subscribe to our Telegram channel here<\/strong><\/em><\/a><\/h6>","protected":false},"excerpt":{"rendered":"<p>Der Staranalyst Ming-Chi Kuo hat sich erneut zu Wort gemeldet. Dieses Mal berichtet er \u00fcber die Front- und R\u00fcckkamera der 2019 iPhone Modelle. Das Apple-Orakel Ming-Chi Kuo hat neue Informationen zum Thema Front- und R\u00fcckkamera des kommenden iPhone Line-Ups zu verk\u00fcnden. Demnach plant Apple eine Aktualisierung der Frontkamera von 7 Megapixel auf 12 Megapixel bei [&hellip;]<\/p>\n","protected":false},"author":2,"featured_media":3053,"comment_status":"open","ping_status":"open","sticky":false,"template":"","format":"standard","meta":{"jnews-multi-image_gallery":[],"jnews_single_post":[],"jnews_primary_category":[],"footnotes":""},"categories":[25],"tags":[8,204,183,151,135,148],"class_list":["post-4133","post","type-post","status-publish","format-standard","has-post-thumbnail","hentry","category-rumors","tag-iphone","tag-iphone-11","tag-iphone-2019","tag-iphone-xr","tag-iphone-xs","tag-iphone-xs-max"],"yoast_head":"<!-- This site is optimized with the Yoast SEO Premium plugin v27.5 (Yoast SEO v27.5) - https:\/\/yoast.com\/product\/yoast-seo-premium-wordpress\/ -->\n<title>iPhone 2019: Neue Details zu den Kameras aufgetaucht Apfelpatient<\/title>\n<meta name=\"description\" content=\"- Der Staranalyst Ming-Chi Kuo hat sich erneut zu Wort gemeldet. Dieses Mal berichtet er \u00fcber die Front- und R\u00fcckkamera der 2019 iPhone Modelle.\" \/>\n<meta name=\"robots\" content=\"index, follow, max-snippet:-1, max-image-preview:large, max-video-preview:-1\" \/>\n<link rel=\"canonical\" href=\"https:\/\/www.apfelpatient.de\/en\/rumors\/iphone-2019-new-details-about-the-cameras-emerged\" \/>\n<meta property=\"og:locale\" content=\"en_US\" \/>\n<meta property=\"og:type\" content=\"article\" \/>\n<meta property=\"og:title\" content=\"iPhone 2019: Neue Details zu den Kameras aufgetaucht\" \/>\n<meta property=\"og:description\" content=\"- Der Staranalyst Ming-Chi Kuo hat sich erneut zu Wort gemeldet. Dieses Mal berichtet er \u00fcber die Front- und R\u00fcckkamera der 2019 iPhone Modelle.\" \/>\n<meta property=\"og:url\" content=\"https:\/\/www.apfelpatient.de\/en\/rumors\/iphone-2019-new-details-about-the-cameras-emerged\" \/>\n<meta property=\"og:site_name\" content=\"Apfelpatient\" \/>\n<meta property=\"article:publisher\" content=\"https:\/\/www.facebook.com\/apfelpatientOfficial\" \/>\n<meta property=\"article:author\" content=\"https:\/\/www.facebook.com\/apfelpatientOfficial\" \/>\n<meta property=\"article:published_time\" content=\"2019-04-18T15:32:06+00:00\" \/>\n<meta property=\"article:modified_time\" content=\"2025-02-06T06:11:05+00:00\" \/>\n<meta property=\"og:image\" content=\"https:\/\/www.apfelpatient.de\/wp-content\/uploads\/2019\/01\/DwPcrfcXcAEWTcT.jpg\" \/>\n\t<meta property=\"og:image:width\" content=\"1200\" \/>\n\t<meta property=\"og:image:height\" content=\"675\" \/>\n\t<meta property=\"og:image:type\" content=\"image\/jpeg\" \/>\n<meta name=\"author\" content=\"Milan\" \/>\n<meta name=\"twitter:card\" content=\"summary_large_image\" \/>\n<meta name=\"twitter:label1\" content=\"Written by\" \/>\n\t<meta name=\"twitter:data1\" content=\"Milan\" \/>\n\t<meta name=\"twitter:label2\" content=\"Est. reading time\" \/>\n\t<meta name=\"twitter:data2\" content=\"1 minute\" \/>\n<script type=\"application\/ld+json\" class=\"yoast-schema-graph\">{\"@context\":\"https:\\\/\\\/schema.org\",\"@graph\":[{\"@type\":\"NewsArticle\",\"@id\":\"https:\\\/\\\/www.apfelpatient.de\\\/rumors\\\/iphone-2019-neue-details-zu-den-kameras-aufgetaucht#article\",\"isPartOf\":{\"@id\":\"https:\\\/\\\/www.apfelpatient.de\\\/rumors\\\/iphone-2019-neue-details-zu-den-kameras-aufgetaucht\"},\"author\":{\"@type\":\"Organization\",\"@id\":\"https:\\\/\\\/www.apfelpatient.de\\\/en\\\/#organization\",\"name\":\"Apfelpatient\",\"url\":\"https:\\\/\\\/www.apfelpatient.de\\\/en\\\/\"},\"headline\":\"iPhone 2019: Neue Details zu den Kameras aufgetaucht\",\"datePublished\":\"2019-04-18T15:32:06+00:00\",\"dateModified\":\"2025-02-06T06:11:05+00:00\",\"mainEntityOfPage\":{\"@id\":\"https:\\\/\\\/www.apfelpatient.de\\\/rumors\\\/iphone-2019-neue-details-zu-den-kameras-aufgetaucht\"},\"wordCount\":216,\"commentCount\":0,\"publisher\":{\"@type\":\"Organization\",\"@id\":\"https:\\\/\\\/www.apfelpatient.de\\\/en\\\/#organization\",\"name\":\"Apfelpatient\",\"url\":\"https:\\\/\\\/www.apfelpatient.de\\\/en\\\/\"},\"image\":{\"@id\":\"https:\\\/\\\/www.apfelpatient.de\\\/rumors\\\/iphone-2019-neue-details-zu-den-kameras-aufgetaucht#primaryimage\"},\"thumbnailUrl\":\"https:\\\/\\\/www.apfelpatient.de\\\/wp-content\\\/uploads\\\/2019\\\/01\\\/DwPcrfcXcAEWTcT.jpg\",\"keywords\":[\"iPhone\",\"iPhone 11\",\"iPhone 2019\",\"iPhone XR\",\"iPhone XS\",\"iPhone XS Max\"],\"articleSection\":\"Rumors\",\"inLanguage\":\"en-US\",\"potentialAction\":[{\"@type\":\"CommentAction\",\"name\":\"Comment\",\"target\":[\"https:\\\/\\\/www.apfelpatient.de\\\/rumors\\\/iphone-2019-neue-details-zu-den-kameras-aufgetaucht#respond\"]}],\"copyrightYear\":\"2019\",\"copyrightHolder\":{\"@id\":\"https:\\\/\\\/www.apfelpatient.de\\\/en\\\/#organization\"}},{\"@type\":\"WebPage\",\"@id\":\"https:\\\/\\\/www.apfelpatient.de\\\/rumors\\\/iphone-2019-neue-details-zu-den-kameras-aufgetaucht\",\"url\":\"https:\\\/\\\/www.apfelpatient.de\\\/rumors\\\/iphone-2019-neue-details-zu-den-kameras-aufgetaucht\",\"name\":\"iPhone 2019: Neue Details zu den Kameras aufgetaucht Apfelpatient\",\"isPartOf\":{\"@id\":\"https:\\\/\\\/www.apfelpatient.de\\\/#website\"},\"primaryImageOfPage\":{\"@id\":\"https:\\\/\\\/www.apfelpatient.de\\\/rumors\\\/iphone-2019-neue-details-zu-den-kameras-aufgetaucht#primaryimage\"},\"image\":{\"@id\":\"https:\\\/\\\/www.apfelpatient.de\\\/rumors\\\/iphone-2019-neue-details-zu-den-kameras-aufgetaucht#primaryimage\"},\"thumbnailUrl\":\"https:\\\/\\\/www.apfelpatient.de\\\/wp-content\\\/uploads\\\/2019\\\/01\\\/DwPcrfcXcAEWTcT.jpg\",\"datePublished\":\"2019-04-18T15:32:06+00:00\",\"dateModified\":\"2025-02-06T06:11:05+00:00\",\"description\":\"- Der Staranalyst Ming-Chi Kuo hat sich erneut zu Wort gemeldet. Dieses Mal berichtet er \u00fcber die Front- und R\u00fcckkamera der 2019 iPhone Modelle.\",\"breadcrumb\":{\"@id\":\"https:\\\/\\\/www.apfelpatient.de\\\/rumors\\\/iphone-2019-neue-details-zu-den-kameras-aufgetaucht#breadcrumb\"},\"inLanguage\":\"en-US\",\"potentialAction\":[{\"@type\":\"ReadAction\",\"target\":[\"https:\\\/\\\/www.apfelpatient.de\\\/rumors\\\/iphone-2019-neue-details-zu-den-kameras-aufgetaucht\"]}]},{\"@type\":\"ImageObject\",\"inLanguage\":\"en-US\",\"@id\":\"https:\\\/\\\/www.apfelpatient.de\\\/rumors\\\/iphone-2019-neue-details-zu-den-kameras-aufgetaucht#primaryimage\",\"url\":\"https:\\\/\\\/www.apfelpatient.de\\\/wp-content\\\/uploads\\\/2019\\\/01\\\/DwPcrfcXcAEWTcT.jpg\",\"contentUrl\":\"https:\\\/\\\/www.apfelpatient.de\\\/wp-content\\\/uploads\\\/2019\\\/01\\\/DwPcrfcXcAEWTcT.jpg\",\"width\":1200,\"height\":675,\"caption\":\"Bild: OnLeaks x DigitIndia (Prototyp 1)\"},{\"@type\":\"BreadcrumbList\",\"@id\":\"https:\\\/\\\/www.apfelpatient.de\\\/rumors\\\/iphone-2019-neue-details-zu-den-kameras-aufgetaucht#breadcrumb\",\"itemListElement\":[{\"@type\":\"ListItem\",\"position\":1,\"name\":\"Startseite\",\"item\":\"https:\\\/\\\/www.apfelpatient.de\\\/\"},{\"@type\":\"ListItem\",\"position\":2,\"name\":\"iPhone 2019: Neue Details zu den Kameras aufgetaucht\"}]},{\"@type\":\"WebSite\",\"@id\":\"https:\\\/\\\/www.apfelpatient.de\\\/#website\",\"url\":\"https:\\\/\\\/www.apfelpatient.de\\\/\",\"name\":\"Apfelpatient\",\"description\":\"Alles rund um Apple!\",\"publisher\":{\"@type\":\"Organization\",\"@id\":\"https:\\\/\\\/www.apfelpatient.de\\\/en\\\/#organization\",\"name\":\"Apfelpatient\",\"url\":\"https:\\\/\\\/www.apfelpatient.de\\\/en\\\/\"},\"alternateName\":\"Apfelpatient\",\"potentialAction\":[{\"@type\":\"SearchAction\",\"target\":{\"@type\":\"EntryPoint\",\"urlTemplate\":\"https:\\\/\\\/www.apfelpatient.de\\\/?s={search_term_string}\"},\"query-input\":{\"@type\":\"PropertyValueSpecification\",\"valueRequired\":true,\"valueName\":\"search_term_string\"}}],\"inLanguage\":\"en-US\"},{\"@type\":[\"Person\",\"Organization\"],\"@id\":\"https:\\\/\\\/www.apfelpatient.de\\\/#\\\/schema\\\/person\\\/7dc56ad6c8e9824b76d2c08d4c140e13\",\"name\":\"Milan\",\"logo\":{\"@id\":\"https:\\\/\\\/www.apfelpatient.de\\\/#\\\/schema\\\/person\\\/image\\\/\"},\"description\":\"Hallo und herzlich willkommen auf meinem Technik-Blog! Als gro\u00dfer Apple-Fan berichte ich hier \u00fcber alles, was mit Apple zu tun hat: von den neuesten News und spannenden Ger\u00fcchten \u00fcber hilfreiche Tipps und Tricks bis hin zu ausf\u00fchrlichen Produkttests. Wenn du genauso technikbegeistert bist wie ich, bist du hier genau richtig!\",\"sameAs\":[\"https:\\\/\\\/www.facebook.com\\\/apfelpatientOfficial\",\"https:\\\/\\\/www.linkedin.com\\\/in\\\/milan-jovicic-42aa0231b\"],\"url\":\"https:\\\/\\\/www.apfelpatient.de\\\/en\\\/author\\\/apfeladmin\"}]}<\/script>\n<!-- \/ Yoast SEO Premium plugin. -->","yoast_head_json":{"title":"iPhone 2019: New details about the cameras have emerged Apfelpatient","description":"- Star analyst Ming-Chi Kuo has spoken out again. This time he reports on the front and rear cameras of the 2019 iPhone models.","robots":{"index":"index","follow":"follow","max-snippet":"max-snippet:-1","max-image-preview":"max-image-preview:large","max-video-preview":"max-video-preview:-1"},"canonical":"https:\/\/www.apfelpatient.de\/en\/rumors\/iphone-2019-new-details-about-the-cameras-emerged","og_locale":"en_US","og_type":"article","og_title":"iPhone 2019: Neue Details zu den Kameras aufgetaucht","og_description":"- Der Staranalyst Ming-Chi Kuo hat sich erneut zu Wort gemeldet. Dieses Mal berichtet er \u00fcber die Front- und R\u00fcckkamera der 2019 iPhone Modelle.","og_url":"https:\/\/www.apfelpatient.de\/en\/rumors\/iphone-2019-new-details-about-the-cameras-emerged","og_site_name":"Apfelpatient","article_publisher":"https:\/\/www.facebook.com\/apfelpatientOfficial","article_author":"https:\/\/www.facebook.com\/apfelpatientOfficial","article_published_time":"2019-04-18T15:32:06+00:00","article_modified_time":"2025-02-06T06:11:05+00:00","og_image":[{"width":1200,"height":675,"url":"https:\/\/www.apfelpatient.de\/wp-content\/uploads\/2019\/01\/DwPcrfcXcAEWTcT.jpg","type":"image\/jpeg"}],"author":"Milan","twitter_card":"summary_large_image","twitter_misc":{"Written by":"Milan","Est. reading time":"1 minute"},"schema":{"@context":"https:\/\/schema.org","@graph":[{"@type":"NewsArticle","@id":"https:\/\/www.apfelpatient.de\/rumors\/iphone-2019-neue-details-zu-den-kameras-aufgetaucht#article","isPartOf":{"@id":"https:\/\/www.apfelpatient.de\/rumors\/iphone-2019-neue-details-zu-den-kameras-aufgetaucht"},"author":{"@type":"Organization","@id":"https:\/\/www.apfelpatient.de\/en\/#organization","name":"Apfelpatient","url":"https:\/\/www.apfelpatient.de\/en\/"},"headline":"iPhone 2019: Neue Details zu den Kameras aufgetaucht","datePublished":"2019-04-18T15:32:06+00:00","dateModified":"2025-02-06T06:11:05+00:00","mainEntityOfPage":{"@id":"https:\/\/www.apfelpatient.de\/rumors\/iphone-2019-neue-details-zu-den-kameras-aufgetaucht"},"wordCount":216,"commentCount":0,"publisher":{"@type":"Organization","@id":"https:\/\/www.apfelpatient.de\/en\/#organization","name":"Apfelpatient","url":"https:\/\/www.apfelpatient.de\/en\/"},"image":{"@id":"https:\/\/www.apfelpatient.de\/rumors\/iphone-2019-neue-details-zu-den-kameras-aufgetaucht#primaryimage"},"thumbnailUrl":"https:\/\/www.apfelpatient.de\/wp-content\/uploads\/2019\/01\/DwPcrfcXcAEWTcT.jpg","keywords":["iPhone","iPhone 11","iPhone 2019","iPhone XR","iPhone XS","iPhone XS Max"],"articleSection":"Rumors","inLanguage":"en-US","potentialAction":[{"@type":"CommentAction","name":"Comment","target":["https:\/\/www.apfelpatient.de\/rumors\/iphone-2019-neue-details-zu-den-kameras-aufgetaucht#respond"]}],"copyrightYear":"2019","copyrightHolder":{"@id":"https:\/\/www.apfelpatient.de\/en\/#organization"}},{"@type":"WebPage","@id":"https:\/\/www.apfelpatient.de\/rumors\/iphone-2019-neue-details-zu-den-kameras-aufgetaucht","url":"https:\/\/www.apfelpatient.de\/rumors\/iphone-2019-neue-details-zu-den-kameras-aufgetaucht","name":"iPhone 2019: New details about the cameras have emerged Apfelpatient","isPartOf":{"@id":"https:\/\/www.apfelpatient.de\/#website"},"primaryImageOfPage":{"@id":"https:\/\/www.apfelpatient.de\/rumors\/iphone-2019-neue-details-zu-den-kameras-aufgetaucht#primaryimage"},"image":{"@id":"https:\/\/www.apfelpatient.de\/rumors\/iphone-2019-neue-details-zu-den-kameras-aufgetaucht#primaryimage"},"thumbnailUrl":"https:\/\/www.apfelpatient.de\/wp-content\/uploads\/2019\/01\/DwPcrfcXcAEWTcT.jpg","datePublished":"2019-04-18T15:32:06+00:00","dateModified":"2025-02-06T06:11:05+00:00","description":"- Star analyst Ming-Chi Kuo has spoken out again. This time he reports on the front and rear cameras of the 2019 iPhone models.","breadcrumb":{"@id":"https:\/\/www.apfelpatient.de\/rumors\/iphone-2019-neue-details-zu-den-kameras-aufgetaucht#breadcrumb"},"inLanguage":"en-US","potentialAction":[{"@type":"ReadAction","target":["https:\/\/www.apfelpatient.de\/rumors\/iphone-2019-neue-details-zu-den-kameras-aufgetaucht"]}]},{"@type":"ImageObject","inLanguage":"en-US","@id":"https:\/\/www.apfelpatient.de\/rumors\/iphone-2019-neue-details-zu-den-kameras-aufgetaucht#primaryimage","url":"https:\/\/www.apfelpatient.de\/wp-content\/uploads\/2019\/01\/DwPcrfcXcAEWTcT.jpg","contentUrl":"https:\/\/www.apfelpatient.de\/wp-content\/uploads\/2019\/01\/DwPcrfcXcAEWTcT.jpg","width":1200,"height":675,"caption":"Bild: OnLeaks x DigitIndia (Prototyp 1)"},{"@type":"BreadcrumbList","@id":"https:\/\/www.apfelpatient.de\/rumors\/iphone-2019-neue-details-zu-den-kameras-aufgetaucht#breadcrumb","itemListElement":[{"@type":"ListItem","position":1,"name":"Startseite","item":"https:\/\/www.apfelpatient.de\/"},{"@type":"ListItem","position":2,"name":"iPhone 2019: Neue Details zu den Kameras aufgetaucht"}]},{"@type":"WebSite","@id":"https:\/\/www.apfelpatient.de\/#website","url":"https:\/\/www.apfelpatient.de\/","name":"apple patient","description":"Everything about Apple!","publisher":{"@type":"Organization","@id":"https:\/\/www.apfelpatient.de\/en\/#organization","name":"Apfelpatient","url":"https:\/\/www.apfelpatient.de\/en\/"},"alternateName":"Apfelpatient","potentialAction":[{"@type":"SearchAction","target":{"@type":"EntryPoint","urlTemplate":"https:\/\/www.apfelpatient.de\/?s={search_term_string}"},"query-input":{"@type":"PropertyValueSpecification","valueRequired":true,"valueName":"search_term_string"}}],"inLanguage":"en-US"},{"@type":["Person","Organization"],"@id":"https:\/\/www.apfelpatient.de\/#\/schema\/person\/7dc56ad6c8e9824b76d2c08d4c140e13","name":"Milan","logo":{"@id":"https:\/\/www.apfelpatient.de\/#\/schema\/person\/image\/"},"description":"Hello and welcome to my technology blog! As a big Apple fan, I report on everything to do with Apple: from the latest news and exciting rumors to helpful tips and tricks and detailed product tests. If you are as enthusiastic about technology as I am, you have come to the right place!","sameAs":["https:\/\/www.facebook.com\/apfelpatientOfficial","https:\/\/www.linkedin.com\/in\/milan-jovicic-42aa0231b"],"url":"https:\/\/www.apfelpatient.de\/en\/author\/apfeladmin"}]}},"_links":{"self":[{"href":"https:\/\/www.apfelpatient.de\/en\/wp-json\/wp\/v2\/posts\/4133","targetHints":{"allow":["GET"]}}],"collection":[{"href":"https:\/\/www.apfelpatient.de\/en\/wp-json\/wp\/v2\/posts"}],"about":[{"href":"https:\/\/www.apfelpatient.de\/en\/wp-json\/wp\/v2\/types\/post"}],"author":[{"embeddable":true,"href":"https:\/\/www.apfelpatient.de\/en\/wp-json\/wp\/v2\/users\/2"}],"replies":[{"embeddable":true,"href":"https:\/\/www.apfelpatient.de\/en\/wp-json\/wp\/v2\/comments?post=4133"}],"version-history":[{"count":0,"href":"https:\/\/www.apfelpatient.de\/en\/wp-json\/wp\/v2\/posts\/4133\/revisions"}],"wp:featuredmedia":[{"embeddable":true,"href":"https:\/\/www.apfelpatient.de\/en\/wp-json\/wp\/v2\/media\/3053"}],"wp:attachment":[{"href":"https:\/\/www.apfelpatient.de\/en\/wp-json\/wp\/v2\/media?parent=4133"}],"wp:term":[{"taxonomy":"category","embeddable":true,"href":"https:\/\/www.apfelpatient.de\/en\/wp-json\/wp\/v2\/categories?post=4133"},{"taxonomy":"post_tag","embeddable":true,"href":"https:\/\/www.apfelpatient.de\/en\/wp-json\/wp\/v2\/tags?post=4133"}],"curies":[{"name":"wp","href":"https:\/\/api.w.org\/{rel}","templated":true}]}}