{"id":41277,"date":"2023-12-06T15:52:08","date_gmt":"2023-12-06T14:52:08","guid":{"rendered":"https:\/\/www.apfelpatient.de\/?p=41277"},"modified":"2023-12-06T15:52:09","modified_gmt":"2023-12-06T14:52:09","slug":"when-will-face-id-under-the-display-become-a-reality","status":"publish","type":"post","link":"https:\/\/www.apfelpatient.de\/en\/rumors\/wann-wird-face-id-unter-dem-display-realitaet","title":{"rendered":"When will under-display Face ID become a reality?"},"content":{"rendered":"<p class=\"has-drop-cap\"><strong>The long-awaited integration of &quot;under-display Face ID&quot; in Apple&#039;s iPhone lineup seems to be delayed further. Rumors and speculation about this exciting feature have kept the Apple community on tenterhooks for years. However, a recent report based on information from Apple&#039;s supply chain makes it clear that we still have some time to wait before this new technology becomes a reality. Below, we&#039;ll discuss the latest developments regarding under-display Face ID and talk about when we&#039;re likely to see this feature in an iPhone.<\/strong><\/p>\n\n\n\n<p>For more than five years, Apple fans have been waiting for an iPhone with a nearly bezel-less full screen that no longer has an annoying front camera notch. The idea of the Face ID technology disappearing under the display is a dream of many users, but one that has not yet been fulfilled.<\/p>\n\n\n\n<h3 class=\"wp-block-heading\" id=\"h-face-id-unter-dem-display-wann-wird-es-realitat\">Face ID under the display \u2013 When will it become a reality?<\/h3>\n\n\n\n<p>Apple is reportedly working closely with its suppliers, including LG and Samsung, to realize the vision of an iPhone with an invisible under-display camera. However, the latest information suggests that this technology will not be available until \u201cafter 2026\u201d at the earliest. This represents a significant shift from previous speculation that suggested we could expect such an iPhone as early as next year. A <a href=\"https:\/\/www.thelec.kr\/news\/articleView.html?idxno=24568\" target=\"_blank\" rel=\"noreferrer noopener\">report<\/a> by The Elec highlights that LG has developed an innovative screen technology to completely hide the camera under the display. Apple has also reportedly considered Samsung&#039;s developments in this regard, but without satisfactory results. However, this latest information raises the question of whether the technology will really be ready for the market by 2026.<\/p>\n\n\n\n<h3 class=\"wp-block-heading\" id=\"h-widerspruchliche-berichte-von-2024-bis-2026-die-entwicklung-im-wandel\">Contradictory Reports: From 2024 to 2026 \u2013 The Changing Development<\/h3>\n\n\n\n<p>It is important to note that this prediction contradicts previous reports. In January 2023, it was claimed that under-display Face ID would be integrated into the iPhone 16 Pro as early as 2024. So the development seems to be extremely volatile and the exact timeline remains unclear. Even respected analyst Ming-Chi Kuo had predicted in April 2022 that the iPhone 16 Pro could introduce this innovative technology. Kuo was of the opinion that &quot;high-end iPhones will have an under-display front camera in 2024.&quot; This highlights the ambivalence regarding the actual launch. On the other side of the spectrum, some Android manufacturers, including Samsung, Asus, OnePlus, Oppo, and Xiaomi, have already launched devices with under-display cameras. This shows that the technology is fundamentally possible and is being successfully used by others.<\/p>\n\n\n\n<h3 class=\"wp-block-heading\" id=\"h-geduld-und-vorfreude-auf-die-zukunft-von-apple\">Patience and anticipation for the future of Apple<\/h3>\n\n\n\n\n\n\n\n<p>The prospect of under-display Face ID in an iPhone remains a fascinating topic for Apple enthusiasts. The latest information, which says we may not see this feature until \u201cafter 2026,\u201d is undoubtedly disappointing. The lack of clarity and changing reports from Apple\u2019s supply chain make it difficult to make accurate predictions. Still, we should keep in mind that Apple is always striving to incorporate innovative technologies into its products. Fans\u2019 patience could end up paying off when under-display Face ID finally becomes a reality. Until then, however, we will have to continue to make do with the current state of technology and eagerly await what\u2019s to come in the Apple world. Looking for new accessories? Then take a look\u00a0<a href=\"https:\/\/www.amazon.de\/shop\/apfelpatientofficial\" target=\"_blank\" rel=\"noreferrer noopener\">in our Amazon Storefront<\/a>\u00a0- there you will find numerous products from leading providers, also for HomeKit and Co.! (Photo by Unsplash \/ James Yarema)<\/p>\n\n\n\n<ul class=\"wp-block-list\">\n<li><a href=\"https:\/\/www.apfelpatient.de\/en\/rumors\/iphone-16-rumored-action-button-in-conversation\">iPhone 16 Rumors: Action button under discussion<\/a><\/li>\n<\/ul>\n\n\n\n<h6 class=\"wp-block-heading translation-block\" id=\"h-kennt-ihr-schon-unsere-amazon-storefront-dort-findet-ihr-eine-handverlesene-auswahl-von-diversen-produkten-f-r-euer-iphone-und-co-viel-spa-beim-st-bern\"><em>Have you already visited our Amazon Storefront? There you&#039;ll find a hand-picked selection of various products for your iPhone and other devices \u2013 <span class=\"has-inline-color has-vivid-red-color\"><a href=\"https:\/\/www.amazon.de\/shop\/apfelpatientofficial\" class=\"ek-link\" data-wpel-link=\"exclude\" rel=\"follow noopener\" target=\"_self\"><span style=\"text-decoration: underline\" class=\"ek-underline\">enjoy browsing<\/span><\/a> !<\/span><\/em><\/h6>\n\n\n\n<h6 class=\"wp-block-heading translation-block\" id=\"h-der-beitrag-enthalt-partnerlinks\">This post contains <a data-type=\"URL\" data-id=\"https:\/\/www.apfelpatient.de\/partnerprogramm\" href=\"https:\/\/www.apfelpatient.de\/en\/partner-program\" data-wpel-link=\"internal\" target=\"_self\">affiliate links<\/a>.<\/h6>","protected":false},"excerpt":{"rendered":"<p>Face ID under the iPhone display: Apple fans are eagerly awaiting the innovation. Everything about the delays and forecasts.<\/p>","protected":false},"author":2,"featured_media":41279,"comment_status":"closed","ping_status":"closed","sticky":false,"template":"","format":"standard","meta":{"jnews-multi-image_gallery":[],"jnews_single_post":{"subtitle":"","format":"standard","video":"","gallery":"","source_name":"","source_url":"","via_name":"","via_url":"","override_template":"0","override":[{"template":"4","single_blog_custom":"","parallax":"1","fullscreen":"1","layout":"right-sidebar","sidebar":"default-sidebar","second_sidebar":"default-sidebar","sticky_sidebar":"1","share_position":"top","share_float_style":"share-monocrhome","show_share_counter":"1","show_view_counter":"1","show_featured":"1","show_post_meta":"1","show_post_author":"1","show_post_author_image":"1","show_post_date":"1","post_date_format":"default","post_date_format_custom":"Y\/m\/d","show_post_category":"1","show_post_reading_time":"0","post_reading_time_wpm":"300","show_zoom_button":"0","zoom_button_out_step":"2","zoom_button_in_step":"3","show_post_tag":"1","show_prev_next_post":"1","show_popup_post":"1","number_popup_post":"1","show_author_box":"0","show_post_related":"0","show_inline_post_related":"0"}],"override_image_size":"0","image_override":[{"single_post_thumbnail_size":"crop-500","single_post_gallery_size":"crop-500"}],"trending_post":"0","trending_post_position":"meta","trending_post_label":"Trending","sponsored_post":"0","sponsored_post_label":"Sponsored by","sponsored_post_name":"","sponsored_post_url":"","sponsored_post_logo_enable":"0","sponsored_post_logo":"","sponsored_post_desc":"","disable_ad":"0"},"jnews_primary_category":{"id":"25","hide":""},"footnotes":""},"categories":[25],"tags":[8,824,897],"class_list":["post-41277","post","type-post","status-publish","format-standard","has-post-thumbnail","hentry","category-rumors","tag-iphone","tag-iphone-2026","tag-iphone-2027"],"yoast_head":"<!-- This site is optimized with the Yoast SEO Premium plugin v27.5 (Yoast SEO v27.5) - https:\/\/yoast.com\/product\/yoast-seo-premium-wordpress\/ -->\n<title>Wann wird Face ID unter dem Display Realit\u00e4t? Apfelpatient<\/title>\n<meta name=\"description\" content=\"Face ID unter dem iPhone-Display: Apple-Fans warten gespannt auf die Innovation. Alles \u00fcber die Verschiebungen und Prognosen.\" \/>\n<meta name=\"robots\" content=\"index, follow, max-snippet:-1, max-image-preview:large, max-video-preview:-1\" \/>\n<link rel=\"canonical\" href=\"https:\/\/www.apfelpatient.de\/en\/rumors\/when-will-face-id-under-the-display-become-a-reality\" \/>\n<meta property=\"og:locale\" content=\"en_US\" \/>\n<meta property=\"og:type\" content=\"article\" \/>\n<meta property=\"og:title\" content=\"Wann wird Face ID unter dem Display Realit\u00e4t?\" \/>\n<meta property=\"og:description\" content=\"Face ID unter dem iPhone-Display: Apple-Fans warten gespannt auf die Innovation. Alles \u00fcber die Verschiebungen und Prognosen.\" \/>\n<meta property=\"og:url\" content=\"https:\/\/www.apfelpatient.de\/en\/rumors\/when-will-face-id-under-the-display-become-a-reality\" \/>\n<meta property=\"og:site_name\" content=\"Apfelpatient\" \/>\n<meta property=\"article:publisher\" content=\"https:\/\/www.facebook.com\/apfelpatientOfficial\" \/>\n<meta property=\"article:author\" content=\"https:\/\/www.facebook.com\/apfelpatientOfficial\" \/>\n<meta property=\"article:published_time\" content=\"2023-12-06T14:52:08+00:00\" \/>\n<meta property=\"article:modified_time\" content=\"2023-12-06T14:52:09+00:00\" \/>\n<meta property=\"og:image\" content=\"https:\/\/www.apfelpatient.de\/wp-content\/uploads\/2023\/12\/james-yarema-MQ25dT1yi1w-unsplash.jpg\" \/>\n\t<meta property=\"og:image:width\" content=\"1600\" \/>\n\t<meta property=\"og:image:height\" content=\"1067\" \/>\n\t<meta property=\"og:image:type\" content=\"image\/jpeg\" \/>\n<meta name=\"author\" content=\"Milan\" \/>\n<meta name=\"twitter:card\" content=\"summary_large_image\" \/>\n<meta name=\"twitter:description\" content=\"Face ID unter dem iPhone-Display: Apple-Fans warten gespannt auf die Innovation. Alles \u00fcber die Verschiebungen und Prognosen.\" \/>\n<meta name=\"twitter:label1\" content=\"Written by\" \/>\n\t<meta name=\"twitter:data1\" content=\"Milan\" \/>\n\t<meta name=\"twitter:label2\" content=\"Est. reading time\" \/>\n\t<meta name=\"twitter:data2\" content=\"4 minutes\" \/>\n<script type=\"application\/ld+json\" class=\"yoast-schema-graph\">{\"@context\":\"https:\\\/\\\/schema.org\",\"@graph\":[{\"@type\":\"NewsArticle\",\"@id\":\"https:\\\/\\\/www.apfelpatient.de\\\/rumors\\\/wann-wird-face-id-unter-dem-display-realitaet#article\",\"isPartOf\":{\"@id\":\"https:\\\/\\\/www.apfelpatient.de\\\/rumors\\\/wann-wird-face-id-unter-dem-display-realitaet\"},\"author\":{\"@type\":\"Organization\",\"@id\":\"https:\\\/\\\/www.apfelpatient.de\\\/en\\\/#organization\",\"name\":\"Apfelpatient\",\"url\":\"https:\\\/\\\/www.apfelpatient.de\\\/en\\\/\"},\"headline\":\"Wann wird Face ID unter dem Display Realit\u00e4t?\",\"datePublished\":\"2023-12-06T14:52:08+00:00\",\"dateModified\":\"2023-12-06T14:52:09+00:00\",\"mainEntityOfPage\":{\"@id\":\"https:\\\/\\\/www.apfelpatient.de\\\/rumors\\\/wann-wird-face-id-unter-dem-display-realitaet\"},\"wordCount\":602,\"publisher\":{\"@type\":\"Organization\",\"@id\":\"https:\\\/\\\/www.apfelpatient.de\\\/en\\\/#organization\",\"name\":\"Apfelpatient\",\"url\":\"https:\\\/\\\/www.apfelpatient.de\\\/en\\\/\"},\"image\":{\"@id\":\"https:\\\/\\\/www.apfelpatient.de\\\/rumors\\\/wann-wird-face-id-unter-dem-display-realitaet#primaryimage\"},\"thumbnailUrl\":\"https:\\\/\\\/www.apfelpatient.de\\\/wp-content\\\/uploads\\\/2023\\\/12\\\/james-yarema-MQ25dT1yi1w-unsplash.jpg\",\"keywords\":[\"iPhone\",\"iPhone 2026\",\"iPhone 2027\"],\"articleSection\":\"Rumors\",\"inLanguage\":\"en-US\",\"copyrightYear\":\"2023\",\"copyrightHolder\":{\"@id\":\"https:\\\/\\\/www.apfelpatient.de\\\/en\\\/#organization\"}},{\"@type\":\"WebPage\",\"@id\":\"https:\\\/\\\/www.apfelpatient.de\\\/rumors\\\/wann-wird-face-id-unter-dem-display-realitaet\",\"url\":\"https:\\\/\\\/www.apfelpatient.de\\\/rumors\\\/wann-wird-face-id-unter-dem-display-realitaet\",\"name\":\"Wann wird Face ID unter dem Display Realit\u00e4t? Apfelpatient\",\"isPartOf\":{\"@id\":\"https:\\\/\\\/www.apfelpatient.de\\\/#website\"},\"primaryImageOfPage\":{\"@id\":\"https:\\\/\\\/www.apfelpatient.de\\\/rumors\\\/wann-wird-face-id-unter-dem-display-realitaet#primaryimage\"},\"image\":{\"@id\":\"https:\\\/\\\/www.apfelpatient.de\\\/rumors\\\/wann-wird-face-id-unter-dem-display-realitaet#primaryimage\"},\"thumbnailUrl\":\"https:\\\/\\\/www.apfelpatient.de\\\/wp-content\\\/uploads\\\/2023\\\/12\\\/james-yarema-MQ25dT1yi1w-unsplash.jpg\",\"datePublished\":\"2023-12-06T14:52:08+00:00\",\"dateModified\":\"2023-12-06T14:52:09+00:00\",\"description\":\"Face ID unter dem iPhone-Display: Apple-Fans warten gespannt auf die Innovation. Alles \u00fcber die Verschiebungen und Prognosen.\",\"breadcrumb\":{\"@id\":\"https:\\\/\\\/www.apfelpatient.de\\\/rumors\\\/wann-wird-face-id-unter-dem-display-realitaet#breadcrumb\"},\"inLanguage\":\"en-US\",\"potentialAction\":[{\"@type\":\"ReadAction\",\"target\":[\"https:\\\/\\\/www.apfelpatient.de\\\/rumors\\\/wann-wird-face-id-unter-dem-display-realitaet\"]}]},{\"@type\":\"ImageObject\",\"inLanguage\":\"en-US\",\"@id\":\"https:\\\/\\\/www.apfelpatient.de\\\/rumors\\\/wann-wird-face-id-unter-dem-display-realitaet#primaryimage\",\"url\":\"https:\\\/\\\/www.apfelpatient.de\\\/wp-content\\\/uploads\\\/2023\\\/12\\\/james-yarema-MQ25dT1yi1w-unsplash.jpg\",\"contentUrl\":\"https:\\\/\\\/www.apfelpatient.de\\\/wp-content\\\/uploads\\\/2023\\\/12\\\/james-yarema-MQ25dT1yi1w-unsplash.jpg\",\"width\":1600,\"height\":1067,\"caption\":\"Photo by Unsplash \\\/ James Yarema\"},{\"@type\":\"BreadcrumbList\",\"@id\":\"https:\\\/\\\/www.apfelpatient.de\\\/rumors\\\/wann-wird-face-id-unter-dem-display-realitaet#breadcrumb\",\"itemListElement\":[{\"@type\":\"ListItem\",\"position\":1,\"name\":\"Startseite\",\"item\":\"https:\\\/\\\/www.apfelpatient.de\\\/\"},{\"@type\":\"ListItem\",\"position\":2,\"name\":\"Wann wird Face ID unter dem Display Realit\u00e4t?\"}]},{\"@type\":\"WebSite\",\"@id\":\"https:\\\/\\\/www.apfelpatient.de\\\/#website\",\"url\":\"https:\\\/\\\/www.apfelpatient.de\\\/\",\"name\":\"Apfelpatient\",\"description\":\"Alles rund um Apple!\",\"publisher\":{\"@type\":\"Organization\",\"@id\":\"https:\\\/\\\/www.apfelpatient.de\\\/en\\\/#organization\",\"name\":\"Apfelpatient\",\"url\":\"https:\\\/\\\/www.apfelpatient.de\\\/en\\\/\"},\"alternateName\":\"Apfelpatient\",\"potentialAction\":[{\"@type\":\"SearchAction\",\"target\":{\"@type\":\"EntryPoint\",\"urlTemplate\":\"https:\\\/\\\/www.apfelpatient.de\\\/?s={search_term_string}\"},\"query-input\":{\"@type\":\"PropertyValueSpecification\",\"valueRequired\":true,\"valueName\":\"search_term_string\"}}],\"inLanguage\":\"en-US\"},{\"@type\":[\"Person\",\"Organization\"],\"@id\":\"https:\\\/\\\/www.apfelpatient.de\\\/#\\\/schema\\\/person\\\/35b3ddba5832f2bfc7fff5206d4f6b7b\",\"name\":\"Milan\",\"logo\":{\"@id\":\"https:\\\/\\\/www.apfelpatient.de\\\/#\\\/schema\\\/person\\\/image\\\/\"},\"description\":\"Hallo und herzlich willkommen auf meinem Technik-Blog! Als gro\u00dfer Apple-Fan berichte ich hier \u00fcber alles, was mit Apple zu tun hat: von den neuesten News und spannenden Ger\u00fcchten \u00fcber hilfreiche Tipps und Tricks bis hin zu ausf\u00fchrlichen Produkttests. Wenn du genauso technikbegeistert bist wie ich, bist du hier genau richtig!\",\"sameAs\":[\"https:\\\/\\\/www.facebook.com\\\/apfelpatientOfficial\",\"https:\\\/\\\/www.linkedin.com\\\/in\\\/milan-jovicic-42aa0231b\"],\"url\":\"https:\\\/\\\/www.apfelpatient.de\\\/en\\\/author\\\/apfeladmin\"}]}<\/script>\n<!-- \/ Yoast SEO Premium plugin. -->","yoast_head_json":{"title":"When will Face ID under the display become a reality? Apfelpatient","description":"Face ID under the iPhone display: Apple fans are eagerly awaiting the innovation. Everything about the delays and forecasts.","robots":{"index":"index","follow":"follow","max-snippet":"max-snippet:-1","max-image-preview":"max-image-preview:large","max-video-preview":"max-video-preview:-1"},"canonical":"https:\/\/www.apfelpatient.de\/en\/rumors\/when-will-face-id-under-the-display-become-a-reality","og_locale":"en_US","og_type":"article","og_title":"Wann wird Face ID unter dem Display Realit\u00e4t?","og_description":"Face ID unter dem iPhone-Display: Apple-Fans warten gespannt auf die Innovation. Alles \u00fcber die Verschiebungen und Prognosen.","og_url":"https:\/\/www.apfelpatient.de\/en\/rumors\/when-will-face-id-under-the-display-become-a-reality","og_site_name":"Apfelpatient","article_publisher":"https:\/\/www.facebook.com\/apfelpatientOfficial","article_author":"https:\/\/www.facebook.com\/apfelpatientOfficial","article_published_time":"2023-12-06T14:52:08+00:00","article_modified_time":"2023-12-06T14:52:09+00:00","og_image":[{"width":1600,"height":1067,"url":"https:\/\/www.apfelpatient.de\/wp-content\/uploads\/2023\/12\/james-yarema-MQ25dT1yi1w-unsplash.jpg","type":"image\/jpeg"}],"author":"Milan","twitter_card":"summary_large_image","twitter_description":"Face ID unter dem iPhone-Display: Apple-Fans warten gespannt auf die Innovation. Alles \u00fcber die Verschiebungen und Prognosen.","twitter_misc":{"Written by":"Milan","Est. reading time":"4 minutes"},"schema":{"@context":"https:\/\/schema.org","@graph":[{"@type":"NewsArticle","@id":"https:\/\/www.apfelpatient.de\/rumors\/wann-wird-face-id-unter-dem-display-realitaet#article","isPartOf":{"@id":"https:\/\/www.apfelpatient.de\/rumors\/wann-wird-face-id-unter-dem-display-realitaet"},"author":{"@type":"Organization","@id":"https:\/\/www.apfelpatient.de\/en\/#organization","name":"Apfelpatient","url":"https:\/\/www.apfelpatient.de\/en\/"},"headline":"Wann wird Face ID unter dem Display Realit\u00e4t?","datePublished":"2023-12-06T14:52:08+00:00","dateModified":"2023-12-06T14:52:09+00:00","mainEntityOfPage":{"@id":"https:\/\/www.apfelpatient.de\/rumors\/wann-wird-face-id-unter-dem-display-realitaet"},"wordCount":602,"publisher":{"@type":"Organization","@id":"https:\/\/www.apfelpatient.de\/en\/#organization","name":"Apfelpatient","url":"https:\/\/www.apfelpatient.de\/en\/"},"image":{"@id":"https:\/\/www.apfelpatient.de\/rumors\/wann-wird-face-id-unter-dem-display-realitaet#primaryimage"},"thumbnailUrl":"https:\/\/www.apfelpatient.de\/wp-content\/uploads\/2023\/12\/james-yarema-MQ25dT1yi1w-unsplash.jpg","keywords":["iPhone","iPhone 2026","iPhone 2027"],"articleSection":"Rumors","inLanguage":"en-US","copyrightYear":"2023","copyrightHolder":{"@id":"https:\/\/www.apfelpatient.de\/en\/#organization"}},{"@type":"WebPage","@id":"https:\/\/www.apfelpatient.de\/rumors\/wann-wird-face-id-unter-dem-display-realitaet","url":"https:\/\/www.apfelpatient.de\/rumors\/wann-wird-face-id-unter-dem-display-realitaet","name":"When will Face ID under the display become a reality? Apfelpatient","isPartOf":{"@id":"https:\/\/www.apfelpatient.de\/#website"},"primaryImageOfPage":{"@id":"https:\/\/www.apfelpatient.de\/rumors\/wann-wird-face-id-unter-dem-display-realitaet#primaryimage"},"image":{"@id":"https:\/\/www.apfelpatient.de\/rumors\/wann-wird-face-id-unter-dem-display-realitaet#primaryimage"},"thumbnailUrl":"https:\/\/www.apfelpatient.de\/wp-content\/uploads\/2023\/12\/james-yarema-MQ25dT1yi1w-unsplash.jpg","datePublished":"2023-12-06T14:52:08+00:00","dateModified":"2023-12-06T14:52:09+00:00","description":"Face ID under the iPhone display: Apple fans are eagerly awaiting the innovation. Everything about the delays and forecasts.","breadcrumb":{"@id":"https:\/\/www.apfelpatient.de\/rumors\/wann-wird-face-id-unter-dem-display-realitaet#breadcrumb"},"inLanguage":"en-US","potentialAction":[{"@type":"ReadAction","target":["https:\/\/www.apfelpatient.de\/rumors\/wann-wird-face-id-unter-dem-display-realitaet"]}]},{"@type":"ImageObject","inLanguage":"en-US","@id":"https:\/\/www.apfelpatient.de\/rumors\/wann-wird-face-id-unter-dem-display-realitaet#primaryimage","url":"https:\/\/www.apfelpatient.de\/wp-content\/uploads\/2023\/12\/james-yarema-MQ25dT1yi1w-unsplash.jpg","contentUrl":"https:\/\/www.apfelpatient.de\/wp-content\/uploads\/2023\/12\/james-yarema-MQ25dT1yi1w-unsplash.jpg","width":1600,"height":1067,"caption":"Photo by Unsplash \/ James Yarema"},{"@type":"BreadcrumbList","@id":"https:\/\/www.apfelpatient.de\/rumors\/wann-wird-face-id-unter-dem-display-realitaet#breadcrumb","itemListElement":[{"@type":"ListItem","position":1,"name":"Startseite","item":"https:\/\/www.apfelpatient.de\/"},{"@type":"ListItem","position":2,"name":"Wann wird Face ID unter dem Display Realit\u00e4t?"}]},{"@type":"WebSite","@id":"https:\/\/www.apfelpatient.de\/#website","url":"https:\/\/www.apfelpatient.de\/","name":"apple patient","description":"Everything about Apple!","publisher":{"@type":"Organization","@id":"https:\/\/www.apfelpatient.de\/en\/#organization","name":"Apfelpatient","url":"https:\/\/www.apfelpatient.de\/en\/"},"alternateName":"Apfelpatient","potentialAction":[{"@type":"SearchAction","target":{"@type":"EntryPoint","urlTemplate":"https:\/\/www.apfelpatient.de\/?s={search_term_string}"},"query-input":{"@type":"PropertyValueSpecification","valueRequired":true,"valueName":"search_term_string"}}],"inLanguage":"en-US"},{"@type":["Person","Organization"],"@id":"https:\/\/www.apfelpatient.de\/#\/schema\/person\/35b3ddba5832f2bfc7fff5206d4f6b7b","name":"Milan","logo":{"@id":"https:\/\/www.apfelpatient.de\/#\/schema\/person\/image\/"},"description":"Hello and welcome to my technology blog! As a big Apple fan, I report on everything to do with Apple: from the latest news and exciting rumors to helpful tips and tricks and detailed product tests. If you are as enthusiastic about technology as I am, you have come to the right place!","sameAs":["https:\/\/www.facebook.com\/apfelpatientOfficial","https:\/\/www.linkedin.com\/in\/milan-jovicic-42aa0231b"],"url":"https:\/\/www.apfelpatient.de\/en\/author\/apfeladmin"}]}},"_links":{"self":[{"href":"https:\/\/www.apfelpatient.de\/en\/wp-json\/wp\/v2\/posts\/41277","targetHints":{"allow":["GET"]}}],"collection":[{"href":"https:\/\/www.apfelpatient.de\/en\/wp-json\/wp\/v2\/posts"}],"about":[{"href":"https:\/\/www.apfelpatient.de\/en\/wp-json\/wp\/v2\/types\/post"}],"author":[{"embeddable":true,"href":"https:\/\/www.apfelpatient.de\/en\/wp-json\/wp\/v2\/users\/2"}],"replies":[{"embeddable":true,"href":"https:\/\/www.apfelpatient.de\/en\/wp-json\/wp\/v2\/comments?post=41277"}],"version-history":[{"count":0,"href":"https:\/\/www.apfelpatient.de\/en\/wp-json\/wp\/v2\/posts\/41277\/revisions"}],"wp:featuredmedia":[{"embeddable":true,"href":"https:\/\/www.apfelpatient.de\/en\/wp-json\/wp\/v2\/media\/41279"}],"wp:attachment":[{"href":"https:\/\/www.apfelpatient.de\/en\/wp-json\/wp\/v2\/media?parent=41277"}],"wp:term":[{"taxonomy":"category","embeddable":true,"href":"https:\/\/www.apfelpatient.de\/en\/wp-json\/wp\/v2\/categories?post=41277"},{"taxonomy":"post_tag","embeddable":true,"href":"https:\/\/www.apfelpatient.de\/en\/wp-json\/wp\/v2\/tags?post=41277"}],"curies":[{"name":"wp","href":"https:\/\/api.w.org\/{rel}","templated":true}]}}