{"id":41217,"date":"2023-11-30T15:27:59","date_gmt":"2023-11-30T14:27:59","guid":{"rendered":"https:\/\/www.apfelpatient.de\/?p=41217"},"modified":"2024-05-22T19:58:54","modified_gmt":"2024-05-22T17:58:54","slug":"threads-comes-to-the-eu-in-december","status":"publish","type":"post","link":"https:\/\/www.apfelpatient.de\/en\/news\/threads-kommt-im-dezember-in-die-eu","title":{"rendered":"Threads comes to the EU in December"},"content":{"rendered":"<p class=\"has-drop-cap\"><strong>Social media has become an integral part of our lives and the choice of platforms seems to be constantly growing. But in December, that offering will expand to include a significant option that has been missing in the European Union: Threads. A recent report from the Wall Street Journal revealed that Meta plans to launch Threads, the social network, in the EU next month.<\/strong><\/p>\n\n\n\n<p>Since its launch in July in most international markets, Threads has been an up-and-coming social network, but it has not yet been available in the European Union. This was because Meta, the company behind Threads, was initially unsure if it could meet the strict regulations for online services in the EU. But now it is certain that Threads will find its way into the European market.<\/p>\n\n\n\n<h3 class=\"wp-block-heading\" id=\"h-der-schritt-in-die-eu\">The step into the EU<\/h3>\n\n\n\n<p>According to the <a href=\"https:\/\/www.wsj.com\/tech\/meta-threads-europe-launch-98448df5\" target=\"_blank\" rel=\"noreferrer noopener nofollow\">Information on<\/a> According to the Wall Street Journal, Meta Threads will comply with EU regulations by giving users in the European Union a choice. They can use Threads to consume content without creating their own profile that allows them to write their own posts. This approach echoes recent statements by Adam Mosseri, the CEO of Instagram. He announced that the platform will introduce a way to separately delete or deactivate a Threads profile while leaving the associated Instagram account intact. This decision is likely to appease EU authorities&#039; concerns about data protection and regulations.<\/p>\n\n\n\n<h3 class=\"wp-block-heading\" id=\"h-threads-auswirkungen-auf-die-nutzerzahlen\">Threads: Impact on user numbers<\/h3>\n\n\n\n<p>Threads&#039; market expansion into the European Union is expected to significantly increase the social network&#039;s user numbers. Mark Zuckerberg, the CEO of Meta, revealed at last month&#039;s earnings conference that Threads already has &quot;close to&quot; 100 million monthly users. Since its launch, numerous improvements and features have been added, including a web app, a post search function and a post editing function.<\/p>\n\n\n\n<h3 class=\"wp-block-heading\" id=\"h-einblick-in-die-integration-mit-instagram\">Insight into the integration with Instagram<\/h3>\n\n\n\n\n\n\n\n<p>One of the notable features of Threads is its integration with Instagram, another popular social network owned by Meta. This close connection has given Threads a strong user base despite its relatively short lifespan. The ability to seamlessly switch and share content between the two platforms has further increased Threads&#039; appeal. Looking for new accessories? Then check out\u00a0<a href=\"https:\/\/www.amazon.de\/shop\/apfelpatientofficial\" target=\"_blank\" rel=\"noreferrer noopener\">in our Amazon Storefront<\/a>\u00a0- there you will find numerous products from leading providers, also for HomeKit and Co.! (Photo by Unsplash \/ Dave Adamson)<\/p>\n\n\n\n<ul class=\"wp-block-list\">\n<li><a href=\"https:\/\/www.apfelpatient.de\/en\/news\/ios-17-2-new-features-for-your-iphone-in-december\">iOS 17.2: New features for your iPhone in December<\/a><\/li>\n<\/ul>\n\n\n\n<h6 class=\"wp-block-heading translation-block\" id=\"h-kennt-ihr-schon-unsere-amazon-storefront-dort-findet-ihr-eine-handverlesene-auswahl-von-diversen-produkten-f-r-euer-iphone-und-co-viel-spa-beim-st-bern\"><em>Have you already visited our Amazon Storefront? There you&#039;ll find a hand-picked selection of various products for your iPhone and other devices \u2013 <span class=\"has-inline-color has-vivid-red-color\"><a href=\"https:\/\/www.amazon.de\/shop\/apfelpatientofficial\" class=\"ek-link\" data-wpel-link=\"exclude\" rel=\"follow noopener\" target=\"_self\"><span style=\"text-decoration: underline\" class=\"ek-underline\">enjoy browsing<\/span><\/a> !<\/span><\/em><\/h6>\n\n\n\n<h6 class=\"wp-block-heading translation-block\" id=\"h-der-beitrag-enthalt-partnerlinks\">This post contains <a data-type=\"URL\" data-id=\"https:\/\/www.apfelpatient.de\/partnerprogramm\" href=\"https:\/\/www.apfelpatient.de\/en\/partner-program\" data-wpel-link=\"internal\" target=\"_self\">affiliate links<\/a>.<\/h6>","protected":false},"excerpt":{"rendered":"<p>Meta Threads conquers the EU: Read how Threads is gaining a foothold in Europe in December and what impact it will have on your social media.<\/p>","protected":false},"author":2,"featured_media":41216,"comment_status":"closed","ping_status":"closed","sticky":false,"template":"","format":"standard","meta":{"jnews-multi-image_gallery":[],"jnews_single_post":{"subtitle":"","format":"standard","video":"","gallery":"","source_name":"","source_url":"","via_name":"","via_url":"","override_template":"0","override":[{"template":"4","single_blog_custom":"","parallax":"1","fullscreen":"1","layout":"right-sidebar","sidebar":"default-sidebar","second_sidebar":"default-sidebar","sticky_sidebar":"1","share_position":"top","share_float_style":"share-monocrhome","show_share_counter":"1","show_view_counter":"1","show_featured":"1","show_post_meta":"1","show_post_author":"1","show_post_author_image":"1","show_post_date":"1","post_date_format":"default","post_date_format_custom":"Y\/m\/d","show_post_category":"1","show_post_reading_time":"0","post_reading_time_wpm":"300","show_zoom_button":"0","zoom_button_out_step":"2","zoom_button_in_step":"3","show_post_tag":"1","show_prev_next_post":"1","show_popup_post":"1","number_popup_post":"1","show_author_box":"0","show_post_related":"0","show_inline_post_related":"0"}],"override_image_size":"0","image_override":[{"single_post_thumbnail_size":"crop-500","single_post_gallery_size":"crop-500"}],"trending_post":"0","trending_post_position":"meta","trending_post_label":"Trending","sponsored_post":"0","sponsored_post_label":"Sponsored by","sponsored_post_name":"","sponsored_post_url":"","sponsored_post_logo_enable":"0","sponsored_post_logo":"","sponsored_post_desc":"","disable_ad":"0"},"jnews_primary_category":{"id":"9","hide":""},"footnotes":""},"categories":[9],"tags":[13,893],"class_list":["post-41217","post","type-post","status-publish","format-standard","has-post-thumbnail","hentry","category-news","tag-techpatient","tag-threads"],"yoast_head":"<!-- This site is optimized with the Yoast SEO Premium plugin v27.5 (Yoast SEO v27.5) - https:\/\/yoast.com\/product\/yoast-seo-premium-wordpress\/ -->\n<title>Threads kommt im Dezember in die EU Apfelpatient<\/title>\n<meta name=\"description\" content=\"Meta Threads erobert die EU: Lies, wie Threads im Dezember in Europa Fu\u00df fasst und welche Auswirkungen das f\u00fcr deine sozialen Medien hat.\" \/>\n<meta name=\"robots\" content=\"index, follow, max-snippet:-1, max-image-preview:large, max-video-preview:-1\" \/>\n<link rel=\"canonical\" href=\"https:\/\/www.apfelpatient.de\/en\/news\/threads-comes-to-the-eu-in-december\" \/>\n<meta property=\"og:locale\" content=\"en_US\" \/>\n<meta property=\"og:type\" content=\"article\" \/>\n<meta property=\"og:title\" content=\"Threads kommt im Dezember in die EU\" \/>\n<meta property=\"og:description\" content=\"Meta Threads erobert die EU: Lies, wie Threads im Dezember in Europa Fu\u00df fasst und welche Auswirkungen das f\u00fcr deine sozialen Medien hat.\" \/>\n<meta property=\"og:url\" content=\"https:\/\/www.apfelpatient.de\/en\/news\/threads-comes-to-the-eu-in-december\" \/>\n<meta property=\"og:site_name\" content=\"Apfelpatient\" \/>\n<meta property=\"article:publisher\" content=\"https:\/\/www.facebook.com\/apfelpatientOfficial\" \/>\n<meta property=\"article:author\" content=\"https:\/\/www.facebook.com\/apfelpatientOfficial\" \/>\n<meta property=\"article:published_time\" content=\"2023-11-30T14:27:59+00:00\" \/>\n<meta property=\"article:modified_time\" content=\"2024-05-22T17:58:54+00:00\" \/>\n<meta property=\"og:image\" content=\"https:\/\/www.apfelpatient.de\/wp-content\/uploads\/2023\/11\/dave-adamson-YE7D_kwm2VU-unsplash.jpg\" \/>\n\t<meta property=\"og:image:width\" content=\"1600\" \/>\n\t<meta property=\"og:image:height\" content=\"900\" \/>\n\t<meta property=\"og:image:type\" content=\"image\/jpeg\" \/>\n<meta name=\"author\" content=\"Milan\" \/>\n<meta name=\"twitter:card\" content=\"summary_large_image\" \/>\n<meta name=\"twitter:description\" content=\"Meta Threads erobert die EU: Lies, wie Threads im Dezember in Europa Fu\u00df fasst und welche Auswirkungen das f\u00fcr deine sozialen Medien hat.\" \/>\n<meta name=\"twitter:label1\" content=\"Written by\" \/>\n\t<meta name=\"twitter:data1\" content=\"Milan\" \/>\n\t<meta name=\"twitter:label2\" content=\"Est. reading time\" \/>\n\t<meta name=\"twitter:data2\" content=\"1 minute\" \/>\n<script type=\"application\/ld+json\" class=\"yoast-schema-graph\">{\"@context\":\"https:\\\/\\\/schema.org\",\"@graph\":[{\"@type\":\"NewsArticle\",\"@id\":\"https:\\\/\\\/www.apfelpatient.de\\\/news\\\/threads-kommt-im-dezember-in-die-eu#article\",\"isPartOf\":{\"@id\":\"https:\\\/\\\/www.apfelpatient.de\\\/news\\\/threads-kommt-im-dezember-in-die-eu\"},\"author\":{\"@type\":\"Organization\",\"@id\":\"https:\\\/\\\/www.apfelpatient.de\\\/en\\\/#organization\",\"name\":\"Apfelpatient\",\"url\":\"https:\\\/\\\/www.apfelpatient.de\\\/en\\\/\"},\"headline\":\"Threads kommt im Dezember in die EU\",\"datePublished\":\"2023-11-30T14:27:59+00:00\",\"dateModified\":\"2024-05-22T17:58:54+00:00\",\"mainEntityOfPage\":{\"@id\":\"https:\\\/\\\/www.apfelpatient.de\\\/news\\\/threads-kommt-im-dezember-in-die-eu\"},\"wordCount\":445,\"publisher\":{\"@type\":\"Organization\",\"@id\":\"https:\\\/\\\/www.apfelpatient.de\\\/en\\\/#organization\",\"name\":\"Apfelpatient\",\"url\":\"https:\\\/\\\/www.apfelpatient.de\\\/en\\\/\"},\"image\":{\"@id\":\"https:\\\/\\\/www.apfelpatient.de\\\/news\\\/threads-kommt-im-dezember-in-die-eu#primaryimage\"},\"thumbnailUrl\":\"https:\\\/\\\/www.apfelpatient.de\\\/wp-content\\\/uploads\\\/2023\\\/11\\\/dave-adamson-YE7D_kwm2VU-unsplash.jpg\",\"keywords\":[\"TechPatient\",\"Threads\"],\"articleSection\":\"News\",\"inLanguage\":\"en-US\",\"copyrightYear\":\"2023\",\"copyrightHolder\":{\"@id\":\"https:\\\/\\\/www.apfelpatient.de\\\/en\\\/#organization\"}},{\"@type\":\"WebPage\",\"@id\":\"https:\\\/\\\/www.apfelpatient.de\\\/news\\\/threads-kommt-im-dezember-in-die-eu\",\"url\":\"https:\\\/\\\/www.apfelpatient.de\\\/news\\\/threads-kommt-im-dezember-in-die-eu\",\"name\":\"Threads kommt im Dezember in die EU Apfelpatient\",\"isPartOf\":{\"@id\":\"https:\\\/\\\/www.apfelpatient.de\\\/#website\"},\"primaryImageOfPage\":{\"@id\":\"https:\\\/\\\/www.apfelpatient.de\\\/news\\\/threads-kommt-im-dezember-in-die-eu#primaryimage\"},\"image\":{\"@id\":\"https:\\\/\\\/www.apfelpatient.de\\\/news\\\/threads-kommt-im-dezember-in-die-eu#primaryimage\"},\"thumbnailUrl\":\"https:\\\/\\\/www.apfelpatient.de\\\/wp-content\\\/uploads\\\/2023\\\/11\\\/dave-adamson-YE7D_kwm2VU-unsplash.jpg\",\"datePublished\":\"2023-11-30T14:27:59+00:00\",\"dateModified\":\"2024-05-22T17:58:54+00:00\",\"description\":\"Meta Threads erobert die EU: Lies, wie Threads im Dezember in Europa Fu\u00df fasst und welche Auswirkungen das f\u00fcr deine sozialen Medien hat.\",\"breadcrumb\":{\"@id\":\"https:\\\/\\\/www.apfelpatient.de\\\/news\\\/threads-kommt-im-dezember-in-die-eu#breadcrumb\"},\"inLanguage\":\"en-US\",\"potentialAction\":[{\"@type\":\"ReadAction\",\"target\":[\"https:\\\/\\\/www.apfelpatient.de\\\/news\\\/threads-kommt-im-dezember-in-die-eu\"]}]},{\"@type\":\"ImageObject\",\"inLanguage\":\"en-US\",\"@id\":\"https:\\\/\\\/www.apfelpatient.de\\\/news\\\/threads-kommt-im-dezember-in-die-eu#primaryimage\",\"url\":\"https:\\\/\\\/www.apfelpatient.de\\\/wp-content\\\/uploads\\\/2023\\\/11\\\/dave-adamson-YE7D_kwm2VU-unsplash.jpg\",\"contentUrl\":\"https:\\\/\\\/www.apfelpatient.de\\\/wp-content\\\/uploads\\\/2023\\\/11\\\/dave-adamson-YE7D_kwm2VU-unsplash.jpg\",\"width\":1600,\"height\":900,\"caption\":\"Photo by Unsplash \\\/ Dave Adamson\"},{\"@type\":\"BreadcrumbList\",\"@id\":\"https:\\\/\\\/www.apfelpatient.de\\\/news\\\/threads-kommt-im-dezember-in-die-eu#breadcrumb\",\"itemListElement\":[{\"@type\":\"ListItem\",\"position\":1,\"name\":\"Startseite\",\"item\":\"https:\\\/\\\/www.apfelpatient.de\\\/\"},{\"@type\":\"ListItem\",\"position\":2,\"name\":\"Threads kommt im Dezember in die EU\"}]},{\"@type\":\"WebSite\",\"@id\":\"https:\\\/\\\/www.apfelpatient.de\\\/#website\",\"url\":\"https:\\\/\\\/www.apfelpatient.de\\\/\",\"name\":\"Apfelpatient\",\"description\":\"Alles rund um Apple!\",\"publisher\":{\"@type\":\"Organization\",\"@id\":\"https:\\\/\\\/www.apfelpatient.de\\\/en\\\/#organization\",\"name\":\"Apfelpatient\",\"url\":\"https:\\\/\\\/www.apfelpatient.de\\\/en\\\/\"},\"alternateName\":\"Apfelpatient\",\"potentialAction\":[{\"@type\":\"SearchAction\",\"target\":{\"@type\":\"EntryPoint\",\"urlTemplate\":\"https:\\\/\\\/www.apfelpatient.de\\\/?s={search_term_string}\"},\"query-input\":{\"@type\":\"PropertyValueSpecification\",\"valueRequired\":true,\"valueName\":\"search_term_string\"}}],\"inLanguage\":\"en-US\"},{\"@type\":[\"Person\",\"Organization\"],\"@id\":\"https:\\\/\\\/www.apfelpatient.de\\\/#\\\/schema\\\/person\\\/35b3ddba5832f2bfc7fff5206d4f6b7b\",\"name\":\"Milan\",\"logo\":{\"@id\":\"https:\\\/\\\/www.apfelpatient.de\\\/#\\\/schema\\\/person\\\/image\\\/\"},\"description\":\"Hallo und herzlich willkommen auf meinem Technik-Blog! Als gro\u00dfer Apple-Fan berichte ich hier \u00fcber alles, was mit Apple zu tun hat: von den neuesten News und spannenden Ger\u00fcchten \u00fcber hilfreiche Tipps und Tricks bis hin zu ausf\u00fchrlichen Produkttests. Wenn du genauso technikbegeistert bist wie ich, bist du hier genau richtig!\",\"sameAs\":[\"https:\\\/\\\/www.facebook.com\\\/apfelpatientOfficial\",\"https:\\\/\\\/www.linkedin.com\\\/in\\\/milan-jovicic-42aa0231b\"],\"url\":\"https:\\\/\\\/www.apfelpatient.de\\\/en\\\/author\\\/apfeladmin\"}]}<\/script>\n<!-- \/ Yoast SEO Premium plugin. -->","yoast_head_json":{"title":"Threads is coming to the EU in December Apfelpatient","description":"Meta Threads conquers the EU: Read how Threads is gaining a foothold in Europe in December and what impact it will have on your social media.","robots":{"index":"index","follow":"follow","max-snippet":"max-snippet:-1","max-image-preview":"max-image-preview:large","max-video-preview":"max-video-preview:-1"},"canonical":"https:\/\/www.apfelpatient.de\/en\/news\/threads-comes-to-the-eu-in-december","og_locale":"en_US","og_type":"article","og_title":"Threads kommt im Dezember in die EU","og_description":"Meta Threads erobert die EU: Lies, wie Threads im Dezember in Europa Fu\u00df fasst und welche Auswirkungen das f\u00fcr deine sozialen Medien hat.","og_url":"https:\/\/www.apfelpatient.de\/en\/news\/threads-comes-to-the-eu-in-december","og_site_name":"Apfelpatient","article_publisher":"https:\/\/www.facebook.com\/apfelpatientOfficial","article_author":"https:\/\/www.facebook.com\/apfelpatientOfficial","article_published_time":"2023-11-30T14:27:59+00:00","article_modified_time":"2024-05-22T17:58:54+00:00","og_image":[{"width":1600,"height":900,"url":"https:\/\/www.apfelpatient.de\/wp-content\/uploads\/2023\/11\/dave-adamson-YE7D_kwm2VU-unsplash.jpg","type":"image\/jpeg"}],"author":"Milan","twitter_card":"summary_large_image","twitter_description":"Meta Threads erobert die EU: Lies, wie Threads im Dezember in Europa Fu\u00df fasst und welche Auswirkungen das f\u00fcr deine sozialen Medien hat.","twitter_misc":{"Written by":"Milan","Est. reading time":"1 minute"},"schema":{"@context":"https:\/\/schema.org","@graph":[{"@type":"NewsArticle","@id":"https:\/\/www.apfelpatient.de\/news\/threads-kommt-im-dezember-in-die-eu#article","isPartOf":{"@id":"https:\/\/www.apfelpatient.de\/news\/threads-kommt-im-dezember-in-die-eu"},"author":{"@type":"Organization","@id":"https:\/\/www.apfelpatient.de\/en\/#organization","name":"Apfelpatient","url":"https:\/\/www.apfelpatient.de\/en\/"},"headline":"Threads kommt im Dezember in die EU","datePublished":"2023-11-30T14:27:59+00:00","dateModified":"2024-05-22T17:58:54+00:00","mainEntityOfPage":{"@id":"https:\/\/www.apfelpatient.de\/news\/threads-kommt-im-dezember-in-die-eu"},"wordCount":445,"publisher":{"@type":"Organization","@id":"https:\/\/www.apfelpatient.de\/en\/#organization","name":"Apfelpatient","url":"https:\/\/www.apfelpatient.de\/en\/"},"image":{"@id":"https:\/\/www.apfelpatient.de\/news\/threads-kommt-im-dezember-in-die-eu#primaryimage"},"thumbnailUrl":"https:\/\/www.apfelpatient.de\/wp-content\/uploads\/2023\/11\/dave-adamson-YE7D_kwm2VU-unsplash.jpg","keywords":["TechPatient","Threads"],"articleSection":"News","inLanguage":"en-US","copyrightYear":"2023","copyrightHolder":{"@id":"https:\/\/www.apfelpatient.de\/en\/#organization"}},{"@type":"WebPage","@id":"https:\/\/www.apfelpatient.de\/news\/threads-kommt-im-dezember-in-die-eu","url":"https:\/\/www.apfelpatient.de\/news\/threads-kommt-im-dezember-in-die-eu","name":"Threads is coming to the EU in December Apfelpatient","isPartOf":{"@id":"https:\/\/www.apfelpatient.de\/#website"},"primaryImageOfPage":{"@id":"https:\/\/www.apfelpatient.de\/news\/threads-kommt-im-dezember-in-die-eu#primaryimage"},"image":{"@id":"https:\/\/www.apfelpatient.de\/news\/threads-kommt-im-dezember-in-die-eu#primaryimage"},"thumbnailUrl":"https:\/\/www.apfelpatient.de\/wp-content\/uploads\/2023\/11\/dave-adamson-YE7D_kwm2VU-unsplash.jpg","datePublished":"2023-11-30T14:27:59+00:00","dateModified":"2024-05-22T17:58:54+00:00","description":"Meta Threads conquers the EU: Read how Threads is gaining a foothold in Europe in December and what impact it will have on your social media.","breadcrumb":{"@id":"https:\/\/www.apfelpatient.de\/news\/threads-kommt-im-dezember-in-die-eu#breadcrumb"},"inLanguage":"en-US","potentialAction":[{"@type":"ReadAction","target":["https:\/\/www.apfelpatient.de\/news\/threads-kommt-im-dezember-in-die-eu"]}]},{"@type":"ImageObject","inLanguage":"en-US","@id":"https:\/\/www.apfelpatient.de\/news\/threads-kommt-im-dezember-in-die-eu#primaryimage","url":"https:\/\/www.apfelpatient.de\/wp-content\/uploads\/2023\/11\/dave-adamson-YE7D_kwm2VU-unsplash.jpg","contentUrl":"https:\/\/www.apfelpatient.de\/wp-content\/uploads\/2023\/11\/dave-adamson-YE7D_kwm2VU-unsplash.jpg","width":1600,"height":900,"caption":"Photo by Unsplash \/ Dave Adamson"},{"@type":"BreadcrumbList","@id":"https:\/\/www.apfelpatient.de\/news\/threads-kommt-im-dezember-in-die-eu#breadcrumb","itemListElement":[{"@type":"ListItem","position":1,"name":"Startseite","item":"https:\/\/www.apfelpatient.de\/"},{"@type":"ListItem","position":2,"name":"Threads kommt im Dezember in die EU"}]},{"@type":"WebSite","@id":"https:\/\/www.apfelpatient.de\/#website","url":"https:\/\/www.apfelpatient.de\/","name":"apple patient","description":"Everything about Apple!","publisher":{"@type":"Organization","@id":"https:\/\/www.apfelpatient.de\/en\/#organization","name":"Apfelpatient","url":"https:\/\/www.apfelpatient.de\/en\/"},"alternateName":"Apfelpatient","potentialAction":[{"@type":"SearchAction","target":{"@type":"EntryPoint","urlTemplate":"https:\/\/www.apfelpatient.de\/?s={search_term_string}"},"query-input":{"@type":"PropertyValueSpecification","valueRequired":true,"valueName":"search_term_string"}}],"inLanguage":"en-US"},{"@type":["Person","Organization"],"@id":"https:\/\/www.apfelpatient.de\/#\/schema\/person\/35b3ddba5832f2bfc7fff5206d4f6b7b","name":"Milan","logo":{"@id":"https:\/\/www.apfelpatient.de\/#\/schema\/person\/image\/"},"description":"Hello and welcome to my technology blog! As a big Apple fan, I report on everything to do with Apple: from the latest news and exciting rumors to helpful tips and tricks and detailed product tests. If you are as enthusiastic about technology as I am, you have come to the right place!","sameAs":["https:\/\/www.facebook.com\/apfelpatientOfficial","https:\/\/www.linkedin.com\/in\/milan-jovicic-42aa0231b"],"url":"https:\/\/www.apfelpatient.de\/en\/author\/apfeladmin"}]}},"_links":{"self":[{"href":"https:\/\/www.apfelpatient.de\/en\/wp-json\/wp\/v2\/posts\/41217","targetHints":{"allow":["GET"]}}],"collection":[{"href":"https:\/\/www.apfelpatient.de\/en\/wp-json\/wp\/v2\/posts"}],"about":[{"href":"https:\/\/www.apfelpatient.de\/en\/wp-json\/wp\/v2\/types\/post"}],"author":[{"embeddable":true,"href":"https:\/\/www.apfelpatient.de\/en\/wp-json\/wp\/v2\/users\/2"}],"replies":[{"embeddable":true,"href":"https:\/\/www.apfelpatient.de\/en\/wp-json\/wp\/v2\/comments?post=41217"}],"version-history":[{"count":0,"href":"https:\/\/www.apfelpatient.de\/en\/wp-json\/wp\/v2\/posts\/41217\/revisions"}],"wp:featuredmedia":[{"embeddable":true,"href":"https:\/\/www.apfelpatient.de\/en\/wp-json\/wp\/v2\/media\/41216"}],"wp:attachment":[{"href":"https:\/\/www.apfelpatient.de\/en\/wp-json\/wp\/v2\/media?parent=41217"}],"wp:term":[{"taxonomy":"category","embeddable":true,"href":"https:\/\/www.apfelpatient.de\/en\/wp-json\/wp\/v2\/categories?post=41217"},{"taxonomy":"post_tag","embeddable":true,"href":"https:\/\/www.apfelpatient.de\/en\/wp-json\/wp\/v2\/tags?post=41217"}],"curies":[{"name":"wp","href":"https:\/\/api.w.org\/{rel}","templated":true}]}}