{"id":41065,"date":"2023-11-11T18:05:41","date_gmt":"2023-11-11T17:05:41","guid":{"rendered":"https:\/\/www.apfelpatient.de\/?p=41065"},"modified":"2023-11-11T18:05:42","modified_gmt":"2023-11-11T17:05:42","slug":"apple-vs-eu-battle-for-the-app-store","status":"publish","type":"post","link":"https:\/\/www.apfelpatient.de\/en\/news\/apple-vs-eu-kampf-um-den-app-store","title":{"rendered":"Apple vs. EU: Battle for the App Store"},"content":{"rendered":"<p class=\"has-drop-cap\"><strong>Apple is often the center of attention. But this time it&#039;s not about a new iPhone or MacBook, but about a legal dispute that could have far-reaching consequences for the company and its users. Apple is preparing a lawsuit against the European Union&#039;s Digital Market Act (DMA), a move that has the potential to fundamentally change the rules of the game in the digital market.<\/strong><\/p>\n\n\n\n<p>As you already know, Apple is known for its closed ecosystem. This business model, which Apple has successfully implemented for decades, is now being challenged by the European Union&#039;s new regulations. The DMA aims to ensure fair competition and could force Apple to open its doors to alternative app marketplaces.<\/p>\n\n\n\n<h3 class=\"wp-block-heading\" id=\"h-apples-klage-gegen-den-dma\">Apple&#039;s lawsuit against the DMA<\/h3>\n\n\n\n<p class=\"translation-block\">Apple is preparing to challenge certain provisions of the DMA, particularly its requirement to allow alternative app markets on its devices. This move reflects Apple&#039;s desire to maintain control over its ecosystem, according to <a href=\"https:\/\/www.bloomberg.com\/news\/articles\/2023-11-10\/apple-to-appeal-digital-markets-act-over-app-store-at-eu-court?embedded-checkout=true\" target=\"_blank\" rel=\"noreferrer noopener\" data-wpel-link=\"external\">Bloomberg<\/a> .<\/p>\n\n\n\n<h3 class=\"wp-block-heading\">iMessage in focus<\/h3>\n\n\n\n<p>Another contentious issue is iMessage. Apple argues that iMessage is not big enough to be considered a gatekeeper and should not be subject to the DMA&#039;s strict regulations.<\/p>\n\n\n\n<h3 class=\"wp-block-heading\">The Future of the App Store<\/h3>\n\n\n\n<p>Apple will also address App Store regulation to clarify what exactly will be regulated. This is a crucial point as the App Store plays a central role in Apple&#039;s business model.<\/p>\n\n\n\n<h3 class=\"wp-block-heading\">reaction of the European Union<\/h3>\n\n\n\n<p>The EU published the DMA in March 2022 and put it into effect in May 2023. It stresses that this is just the beginning and calls on Apple to open its entire ecosystem to competitors.<\/p>\n\n\n\n<h3 class=\"wp-block-heading\">What does this mean for Apple and you?<\/h3>\n\n\n\n\n\n\n\n<p class=\"translation-block\">The upcoming legal dispute between Apple and the EU could have significant implications for the future of the digital market. Apple has a lot at stake \u2013 it&#039;s about preserving its closed ecosystem. For you as a user, this could mean that you could soon have more choice and freedom when downloading and using apps. It will be exciting to see how this conflict develops and what impact it will have on the digital world. Looking for new accessories? Then take a look <a href=\"https:\/\/www.amazon.de\/shop\/apfelpatientofficial\" target=\"_blank\" rel=\"noreferrer noopener follow\" data-wpel-link=\"exclude\">at our Amazon Storefront<\/a> \u2013 there you&#039;ll find numerous products from leading providers, including those for HomeKit and other devices! (Photo by Unsplash \/ James Yarema)<\/p>\n\n\n\n<ul class=\"wp-block-list\">\n<li><a href=\"https:\/\/www.apfelpatient.de\/en\/news\/discovered-sideloading-in-ios-17-2-beta-code\">Discovered: Sideloading in iOS 17.2 beta code<\/a><\/li>\n<\/ul>\n\n\n\n<h6 class=\"wp-block-heading translation-block\" id=\"h-kennt-ihr-schon-unsere-amazon-storefront-dort-findet-ihr-eine-handverlesene-auswahl-von-diversen-produkten-f-r-euer-iphone-und-co-viel-spa-beim-st-bern\"><em>Have you already visited our Amazon Storefront? There you&#039;ll find a hand-picked selection of various products for your iPhone and other devices \u2013 <span class=\"has-inline-color has-vivid-red-color\"><a href=\"https:\/\/www.amazon.de\/shop\/apfelpatientofficial\" class=\"ek-link\" data-wpel-link=\"exclude\" rel=\"follow noopener\" target=\"_self\"><span style=\"text-decoration: underline\" class=\"ek-underline\">enjoy browsing<\/span><\/a> !<\/span><\/em><\/h6>\n\n\n\n<h6 class=\"wp-block-heading translation-block\" id=\"h-der-beitrag-enthalt-partnerlinks\">This post contains <a data-type=\"URL\" data-id=\"https:\/\/www.apfelpatient.de\/partnerprogramm\" href=\"https:\/\/www.apfelpatient.de\/en\/partner-program\" data-wpel-link=\"internal\" target=\"_self\">affiliate links<\/a>.<\/h6>","protected":false},"excerpt":{"rendered":"<p>Apple in legal dispute with EU: The battle for the App Store could change the digital landscape. Find out how this affects Apple and you.<\/p>","protected":false},"author":2,"featured_media":41060,"comment_status":"closed","ping_status":"closed","sticky":false,"template":"","format":"standard","meta":{"jnews-multi-image_gallery":[],"jnews_single_post":{"subtitle":"","format":"standard","video":"","gallery":"","source_name":"","source_url":"","via_name":"","via_url":"","override_template":"0","override":[{"template":"4","single_blog_custom":"","parallax":"1","fullscreen":"1","layout":"right-sidebar","sidebar":"default-sidebar","second_sidebar":"default-sidebar","sticky_sidebar":"1","share_position":"top","share_float_style":"share-monocrhome","show_share_counter":"1","show_view_counter":"1","show_featured":"1","show_post_meta":"1","show_post_author":"1","show_post_author_image":"1","show_post_date":"1","post_date_format":"default","post_date_format_custom":"Y\/m\/d","show_post_category":"1","show_post_reading_time":"0","post_reading_time_wpm":"300","show_zoom_button":"0","zoom_button_out_step":"2","zoom_button_in_step":"3","show_post_tag":"1","show_prev_next_post":"1","show_popup_post":"1","number_popup_post":"1","show_author_box":"0","show_post_related":"0","show_inline_post_related":"0"}],"override_image_size":"0","image_override":[{"single_post_thumbnail_size":"crop-500","single_post_gallery_size":"crop-500"}],"trending_post":"0","trending_post_position":"meta","trending_post_label":"Trending","sponsored_post":"0","sponsored_post_label":"Sponsored by","sponsored_post_name":"","sponsored_post_url":"","sponsored_post_logo_enable":"0","sponsored_post_logo":"","sponsored_post_desc":"","disable_ad":"0"},"jnews_primary_category":{"id":"9","hide":""},"footnotes":""},"categories":[9],"tags":[6,34,3,33],"class_list":["post-41065","post","type-post","status-publish","format-standard","has-post-thumbnail","hentry","category-news","tag-app-store","tag-apple-dienste","tag-ios","tag-ipados"],"yoast_head":"<!-- This site is optimized with the Yoast SEO Premium plugin v27.5 (Yoast SEO v27.5) - https:\/\/yoast.com\/product\/yoast-seo-premium-wordpress\/ -->\n<title>Apple vs. EU: Kampf um den App Store Apfelpatient<\/title>\n<meta name=\"description\" content=\"Apple im Rechtsstreit mit EU: Der Kampf um den App Store k\u00f6nnte die digitale Landschaft ver\u00e4ndern. Erfahre, wie dies Apple und dich betrifft.\" \/>\n<meta name=\"robots\" content=\"index, follow, max-snippet:-1, max-image-preview:large, max-video-preview:-1\" \/>\n<link rel=\"canonical\" href=\"https:\/\/www.apfelpatient.de\/en\/news\/apple-vs-eu-battle-for-the-app-store\" \/>\n<meta property=\"og:locale\" content=\"en_US\" \/>\n<meta property=\"og:type\" content=\"article\" \/>\n<meta property=\"og:title\" content=\"Apple vs. EU: Kampf um den App Store\" \/>\n<meta property=\"og:description\" content=\"Apple im Rechtsstreit mit EU: Der Kampf um den App Store k\u00f6nnte die digitale Landschaft ver\u00e4ndern. Erfahre, wie dies Apple und dich betrifft.\" \/>\n<meta property=\"og:url\" content=\"https:\/\/www.apfelpatient.de\/en\/news\/apple-vs-eu-battle-for-the-app-store\" \/>\n<meta property=\"og:site_name\" content=\"Apfelpatient\" \/>\n<meta property=\"article:publisher\" content=\"https:\/\/www.facebook.com\/apfelpatientOfficial\" \/>\n<meta property=\"article:author\" content=\"https:\/\/www.facebook.com\/apfelpatientOfficial\" \/>\n<meta property=\"article:published_time\" content=\"2023-11-11T17:05:41+00:00\" \/>\n<meta property=\"article:modified_time\" content=\"2023-11-11T17:05:42+00:00\" \/>\n<meta property=\"og:image\" content=\"https:\/\/www.apfelpatient.de\/wp-content\/uploads\/2023\/11\/james-yarema-G3q7mxXkP-M-unsplash.jpg\" \/>\n\t<meta property=\"og:image:width\" content=\"1600\" \/>\n\t<meta property=\"og:image:height\" content=\"1067\" \/>\n\t<meta property=\"og:image:type\" content=\"image\/jpeg\" \/>\n<meta name=\"author\" content=\"Milan\" \/>\n<meta name=\"twitter:card\" content=\"summary_large_image\" \/>\n<meta name=\"twitter:description\" content=\"Apple im Rechtsstreit mit EU: Der Kampf um den App Store k\u00f6nnte die digitale Landschaft ver\u00e4ndern. Erfahre, wie dies Apple und dich betrifft.\" \/>\n<meta name=\"twitter:label1\" content=\"Written by\" \/>\n\t<meta name=\"twitter:data1\" content=\"Milan\" \/>\n\t<meta name=\"twitter:label2\" content=\"Est. reading time\" \/>\n\t<meta name=\"twitter:data2\" content=\"3 minutes\" \/>\n<script type=\"application\/ld+json\" class=\"yoast-schema-graph\">{\"@context\":\"https:\\\/\\\/schema.org\",\"@graph\":[{\"@type\":\"NewsArticle\",\"@id\":\"https:\\\/\\\/www.apfelpatient.de\\\/news\\\/apple-vs-eu-kampf-um-den-app-store#article\",\"isPartOf\":{\"@id\":\"https:\\\/\\\/www.apfelpatient.de\\\/news\\\/apple-vs-eu-kampf-um-den-app-store\"},\"author\":{\"@type\":\"Organization\",\"@id\":\"https:\\\/\\\/www.apfelpatient.de\\\/en\\\/#organization\",\"name\":\"Apfelpatient\",\"url\":\"https:\\\/\\\/www.apfelpatient.de\\\/en\\\/\"},\"headline\":\"Apple vs. EU: Kampf um den App Store\",\"datePublished\":\"2023-11-11T17:05:41+00:00\",\"dateModified\":\"2023-11-11T17:05:42+00:00\",\"mainEntityOfPage\":{\"@id\":\"https:\\\/\\\/www.apfelpatient.de\\\/news\\\/apple-vs-eu-kampf-um-den-app-store\"},\"wordCount\":422,\"publisher\":{\"@type\":\"Organization\",\"@id\":\"https:\\\/\\\/www.apfelpatient.de\\\/en\\\/#organization\",\"name\":\"Apfelpatient\",\"url\":\"https:\\\/\\\/www.apfelpatient.de\\\/en\\\/\"},\"image\":{\"@id\":\"https:\\\/\\\/www.apfelpatient.de\\\/news\\\/apple-vs-eu-kampf-um-den-app-store#primaryimage\"},\"thumbnailUrl\":\"https:\\\/\\\/www.apfelpatient.de\\\/wp-content\\\/uploads\\\/2023\\\/11\\\/james-yarema-G3q7mxXkP-M-unsplash.jpg\",\"keywords\":[\"App Store\",\"Apple Dienste\",\"iOS\",\"iPadOS\"],\"articleSection\":\"News\",\"inLanguage\":\"en-US\",\"copyrightYear\":\"2023\",\"copyrightHolder\":{\"@id\":\"https:\\\/\\\/www.apfelpatient.de\\\/en\\\/#organization\"}},{\"@type\":\"WebPage\",\"@id\":\"https:\\\/\\\/www.apfelpatient.de\\\/news\\\/apple-vs-eu-kampf-um-den-app-store\",\"url\":\"https:\\\/\\\/www.apfelpatient.de\\\/news\\\/apple-vs-eu-kampf-um-den-app-store\",\"name\":\"Apple vs. EU: Kampf um den App Store Apfelpatient\",\"isPartOf\":{\"@id\":\"https:\\\/\\\/www.apfelpatient.de\\\/#website\"},\"primaryImageOfPage\":{\"@id\":\"https:\\\/\\\/www.apfelpatient.de\\\/news\\\/apple-vs-eu-kampf-um-den-app-store#primaryimage\"},\"image\":{\"@id\":\"https:\\\/\\\/www.apfelpatient.de\\\/news\\\/apple-vs-eu-kampf-um-den-app-store#primaryimage\"},\"thumbnailUrl\":\"https:\\\/\\\/www.apfelpatient.de\\\/wp-content\\\/uploads\\\/2023\\\/11\\\/james-yarema-G3q7mxXkP-M-unsplash.jpg\",\"datePublished\":\"2023-11-11T17:05:41+00:00\",\"dateModified\":\"2023-11-11T17:05:42+00:00\",\"description\":\"Apple im Rechtsstreit mit EU: Der Kampf um den App Store k\u00f6nnte die digitale Landschaft ver\u00e4ndern. Erfahre, wie dies Apple und dich betrifft.\",\"breadcrumb\":{\"@id\":\"https:\\\/\\\/www.apfelpatient.de\\\/news\\\/apple-vs-eu-kampf-um-den-app-store#breadcrumb\"},\"inLanguage\":\"en-US\",\"potentialAction\":[{\"@type\":\"ReadAction\",\"target\":[\"https:\\\/\\\/www.apfelpatient.de\\\/news\\\/apple-vs-eu-kampf-um-den-app-store\"]}]},{\"@type\":\"ImageObject\",\"inLanguage\":\"en-US\",\"@id\":\"https:\\\/\\\/www.apfelpatient.de\\\/news\\\/apple-vs-eu-kampf-um-den-app-store#primaryimage\",\"url\":\"https:\\\/\\\/www.apfelpatient.de\\\/wp-content\\\/uploads\\\/2023\\\/11\\\/james-yarema-G3q7mxXkP-M-unsplash.jpg\",\"contentUrl\":\"https:\\\/\\\/www.apfelpatient.de\\\/wp-content\\\/uploads\\\/2023\\\/11\\\/james-yarema-G3q7mxXkP-M-unsplash.jpg\",\"width\":1600,\"height\":1067,\"caption\":\"Photo by Unsplash \\\/ James Yarema\"},{\"@type\":\"BreadcrumbList\",\"@id\":\"https:\\\/\\\/www.apfelpatient.de\\\/news\\\/apple-vs-eu-kampf-um-den-app-store#breadcrumb\",\"itemListElement\":[{\"@type\":\"ListItem\",\"position\":1,\"name\":\"Startseite\",\"item\":\"https:\\\/\\\/www.apfelpatient.de\\\/\"},{\"@type\":\"ListItem\",\"position\":2,\"name\":\"Apple vs. EU: Kampf um den App Store\"}]},{\"@type\":\"WebSite\",\"@id\":\"https:\\\/\\\/www.apfelpatient.de\\\/#website\",\"url\":\"https:\\\/\\\/www.apfelpatient.de\\\/\",\"name\":\"Apfelpatient\",\"description\":\"Alles rund um Apple!\",\"publisher\":{\"@type\":\"Organization\",\"@id\":\"https:\\\/\\\/www.apfelpatient.de\\\/en\\\/#organization\",\"name\":\"Apfelpatient\",\"url\":\"https:\\\/\\\/www.apfelpatient.de\\\/en\\\/\"},\"alternateName\":\"Apfelpatient\",\"potentialAction\":[{\"@type\":\"SearchAction\",\"target\":{\"@type\":\"EntryPoint\",\"urlTemplate\":\"https:\\\/\\\/www.apfelpatient.de\\\/?s={search_term_string}\"},\"query-input\":{\"@type\":\"PropertyValueSpecification\",\"valueRequired\":true,\"valueName\":\"search_term_string\"}}],\"inLanguage\":\"en-US\"},{\"@type\":[\"Person\",\"Organization\"],\"@id\":\"https:\\\/\\\/www.apfelpatient.de\\\/#\\\/schema\\\/person\\\/35b3ddba5832f2bfc7fff5206d4f6b7b\",\"name\":\"Milan\",\"logo\":{\"@id\":\"https:\\\/\\\/www.apfelpatient.de\\\/#\\\/schema\\\/person\\\/image\\\/\"},\"description\":\"Hallo und herzlich willkommen auf meinem Technik-Blog! Als gro\u00dfer Apple-Fan berichte ich hier \u00fcber alles, was mit Apple zu tun hat: von den neuesten News und spannenden Ger\u00fcchten \u00fcber hilfreiche Tipps und Tricks bis hin zu ausf\u00fchrlichen Produkttests. Wenn du genauso technikbegeistert bist wie ich, bist du hier genau richtig!\",\"sameAs\":[\"https:\\\/\\\/www.facebook.com\\\/apfelpatientOfficial\",\"https:\\\/\\\/www.linkedin.com\\\/in\\\/milan-jovicic-42aa0231b\"],\"url\":\"https:\\\/\\\/www.apfelpatient.de\\\/en\\\/author\\\/apfeladmin\"}]}<\/script>\n<!-- \/ Yoast SEO Premium plugin. -->","yoast_head_json":{"title":"Apple vs. EU: Battle for the App Store Apfelpatient","description":"Apple in legal dispute with EU: The battle for the App Store could change the digital landscape. Find out how this affects Apple and you.","robots":{"index":"index","follow":"follow","max-snippet":"max-snippet:-1","max-image-preview":"max-image-preview:large","max-video-preview":"max-video-preview:-1"},"canonical":"https:\/\/www.apfelpatient.de\/en\/news\/apple-vs-eu-battle-for-the-app-store","og_locale":"en_US","og_type":"article","og_title":"Apple vs. EU: Kampf um den App Store","og_description":"Apple im Rechtsstreit mit EU: Der Kampf um den App Store k\u00f6nnte die digitale Landschaft ver\u00e4ndern. Erfahre, wie dies Apple und dich betrifft.","og_url":"https:\/\/www.apfelpatient.de\/en\/news\/apple-vs-eu-battle-for-the-app-store","og_site_name":"Apfelpatient","article_publisher":"https:\/\/www.facebook.com\/apfelpatientOfficial","article_author":"https:\/\/www.facebook.com\/apfelpatientOfficial","article_published_time":"2023-11-11T17:05:41+00:00","article_modified_time":"2023-11-11T17:05:42+00:00","og_image":[{"width":1600,"height":1067,"url":"https:\/\/www.apfelpatient.de\/wp-content\/uploads\/2023\/11\/james-yarema-G3q7mxXkP-M-unsplash.jpg","type":"image\/jpeg"}],"author":"Milan","twitter_card":"summary_large_image","twitter_description":"Apple im Rechtsstreit mit EU: Der Kampf um den App Store k\u00f6nnte die digitale Landschaft ver\u00e4ndern. Erfahre, wie dies Apple und dich betrifft.","twitter_misc":{"Written by":"Milan","Est. reading time":"3 minutes"},"schema":{"@context":"https:\/\/schema.org","@graph":[{"@type":"NewsArticle","@id":"https:\/\/www.apfelpatient.de\/news\/apple-vs-eu-kampf-um-den-app-store#article","isPartOf":{"@id":"https:\/\/www.apfelpatient.de\/news\/apple-vs-eu-kampf-um-den-app-store"},"author":{"@type":"Organization","@id":"https:\/\/www.apfelpatient.de\/en\/#organization","name":"Apfelpatient","url":"https:\/\/www.apfelpatient.de\/en\/"},"headline":"Apple vs. EU: Kampf um den App Store","datePublished":"2023-11-11T17:05:41+00:00","dateModified":"2023-11-11T17:05:42+00:00","mainEntityOfPage":{"@id":"https:\/\/www.apfelpatient.de\/news\/apple-vs-eu-kampf-um-den-app-store"},"wordCount":422,"publisher":{"@type":"Organization","@id":"https:\/\/www.apfelpatient.de\/en\/#organization","name":"Apfelpatient","url":"https:\/\/www.apfelpatient.de\/en\/"},"image":{"@id":"https:\/\/www.apfelpatient.de\/news\/apple-vs-eu-kampf-um-den-app-store#primaryimage"},"thumbnailUrl":"https:\/\/www.apfelpatient.de\/wp-content\/uploads\/2023\/11\/james-yarema-G3q7mxXkP-M-unsplash.jpg","keywords":["App Store","Apple Dienste","iOS","iPadOS"],"articleSection":"News","inLanguage":"en-US","copyrightYear":"2023","copyrightHolder":{"@id":"https:\/\/www.apfelpatient.de\/en\/#organization"}},{"@type":"WebPage","@id":"https:\/\/www.apfelpatient.de\/news\/apple-vs-eu-kampf-um-den-app-store","url":"https:\/\/www.apfelpatient.de\/news\/apple-vs-eu-kampf-um-den-app-store","name":"Apple vs. EU: Battle for the App Store Apfelpatient","isPartOf":{"@id":"https:\/\/www.apfelpatient.de\/#website"},"primaryImageOfPage":{"@id":"https:\/\/www.apfelpatient.de\/news\/apple-vs-eu-kampf-um-den-app-store#primaryimage"},"image":{"@id":"https:\/\/www.apfelpatient.de\/news\/apple-vs-eu-kampf-um-den-app-store#primaryimage"},"thumbnailUrl":"https:\/\/www.apfelpatient.de\/wp-content\/uploads\/2023\/11\/james-yarema-G3q7mxXkP-M-unsplash.jpg","datePublished":"2023-11-11T17:05:41+00:00","dateModified":"2023-11-11T17:05:42+00:00","description":"Apple in legal dispute with EU: The battle for the App Store could change the digital landscape. Find out how this affects Apple and you.","breadcrumb":{"@id":"https:\/\/www.apfelpatient.de\/news\/apple-vs-eu-kampf-um-den-app-store#breadcrumb"},"inLanguage":"en-US","potentialAction":[{"@type":"ReadAction","target":["https:\/\/www.apfelpatient.de\/news\/apple-vs-eu-kampf-um-den-app-store"]}]},{"@type":"ImageObject","inLanguage":"en-US","@id":"https:\/\/www.apfelpatient.de\/news\/apple-vs-eu-kampf-um-den-app-store#primaryimage","url":"https:\/\/www.apfelpatient.de\/wp-content\/uploads\/2023\/11\/james-yarema-G3q7mxXkP-M-unsplash.jpg","contentUrl":"https:\/\/www.apfelpatient.de\/wp-content\/uploads\/2023\/11\/james-yarema-G3q7mxXkP-M-unsplash.jpg","width":1600,"height":1067,"caption":"Photo by Unsplash \/ James Yarema"},{"@type":"BreadcrumbList","@id":"https:\/\/www.apfelpatient.de\/news\/apple-vs-eu-kampf-um-den-app-store#breadcrumb","itemListElement":[{"@type":"ListItem","position":1,"name":"Startseite","item":"https:\/\/www.apfelpatient.de\/"},{"@type":"ListItem","position":2,"name":"Apple vs. EU: Kampf um den App Store"}]},{"@type":"WebSite","@id":"https:\/\/www.apfelpatient.de\/#website","url":"https:\/\/www.apfelpatient.de\/","name":"apple patient","description":"Everything about Apple!","publisher":{"@type":"Organization","@id":"https:\/\/www.apfelpatient.de\/en\/#organization","name":"Apfelpatient","url":"https:\/\/www.apfelpatient.de\/en\/"},"alternateName":"Apfelpatient","potentialAction":[{"@type":"SearchAction","target":{"@type":"EntryPoint","urlTemplate":"https:\/\/www.apfelpatient.de\/?s={search_term_string}"},"query-input":{"@type":"PropertyValueSpecification","valueRequired":true,"valueName":"search_term_string"}}],"inLanguage":"en-US"},{"@type":["Person","Organization"],"@id":"https:\/\/www.apfelpatient.de\/#\/schema\/person\/35b3ddba5832f2bfc7fff5206d4f6b7b","name":"Milan","logo":{"@id":"https:\/\/www.apfelpatient.de\/#\/schema\/person\/image\/"},"description":"Hello and welcome to my technology blog! As a big Apple fan, I report on everything to do with Apple: from the latest news and exciting rumors to helpful tips and tricks and detailed product tests. If you are as enthusiastic about technology as I am, you have come to the right place!","sameAs":["https:\/\/www.facebook.com\/apfelpatientOfficial","https:\/\/www.linkedin.com\/in\/milan-jovicic-42aa0231b"],"url":"https:\/\/www.apfelpatient.de\/en\/author\/apfeladmin"}]}},"_links":{"self":[{"href":"https:\/\/www.apfelpatient.de\/en\/wp-json\/wp\/v2\/posts\/41065","targetHints":{"allow":["GET"]}}],"collection":[{"href":"https:\/\/www.apfelpatient.de\/en\/wp-json\/wp\/v2\/posts"}],"about":[{"href":"https:\/\/www.apfelpatient.de\/en\/wp-json\/wp\/v2\/types\/post"}],"author":[{"embeddable":true,"href":"https:\/\/www.apfelpatient.de\/en\/wp-json\/wp\/v2\/users\/2"}],"replies":[{"embeddable":true,"href":"https:\/\/www.apfelpatient.de\/en\/wp-json\/wp\/v2\/comments?post=41065"}],"version-history":[{"count":0,"href":"https:\/\/www.apfelpatient.de\/en\/wp-json\/wp\/v2\/posts\/41065\/revisions"}],"wp:featuredmedia":[{"embeddable":true,"href":"https:\/\/www.apfelpatient.de\/en\/wp-json\/wp\/v2\/media\/41060"}],"wp:attachment":[{"href":"https:\/\/www.apfelpatient.de\/en\/wp-json\/wp\/v2\/media?parent=41065"}],"wp:term":[{"taxonomy":"category","embeddable":true,"href":"https:\/\/www.apfelpatient.de\/en\/wp-json\/wp\/v2\/categories?post=41065"},{"taxonomy":"post_tag","embeddable":true,"href":"https:\/\/www.apfelpatient.de\/en\/wp-json\/wp\/v2\/tags?post=41065"}],"curies":[{"name":"wp","href":"https:\/\/api.w.org\/{rel}","templated":true}]}}