{"id":40939,"date":"2023-10-31T17:52:34","date_gmt":"2023-10-31T16:52:34","guid":{"rendered":"https:\/\/www.apfelpatient.de\/?p=40939"},"modified":"2023-10-31T17:52:35","modified_gmt":"2023-10-31T16:52:35","slug":"the-evolution-of-the-imac-what-has-changed-in-the-m3-imac","status":"publish","type":"post","link":"https:\/\/www.apfelpatient.de\/en\/news\/die-evolution-des-imac-was-hat-sich-beim-m3-imac-geaendert","title":{"rendered":"The Evolution of the iMac: What has changed in the M3 iMac?"},"content":{"rendered":"<p class=\"has-drop-cap\"><strong>At the &quot;Scary Fast&quot; event, Apple not only introduced the new MacBook Pro but also presented a fresh M3 iMac. If you&#039;re curious what&#039;s changed compared to the M1 iMac, read on.<\/strong><\/p>\n\n\n\n<p>The M3 iMac uses the brand new M3 chip, which is based on the A17 Pro, which is also found in the iPhone 15 Pro. This chip was manufactured using the impressive 3-nanometer technology, which for us means more power and efficiency. Compared to the M1 iMac, the M3 is up to 2x faster - perfect for demanding tasks.<\/p>\n\n\n\n<h3 class=\"wp-block-heading\" id=\"h-der-m3-imac-konfigurationsvielfalt\">The M3 iMac: Configuration variety<\/h3>\n\n\n\n<p>With the M3 iMac, you have more options. The base model comes with an 8-core CPU and an 8-core GPU, combined with 8GB of RAM. But for those who want even more graphics power, there is a variant with a 10-core GPU. Compared to the M1 iMac, which only had 7- and 8-core GPU options, this is a welcome addition.<\/p>\n\n\n\n<h3 class=\"wp-block-heading\">Graphics on a new level with ray tracing<\/h3>\n\n\n\n<p>One of the most exciting new features on the M3 iMac is the introduction of hardware-accelerated ray tracing. This means more realistic lighting, reflections and shadows in 3D applications and games. The new graphics processor on the M3 iMac sets new standards and opens up exciting possibilities for creatives and gamers.<\/p>\n\n\n\n<h3 class=\"wp-block-heading\">Strong Connectivity<\/h3>\n\n\n\n<p>Connectivity has also been upgraded. WiFi 6E offers a faster and more stable wireless connection as it uses the powerful 6 GHz spectrum. Bluetooth 5.3 not only brings improved signal stability but also additional security through new encryption technologies. Support for Bluetooth LE audio and location determination opens up new possibilities for wireless audio and location services.<\/p>\n\n\n\n<h3 class=\"wp-block-heading\">iMac with M3 chip Conclusion: Evolution, not revolution<\/h3>\n\n\n\n\n\n\n\n<p>Although the design and color options of the M3 iMac haven&#039;t changed drastically, it does offer an impressive performance boost and more configuration options. With ray-traced graphics and more memory, it sets a new standard for all-in-one computers. You can already pre-order the M3 iMac and it is expected to be available from November 7th. If you&#039;re an Intel user looking for a cheap upgrade, you can also find the M1 iMac <a href=\"https:\/\/amzn.to\/47g58pV\" target=\"_blank\" rel=\"noreferrer noopener\">at attractive prices<\/a> on Amazon. Are you looking for new accessories? Then take a look\u00a0<a href=\"https:\/\/www.amazon.de\/shop\/apfelpatientofficial\" target=\"_blank\" rel=\"noreferrer noopener\">in our Amazon Storefront<\/a>\u00a0- there you will find numerous products from leading providers, also for HomeKit and Co.! (Image: Apple)<\/p>\n\n\n\n<ul class=\"wp-block-list\">\n<li><a href=\"https:\/\/www.apfelpatient.de\/en\/news\/the-future-of-the-mac-m3-m3-pro-and-m3-max\">The Future of the Mac: M3, M3 Pro and M3 Max<\/a><\/li>\n\n\n\n<li><a href=\"https:\/\/www.apfelpatient.de\/en\/news\/imac-with-m3-the-future-of-all-in-one-computing-is-here\">iMac with M3: The future of all-in-one computing is here<\/a><\/li>\n\n\n\n<li><a href=\"https:\/\/www.apfelpatient.de\/en\/news\/the-macbook-pro-with-m3-a-revolution-in-performance\">The MacBook Pro with M3: A Revolution in Performance<\/a><\/li>\n<\/ul>\n\n\n\n<h6 class=\"wp-block-heading translation-block\" id=\"h-kennt-ihr-schon-unsere-amazon-storefront-dort-findet-ihr-eine-handverlesene-auswahl-von-diversen-produkten-f-r-euer-iphone-und-co-viel-spa-beim-st-bern\"><em>Have you already visited our Amazon Storefront? There you&#039;ll find a hand-picked selection of various products for your iPhone and other devices \u2013 <span class=\"has-inline-color has-vivid-red-color\"><a href=\"https:\/\/www.amazon.de\/shop\/apfelpatientofficial\" class=\"ek-link\" data-wpel-link=\"exclude\" rel=\"follow noopener\" target=\"_self\"><span style=\"text-decoration: underline\" class=\"ek-underline\">enjoy browsing<\/span><\/a> !<\/span><\/em><\/h6>\n\n\n\n<h6 class=\"wp-block-heading translation-block\" id=\"h-der-beitrag-enthalt-partnerlinks\">This post contains <a data-type=\"URL\" data-id=\"https:\/\/www.apfelpatient.de\/partnerprogramm\" href=\"https:\/\/www.apfelpatient.de\/en\/partner-program\" data-wpel-link=\"internal\" target=\"_self\">affiliate links<\/a>.<\/h6>","protected":false},"excerpt":{"rendered":"<p>M3 iMac vs. M1 iMac: What&#039;s Changed? Learn all about the upgrades Apple introduced in its latest desktop computer.<\/p>","protected":false},"author":2,"featured_media":40899,"comment_status":"closed","ping_status":"closed","sticky":false,"template":"","format":"standard","meta":{"jnews-multi-image_gallery":[],"jnews_single_post":{"subtitle":"","format":"standard","video":"","gallery":"","source_name":"","source_url":"","via_name":"","via_url":"","override_template":"0","override":[{"template":"4","single_blog_custom":"","parallax":"1","fullscreen":"1","layout":"right-sidebar","sidebar":"default-sidebar","second_sidebar":"default-sidebar","sticky_sidebar":"1","share_position":"top","share_float_style":"share-monocrhome","show_share_counter":"1","show_view_counter":"1","show_featured":"1","show_post_meta":"1","show_post_author":"1","show_post_author_image":"1","show_post_date":"1","post_date_format":"default","post_date_format_custom":"Y\/m\/d","show_post_category":"1","show_post_reading_time":"0","post_reading_time_wpm":"300","show_zoom_button":"0","zoom_button_out_step":"2","zoom_button_in_step":"3","show_post_tag":"1","show_prev_next_post":"1","show_popup_post":"1","number_popup_post":"1","show_author_box":"0","show_post_related":"0","show_inline_post_related":"0"}],"override_image_size":"0","image_override":[{"single_post_thumbnail_size":"crop-500","single_post_gallery_size":"crop-500"}],"trending_post":"0","trending_post_position":"meta","trending_post_label":"Trending","sponsored_post":"0","sponsored_post_label":"Sponsored by","sponsored_post_name":"","sponsored_post_url":"","sponsored_post_logo_enable":"0","sponsored_post_logo":"","sponsored_post_desc":"","disable_ad":"0"},"jnews_primary_category":{"id":"9","hide":""},"footnotes":""},"categories":[9],"tags":[72,40],"class_list":["post-40939","post","type-post","status-publish","format-standard","has-post-thumbnail","hentry","category-news","tag-imac","tag-mac"],"yoast_head":"<!-- This site is optimized with the Yoast SEO Premium plugin v27.5 (Yoast SEO v27.5) - https:\/\/yoast.com\/product\/yoast-seo-premium-wordpress\/ -->\n<title>Die Evolution des iMac: Was hat sich beim M3 iMac ge\u00e4ndert? Apfelpatient<\/title>\n<meta name=\"description\" content=\"M3 iMac vs. M1 iMac: Was hat sich ver\u00e4ndert? Erfahre alles \u00fcber die Upgrades, die Apple in seinem neuesten Desktop-Computer eingef\u00fchrt hat.\" \/>\n<meta name=\"robots\" content=\"index, follow, max-snippet:-1, max-image-preview:large, max-video-preview:-1\" \/>\n<link rel=\"canonical\" href=\"https:\/\/www.apfelpatient.de\/en\/news\/the-evolution-of-the-imac-what-has-changed-in-the-m3-imac\" \/>\n<meta property=\"og:locale\" content=\"en_US\" \/>\n<meta property=\"og:type\" content=\"article\" \/>\n<meta property=\"og:title\" content=\"Die Evolution des iMac: Was hat sich beim M3 iMac ge\u00e4ndert?\" \/>\n<meta property=\"og:description\" content=\"M3 iMac vs. M1 iMac: Was hat sich ver\u00e4ndert? Erfahre alles \u00fcber die Upgrades, die Apple in seinem neuesten Desktop-Computer eingef\u00fchrt hat.\" \/>\n<meta property=\"og:url\" content=\"https:\/\/www.apfelpatient.de\/en\/news\/the-evolution-of-the-imac-what-has-changed-in-the-m3-imac\" \/>\n<meta property=\"og:site_name\" content=\"Apfelpatient\" \/>\n<meta property=\"article:publisher\" content=\"https:\/\/www.facebook.com\/apfelpatientOfficial\" \/>\n<meta property=\"article:author\" content=\"https:\/\/www.facebook.com\/apfelpatientOfficial\" \/>\n<meta property=\"article:published_time\" content=\"2023-10-31T16:52:34+00:00\" \/>\n<meta property=\"article:modified_time\" content=\"2023-10-31T16:52:35+00:00\" \/>\n<meta property=\"og:image\" content=\"https:\/\/www.apfelpatient.de\/wp-content\/uploads\/2023\/10\/Apple-iMac-M3-lifestyle-04-231030.jpg\" \/>\n\t<meta property=\"og:image:width\" content=\"1600\" \/>\n\t<meta property=\"og:image:height\" content=\"900\" \/>\n\t<meta property=\"og:image:type\" content=\"image\/jpeg\" \/>\n<meta name=\"author\" content=\"Milan\" \/>\n<meta name=\"twitter:card\" content=\"summary_large_image\" \/>\n<meta name=\"twitter:description\" content=\"M3 iMac vs. M1 iMac: Was hat sich ver\u00e4ndert? Erfahre alles \u00fcber die Upgrades, die Apple in seinem neuesten Desktop-Computer eingef\u00fchrt hat.\" \/>\n<meta name=\"twitter:label1\" content=\"Written by\" \/>\n\t<meta name=\"twitter:data1\" content=\"Milan\" \/>\n\t<meta name=\"twitter:label2\" content=\"Est. reading time\" \/>\n\t<meta name=\"twitter:data2\" content=\"3 minutes\" \/>\n<script type=\"application\/ld+json\" class=\"yoast-schema-graph\">{\"@context\":\"https:\\\/\\\/schema.org\",\"@graph\":[{\"@type\":\"NewsArticle\",\"@id\":\"https:\\\/\\\/www.apfelpatient.de\\\/news\\\/die-evolution-des-imac-was-hat-sich-beim-m3-imac-geaendert#article\",\"isPartOf\":{\"@id\":\"https:\\\/\\\/www.apfelpatient.de\\\/news\\\/die-evolution-des-imac-was-hat-sich-beim-m3-imac-geaendert\"},\"author\":{\"@type\":\"Organization\",\"@id\":\"https:\\\/\\\/www.apfelpatient.de\\\/en\\\/#organization\",\"name\":\"Apfelpatient\",\"url\":\"https:\\\/\\\/www.apfelpatient.de\\\/en\\\/\"},\"headline\":\"Die Evolution des iMac: Was hat sich beim M3 iMac ge\u00e4ndert?\",\"datePublished\":\"2023-10-31T16:52:34+00:00\",\"dateModified\":\"2023-10-31T16:52:35+00:00\",\"mainEntityOfPage\":{\"@id\":\"https:\\\/\\\/www.apfelpatient.de\\\/news\\\/die-evolution-des-imac-was-hat-sich-beim-m3-imac-geaendert\"},\"wordCount\":435,\"publisher\":{\"@type\":\"Organization\",\"@id\":\"https:\\\/\\\/www.apfelpatient.de\\\/en\\\/#organization\",\"name\":\"Apfelpatient\",\"url\":\"https:\\\/\\\/www.apfelpatient.de\\\/en\\\/\"},\"image\":{\"@id\":\"https:\\\/\\\/www.apfelpatient.de\\\/news\\\/die-evolution-des-imac-was-hat-sich-beim-m3-imac-geaendert#primaryimage\"},\"thumbnailUrl\":\"https:\\\/\\\/www.apfelpatient.de\\\/wp-content\\\/uploads\\\/2023\\\/10\\\/Apple-iMac-M3-lifestyle-04-231030.jpg\",\"keywords\":[\"iMac\",\"Mac\"],\"articleSection\":\"News\",\"inLanguage\":\"en-US\",\"copyrightYear\":\"2023\",\"copyrightHolder\":{\"@id\":\"https:\\\/\\\/www.apfelpatient.de\\\/en\\\/#organization\"}},{\"@type\":\"WebPage\",\"@id\":\"https:\\\/\\\/www.apfelpatient.de\\\/news\\\/die-evolution-des-imac-was-hat-sich-beim-m3-imac-geaendert\",\"url\":\"https:\\\/\\\/www.apfelpatient.de\\\/news\\\/die-evolution-des-imac-was-hat-sich-beim-m3-imac-geaendert\",\"name\":\"Die Evolution des iMac: Was hat sich beim M3 iMac ge\u00e4ndert? Apfelpatient\",\"isPartOf\":{\"@id\":\"https:\\\/\\\/www.apfelpatient.de\\\/#website\"},\"primaryImageOfPage\":{\"@id\":\"https:\\\/\\\/www.apfelpatient.de\\\/news\\\/die-evolution-des-imac-was-hat-sich-beim-m3-imac-geaendert#primaryimage\"},\"image\":{\"@id\":\"https:\\\/\\\/www.apfelpatient.de\\\/news\\\/die-evolution-des-imac-was-hat-sich-beim-m3-imac-geaendert#primaryimage\"},\"thumbnailUrl\":\"https:\\\/\\\/www.apfelpatient.de\\\/wp-content\\\/uploads\\\/2023\\\/10\\\/Apple-iMac-M3-lifestyle-04-231030.jpg\",\"datePublished\":\"2023-10-31T16:52:34+00:00\",\"dateModified\":\"2023-10-31T16:52:35+00:00\",\"description\":\"M3 iMac vs. M1 iMac: Was hat sich ver\u00e4ndert? Erfahre alles \u00fcber die Upgrades, die Apple in seinem neuesten Desktop-Computer eingef\u00fchrt hat.\",\"breadcrumb\":{\"@id\":\"https:\\\/\\\/www.apfelpatient.de\\\/news\\\/die-evolution-des-imac-was-hat-sich-beim-m3-imac-geaendert#breadcrumb\"},\"inLanguage\":\"en-US\",\"potentialAction\":[{\"@type\":\"ReadAction\",\"target\":[\"https:\\\/\\\/www.apfelpatient.de\\\/news\\\/die-evolution-des-imac-was-hat-sich-beim-m3-imac-geaendert\"]}]},{\"@type\":\"ImageObject\",\"inLanguage\":\"en-US\",\"@id\":\"https:\\\/\\\/www.apfelpatient.de\\\/news\\\/die-evolution-des-imac-was-hat-sich-beim-m3-imac-geaendert#primaryimage\",\"url\":\"https:\\\/\\\/www.apfelpatient.de\\\/wp-content\\\/uploads\\\/2023\\\/10\\\/Apple-iMac-M3-lifestyle-04-231030.jpg\",\"contentUrl\":\"https:\\\/\\\/www.apfelpatient.de\\\/wp-content\\\/uploads\\\/2023\\\/10\\\/Apple-iMac-M3-lifestyle-04-231030.jpg\",\"width\":1600,\"height\":900,\"caption\":\"Bild: Apple\"},{\"@type\":\"BreadcrumbList\",\"@id\":\"https:\\\/\\\/www.apfelpatient.de\\\/news\\\/die-evolution-des-imac-was-hat-sich-beim-m3-imac-geaendert#breadcrumb\",\"itemListElement\":[{\"@type\":\"ListItem\",\"position\":1,\"name\":\"Startseite\",\"item\":\"https:\\\/\\\/www.apfelpatient.de\\\/\"},{\"@type\":\"ListItem\",\"position\":2,\"name\":\"Die Evolution des iMac: Was hat sich beim M3 iMac ge\u00e4ndert?\"}]},{\"@type\":\"WebSite\",\"@id\":\"https:\\\/\\\/www.apfelpatient.de\\\/#website\",\"url\":\"https:\\\/\\\/www.apfelpatient.de\\\/\",\"name\":\"Apfelpatient\",\"description\":\"Alles rund um Apple!\",\"publisher\":{\"@type\":\"Organization\",\"@id\":\"https:\\\/\\\/www.apfelpatient.de\\\/en\\\/#organization\",\"name\":\"Apfelpatient\",\"url\":\"https:\\\/\\\/www.apfelpatient.de\\\/en\\\/\"},\"alternateName\":\"Apfelpatient\",\"potentialAction\":[{\"@type\":\"SearchAction\",\"target\":{\"@type\":\"EntryPoint\",\"urlTemplate\":\"https:\\\/\\\/www.apfelpatient.de\\\/?s={search_term_string}\"},\"query-input\":{\"@type\":\"PropertyValueSpecification\",\"valueRequired\":true,\"valueName\":\"search_term_string\"}}],\"inLanguage\":\"en-US\"},{\"@type\":[\"Person\",\"Organization\"],\"@id\":\"https:\\\/\\\/www.apfelpatient.de\\\/#\\\/schema\\\/person\\\/35b3ddba5832f2bfc7fff5206d4f6b7b\",\"name\":\"Milan\",\"logo\":{\"@id\":\"https:\\\/\\\/www.apfelpatient.de\\\/#\\\/schema\\\/person\\\/image\\\/\"},\"description\":\"Hallo und herzlich willkommen auf meinem Technik-Blog! Als gro\u00dfer Apple-Fan berichte ich hier \u00fcber alles, was mit Apple zu tun hat: von den neuesten News und spannenden Ger\u00fcchten \u00fcber hilfreiche Tipps und Tricks bis hin zu ausf\u00fchrlichen Produkttests. Wenn du genauso technikbegeistert bist wie ich, bist du hier genau richtig!\",\"sameAs\":[\"https:\\\/\\\/www.facebook.com\\\/apfelpatientOfficial\",\"https:\\\/\\\/www.linkedin.com\\\/in\\\/milan-jovicic-42aa0231b\"],\"url\":\"https:\\\/\\\/www.apfelpatient.de\\\/en\\\/author\\\/apfeladmin\"}]}<\/script>\n<!-- \/ Yoast SEO Premium plugin. -->","yoast_head_json":{"title":"The Evolution of the iMac: What has changed in the M3 iMac? Apfelpatient","description":"M3 iMac vs. M1 iMac: What&#039;s Changed? Learn all about the upgrades Apple introduced in its latest desktop computer.","robots":{"index":"index","follow":"follow","max-snippet":"max-snippet:-1","max-image-preview":"max-image-preview:large","max-video-preview":"max-video-preview:-1"},"canonical":"https:\/\/www.apfelpatient.de\/en\/news\/the-evolution-of-the-imac-what-has-changed-in-the-m3-imac","og_locale":"en_US","og_type":"article","og_title":"Die Evolution des iMac: Was hat sich beim M3 iMac ge\u00e4ndert?","og_description":"M3 iMac vs. M1 iMac: Was hat sich ver\u00e4ndert? Erfahre alles \u00fcber die Upgrades, die Apple in seinem neuesten Desktop-Computer eingef\u00fchrt hat.","og_url":"https:\/\/www.apfelpatient.de\/en\/news\/the-evolution-of-the-imac-what-has-changed-in-the-m3-imac","og_site_name":"Apfelpatient","article_publisher":"https:\/\/www.facebook.com\/apfelpatientOfficial","article_author":"https:\/\/www.facebook.com\/apfelpatientOfficial","article_published_time":"2023-10-31T16:52:34+00:00","article_modified_time":"2023-10-31T16:52:35+00:00","og_image":[{"width":1600,"height":900,"url":"https:\/\/www.apfelpatient.de\/wp-content\/uploads\/2023\/10\/Apple-iMac-M3-lifestyle-04-231030.jpg","type":"image\/jpeg"}],"author":"Milan","twitter_card":"summary_large_image","twitter_description":"M3 iMac vs. M1 iMac: Was hat sich ver\u00e4ndert? Erfahre alles \u00fcber die Upgrades, die Apple in seinem neuesten Desktop-Computer eingef\u00fchrt hat.","twitter_misc":{"Written by":"Milan","Est. reading time":"3 minutes"},"schema":{"@context":"https:\/\/schema.org","@graph":[{"@type":"NewsArticle","@id":"https:\/\/www.apfelpatient.de\/news\/die-evolution-des-imac-was-hat-sich-beim-m3-imac-geaendert#article","isPartOf":{"@id":"https:\/\/www.apfelpatient.de\/news\/die-evolution-des-imac-was-hat-sich-beim-m3-imac-geaendert"},"author":{"@type":"Organization","@id":"https:\/\/www.apfelpatient.de\/en\/#organization","name":"Apfelpatient","url":"https:\/\/www.apfelpatient.de\/en\/"},"headline":"Die Evolution des iMac: Was hat sich beim M3 iMac ge\u00e4ndert?","datePublished":"2023-10-31T16:52:34+00:00","dateModified":"2023-10-31T16:52:35+00:00","mainEntityOfPage":{"@id":"https:\/\/www.apfelpatient.de\/news\/die-evolution-des-imac-was-hat-sich-beim-m3-imac-geaendert"},"wordCount":435,"publisher":{"@type":"Organization","@id":"https:\/\/www.apfelpatient.de\/en\/#organization","name":"Apfelpatient","url":"https:\/\/www.apfelpatient.de\/en\/"},"image":{"@id":"https:\/\/www.apfelpatient.de\/news\/die-evolution-des-imac-was-hat-sich-beim-m3-imac-geaendert#primaryimage"},"thumbnailUrl":"https:\/\/www.apfelpatient.de\/wp-content\/uploads\/2023\/10\/Apple-iMac-M3-lifestyle-04-231030.jpg","keywords":["iMac","Mac"],"articleSection":"News","inLanguage":"en-US","copyrightYear":"2023","copyrightHolder":{"@id":"https:\/\/www.apfelpatient.de\/en\/#organization"}},{"@type":"WebPage","@id":"https:\/\/www.apfelpatient.de\/news\/die-evolution-des-imac-was-hat-sich-beim-m3-imac-geaendert","url":"https:\/\/www.apfelpatient.de\/news\/die-evolution-des-imac-was-hat-sich-beim-m3-imac-geaendert","name":"The Evolution of the iMac: What has changed in the M3 iMac? Apfelpatient","isPartOf":{"@id":"https:\/\/www.apfelpatient.de\/#website"},"primaryImageOfPage":{"@id":"https:\/\/www.apfelpatient.de\/news\/die-evolution-des-imac-was-hat-sich-beim-m3-imac-geaendert#primaryimage"},"image":{"@id":"https:\/\/www.apfelpatient.de\/news\/die-evolution-des-imac-was-hat-sich-beim-m3-imac-geaendert#primaryimage"},"thumbnailUrl":"https:\/\/www.apfelpatient.de\/wp-content\/uploads\/2023\/10\/Apple-iMac-M3-lifestyle-04-231030.jpg","datePublished":"2023-10-31T16:52:34+00:00","dateModified":"2023-10-31T16:52:35+00:00","description":"M3 iMac vs. M1 iMac: What&#039;s Changed? Learn all about the upgrades Apple introduced in its latest desktop computer.","breadcrumb":{"@id":"https:\/\/www.apfelpatient.de\/news\/die-evolution-des-imac-was-hat-sich-beim-m3-imac-geaendert#breadcrumb"},"inLanguage":"en-US","potentialAction":[{"@type":"ReadAction","target":["https:\/\/www.apfelpatient.de\/news\/die-evolution-des-imac-was-hat-sich-beim-m3-imac-geaendert"]}]},{"@type":"ImageObject","inLanguage":"en-US","@id":"https:\/\/www.apfelpatient.de\/news\/die-evolution-des-imac-was-hat-sich-beim-m3-imac-geaendert#primaryimage","url":"https:\/\/www.apfelpatient.de\/wp-content\/uploads\/2023\/10\/Apple-iMac-M3-lifestyle-04-231030.jpg","contentUrl":"https:\/\/www.apfelpatient.de\/wp-content\/uploads\/2023\/10\/Apple-iMac-M3-lifestyle-04-231030.jpg","width":1600,"height":900,"caption":"Bild: Apple"},{"@type":"BreadcrumbList","@id":"https:\/\/www.apfelpatient.de\/news\/die-evolution-des-imac-was-hat-sich-beim-m3-imac-geaendert#breadcrumb","itemListElement":[{"@type":"ListItem","position":1,"name":"Startseite","item":"https:\/\/www.apfelpatient.de\/"},{"@type":"ListItem","position":2,"name":"Die Evolution des iMac: Was hat sich beim M3 iMac ge\u00e4ndert?"}]},{"@type":"WebSite","@id":"https:\/\/www.apfelpatient.de\/#website","url":"https:\/\/www.apfelpatient.de\/","name":"apple patient","description":"Everything about Apple!","publisher":{"@type":"Organization","@id":"https:\/\/www.apfelpatient.de\/en\/#organization","name":"Apfelpatient","url":"https:\/\/www.apfelpatient.de\/en\/"},"alternateName":"Apfelpatient","potentialAction":[{"@type":"SearchAction","target":{"@type":"EntryPoint","urlTemplate":"https:\/\/www.apfelpatient.de\/?s={search_term_string}"},"query-input":{"@type":"PropertyValueSpecification","valueRequired":true,"valueName":"search_term_string"}}],"inLanguage":"en-US"},{"@type":["Person","Organization"],"@id":"https:\/\/www.apfelpatient.de\/#\/schema\/person\/35b3ddba5832f2bfc7fff5206d4f6b7b","name":"Milan","logo":{"@id":"https:\/\/www.apfelpatient.de\/#\/schema\/person\/image\/"},"description":"Hello and welcome to my technology blog! As a big Apple fan, I report on everything to do with Apple: from the latest news and exciting rumors to helpful tips and tricks and detailed product tests. If you are as enthusiastic about technology as I am, you have come to the right place!","sameAs":["https:\/\/www.facebook.com\/apfelpatientOfficial","https:\/\/www.linkedin.com\/in\/milan-jovicic-42aa0231b"],"url":"https:\/\/www.apfelpatient.de\/en\/author\/apfeladmin"}]}},"_links":{"self":[{"href":"https:\/\/www.apfelpatient.de\/en\/wp-json\/wp\/v2\/posts\/40939","targetHints":{"allow":["GET"]}}],"collection":[{"href":"https:\/\/www.apfelpatient.de\/en\/wp-json\/wp\/v2\/posts"}],"about":[{"href":"https:\/\/www.apfelpatient.de\/en\/wp-json\/wp\/v2\/types\/post"}],"author":[{"embeddable":true,"href":"https:\/\/www.apfelpatient.de\/en\/wp-json\/wp\/v2\/users\/2"}],"replies":[{"embeddable":true,"href":"https:\/\/www.apfelpatient.de\/en\/wp-json\/wp\/v2\/comments?post=40939"}],"version-history":[{"count":0,"href":"https:\/\/www.apfelpatient.de\/en\/wp-json\/wp\/v2\/posts\/40939\/revisions"}],"wp:featuredmedia":[{"embeddable":true,"href":"https:\/\/www.apfelpatient.de\/en\/wp-json\/wp\/v2\/media\/40899"}],"wp:attachment":[{"href":"https:\/\/www.apfelpatient.de\/en\/wp-json\/wp\/v2\/media?parent=40939"}],"wp:term":[{"taxonomy":"category","embeddable":true,"href":"https:\/\/www.apfelpatient.de\/en\/wp-json\/wp\/v2\/categories?post=40939"},{"taxonomy":"post_tag","embeddable":true,"href":"https:\/\/www.apfelpatient.de\/en\/wp-json\/wp\/v2\/tags?post=40939"}],"curies":[{"name":"wp","href":"https:\/\/api.w.org\/{rel}","templated":true}]}}