{"id":40921,"date":"2023-10-31T02:38:38","date_gmt":"2023-10-31T01:38:38","guid":{"rendered":"https:\/\/www.apfelpatient.de\/?p=40921"},"modified":"2023-10-31T02:38:39","modified_gmt":"2023-10-31T01:38:39","slug":"the-macbook-pro-with-m3-a-revolution-in-performance","status":"publish","type":"post","link":"https:\/\/www.apfelpatient.de\/en\/news\/das-macbook-pro-mit-m3-eine-revolution-in-der-leistung","title":{"rendered":"The MacBook Pro with M3: A Revolution in Performance"},"content":{"rendered":"<p class=\"has-drop-cap\"><strong>Apple has once again raised the bar by announcing the new MacBook Pro with the revolutionary M3 chip family. These groundbreaking chips, consisting of M3, M3 Pro and M3 Max, promise unparalleled performance and impressive innovations for the MacBook Pro. In this article, we take a detailed look at the exciting new features that these new models bring.<\/strong><\/p>\n\n\n\n<p>The M3 chip family marks a significant advancement in the world of Apple chips. These chips are the first to be manufactured using industry-leading 3-nanometer technology, resulting in a significant increase in performance. The next-generation GPU architecture in these chips offers a groundbreaking innovation - called &quot;Dynamic Caching.&quot;<\/p>\n\n\n\n<h3 class=\"wp-block-heading\" id=\"h-die-m3-chip-familie-die-zukunft-des-computing\">The M3 Chip Family: The Future of Computing<\/h3>\n\n\n\n<p>This technology enables more efficient use of local memory in real time, significantly improving GPU performance for even the most demanding pro apps and games. In addition, the M3 chip family brings hardware-accelerated ray tracing to the Mac, taking the representation of shadows and reflections in games and environments to a whole new level. This is a milestone for the Mac platform and offers endless possibilities for developers and creatives.<\/p>\n\n\n\n<h3 class=\"wp-block-heading\">The 14\u2033 MacBook Pro with M3: The ultimate pro laptop for everyone<\/h3>\n\n\n\n<p>The 14&quot; MacBook Pro with M3 is an impressive new addition to the MacBook family. This model is not only perfect for everyday use but also offers outstanding performance in pro apps and games. With a starting price of just 1,999 euros including VAT, it is affordable for creatives, students and entrepreneurs alike. The performance of this laptop is impressive. Rendering in Final Cut Pro is up to 7.4 times faster than the 13&quot; MacBook Pro with Core i7. Compiling code in Xcode is up to 3.7 times faster and spreadsheet performance in Microsoft Excel is up to 3.5 times faster. This MacBook Pro is a real workhorse.<\/p>\n\n\n\n<figure class=\"wp-block-image size-large\"><img decoding=\"async\" width=\"1024\" height=\"576\" src=\"https:\/\/www.apfelpatient.de\/wp-content\/uploads\/2023\/10\/Apple-MacBook-Pro-M3-Xcode-231030-1024x576.jpg\" alt=\"\" class=\"wp-image-40918\" srcset=\"https:\/\/www.apfelpatient.de\/wp-content\/uploads\/2023\/10\/Apple-MacBook-Pro-M3-Xcode-231030-1024x576.jpg 1024w, https:\/\/www.apfelpatient.de\/wp-content\/uploads\/2023\/10\/Apple-MacBook-Pro-M3-Xcode-231030-300x169.jpg 300w, https:\/\/www.apfelpatient.de\/wp-content\/uploads\/2023\/10\/Apple-MacBook-Pro-M3-Xcode-231030-768x432.jpg 768w, https:\/\/www.apfelpatient.de\/wp-content\/uploads\/2023\/10\/Apple-MacBook-Pro-M3-Xcode-231030-1536x864.jpg 1536w, https:\/\/www.apfelpatient.de\/wp-content\/uploads\/2023\/10\/Apple-MacBook-Pro-M3-Xcode-231030-750x422.jpg 750w, https:\/\/www.apfelpatient.de\/wp-content\/uploads\/2023\/10\/Apple-MacBook-Pro-M3-Xcode-231030-1140x641.jpg 1140w, https:\/\/www.apfelpatient.de\/wp-content\/uploads\/2023\/10\/Apple-MacBook-Pro-M3-Xcode-231030.jpg 1600w\" sizes=\"(max-width: 1024px) 100vw, 1024px\" \/><figcaption class=\"wp-element-caption\">Image: Apple<\/figcaption><\/figure>\n\n\n\n<h3 class=\"wp-block-heading\">14\u2033 and 16\u2033 MacBook Pro with M3 Pro: For the most demanding tasks<\/h3>\n\n\n\n<p>The 14&quot; and 16&quot; MacBook Pro with M3 Pro are perfect for those who need to tackle even more demanding tasks. From programmers to creatives to researchers, these laptops offer an impressive performance boost over their predecessors. With support for more shared memory and up to 40 percent increased performance, they&#039;re a powerhouse for any type of task. Performance in Adobe Photoshop is up to 3x faster than the fastest MacBook Pro with an Intel processor, and basecalling for DNA sequencing in Oxford Nanopore MinKNOW is up to 20x faster. These models are a boon for professional users.<\/p>\n\n\n\n<h3 class=\"wp-block-heading\">14\u2033 and 16\u2033 MacBook Pro with M3 Max: Redefining the limits of computing<\/h3>\n\n\n\n<p>For those who need to handle extreme workflows, such as machine learning programmers, 3D artists, and video editors, the MacBook Pro with M3 Max is the answer. It&#039;s up to 2.5x faster than the 16-inch MacBook Pro with M1 Max and supports up to 128GB of shared memory, meaning even the most demanding tasks can be completed with ease. Performance in MathWorks MATLAB is up to 5.5x faster, rendering in Maxon Redshift is up to 5.3x faster, and noise reduction in Blackmagic DaVinci Resolve Studio is up to 2.7x faster than the fastest Intel-based MacBook Pro models. This MacBook Pro is the ultimate choice for professionals.<\/p>\n\n\n\n<h3 class=\"wp-block-heading\">Now available in Space Black: Style meets performance<\/h3>\n\n\n\n<p>The new MacBook Pro models with M3 Pro and M3 Max are now also available in the new color &quot;Space Black&quot;. This dark aluminum finish is not only stylish, but also significantly reduces fingerprints on the case. A real eye-catcher!<\/p>\n\n\n\n<figure class=\"wp-block-image size-large\"><img decoding=\"async\" width=\"1024\" height=\"683\" src=\"https:\/\/www.apfelpatient.de\/wp-content\/uploads\/2023\/10\/Apple-MacBook-Pro-top-view-231030-1024x683.jpg\" alt=\"\" class=\"wp-image-40920\" srcset=\"https:\/\/www.apfelpatient.de\/wp-content\/uploads\/2023\/10\/Apple-MacBook-Pro-top-view-231030-1024x683.jpg 1024w, https:\/\/www.apfelpatient.de\/wp-content\/uploads\/2023\/10\/Apple-MacBook-Pro-top-view-231030-300x200.jpg 300w, https:\/\/www.apfelpatient.de\/wp-content\/uploads\/2023\/10\/Apple-MacBook-Pro-top-view-231030-768x512.jpg 768w, https:\/\/www.apfelpatient.de\/wp-content\/uploads\/2023\/10\/Apple-MacBook-Pro-top-view-231030-1536x1024.jpg 1536w, https:\/\/www.apfelpatient.de\/wp-content\/uploads\/2023\/10\/Apple-MacBook-Pro-top-view-231030-750x500.jpg 750w, https:\/\/www.apfelpatient.de\/wp-content\/uploads\/2023\/10\/Apple-MacBook-Pro-top-view-231030-1140x760.jpg 1140w, https:\/\/www.apfelpatient.de\/wp-content\/uploads\/2023\/10\/Apple-MacBook-Pro-top-view-231030.jpg 1600w\" sizes=\"(max-width: 1024px) 100vw, 1024px\" \/><figcaption class=\"wp-element-caption\">Image: Apple<\/figcaption><\/figure>\n\n\n\n<h3 class=\"wp-block-heading\">A game changer for upgraders<\/h3>\n\n\n\n<p>If you currently use an Intel-based MacBook Pro, upgrading to the new MacBook Pro will change your life. The M3 Max models are up to 11 times faster than the fastest Intel-based MacBook Pro models and offer an impressive battery life of up to 11 additional hours. Whether you&#039;re plugged in or working on the go, this MacBook Pro delivers consistent performance. And the Liquid Retina XDR display is simply stunning!<\/p>\n\n\n\n<h3 class=\"wp-block-heading\">Prices and availability<\/h3>\n\n\n\n\n\n\n\n<p>Customers can order the new MacBook Pro starting today in 27 countries and regions, including Germany. It will begin shipping to customers on Tuesday, November 7 and will be available in Apple Stores and Apple Authorized Resellers. The 14-inch MacBook Pro with M3 starts at EUR 1,999 incl. VAT and EUR 1,869 incl. VAT for education, the 14-inch MacBook Pro with M3 Pro starts at EUR 2,499 incl. VAT and EUR 2,309 incl. VAT for education, and the 16-inch MacBook Pro starts at EUR 2,999 incl. VAT and EUR 2,759 incl. VAT for education.<\/p>\n\n\n\n<figure class=\"wp-block-image size-large\"><img decoding=\"async\" width=\"1024\" height=\"576\" src=\"https:\/\/www.apfelpatient.de\/wp-content\/uploads\/2023\/10\/Apple-MacBook-Pro-2up-231030-1024x576.jpg\" alt=\"MacBook Pro with M3\" class=\"wp-image-40910\" srcset=\"https:\/\/www.apfelpatient.de\/wp-content\/uploads\/2023\/10\/Apple-MacBook-Pro-2up-231030-1024x576.jpg 1024w, https:\/\/www.apfelpatient.de\/wp-content\/uploads\/2023\/10\/Apple-MacBook-Pro-2up-231030-300x169.jpg 300w, https:\/\/www.apfelpatient.de\/wp-content\/uploads\/2023\/10\/Apple-MacBook-Pro-2up-231030-768x432.jpg 768w, https:\/\/www.apfelpatient.de\/wp-content\/uploads\/2023\/10\/Apple-MacBook-Pro-2up-231030-1536x864.jpg 1536w, https:\/\/www.apfelpatient.de\/wp-content\/uploads\/2023\/10\/Apple-MacBook-Pro-2up-231030-750x422.jpg 750w, https:\/\/www.apfelpatient.de\/wp-content\/uploads\/2023\/10\/Apple-MacBook-Pro-2up-231030-1140x641.jpg 1140w, https:\/\/www.apfelpatient.de\/wp-content\/uploads\/2023\/10\/Apple-MacBook-Pro-2up-231030.jpg 1600w\" sizes=\"(max-width: 1024px) 100vw, 1024px\" \/><figcaption class=\"wp-element-caption\">Image: Apple<\/figcaption><\/figure>\n\n\n\n<h3 class=\"wp-block-heading\">For a better environment<\/h3>\n\n\n\n<p>Apple is committed to sustainability, and the new MacBook Pro is proof of that. The chassis is made from 100 percent recycled aluminum, and the notebook contains 100 percent recycled rare earth elements. It is free from numerous harmful substances and is part of Apple&#039;s ambitious plan to be carbon neutral across the entire manufacturing supply chain and across all product life cycles by 2030. Are you looking for new accessories? Then take a look\u00a0<a href=\"https:\/\/www.amazon.de\/shop\/apfelpatientofficial\" target=\"_blank\" rel=\"noreferrer noopener\">in our Amazon Storefront<\/a>\u00a0- there you will find numerous products from leading providers, also for HomeKit and Co.! (Image: Apple)<\/p>\n\n\n\n<ul class=\"wp-block-list\">\n<li><a href=\"https:\/\/www.apfelpatient.de\/en\/news\/the-future-of-the-mac-m3-m3-pro-and-m3-max\">The Future of the Mac: M3, M3 Pro and M3 Max<\/a><\/li>\n\n\n\n<li><a href=\"https:\/\/www.apfelpatient.de\/en\/news\/imac-with-m3-the-future-of-all-in-one-computing-is-here\">iMac with M3: The future of all-in-one computing is here<\/a><\/li>\n<\/ul>\n\n\n\n<h6 class=\"wp-block-heading translation-block\" id=\"h-kennt-ihr-schon-unsere-amazon-storefront-dort-findet-ihr-eine-handverlesene-auswahl-von-diversen-produkten-f-r-euer-iphone-und-co-viel-spa-beim-st-bern\"><em>Have you already visited our Amazon Storefront? There you&#039;ll find a hand-picked selection of various products for your iPhone and other devices \u2013 <span class=\"has-inline-color has-vivid-red-color\"><a href=\"https:\/\/www.amazon.de\/shop\/apfelpatientofficial\" class=\"ek-link\" data-wpel-link=\"exclude\" rel=\"follow noopener\" target=\"_self\"><span style=\"text-decoration: underline\" class=\"ek-underline\">enjoy browsing<\/span><\/a> !<\/span><\/em><\/h6>\n\n\n\n<h6 class=\"wp-block-heading translation-block\" id=\"h-der-beitrag-enthalt-partnerlinks\">This post contains <a data-type=\"URL\" data-id=\"https:\/\/www.apfelpatient.de\/partnerprogramm\" href=\"https:\/\/www.apfelpatient.de\/en\/partner-program\" data-wpel-link=\"internal\" target=\"_self\">affiliate links<\/a>.<\/h6>","protected":false},"excerpt":{"rendered":"<p>Discover the revolutionary MacBook Pro with M3 chip \u2013 Learn all about its groundbreaking innovations and impressive performance.<\/p>","protected":false},"author":2,"featured_media":40910,"comment_status":"closed","ping_status":"closed","sticky":false,"template":"","format":"standard","meta":{"jnews-multi-image_gallery":[],"jnews_single_post":{"subtitle":"","format":"standard","video":"","gallery":"","source_name":"","source_url":"","via_name":"","via_url":"","override_template":"0","override":[{"template":"4","single_blog_custom":"","parallax":"1","fullscreen":"1","layout":"right-sidebar","sidebar":"default-sidebar","second_sidebar":"default-sidebar","sticky_sidebar":"1","share_position":"top","share_float_style":"share-monocrhome","show_share_counter":"1","show_view_counter":"1","show_featured":"1","show_post_meta":"1","show_post_author":"1","show_post_author_image":"1","show_post_date":"1","post_date_format":"default","post_date_format_custom":"Y\/m\/d","show_post_category":"1","show_post_reading_time":"0","post_reading_time_wpm":"300","show_zoom_button":"0","zoom_button_out_step":"2","zoom_button_in_step":"3","show_post_tag":"1","show_prev_next_post":"1","show_popup_post":"1","number_popup_post":"1","show_author_box":"0","show_post_related":"0","show_inline_post_related":"0"}],"override_image_size":"0","image_override":[{"single_post_thumbnail_size":"crop-500","single_post_gallery_size":"crop-500"}],"trending_post":"0","trending_post_position":"meta","trending_post_label":"Trending","sponsored_post":"0","sponsored_post_label":"Sponsored by","sponsored_post_name":"","sponsored_post_url":"","sponsored_post_logo_enable":"0","sponsored_post_logo":"","sponsored_post_desc":"","disable_ad":"0"},"jnews_primary_category":{"id":"9","hide":""},"footnotes":""},"categories":[9],"tags":[40,50],"class_list":["post-40921","post","type-post","status-publish","format-standard","has-post-thumbnail","hentry","category-news","tag-mac","tag-macbook-pro"],"yoast_head":"<!-- This site is optimized with the Yoast SEO Premium plugin v27.5 (Yoast SEO v27.5) - https:\/\/yoast.com\/product\/yoast-seo-premium-wordpress\/ -->\n<title>Das MacBook Pro mit M3: Eine Revolution in der Leistung Apfelpatient<\/title>\n<meta name=\"description\" content=\"Entdecke das revolution\u00e4re MacBook Pro mit M3 Chip - Erfahre alles \u00fcber die bahnbrechenden Innovationen und beeindruckende Leistung.\" \/>\n<meta name=\"robots\" content=\"index, follow, max-snippet:-1, max-image-preview:large, max-video-preview:-1\" \/>\n<link rel=\"canonical\" href=\"https:\/\/www.apfelpatient.de\/en\/news\/the-macbook-pro-with-m3-a-revolution-in-performance\" \/>\n<meta property=\"og:locale\" content=\"en_US\" \/>\n<meta property=\"og:type\" content=\"article\" \/>\n<meta property=\"og:title\" content=\"Das MacBook Pro mit M3: Eine Revolution in der Leistung\" \/>\n<meta property=\"og:description\" content=\"Entdecke das revolution\u00e4re MacBook Pro mit M3 Chip - Erfahre alles \u00fcber die bahnbrechenden Innovationen und beeindruckende Leistung.\" \/>\n<meta property=\"og:url\" content=\"https:\/\/www.apfelpatient.de\/en\/news\/the-macbook-pro-with-m3-a-revolution-in-performance\" \/>\n<meta property=\"og:site_name\" content=\"Apfelpatient\" \/>\n<meta property=\"article:publisher\" content=\"https:\/\/www.facebook.com\/apfelpatientOfficial\" \/>\n<meta property=\"article:author\" content=\"https:\/\/www.facebook.com\/apfelpatientOfficial\" \/>\n<meta property=\"article:published_time\" content=\"2023-10-31T01:38:38+00:00\" \/>\n<meta property=\"article:modified_time\" content=\"2023-10-31T01:38:39+00:00\" \/>\n<meta property=\"og:image\" content=\"https:\/\/www.apfelpatient.de\/wp-content\/uploads\/2023\/10\/Apple-MacBook-Pro-2up-231030.jpg\" \/>\n\t<meta property=\"og:image:width\" content=\"1600\" \/>\n\t<meta property=\"og:image:height\" content=\"900\" \/>\n\t<meta property=\"og:image:type\" content=\"image\/jpeg\" \/>\n<meta name=\"author\" content=\"Milan\" \/>\n<meta name=\"twitter:card\" content=\"summary_large_image\" \/>\n<meta name=\"twitter:description\" content=\"Entdecke das revolution\u00e4re MacBook Pro mit M3 Chip - Erfahre alles \u00fcber die bahnbrechenden Innovationen und beeindruckende Leistung.\" \/>\n<meta name=\"twitter:label1\" content=\"Written by\" \/>\n\t<meta name=\"twitter:data1\" content=\"Milan\" \/>\n\t<meta name=\"twitter:label2\" content=\"Est. reading time\" \/>\n\t<meta name=\"twitter:data2\" content=\"6 minutes\" \/>\n<script type=\"application\/ld+json\" class=\"yoast-schema-graph\">{\"@context\":\"https:\\\/\\\/schema.org\",\"@graph\":[{\"@type\":\"NewsArticle\",\"@id\":\"https:\\\/\\\/www.apfelpatient.de\\\/news\\\/das-macbook-pro-mit-m3-eine-revolution-in-der-leistung#article\",\"isPartOf\":{\"@id\":\"https:\\\/\\\/www.apfelpatient.de\\\/news\\\/das-macbook-pro-mit-m3-eine-revolution-in-der-leistung\"},\"author\":{\"@type\":\"Organization\",\"@id\":\"https:\\\/\\\/www.apfelpatient.de\\\/en\\\/#organization\",\"name\":\"Apfelpatient\",\"url\":\"https:\\\/\\\/www.apfelpatient.de\\\/en\\\/\"},\"headline\":\"Das MacBook Pro mit M3: Eine Revolution in der Leistung\",\"datePublished\":\"2023-10-31T01:38:38+00:00\",\"dateModified\":\"2023-10-31T01:38:39+00:00\",\"mainEntityOfPage\":{\"@id\":\"https:\\\/\\\/www.apfelpatient.de\\\/news\\\/das-macbook-pro-mit-m3-eine-revolution-in-der-leistung\"},\"wordCount\":947,\"publisher\":{\"@type\":\"Organization\",\"@id\":\"https:\\\/\\\/www.apfelpatient.de\\\/en\\\/#organization\",\"name\":\"Apfelpatient\",\"url\":\"https:\\\/\\\/www.apfelpatient.de\\\/en\\\/\"},\"image\":{\"@id\":\"https:\\\/\\\/www.apfelpatient.de\\\/news\\\/das-macbook-pro-mit-m3-eine-revolution-in-der-leistung#primaryimage\"},\"thumbnailUrl\":\"https:\\\/\\\/www.apfelpatient.de\\\/wp-content\\\/uploads\\\/2023\\\/10\\\/Apple-MacBook-Pro-2up-231030.jpg\",\"keywords\":[\"Mac\",\"MacBook Pro\"],\"articleSection\":\"News\",\"inLanguage\":\"en-US\",\"copyrightYear\":\"2023\",\"copyrightHolder\":{\"@id\":\"https:\\\/\\\/www.apfelpatient.de\\\/en\\\/#organization\"}},{\"@type\":\"WebPage\",\"@id\":\"https:\\\/\\\/www.apfelpatient.de\\\/news\\\/das-macbook-pro-mit-m3-eine-revolution-in-der-leistung\",\"url\":\"https:\\\/\\\/www.apfelpatient.de\\\/news\\\/das-macbook-pro-mit-m3-eine-revolution-in-der-leistung\",\"name\":\"Das MacBook Pro mit M3: Eine Revolution in der Leistung Apfelpatient\",\"isPartOf\":{\"@id\":\"https:\\\/\\\/www.apfelpatient.de\\\/#website\"},\"primaryImageOfPage\":{\"@id\":\"https:\\\/\\\/www.apfelpatient.de\\\/news\\\/das-macbook-pro-mit-m3-eine-revolution-in-der-leistung#primaryimage\"},\"image\":{\"@id\":\"https:\\\/\\\/www.apfelpatient.de\\\/news\\\/das-macbook-pro-mit-m3-eine-revolution-in-der-leistung#primaryimage\"},\"thumbnailUrl\":\"https:\\\/\\\/www.apfelpatient.de\\\/wp-content\\\/uploads\\\/2023\\\/10\\\/Apple-MacBook-Pro-2up-231030.jpg\",\"datePublished\":\"2023-10-31T01:38:38+00:00\",\"dateModified\":\"2023-10-31T01:38:39+00:00\",\"description\":\"Entdecke das revolution\u00e4re MacBook Pro mit M3 Chip - Erfahre alles \u00fcber die bahnbrechenden Innovationen und beeindruckende Leistung.\",\"breadcrumb\":{\"@id\":\"https:\\\/\\\/www.apfelpatient.de\\\/news\\\/das-macbook-pro-mit-m3-eine-revolution-in-der-leistung#breadcrumb\"},\"inLanguage\":\"en-US\",\"potentialAction\":[{\"@type\":\"ReadAction\",\"target\":[\"https:\\\/\\\/www.apfelpatient.de\\\/news\\\/das-macbook-pro-mit-m3-eine-revolution-in-der-leistung\"]}]},{\"@type\":\"ImageObject\",\"inLanguage\":\"en-US\",\"@id\":\"https:\\\/\\\/www.apfelpatient.de\\\/news\\\/das-macbook-pro-mit-m3-eine-revolution-in-der-leistung#primaryimage\",\"url\":\"https:\\\/\\\/www.apfelpatient.de\\\/wp-content\\\/uploads\\\/2023\\\/10\\\/Apple-MacBook-Pro-2up-231030.jpg\",\"contentUrl\":\"https:\\\/\\\/www.apfelpatient.de\\\/wp-content\\\/uploads\\\/2023\\\/10\\\/Apple-MacBook-Pro-2up-231030.jpg\",\"width\":1600,\"height\":900,\"caption\":\"Bild: Apple\"},{\"@type\":\"BreadcrumbList\",\"@id\":\"https:\\\/\\\/www.apfelpatient.de\\\/news\\\/das-macbook-pro-mit-m3-eine-revolution-in-der-leistung#breadcrumb\",\"itemListElement\":[{\"@type\":\"ListItem\",\"position\":1,\"name\":\"Startseite\",\"item\":\"https:\\\/\\\/www.apfelpatient.de\\\/\"},{\"@type\":\"ListItem\",\"position\":2,\"name\":\"Das MacBook Pro mit M3: Eine Revolution in der Leistung\"}]},{\"@type\":\"WebSite\",\"@id\":\"https:\\\/\\\/www.apfelpatient.de\\\/#website\",\"url\":\"https:\\\/\\\/www.apfelpatient.de\\\/\",\"name\":\"Apfelpatient\",\"description\":\"Alles rund um Apple!\",\"publisher\":{\"@type\":\"Organization\",\"@id\":\"https:\\\/\\\/www.apfelpatient.de\\\/en\\\/#organization\",\"name\":\"Apfelpatient\",\"url\":\"https:\\\/\\\/www.apfelpatient.de\\\/en\\\/\"},\"alternateName\":\"Apfelpatient\",\"potentialAction\":[{\"@type\":\"SearchAction\",\"target\":{\"@type\":\"EntryPoint\",\"urlTemplate\":\"https:\\\/\\\/www.apfelpatient.de\\\/?s={search_term_string}\"},\"query-input\":{\"@type\":\"PropertyValueSpecification\",\"valueRequired\":true,\"valueName\":\"search_term_string\"}}],\"inLanguage\":\"en-US\"},{\"@type\":[\"Person\",\"Organization\"],\"@id\":\"https:\\\/\\\/www.apfelpatient.de\\\/#\\\/schema\\\/person\\\/35b3ddba5832f2bfc7fff5206d4f6b7b\",\"name\":\"Milan\",\"logo\":{\"@id\":\"https:\\\/\\\/www.apfelpatient.de\\\/#\\\/schema\\\/person\\\/image\\\/\"},\"description\":\"Hallo und herzlich willkommen auf meinem Technik-Blog! Als gro\u00dfer Apple-Fan berichte ich hier \u00fcber alles, was mit Apple zu tun hat: von den neuesten News und spannenden Ger\u00fcchten \u00fcber hilfreiche Tipps und Tricks bis hin zu ausf\u00fchrlichen Produkttests. Wenn du genauso technikbegeistert bist wie ich, bist du hier genau richtig!\",\"sameAs\":[\"https:\\\/\\\/www.facebook.com\\\/apfelpatientOfficial\",\"https:\\\/\\\/www.linkedin.com\\\/in\\\/milan-jovicic-42aa0231b\"],\"url\":\"https:\\\/\\\/www.apfelpatient.de\\\/en\\\/author\\\/apfeladmin\"}]}<\/script>\n<!-- \/ Yoast SEO Premium plugin. -->","yoast_head_json":{"title":"The MacBook Pro with M3: A Revolution in Performance Apfelpatient","description":"Discover the revolutionary MacBook Pro with M3 chip - Learn all about the groundbreaking innovations and impressive performance.","robots":{"index":"index","follow":"follow","max-snippet":"max-snippet:-1","max-image-preview":"max-image-preview:large","max-video-preview":"max-video-preview:-1"},"canonical":"https:\/\/www.apfelpatient.de\/en\/news\/the-macbook-pro-with-m3-a-revolution-in-performance","og_locale":"en_US","og_type":"article","og_title":"Das MacBook Pro mit M3: Eine Revolution in der Leistung","og_description":"Entdecke das revolution\u00e4re MacBook Pro mit M3 Chip - Erfahre alles \u00fcber die bahnbrechenden Innovationen und beeindruckende Leistung.","og_url":"https:\/\/www.apfelpatient.de\/en\/news\/the-macbook-pro-with-m3-a-revolution-in-performance","og_site_name":"Apfelpatient","article_publisher":"https:\/\/www.facebook.com\/apfelpatientOfficial","article_author":"https:\/\/www.facebook.com\/apfelpatientOfficial","article_published_time":"2023-10-31T01:38:38+00:00","article_modified_time":"2023-10-31T01:38:39+00:00","og_image":[{"width":1600,"height":900,"url":"https:\/\/www.apfelpatient.de\/wp-content\/uploads\/2023\/10\/Apple-MacBook-Pro-2up-231030.jpg","type":"image\/jpeg"}],"author":"Milan","twitter_card":"summary_large_image","twitter_description":"Entdecke das revolution\u00e4re MacBook Pro mit M3 Chip - Erfahre alles \u00fcber die bahnbrechenden Innovationen und beeindruckende Leistung.","twitter_misc":{"Written by":"Milan","Est. reading time":"6 minutes"},"schema":{"@context":"https:\/\/schema.org","@graph":[{"@type":"NewsArticle","@id":"https:\/\/www.apfelpatient.de\/news\/das-macbook-pro-mit-m3-eine-revolution-in-der-leistung#article","isPartOf":{"@id":"https:\/\/www.apfelpatient.de\/news\/das-macbook-pro-mit-m3-eine-revolution-in-der-leistung"},"author":{"@type":"Organization","@id":"https:\/\/www.apfelpatient.de\/en\/#organization","name":"Apfelpatient","url":"https:\/\/www.apfelpatient.de\/en\/"},"headline":"Das MacBook Pro mit M3: Eine Revolution in der Leistung","datePublished":"2023-10-31T01:38:38+00:00","dateModified":"2023-10-31T01:38:39+00:00","mainEntityOfPage":{"@id":"https:\/\/www.apfelpatient.de\/news\/das-macbook-pro-mit-m3-eine-revolution-in-der-leistung"},"wordCount":947,"publisher":{"@type":"Organization","@id":"https:\/\/www.apfelpatient.de\/en\/#organization","name":"Apfelpatient","url":"https:\/\/www.apfelpatient.de\/en\/"},"image":{"@id":"https:\/\/www.apfelpatient.de\/news\/das-macbook-pro-mit-m3-eine-revolution-in-der-leistung#primaryimage"},"thumbnailUrl":"https:\/\/www.apfelpatient.de\/wp-content\/uploads\/2023\/10\/Apple-MacBook-Pro-2up-231030.jpg","keywords":["Mac","MacBook Pro"],"articleSection":"News","inLanguage":"en-US","copyrightYear":"2023","copyrightHolder":{"@id":"https:\/\/www.apfelpatient.de\/en\/#organization"}},{"@type":"WebPage","@id":"https:\/\/www.apfelpatient.de\/news\/das-macbook-pro-mit-m3-eine-revolution-in-der-leistung","url":"https:\/\/www.apfelpatient.de\/news\/das-macbook-pro-mit-m3-eine-revolution-in-der-leistung","name":"The MacBook Pro with M3: A Revolution in Performance Apfelpatient","isPartOf":{"@id":"https:\/\/www.apfelpatient.de\/#website"},"primaryImageOfPage":{"@id":"https:\/\/www.apfelpatient.de\/news\/das-macbook-pro-mit-m3-eine-revolution-in-der-leistung#primaryimage"},"image":{"@id":"https:\/\/www.apfelpatient.de\/news\/das-macbook-pro-mit-m3-eine-revolution-in-der-leistung#primaryimage"},"thumbnailUrl":"https:\/\/www.apfelpatient.de\/wp-content\/uploads\/2023\/10\/Apple-MacBook-Pro-2up-231030.jpg","datePublished":"2023-10-31T01:38:38+00:00","dateModified":"2023-10-31T01:38:39+00:00","description":"Discover the revolutionary MacBook Pro with M3 chip - Learn all about the groundbreaking innovations and impressive performance.","breadcrumb":{"@id":"https:\/\/www.apfelpatient.de\/news\/das-macbook-pro-mit-m3-eine-revolution-in-der-leistung#breadcrumb"},"inLanguage":"en-US","potentialAction":[{"@type":"ReadAction","target":["https:\/\/www.apfelpatient.de\/news\/das-macbook-pro-mit-m3-eine-revolution-in-der-leistung"]}]},{"@type":"ImageObject","inLanguage":"en-US","@id":"https:\/\/www.apfelpatient.de\/news\/das-macbook-pro-mit-m3-eine-revolution-in-der-leistung#primaryimage","url":"https:\/\/www.apfelpatient.de\/wp-content\/uploads\/2023\/10\/Apple-MacBook-Pro-2up-231030.jpg","contentUrl":"https:\/\/www.apfelpatient.de\/wp-content\/uploads\/2023\/10\/Apple-MacBook-Pro-2up-231030.jpg","width":1600,"height":900,"caption":"Bild: Apple"},{"@type":"BreadcrumbList","@id":"https:\/\/www.apfelpatient.de\/news\/das-macbook-pro-mit-m3-eine-revolution-in-der-leistung#breadcrumb","itemListElement":[{"@type":"ListItem","position":1,"name":"Startseite","item":"https:\/\/www.apfelpatient.de\/"},{"@type":"ListItem","position":2,"name":"Das MacBook Pro mit M3: Eine Revolution in der Leistung"}]},{"@type":"WebSite","@id":"https:\/\/www.apfelpatient.de\/#website","url":"https:\/\/www.apfelpatient.de\/","name":"apple patient","description":"Everything about Apple!","publisher":{"@type":"Organization","@id":"https:\/\/www.apfelpatient.de\/en\/#organization","name":"Apfelpatient","url":"https:\/\/www.apfelpatient.de\/en\/"},"alternateName":"Apfelpatient","potentialAction":[{"@type":"SearchAction","target":{"@type":"EntryPoint","urlTemplate":"https:\/\/www.apfelpatient.de\/?s={search_term_string}"},"query-input":{"@type":"PropertyValueSpecification","valueRequired":true,"valueName":"search_term_string"}}],"inLanguage":"en-US"},{"@type":["Person","Organization"],"@id":"https:\/\/www.apfelpatient.de\/#\/schema\/person\/35b3ddba5832f2bfc7fff5206d4f6b7b","name":"Milan","logo":{"@id":"https:\/\/www.apfelpatient.de\/#\/schema\/person\/image\/"},"description":"Hello and welcome to my technology blog! As a big Apple fan, I report on everything to do with Apple: from the latest news and exciting rumors to helpful tips and tricks and detailed product tests. If you are as enthusiastic about technology as I am, you have come to the right place!","sameAs":["https:\/\/www.facebook.com\/apfelpatientOfficial","https:\/\/www.linkedin.com\/in\/milan-jovicic-42aa0231b"],"url":"https:\/\/www.apfelpatient.de\/en\/author\/apfeladmin"}]}},"_links":{"self":[{"href":"https:\/\/www.apfelpatient.de\/en\/wp-json\/wp\/v2\/posts\/40921","targetHints":{"allow":["GET"]}}],"collection":[{"href":"https:\/\/www.apfelpatient.de\/en\/wp-json\/wp\/v2\/posts"}],"about":[{"href":"https:\/\/www.apfelpatient.de\/en\/wp-json\/wp\/v2\/types\/post"}],"author":[{"embeddable":true,"href":"https:\/\/www.apfelpatient.de\/en\/wp-json\/wp\/v2\/users\/2"}],"replies":[{"embeddable":true,"href":"https:\/\/www.apfelpatient.de\/en\/wp-json\/wp\/v2\/comments?post=40921"}],"version-history":[{"count":0,"href":"https:\/\/www.apfelpatient.de\/en\/wp-json\/wp\/v2\/posts\/40921\/revisions"}],"wp:featuredmedia":[{"embeddable":true,"href":"https:\/\/www.apfelpatient.de\/en\/wp-json\/wp\/v2\/media\/40910"}],"wp:attachment":[{"href":"https:\/\/www.apfelpatient.de\/en\/wp-json\/wp\/v2\/media?parent=40921"}],"wp:term":[{"taxonomy":"category","embeddable":true,"href":"https:\/\/www.apfelpatient.de\/en\/wp-json\/wp\/v2\/categories?post=40921"},{"taxonomy":"post_tag","embeddable":true,"href":"https:\/\/www.apfelpatient.de\/en\/wp-json\/wp\/v2\/tags?post=40921"}],"curies":[{"name":"wp","href":"https:\/\/api.w.org\/{rel}","templated":true}]}}