{"id":40586,"date":"2023-10-05T15:04:02","date_gmt":"2023-10-05T13:04:02","guid":{"rendered":"https:\/\/www.apfelpatient.de\/?p=40586"},"modified":"2023-10-05T15:04:03","modified_gmt":"2023-10-05T13:04:03","slug":"macbook-pro-rumors-bright-displays-and-power-processors","status":"publish","type":"post","link":"https:\/\/www.apfelpatient.de\/en\/rumors\/macbook-pro-geruechte-helle-displays-und-power-prozessoren","title":{"rendered":"MacBook Pro Rumors: Bright Displays and Powerful Processors"},"content":{"rendered":"<p class=\"has-drop-cap\"><strong>Exciting rumors are circulating in the Apple world, indicating that Apple may launch new 14- and 16-inch MacBook Pro models this year with improved mini-LED displays and powerful new processors. These rumors, spread by various sources, raise intriguing questions about how these improvements could expand Apple&#039;s product line.<\/strong><\/p>\n\n\n\n<p>The world of technology is always moving, and rumors about upcoming Apple products are a regular part of the excitement for fans. Below we will <a href=\"https:\/\/www.digitimes.com\/news\/a20231004PD213.html\" target=\"_blank\" rel=\"noreferrer noopener\">rumors<\/a> to take a closer look at the potential improvements to the mini-LED displays and the new processors in the MacBook Pro models. We&#039;ll discuss how these displays could supposedly improve brightness and battery life, what performance the new processors are expected to offer, and which chipset is expected to be used. However, we should be aware that this is unconfirmed information.<\/p>\n\n\n\n<h3 class=\"wp-block-heading\" id=\"h-mini-led-displays-helligkeit-und-energieeffizienz-im-fokus\">Mini-LED displays: Focus on brightness and energy efficiency<\/h3>\n\n\n\n<p>The main attraction of these rumors is undoubtedly the idea of MacBook Pro models with improved mini-LED displays. Reports suggest that these displays will be able to increase brightness by an impressive 10 percent compared to the previous generation, while also consuming less power. If these rumors turn out to be true, users would benefit from brighter images without the worry of reduced battery life.<\/p>\n\n\n\n<h3 class=\"wp-block-heading\">The new processors: M3 Pro and M3 Max<\/h3>\n\n\n\n<p>In addition, the new MacBook Pro models will reportedly come with powerful new processors. According to current rumors, these processors are models such as the M3 Pro and M3 Max, which are said to be based on an advanced 3-nanometer architecture. These processors promise a significant increase in overall performance, meaning that the next generation of MacBook Pro models will handle even the most demanding tasks with ease.<\/p>\n\n\n\n<h3 class=\"wp-block-heading\">New MacBook Pro models: release date and speculation<\/h3>\n\n\n\n<p>There are conflicting reports regarding the release timing. Some sources suggest a release in the fourth quarter of 2023, while others speculate 2024. The fact that Apple may reportedly soon accept trade-ins for some of its current Mac models further fuels speculation about an imminent MacBook Pro debut. There are also indications that Apple may also opt for OLED displays in the future, both for the iPad Pro and MacBook Pro. These developments could significantly change the display technology in Apple&#039;s product line.<\/p>\n\n\n\n<h3 class=\"wp-block-heading\">What can we expect from the new MacBook Pro models?<\/h3>\n\n\n\n\n\n\n\n<p>The rumors about the improvements to the mini-LED displays and the new processors for the next generation of MacBook Pro models promise exciting possibilities for Apple fans. However, we should always keep in mind that this is unconfirmed information and the exact details and release date are still open. We will wait with interest to see how these rumors develop and whether Apple is indeed setting new standards in terms of display technology, performance and chipset. Are you looking for new accessories? Then take a look\u00a0<a href=\"https:\/\/www.amazon.de\/shop\/apfelpatientofficial\" target=\"_blank\" rel=\"noreferrer noopener\">in our Amazon Storefront<\/a>\u00a0- there you will find numerous products from leading providers, also for HomeKit and Co.! (Image: Apple)<\/p>\n\n\n\n<ul class=\"wp-block-list\">\n<li><a href=\"https:\/\/www.apfelpatient.de\/en\/tips-tricks\/center-stage-setup-macos-sonoma-guide\">Setting up Center Stage: macOS Sonoma Guide<\/a><\/li>\n<\/ul>\n\n\n\n<h6 class=\"wp-block-heading translation-block\" id=\"h-kennt-ihr-schon-unsere-amazon-storefront-dort-findet-ihr-eine-handverlesene-auswahl-von-diversen-produkten-f-r-euer-iphone-und-co-viel-spa-beim-st-bern\"><em>Have you already visited our Amazon Storefront? There you&#039;ll find a hand-picked selection of various products for your iPhone and other devices \u2013 <span class=\"has-inline-color has-vivid-red-color\"><a href=\"https:\/\/www.amazon.de\/shop\/apfelpatientofficial\" class=\"ek-link\" data-wpel-link=\"exclude\" rel=\"follow noopener\" target=\"_self\"><span style=\"text-decoration: underline\" class=\"ek-underline\">enjoy browsing<\/span><\/a> !<\/span><\/em><\/h6>\n\n\n\n<h6 class=\"wp-block-heading translation-block\" id=\"h-der-beitrag-enthalt-partnerlinks\">This post contains <a data-type=\"URL\" data-id=\"https:\/\/www.apfelpatient.de\/partnerprogramm\" href=\"https:\/\/www.apfelpatient.de\/en\/partner-program\" data-wpel-link=\"internal\" target=\"_self\">affiliate links<\/a>.<\/h6>","protected":false},"excerpt":{"rendered":"<p>Find out all the exciting rumors about the new MacBook Pro models with mini-LED displays and powerful processors.<\/p>","protected":false},"author":2,"featured_media":36883,"comment_status":"closed","ping_status":"closed","sticky":false,"template":"","format":"standard","meta":{"jnews-multi-image_gallery":[],"jnews_single_post":{"subtitle":"","format":"standard","video":"","gallery":"","source_name":"","source_url":"","via_name":"","via_url":"","override_template":"0","override":[{"template":"4","single_blog_custom":"","parallax":"1","fullscreen":"1","layout":"right-sidebar","sidebar":"default-sidebar","second_sidebar":"default-sidebar","sticky_sidebar":"1","share_position":"top","share_float_style":"share-monocrhome","show_share_counter":"1","show_view_counter":"1","show_featured":"1","show_post_meta":"1","show_post_author":"1","show_post_author_image":"1","show_post_date":"1","post_date_format":"default","post_date_format_custom":"Y\/m\/d","show_post_category":"1","show_post_reading_time":"0","post_reading_time_wpm":"300","show_zoom_button":"0","zoom_button_out_step":"2","zoom_button_in_step":"3","show_post_tag":"1","show_prev_next_post":"1","show_popup_post":"1","number_popup_post":"1","show_author_box":"0","show_post_related":"0","show_inline_post_related":"0"}],"override_image_size":"0","image_override":[{"single_post_thumbnail_size":"crop-500","single_post_gallery_size":"crop-500"}],"trending_post":"0","trending_post_position":"meta","trending_post_label":"Trending","sponsored_post":"0","sponsored_post_label":"Sponsored by","sponsored_post_name":"","sponsored_post_url":"","sponsored_post_logo_enable":"0","sponsored_post_logo":"","sponsored_post_desc":"","disable_ad":"0"},"jnews_primary_category":{"id":"25","hide":""},"footnotes":""},"categories":[25],"tags":[420,40,50],"class_list":["post-40586","post","type-post","status-publish","format-standard","has-post-thumbnail","hentry","category-rumors","tag-apple-silicon","tag-mac","tag-macbook-pro"],"yoast_head":"<!-- This site is optimized with the Yoast SEO Premium plugin v27.5 (Yoast SEO v27.5) - https:\/\/yoast.com\/product\/yoast-seo-premium-wordpress\/ -->\n<title>MacBook Pro Ger\u00fcchte: Helle Displays und Power-Prozessoren Apfelpatient<\/title>\n<meta name=\"description\" content=\"Erfahre alles \u00fcber die aufregenden Ger\u00fcchte zu den neuen MacBook Pro Modellen mit Mini-LED-Displays und Power-Prozessoren.\" \/>\n<meta name=\"robots\" content=\"index, follow, max-snippet:-1, max-image-preview:large, max-video-preview:-1\" \/>\n<link rel=\"canonical\" href=\"https:\/\/www.apfelpatient.de\/en\/rumors\/macbook-pro-rumors-bright-displays-and-power-processors\" \/>\n<meta property=\"og:locale\" content=\"en_US\" \/>\n<meta property=\"og:type\" content=\"article\" \/>\n<meta property=\"og:title\" content=\"MacBook Pro Ger\u00fcchte: Helle Displays und Power-Prozessoren\" \/>\n<meta property=\"og:description\" content=\"Erfahre alles \u00fcber die aufregenden Ger\u00fcchte zu den neuen MacBook Pro Modellen mit Mini-LED-Displays und Power-Prozessoren.\" \/>\n<meta property=\"og:url\" content=\"https:\/\/www.apfelpatient.de\/en\/rumors\/macbook-pro-rumors-bright-displays-and-power-processors\" \/>\n<meta property=\"og:site_name\" content=\"Apfelpatient\" \/>\n<meta property=\"article:publisher\" content=\"https:\/\/www.facebook.com\/apfelpatientOfficial\" \/>\n<meta property=\"article:author\" content=\"https:\/\/www.facebook.com\/apfelpatientOfficial\" \/>\n<meta property=\"article:published_time\" content=\"2023-10-05T13:04:02+00:00\" \/>\n<meta property=\"article:modified_time\" content=\"2023-10-05T13:04:03+00:00\" \/>\n<meta property=\"og:image\" content=\"https:\/\/www.apfelpatient.de\/wp-content\/uploads\/2023\/01\/Apple-MacBook-Pro-M2-Pro-and-M2-Max-2-up-230117.jpg\" \/>\n\t<meta property=\"og:image:width\" content=\"1600\" \/>\n\t<meta property=\"og:image:height\" content=\"900\" \/>\n\t<meta property=\"og:image:type\" content=\"image\/jpeg\" \/>\n<meta name=\"author\" content=\"Milan\" \/>\n<meta name=\"twitter:card\" content=\"summary_large_image\" \/>\n<meta name=\"twitter:description\" content=\"Erfahre alles \u00fcber die aufregenden Ger\u00fcchte zu den neuen MacBook Pro Modellen mit Mini-LED-Displays und Power-Prozessoren.\" \/>\n<meta name=\"twitter:label1\" content=\"Written by\" \/>\n\t<meta name=\"twitter:data1\" content=\"Milan\" \/>\n\t<meta name=\"twitter:label2\" content=\"Est. reading time\" \/>\n\t<meta name=\"twitter:data2\" content=\"3 minutes\" \/>\n<script type=\"application\/ld+json\" class=\"yoast-schema-graph\">{\"@context\":\"https:\\\/\\\/schema.org\",\"@graph\":[{\"@type\":\"NewsArticle\",\"@id\":\"https:\\\/\\\/www.apfelpatient.de\\\/rumors\\\/macbook-pro-geruechte-helle-displays-und-power-prozessoren#article\",\"isPartOf\":{\"@id\":\"https:\\\/\\\/www.apfelpatient.de\\\/rumors\\\/macbook-pro-geruechte-helle-displays-und-power-prozessoren\"},\"author\":{\"@type\":\"Organization\",\"@id\":\"https:\\\/\\\/www.apfelpatient.de\\\/en\\\/#organization\",\"name\":\"Apfelpatient\",\"url\":\"https:\\\/\\\/www.apfelpatient.de\\\/en\\\/\"},\"headline\":\"MacBook Pro Ger\u00fcchte: Helle Displays und Power-Prozessoren\",\"datePublished\":\"2023-10-05T13:04:02+00:00\",\"dateModified\":\"2023-10-05T13:04:03+00:00\",\"mainEntityOfPage\":{\"@id\":\"https:\\\/\\\/www.apfelpatient.de\\\/rumors\\\/macbook-pro-geruechte-helle-displays-und-power-prozessoren\"},\"wordCount\":542,\"publisher\":{\"@type\":\"Organization\",\"@id\":\"https:\\\/\\\/www.apfelpatient.de\\\/en\\\/#organization\",\"name\":\"Apfelpatient\",\"url\":\"https:\\\/\\\/www.apfelpatient.de\\\/en\\\/\"},\"image\":{\"@id\":\"https:\\\/\\\/www.apfelpatient.de\\\/rumors\\\/macbook-pro-geruechte-helle-displays-und-power-prozessoren#primaryimage\"},\"thumbnailUrl\":\"https:\\\/\\\/www.apfelpatient.de\\\/wp-content\\\/uploads\\\/2023\\\/01\\\/Apple-MacBook-Pro-M2-Pro-and-M2-Max-2-up-230117.jpg\",\"keywords\":[\"Apple Silicon\",\"Mac\",\"MacBook Pro\"],\"articleSection\":\"Rumors\",\"inLanguage\":\"en-US\",\"copyrightYear\":\"2023\",\"copyrightHolder\":{\"@id\":\"https:\\\/\\\/www.apfelpatient.de\\\/en\\\/#organization\"}},{\"@type\":\"WebPage\",\"@id\":\"https:\\\/\\\/www.apfelpatient.de\\\/rumors\\\/macbook-pro-geruechte-helle-displays-und-power-prozessoren\",\"url\":\"https:\\\/\\\/www.apfelpatient.de\\\/rumors\\\/macbook-pro-geruechte-helle-displays-und-power-prozessoren\",\"name\":\"MacBook Pro Ger\u00fcchte: Helle Displays und Power-Prozessoren Apfelpatient\",\"isPartOf\":{\"@id\":\"https:\\\/\\\/www.apfelpatient.de\\\/#website\"},\"primaryImageOfPage\":{\"@id\":\"https:\\\/\\\/www.apfelpatient.de\\\/rumors\\\/macbook-pro-geruechte-helle-displays-und-power-prozessoren#primaryimage\"},\"image\":{\"@id\":\"https:\\\/\\\/www.apfelpatient.de\\\/rumors\\\/macbook-pro-geruechte-helle-displays-und-power-prozessoren#primaryimage\"},\"thumbnailUrl\":\"https:\\\/\\\/www.apfelpatient.de\\\/wp-content\\\/uploads\\\/2023\\\/01\\\/Apple-MacBook-Pro-M2-Pro-and-M2-Max-2-up-230117.jpg\",\"datePublished\":\"2023-10-05T13:04:02+00:00\",\"dateModified\":\"2023-10-05T13:04:03+00:00\",\"description\":\"Erfahre alles \u00fcber die aufregenden Ger\u00fcchte zu den neuen MacBook Pro Modellen mit Mini-LED-Displays und Power-Prozessoren.\",\"breadcrumb\":{\"@id\":\"https:\\\/\\\/www.apfelpatient.de\\\/rumors\\\/macbook-pro-geruechte-helle-displays-und-power-prozessoren#breadcrumb\"},\"inLanguage\":\"en-US\",\"potentialAction\":[{\"@type\":\"ReadAction\",\"target\":[\"https:\\\/\\\/www.apfelpatient.de\\\/rumors\\\/macbook-pro-geruechte-helle-displays-und-power-prozessoren\"]}]},{\"@type\":\"ImageObject\",\"inLanguage\":\"en-US\",\"@id\":\"https:\\\/\\\/www.apfelpatient.de\\\/rumors\\\/macbook-pro-geruechte-helle-displays-und-power-prozessoren#primaryimage\",\"url\":\"https:\\\/\\\/www.apfelpatient.de\\\/wp-content\\\/uploads\\\/2023\\\/01\\\/Apple-MacBook-Pro-M2-Pro-and-M2-Max-2-up-230117.jpg\",\"contentUrl\":\"https:\\\/\\\/www.apfelpatient.de\\\/wp-content\\\/uploads\\\/2023\\\/01\\\/Apple-MacBook-Pro-M2-Pro-and-M2-Max-2-up-230117.jpg\",\"width\":1600,\"height\":900,\"caption\":\"Bild: Apple\"},{\"@type\":\"BreadcrumbList\",\"@id\":\"https:\\\/\\\/www.apfelpatient.de\\\/rumors\\\/macbook-pro-geruechte-helle-displays-und-power-prozessoren#breadcrumb\",\"itemListElement\":[{\"@type\":\"ListItem\",\"position\":1,\"name\":\"Startseite\",\"item\":\"https:\\\/\\\/www.apfelpatient.de\\\/\"},{\"@type\":\"ListItem\",\"position\":2,\"name\":\"MacBook Pro Ger\u00fcchte: Helle Displays und Power-Prozessoren\"}]},{\"@type\":\"WebSite\",\"@id\":\"https:\\\/\\\/www.apfelpatient.de\\\/#website\",\"url\":\"https:\\\/\\\/www.apfelpatient.de\\\/\",\"name\":\"Apfelpatient\",\"description\":\"Alles rund um Apple!\",\"publisher\":{\"@type\":\"Organization\",\"@id\":\"https:\\\/\\\/www.apfelpatient.de\\\/en\\\/#organization\",\"name\":\"Apfelpatient\",\"url\":\"https:\\\/\\\/www.apfelpatient.de\\\/en\\\/\"},\"alternateName\":\"Apfelpatient\",\"potentialAction\":[{\"@type\":\"SearchAction\",\"target\":{\"@type\":\"EntryPoint\",\"urlTemplate\":\"https:\\\/\\\/www.apfelpatient.de\\\/?s={search_term_string}\"},\"query-input\":{\"@type\":\"PropertyValueSpecification\",\"valueRequired\":true,\"valueName\":\"search_term_string\"}}],\"inLanguage\":\"en-US\"},{\"@type\":[\"Person\",\"Organization\"],\"@id\":\"https:\\\/\\\/www.apfelpatient.de\\\/#\\\/schema\\\/person\\\/7dc56ad6c8e9824b76d2c08d4c140e13\",\"name\":\"Milan\",\"logo\":{\"@id\":\"https:\\\/\\\/www.apfelpatient.de\\\/#\\\/schema\\\/person\\\/image\\\/\"},\"description\":\"Hallo und herzlich willkommen auf meinem Technik-Blog! Als gro\u00dfer Apple-Fan berichte ich hier \u00fcber alles, was mit Apple zu tun hat: von den neuesten News und spannenden Ger\u00fcchten \u00fcber hilfreiche Tipps und Tricks bis hin zu ausf\u00fchrlichen Produkttests. Wenn du genauso technikbegeistert bist wie ich, bist du hier genau richtig!\",\"sameAs\":[\"https:\\\/\\\/www.facebook.com\\\/apfelpatientOfficial\",\"https:\\\/\\\/www.linkedin.com\\\/in\\\/milan-jovicic-42aa0231b\"],\"url\":\"https:\\\/\\\/www.apfelpatient.de\\\/en\\\/author\\\/apfeladmin\"}]}<\/script>\n<!-- \/ Yoast SEO Premium plugin. -->","yoast_head_json":{"title":"MacBook Pro Rumors: Bright Displays and Powerful Processors Apfelpatient","description":"Find out all the exciting rumors about the new MacBook Pro models with mini-LED displays and powerful processors.","robots":{"index":"index","follow":"follow","max-snippet":"max-snippet:-1","max-image-preview":"max-image-preview:large","max-video-preview":"max-video-preview:-1"},"canonical":"https:\/\/www.apfelpatient.de\/en\/rumors\/macbook-pro-rumors-bright-displays-and-power-processors","og_locale":"en_US","og_type":"article","og_title":"MacBook Pro Ger\u00fcchte: Helle Displays und Power-Prozessoren","og_description":"Erfahre alles \u00fcber die aufregenden Ger\u00fcchte zu den neuen MacBook Pro Modellen mit Mini-LED-Displays und Power-Prozessoren.","og_url":"https:\/\/www.apfelpatient.de\/en\/rumors\/macbook-pro-rumors-bright-displays-and-power-processors","og_site_name":"Apfelpatient","article_publisher":"https:\/\/www.facebook.com\/apfelpatientOfficial","article_author":"https:\/\/www.facebook.com\/apfelpatientOfficial","article_published_time":"2023-10-05T13:04:02+00:00","article_modified_time":"2023-10-05T13:04:03+00:00","og_image":[{"width":1600,"height":900,"url":"https:\/\/www.apfelpatient.de\/wp-content\/uploads\/2023\/01\/Apple-MacBook-Pro-M2-Pro-and-M2-Max-2-up-230117.jpg","type":"image\/jpeg"}],"author":"Milan","twitter_card":"summary_large_image","twitter_description":"Erfahre alles \u00fcber die aufregenden Ger\u00fcchte zu den neuen MacBook Pro Modellen mit Mini-LED-Displays und Power-Prozessoren.","twitter_misc":{"Written by":"Milan","Est. reading time":"3 minutes"},"schema":{"@context":"https:\/\/schema.org","@graph":[{"@type":"NewsArticle","@id":"https:\/\/www.apfelpatient.de\/rumors\/macbook-pro-geruechte-helle-displays-und-power-prozessoren#article","isPartOf":{"@id":"https:\/\/www.apfelpatient.de\/rumors\/macbook-pro-geruechte-helle-displays-und-power-prozessoren"},"author":{"@type":"Organization","@id":"https:\/\/www.apfelpatient.de\/en\/#organization","name":"Apfelpatient","url":"https:\/\/www.apfelpatient.de\/en\/"},"headline":"MacBook Pro Ger\u00fcchte: Helle Displays und Power-Prozessoren","datePublished":"2023-10-05T13:04:02+00:00","dateModified":"2023-10-05T13:04:03+00:00","mainEntityOfPage":{"@id":"https:\/\/www.apfelpatient.de\/rumors\/macbook-pro-geruechte-helle-displays-und-power-prozessoren"},"wordCount":542,"publisher":{"@type":"Organization","@id":"https:\/\/www.apfelpatient.de\/en\/#organization","name":"Apfelpatient","url":"https:\/\/www.apfelpatient.de\/en\/"},"image":{"@id":"https:\/\/www.apfelpatient.de\/rumors\/macbook-pro-geruechte-helle-displays-und-power-prozessoren#primaryimage"},"thumbnailUrl":"https:\/\/www.apfelpatient.de\/wp-content\/uploads\/2023\/01\/Apple-MacBook-Pro-M2-Pro-and-M2-Max-2-up-230117.jpg","keywords":["Apple Silicon","Mac","MacBook Pro"],"articleSection":"Rumors","inLanguage":"en-US","copyrightYear":"2023","copyrightHolder":{"@id":"https:\/\/www.apfelpatient.de\/en\/#organization"}},{"@type":"WebPage","@id":"https:\/\/www.apfelpatient.de\/rumors\/macbook-pro-geruechte-helle-displays-und-power-prozessoren","url":"https:\/\/www.apfelpatient.de\/rumors\/macbook-pro-geruechte-helle-displays-und-power-prozessoren","name":"MacBook Pro Rumors: Bright Displays and Powerful Processors Apfelpatient","isPartOf":{"@id":"https:\/\/www.apfelpatient.de\/#website"},"primaryImageOfPage":{"@id":"https:\/\/www.apfelpatient.de\/rumors\/macbook-pro-geruechte-helle-displays-und-power-prozessoren#primaryimage"},"image":{"@id":"https:\/\/www.apfelpatient.de\/rumors\/macbook-pro-geruechte-helle-displays-und-power-prozessoren#primaryimage"},"thumbnailUrl":"https:\/\/www.apfelpatient.de\/wp-content\/uploads\/2023\/01\/Apple-MacBook-Pro-M2-Pro-and-M2-Max-2-up-230117.jpg","datePublished":"2023-10-05T13:04:02+00:00","dateModified":"2023-10-05T13:04:03+00:00","description":"Find out all the exciting rumors about the new MacBook Pro models with mini-LED displays and powerful processors.","breadcrumb":{"@id":"https:\/\/www.apfelpatient.de\/rumors\/macbook-pro-geruechte-helle-displays-und-power-prozessoren#breadcrumb"},"inLanguage":"en-US","potentialAction":[{"@type":"ReadAction","target":["https:\/\/www.apfelpatient.de\/rumors\/macbook-pro-geruechte-helle-displays-und-power-prozessoren"]}]},{"@type":"ImageObject","inLanguage":"en-US","@id":"https:\/\/www.apfelpatient.de\/rumors\/macbook-pro-geruechte-helle-displays-und-power-prozessoren#primaryimage","url":"https:\/\/www.apfelpatient.de\/wp-content\/uploads\/2023\/01\/Apple-MacBook-Pro-M2-Pro-and-M2-Max-2-up-230117.jpg","contentUrl":"https:\/\/www.apfelpatient.de\/wp-content\/uploads\/2023\/01\/Apple-MacBook-Pro-M2-Pro-and-M2-Max-2-up-230117.jpg","width":1600,"height":900,"caption":"Bild: Apple"},{"@type":"BreadcrumbList","@id":"https:\/\/www.apfelpatient.de\/rumors\/macbook-pro-geruechte-helle-displays-und-power-prozessoren#breadcrumb","itemListElement":[{"@type":"ListItem","position":1,"name":"Startseite","item":"https:\/\/www.apfelpatient.de\/"},{"@type":"ListItem","position":2,"name":"MacBook Pro Ger\u00fcchte: Helle Displays und Power-Prozessoren"}]},{"@type":"WebSite","@id":"https:\/\/www.apfelpatient.de\/#website","url":"https:\/\/www.apfelpatient.de\/","name":"apple patient","description":"Everything about Apple!","publisher":{"@type":"Organization","@id":"https:\/\/www.apfelpatient.de\/en\/#organization","name":"Apfelpatient","url":"https:\/\/www.apfelpatient.de\/en\/"},"alternateName":"Apfelpatient","potentialAction":[{"@type":"SearchAction","target":{"@type":"EntryPoint","urlTemplate":"https:\/\/www.apfelpatient.de\/?s={search_term_string}"},"query-input":{"@type":"PropertyValueSpecification","valueRequired":true,"valueName":"search_term_string"}}],"inLanguage":"en-US"},{"@type":["Person","Organization"],"@id":"https:\/\/www.apfelpatient.de\/#\/schema\/person\/7dc56ad6c8e9824b76d2c08d4c140e13","name":"Milan","logo":{"@id":"https:\/\/www.apfelpatient.de\/#\/schema\/person\/image\/"},"description":"Hello and welcome to my technology blog! As a big Apple fan, I report on everything to do with Apple: from the latest news and exciting rumors to helpful tips and tricks and detailed product tests. If you are as enthusiastic about technology as I am, you have come to the right place!","sameAs":["https:\/\/www.facebook.com\/apfelpatientOfficial","https:\/\/www.linkedin.com\/in\/milan-jovicic-42aa0231b"],"url":"https:\/\/www.apfelpatient.de\/en\/author\/apfeladmin"}]}},"_links":{"self":[{"href":"https:\/\/www.apfelpatient.de\/en\/wp-json\/wp\/v2\/posts\/40586","targetHints":{"allow":["GET"]}}],"collection":[{"href":"https:\/\/www.apfelpatient.de\/en\/wp-json\/wp\/v2\/posts"}],"about":[{"href":"https:\/\/www.apfelpatient.de\/en\/wp-json\/wp\/v2\/types\/post"}],"author":[{"embeddable":true,"href":"https:\/\/www.apfelpatient.de\/en\/wp-json\/wp\/v2\/users\/2"}],"replies":[{"embeddable":true,"href":"https:\/\/www.apfelpatient.de\/en\/wp-json\/wp\/v2\/comments?post=40586"}],"version-history":[{"count":0,"href":"https:\/\/www.apfelpatient.de\/en\/wp-json\/wp\/v2\/posts\/40586\/revisions"}],"wp:featuredmedia":[{"embeddable":true,"href":"https:\/\/www.apfelpatient.de\/en\/wp-json\/wp\/v2\/media\/36883"}],"wp:attachment":[{"href":"https:\/\/www.apfelpatient.de\/en\/wp-json\/wp\/v2\/media?parent=40586"}],"wp:term":[{"taxonomy":"category","embeddable":true,"href":"https:\/\/www.apfelpatient.de\/en\/wp-json\/wp\/v2\/categories?post=40586"},{"taxonomy":"post_tag","embeddable":true,"href":"https:\/\/www.apfelpatient.de\/en\/wp-json\/wp\/v2\/tags?post=40586"}],"curies":[{"name":"wp","href":"https:\/\/api.w.org\/{rel}","templated":true}]}}