{"id":40521,"date":"2023-09-30T15:03:42","date_gmt":"2023-09-30T13:03:42","guid":{"rendered":"https:\/\/www.apfelpatient.de\/?p=40521"},"modified":"2023-09-30T15:03:43","modified_gmt":"2023-09-30T13:03:43","slug":"apple-vision-pro-future-of-entertainment","status":"publish","type":"post","link":"https:\/\/www.apfelpatient.de\/en\/news\/apple-vision-pro-zukunft-des-entertainments","title":{"rendered":"Apple Vision Pro: Future of Entertainment"},"content":{"rendered":"<p class=\"has-drop-cap\"><strong>In a high-profile interview with The Independent, Apple CEO Tim Cook expressed his enthusiasm for using the groundbreaking Apple Vision Pro headset. Cook emphasized the transformative impact the technology has had on his daily life and noted that he believes it symbolizes the future of spatial computing.<\/strong><\/p>\n\n\n\n<p>Tim Cook, the visionary CEO of Apple, recently revealed in a remarkable <a href=\"https:\/\/www.independent.co.uk\/tech\/tim-cook-interview-apple-vision-pro-b2420852.html\" target=\"_blank\" rel=\"noreferrer noopener\">interview<\/a> with The Independent how the Apple Vision Pro headset has become an essential part of his daily routine. This powerful statement from Cook shows how fascinated he is by the technology and how crucial it is to the future direction of the company.<\/p>\n\n\n\n<h3 class=\"wp-block-heading\" id=\"h-apple-vision-pro-ein-meilenstein-fur-die-industrie\">Apple Vision Pro \u2013 A Milestone for the Industry<\/h3>\n\n\n\n<p>Cook stressed that using the Vision Pro was a real &quot;lightbulb moment&quot; for him and that there are significant differences in perception between reading about the technology and experiencing it first hand. He is deeply convinced that spatial computing is a game-changer that will revolutionize our lives. Although some analysts are initially skeptical about the market and cost optimization of the Vision Pro headset, Cook remains optimistic and reiterates his confidence in the future of the device.<\/p>\n\n\n\n<figure class=\"wp-block-image size-large\"><img decoding=\"async\" width=\"1024\" height=\"576\" src=\"https:\/\/www.apfelpatient.de\/wp-content\/uploads\/2023\/06\/Apple-WWCD23-Vision-Pro-VisionOS-230605-1024x576.jpg\" alt=\"Apple Vision Pro visionOS\" class=\"wp-image-38968\" srcset=\"https:\/\/www.apfelpatient.de\/wp-content\/uploads\/2023\/06\/Apple-WWCD23-Vision-Pro-VisionOS-230605-1024x576.jpg 1024w, https:\/\/www.apfelpatient.de\/wp-content\/uploads\/2023\/06\/Apple-WWCD23-Vision-Pro-VisionOS-230605-300x169.jpg 300w, https:\/\/www.apfelpatient.de\/wp-content\/uploads\/2023\/06\/Apple-WWCD23-Vision-Pro-VisionOS-230605-768x432.jpg 768w, https:\/\/www.apfelpatient.de\/wp-content\/uploads\/2023\/06\/Apple-WWCD23-Vision-Pro-VisionOS-230605-1536x864.jpg 1536w, https:\/\/www.apfelpatient.de\/wp-content\/uploads\/2023\/06\/Apple-WWCD23-Vision-Pro-VisionOS-230605-750x422.jpg 750w, https:\/\/www.apfelpatient.de\/wp-content\/uploads\/2023\/06\/Apple-WWCD23-Vision-Pro-VisionOS-230605-1140x641.jpg 1140w, https:\/\/www.apfelpatient.de\/wp-content\/uploads\/2023\/06\/Apple-WWCD23-Vision-Pro-VisionOS-230605.jpg 1600w\" sizes=\"(max-width: 1024px) 100vw, 1024px\" \/><figcaption class=\"wp-element-caption\">Image: Apple \u2013 Apple Vision Pro<\/figcaption><\/figure>\n\n\n\n<p>During his stay in Europe, he met with app developers and reported on their enthusiastic commitment to the headset, which is planned for 2024. A major focus of the Vision Pro headset will be gaming, and Apple is stepping up its efforts to establish itself as a leading game manufacturer. With the A17 Pro in the iPhone 15 Pro models, Apple offers a console-level gaming experience. Together with developers, the company is working to bring high-quality console games to the device. Cook emphasized that Apple takes gaming extremely seriously and does not see it as a hobby but as a strategic priority.<\/p>\n\n\n\n<h3 class=\"wp-block-heading\">Dawn of a New Era<\/h3>\n\n\n\n\n\n\n\n<p>Tim Cook&#039;s enthusiastic words about the &quot;Apple Vision Pro&quot; headset make it clear that Apple is determined to shape the future of spatial computing. The technology has had a lasting impact on Cook&#039;s life and opens up new horizons for applications and games. The prospect of the Vision Pro headset, which is set to hit the market in 2024, promises exciting developments and innovations for Apple and the entire technology industry. The road to spatial computing may not be complete yet, but Apple, under the leadership of Tim Cook, is ready to take that path with determination and enthusiasm. (Image: Apple)<\/p>\n\n\n\n<ul class=\"wp-block-list\">\n<li><a href=\"https:\/\/www.apfelpatient.de\/en\/news\/apple-vision-pro-analyst-warns-of-bleak-future\">Apple Vision Pro: Analyst warns of bleak future<\/a><\/li>\n<\/ul>\n\n\n\n<h6 class=\"wp-block-heading translation-block\" id=\"h-kennt-ihr-schon-unsere-amazon-storefront-dort-findet-ihr-eine-handverlesene-auswahl-von-diversen-produkten-f-r-euer-iphone-und-co-viel-spa-beim-st-bern\"><em>Have you already visited our Amazon Storefront? There you&#039;ll find a hand-picked selection of various products for your iPhone and other devices \u2013 <span class=\"has-inline-color has-vivid-red-color\"><a href=\"https:\/\/www.amazon.de\/shop\/apfelpatientofficial\" class=\"ek-link\" data-wpel-link=\"exclude\" rel=\"follow noopener\" target=\"_self\"><span style=\"text-decoration: underline\" class=\"ek-underline\">enjoy browsing<\/span><\/a> !<\/span><\/em><\/h6>\n\n\n\n<h6 class=\"wp-block-heading translation-block\" id=\"h-der-beitrag-enthalt-partnerlinks\">This post contains <a data-type=\"URL\" data-id=\"https:\/\/www.apfelpatient.de\/partnerprogramm\" href=\"https:\/\/www.apfelpatient.de\/en\/partner-program\" data-wpel-link=\"internal\" target=\"_self\">affiliate links<\/a>.<\/h6>","protected":false},"excerpt":{"rendered":"<p>The future of entertainment has a name: Apple Vision Pro. Tim Cook&#039;s passion for this technology will inspire you.<\/p>","protected":false},"author":2,"featured_media":39051,"comment_status":"closed","ping_status":"closed","sticky":false,"template":"","format":"standard","meta":{"jnews-multi-image_gallery":[],"jnews_single_post":{"subtitle":"","format":"standard","video":"","gallery":"","source_name":"","source_url":"","via_name":"","via_url":"","override":[{"single_blog_custom":"","sidebar":"","second_sidebar":"","share_position":"","share_float_style":"","post_date_format":"","post_date_format_custom":"","post_reading_time_wpm":"","zoom_button_out_step":"1","zoom_button_in_step":"1","number_popup_post":"1"}],"image_override":[{"single_post_thumbnail_size":"","single_post_gallery_size":""}],"trending_post_position":"","trending_post_label":"","sponsored_post_label":"","sponsored_post_name":"","sponsored_post_url":"","sponsored_post_logo":"","sponsored_post_desc":""},"jnews_primary_category":{"id":"9"},"footnotes":""},"categories":[9],"tags":[843,609,844],"class_list":["post-40521","post","type-post","status-publish","format-standard","has-post-thumbnail","hentry","category-news","tag-apple-vision-pro","tag-apple-vr-ar","tag-visionos"],"yoast_head":"<!-- This site is optimized with the Yoast SEO Premium plugin v27.5 (Yoast SEO v27.5) - https:\/\/yoast.com\/product\/yoast-seo-premium-wordpress\/ -->\n<title>Apple Vision Pro: Zukunft des Entertainments Apfelpatient<\/title>\n<meta name=\"description\" content=\"Die Zukunft des Entertainments hat einen Namen: Apple Vision Pro. Tim Cooks Leidenschaft f\u00fcr diese Technologie wird dich inspirieren.\" \/>\n<meta name=\"robots\" content=\"index, follow, max-snippet:-1, max-image-preview:large, max-video-preview:-1\" \/>\n<link rel=\"canonical\" href=\"https:\/\/www.apfelpatient.de\/en\/news\/apple-vision-pro-future-of-entertainment\" \/>\n<meta property=\"og:locale\" content=\"en_US\" \/>\n<meta property=\"og:type\" content=\"article\" \/>\n<meta property=\"og:title\" content=\"Apple Vision Pro: Zukunft des Entertainments\" \/>\n<meta property=\"og:description\" content=\"Die Zukunft des Entertainments hat einen Namen: Apple Vision Pro. Tim Cooks Leidenschaft f\u00fcr diese Technologie wird dich inspirieren.\" \/>\n<meta property=\"og:url\" content=\"https:\/\/www.apfelpatient.de\/en\/news\/apple-vision-pro-future-of-entertainment\" \/>\n<meta property=\"og:site_name\" content=\"Apfelpatient\" \/>\n<meta property=\"article:publisher\" content=\"https:\/\/www.facebook.com\/apfelpatientOfficial\" \/>\n<meta property=\"article:author\" content=\"https:\/\/www.facebook.com\/apfelpatientOfficial\" \/>\n<meta property=\"article:published_time\" content=\"2023-09-30T13:03:42+00:00\" \/>\n<meta property=\"article:modified_time\" content=\"2023-09-30T13:03:43+00:00\" \/>\n<meta property=\"og:image\" content=\"https:\/\/www.apfelpatient.de\/wp-content\/uploads\/2023\/06\/Apple-WWDC23-Tim-Cook-with-Apple-Vision-Pro.jpg\" \/>\n\t<meta property=\"og:image:width\" content=\"1600\" \/>\n\t<meta property=\"og:image:height\" content=\"1143\" \/>\n\t<meta property=\"og:image:type\" content=\"image\/jpeg\" \/>\n<meta name=\"author\" content=\"Milan\" \/>\n<meta name=\"twitter:card\" content=\"summary_large_image\" \/>\n<meta name=\"twitter:description\" content=\"Die Zukunft des Entertainments hat einen Namen: Apple Vision Pro. Tim Cooks Leidenschaft f\u00fcr diese Technologie wird dich inspirieren.\" \/>\n<meta name=\"twitter:label1\" content=\"Written by\" \/>\n\t<meta name=\"twitter:data1\" content=\"Milan\" \/>\n\t<meta name=\"twitter:label2\" content=\"Est. reading time\" \/>\n\t<meta name=\"twitter:data2\" content=\"3 minutes\" \/>\n<script type=\"application\/ld+json\" class=\"yoast-schema-graph\">{\"@context\":\"https:\\\/\\\/schema.org\",\"@graph\":[{\"@type\":\"NewsArticle\",\"@id\":\"https:\\\/\\\/www.apfelpatient.de\\\/news\\\/apple-vision-pro-zukunft-des-entertainments#article\",\"isPartOf\":{\"@id\":\"https:\\\/\\\/www.apfelpatient.de\\\/news\\\/apple-vision-pro-zukunft-des-entertainments\"},\"author\":{\"@type\":\"Organization\",\"@id\":\"https:\\\/\\\/www.apfelpatient.de\\\/en\\\/#organization\",\"name\":\"Apfelpatient\",\"url\":\"https:\\\/\\\/www.apfelpatient.de\\\/en\\\/\"},\"headline\":\"Apple Vision Pro: Zukunft des Entertainments\",\"datePublished\":\"2023-09-30T13:03:42+00:00\",\"dateModified\":\"2023-09-30T13:03:43+00:00\",\"mainEntityOfPage\":{\"@id\":\"https:\\\/\\\/www.apfelpatient.de\\\/news\\\/apple-vision-pro-zukunft-des-entertainments\"},\"wordCount\":428,\"publisher\":{\"@type\":\"Organization\",\"@id\":\"https:\\\/\\\/www.apfelpatient.de\\\/en\\\/#organization\",\"name\":\"Apfelpatient\",\"url\":\"https:\\\/\\\/www.apfelpatient.de\\\/en\\\/\"},\"image\":{\"@id\":\"https:\\\/\\\/www.apfelpatient.de\\\/news\\\/apple-vision-pro-zukunft-des-entertainments#primaryimage\"},\"thumbnailUrl\":\"https:\\\/\\\/www.apfelpatient.de\\\/wp-content\\\/uploads\\\/2023\\\/06\\\/Apple-WWDC23-Tim-Cook-with-Apple-Vision-Pro.jpg\",\"keywords\":[\"Apple Vision Pro\",\"Apple VR\\\/AR\",\"visionOS\"],\"articleSection\":\"News\",\"inLanguage\":\"en-US\",\"copyrightYear\":\"2023\",\"copyrightHolder\":{\"@id\":\"https:\\\/\\\/www.apfelpatient.de\\\/en\\\/#organization\"}},{\"@type\":\"WebPage\",\"@id\":\"https:\\\/\\\/www.apfelpatient.de\\\/news\\\/apple-vision-pro-zukunft-des-entertainments\",\"url\":\"https:\\\/\\\/www.apfelpatient.de\\\/news\\\/apple-vision-pro-zukunft-des-entertainments\",\"name\":\"Apple Vision Pro: Zukunft des Entertainments Apfelpatient\",\"isPartOf\":{\"@id\":\"https:\\\/\\\/www.apfelpatient.de\\\/#website\"},\"primaryImageOfPage\":{\"@id\":\"https:\\\/\\\/www.apfelpatient.de\\\/news\\\/apple-vision-pro-zukunft-des-entertainments#primaryimage\"},\"image\":{\"@id\":\"https:\\\/\\\/www.apfelpatient.de\\\/news\\\/apple-vision-pro-zukunft-des-entertainments#primaryimage\"},\"thumbnailUrl\":\"https:\\\/\\\/www.apfelpatient.de\\\/wp-content\\\/uploads\\\/2023\\\/06\\\/Apple-WWDC23-Tim-Cook-with-Apple-Vision-Pro.jpg\",\"datePublished\":\"2023-09-30T13:03:42+00:00\",\"dateModified\":\"2023-09-30T13:03:43+00:00\",\"description\":\"Die Zukunft des Entertainments hat einen Namen: Apple Vision Pro. Tim Cooks Leidenschaft f\u00fcr diese Technologie wird dich inspirieren.\",\"breadcrumb\":{\"@id\":\"https:\\\/\\\/www.apfelpatient.de\\\/news\\\/apple-vision-pro-zukunft-des-entertainments#breadcrumb\"},\"inLanguage\":\"en-US\",\"potentialAction\":[{\"@type\":\"ReadAction\",\"target\":[\"https:\\\/\\\/www.apfelpatient.de\\\/news\\\/apple-vision-pro-zukunft-des-entertainments\"]}]},{\"@type\":\"ImageObject\",\"inLanguage\":\"en-US\",\"@id\":\"https:\\\/\\\/www.apfelpatient.de\\\/news\\\/apple-vision-pro-zukunft-des-entertainments#primaryimage\",\"url\":\"https:\\\/\\\/www.apfelpatient.de\\\/wp-content\\\/uploads\\\/2023\\\/06\\\/Apple-WWDC23-Tim-Cook-with-Apple-Vision-Pro.jpg\",\"contentUrl\":\"https:\\\/\\\/www.apfelpatient.de\\\/wp-content\\\/uploads\\\/2023\\\/06\\\/Apple-WWDC23-Tim-Cook-with-Apple-Vision-Pro.jpg\",\"width\":1600,\"height\":1143,\"caption\":\"Bild: Apple\"},{\"@type\":\"BreadcrumbList\",\"@id\":\"https:\\\/\\\/www.apfelpatient.de\\\/news\\\/apple-vision-pro-zukunft-des-entertainments#breadcrumb\",\"itemListElement\":[{\"@type\":\"ListItem\",\"position\":1,\"name\":\"Startseite\",\"item\":\"https:\\\/\\\/www.apfelpatient.de\\\/\"},{\"@type\":\"ListItem\",\"position\":2,\"name\":\"Apple Vision Pro: Zukunft des Entertainments\"}]},{\"@type\":\"WebSite\",\"@id\":\"https:\\\/\\\/www.apfelpatient.de\\\/#website\",\"url\":\"https:\\\/\\\/www.apfelpatient.de\\\/\",\"name\":\"Apfelpatient\",\"description\":\"Alles rund um Apple!\",\"publisher\":{\"@type\":\"Organization\",\"@id\":\"https:\\\/\\\/www.apfelpatient.de\\\/en\\\/#organization\",\"name\":\"Apfelpatient\",\"url\":\"https:\\\/\\\/www.apfelpatient.de\\\/en\\\/\"},\"alternateName\":\"Apfelpatient\",\"potentialAction\":[{\"@type\":\"SearchAction\",\"target\":{\"@type\":\"EntryPoint\",\"urlTemplate\":\"https:\\\/\\\/www.apfelpatient.de\\\/?s={search_term_string}\"},\"query-input\":{\"@type\":\"PropertyValueSpecification\",\"valueRequired\":true,\"valueName\":\"search_term_string\"}}],\"inLanguage\":\"en-US\"},{\"@type\":[\"Person\",\"Organization\"],\"@id\":\"https:\\\/\\\/www.apfelpatient.de\\\/#\\\/schema\\\/person\\\/7dc56ad6c8e9824b76d2c08d4c140e13\",\"name\":\"Milan\",\"logo\":{\"@id\":\"https:\\\/\\\/www.apfelpatient.de\\\/#\\\/schema\\\/person\\\/image\\\/\"},\"description\":\"Hallo und herzlich willkommen auf meinem Technik-Blog! Als gro\u00dfer Apple-Fan berichte ich hier \u00fcber alles, was mit Apple zu tun hat: von den neuesten News und spannenden Ger\u00fcchten \u00fcber hilfreiche Tipps und Tricks bis hin zu ausf\u00fchrlichen Produkttests. Wenn du genauso technikbegeistert bist wie ich, bist du hier genau richtig!\",\"sameAs\":[\"https:\\\/\\\/www.facebook.com\\\/apfelpatientOfficial\",\"https:\\\/\\\/www.linkedin.com\\\/in\\\/milan-jovicic-42aa0231b\"],\"url\":\"https:\\\/\\\/www.apfelpatient.de\\\/en\\\/author\\\/apfeladmin\"}]}<\/script>\n<!-- \/ Yoast SEO Premium plugin. -->","yoast_head_json":{"title":"Apple Vision Pro: Future of Entertainment Apfelpatient","description":"The future of entertainment has a name: Apple Vision Pro. Tim Cook&#039;s passion for this technology will inspire you.","robots":{"index":"index","follow":"follow","max-snippet":"max-snippet:-1","max-image-preview":"max-image-preview:large","max-video-preview":"max-video-preview:-1"},"canonical":"https:\/\/www.apfelpatient.de\/en\/news\/apple-vision-pro-future-of-entertainment","og_locale":"en_US","og_type":"article","og_title":"Apple Vision Pro: Zukunft des Entertainments","og_description":"Die Zukunft des Entertainments hat einen Namen: Apple Vision Pro. Tim Cooks Leidenschaft f\u00fcr diese Technologie wird dich inspirieren.","og_url":"https:\/\/www.apfelpatient.de\/en\/news\/apple-vision-pro-future-of-entertainment","og_site_name":"Apfelpatient","article_publisher":"https:\/\/www.facebook.com\/apfelpatientOfficial","article_author":"https:\/\/www.facebook.com\/apfelpatientOfficial","article_published_time":"2023-09-30T13:03:42+00:00","article_modified_time":"2023-09-30T13:03:43+00:00","og_image":[{"width":1600,"height":1143,"url":"https:\/\/www.apfelpatient.de\/wp-content\/uploads\/2023\/06\/Apple-WWDC23-Tim-Cook-with-Apple-Vision-Pro.jpg","type":"image\/jpeg"}],"author":"Milan","twitter_card":"summary_large_image","twitter_description":"Die Zukunft des Entertainments hat einen Namen: Apple Vision Pro. Tim Cooks Leidenschaft f\u00fcr diese Technologie wird dich inspirieren.","twitter_misc":{"Written by":"Milan","Est. reading time":"3 minutes"},"schema":{"@context":"https:\/\/schema.org","@graph":[{"@type":"NewsArticle","@id":"https:\/\/www.apfelpatient.de\/news\/apple-vision-pro-zukunft-des-entertainments#article","isPartOf":{"@id":"https:\/\/www.apfelpatient.de\/news\/apple-vision-pro-zukunft-des-entertainments"},"author":{"@type":"Organization","@id":"https:\/\/www.apfelpatient.de\/en\/#organization","name":"Apfelpatient","url":"https:\/\/www.apfelpatient.de\/en\/"},"headline":"Apple Vision Pro: Zukunft des Entertainments","datePublished":"2023-09-30T13:03:42+00:00","dateModified":"2023-09-30T13:03:43+00:00","mainEntityOfPage":{"@id":"https:\/\/www.apfelpatient.de\/news\/apple-vision-pro-zukunft-des-entertainments"},"wordCount":428,"publisher":{"@type":"Organization","@id":"https:\/\/www.apfelpatient.de\/en\/#organization","name":"Apfelpatient","url":"https:\/\/www.apfelpatient.de\/en\/"},"image":{"@id":"https:\/\/www.apfelpatient.de\/news\/apple-vision-pro-zukunft-des-entertainments#primaryimage"},"thumbnailUrl":"https:\/\/www.apfelpatient.de\/wp-content\/uploads\/2023\/06\/Apple-WWDC23-Tim-Cook-with-Apple-Vision-Pro.jpg","keywords":["Apple Vision Pro","Apple VR\/AR","visionOS"],"articleSection":"News","inLanguage":"en-US","copyrightYear":"2023","copyrightHolder":{"@id":"https:\/\/www.apfelpatient.de\/en\/#organization"}},{"@type":"WebPage","@id":"https:\/\/www.apfelpatient.de\/news\/apple-vision-pro-zukunft-des-entertainments","url":"https:\/\/www.apfelpatient.de\/news\/apple-vision-pro-zukunft-des-entertainments","name":"Apple Vision Pro: Future of Entertainment Apfelpatient","isPartOf":{"@id":"https:\/\/www.apfelpatient.de\/#website"},"primaryImageOfPage":{"@id":"https:\/\/www.apfelpatient.de\/news\/apple-vision-pro-zukunft-des-entertainments#primaryimage"},"image":{"@id":"https:\/\/www.apfelpatient.de\/news\/apple-vision-pro-zukunft-des-entertainments#primaryimage"},"thumbnailUrl":"https:\/\/www.apfelpatient.de\/wp-content\/uploads\/2023\/06\/Apple-WWDC23-Tim-Cook-with-Apple-Vision-Pro.jpg","datePublished":"2023-09-30T13:03:42+00:00","dateModified":"2023-09-30T13:03:43+00:00","description":"The future of entertainment has a name: Apple Vision Pro. Tim Cook&#039;s passion for this technology will inspire you.","breadcrumb":{"@id":"https:\/\/www.apfelpatient.de\/news\/apple-vision-pro-zukunft-des-entertainments#breadcrumb"},"inLanguage":"en-US","potentialAction":[{"@type":"ReadAction","target":["https:\/\/www.apfelpatient.de\/news\/apple-vision-pro-zukunft-des-entertainments"]}]},{"@type":"ImageObject","inLanguage":"en-US","@id":"https:\/\/www.apfelpatient.de\/news\/apple-vision-pro-zukunft-des-entertainments#primaryimage","url":"https:\/\/www.apfelpatient.de\/wp-content\/uploads\/2023\/06\/Apple-WWDC23-Tim-Cook-with-Apple-Vision-Pro.jpg","contentUrl":"https:\/\/www.apfelpatient.de\/wp-content\/uploads\/2023\/06\/Apple-WWDC23-Tim-Cook-with-Apple-Vision-Pro.jpg","width":1600,"height":1143,"caption":"Bild: Apple"},{"@type":"BreadcrumbList","@id":"https:\/\/www.apfelpatient.de\/news\/apple-vision-pro-zukunft-des-entertainments#breadcrumb","itemListElement":[{"@type":"ListItem","position":1,"name":"Startseite","item":"https:\/\/www.apfelpatient.de\/"},{"@type":"ListItem","position":2,"name":"Apple Vision Pro: Zukunft des Entertainments"}]},{"@type":"WebSite","@id":"https:\/\/www.apfelpatient.de\/#website","url":"https:\/\/www.apfelpatient.de\/","name":"apple patient","description":"Everything about Apple!","publisher":{"@type":"Organization","@id":"https:\/\/www.apfelpatient.de\/en\/#organization","name":"Apfelpatient","url":"https:\/\/www.apfelpatient.de\/en\/"},"alternateName":"Apfelpatient","potentialAction":[{"@type":"SearchAction","target":{"@type":"EntryPoint","urlTemplate":"https:\/\/www.apfelpatient.de\/?s={search_term_string}"},"query-input":{"@type":"PropertyValueSpecification","valueRequired":true,"valueName":"search_term_string"}}],"inLanguage":"en-US"},{"@type":["Person","Organization"],"@id":"https:\/\/www.apfelpatient.de\/#\/schema\/person\/7dc56ad6c8e9824b76d2c08d4c140e13","name":"Milan","logo":{"@id":"https:\/\/www.apfelpatient.de\/#\/schema\/person\/image\/"},"description":"Hello and welcome to my technology blog! As a big Apple fan, I report on everything to do with Apple: from the latest news and exciting rumors to helpful tips and tricks and detailed product tests. If you are as enthusiastic about technology as I am, you have come to the right place!","sameAs":["https:\/\/www.facebook.com\/apfelpatientOfficial","https:\/\/www.linkedin.com\/in\/milan-jovicic-42aa0231b"],"url":"https:\/\/www.apfelpatient.de\/en\/author\/apfeladmin"}]}},"_links":{"self":[{"href":"https:\/\/www.apfelpatient.de\/en\/wp-json\/wp\/v2\/posts\/40521","targetHints":{"allow":["GET"]}}],"collection":[{"href":"https:\/\/www.apfelpatient.de\/en\/wp-json\/wp\/v2\/posts"}],"about":[{"href":"https:\/\/www.apfelpatient.de\/en\/wp-json\/wp\/v2\/types\/post"}],"author":[{"embeddable":true,"href":"https:\/\/www.apfelpatient.de\/en\/wp-json\/wp\/v2\/users\/2"}],"replies":[{"embeddable":true,"href":"https:\/\/www.apfelpatient.de\/en\/wp-json\/wp\/v2\/comments?post=40521"}],"version-history":[{"count":0,"href":"https:\/\/www.apfelpatient.de\/en\/wp-json\/wp\/v2\/posts\/40521\/revisions"}],"wp:featuredmedia":[{"embeddable":true,"href":"https:\/\/www.apfelpatient.de\/en\/wp-json\/wp\/v2\/media\/39051"}],"wp:attachment":[{"href":"https:\/\/www.apfelpatient.de\/en\/wp-json\/wp\/v2\/media?parent=40521"}],"wp:term":[{"taxonomy":"category","embeddable":true,"href":"https:\/\/www.apfelpatient.de\/en\/wp-json\/wp\/v2\/categories?post=40521"},{"taxonomy":"post_tag","embeddable":true,"href":"https:\/\/www.apfelpatient.de\/en\/wp-json\/wp\/v2\/tags?post=40521"}],"curies":[{"name":"wp","href":"https:\/\/api.w.org\/{rel}","templated":true}]}}