{"id":40455,"date":"2023-09-26T21:55:00","date_gmt":"2023-09-26T19:55:00","guid":{"rendered":"https:\/\/www.apfelpatient.de\/?p=40455"},"modified":"2023-09-26T22:18:16","modified_gmt":"2023-09-26T20:18:16","slug":"apple-vision-pro-analyst-warns-of-bleak-future","status":"publish","type":"post","link":"https:\/\/www.apfelpatient.de\/en\/news\/apple-vision-pro-analyst-warnt-vor-duesterer-zukunft","title":{"rendered":"Apple Vision Pro: Analyst warns of bleak future"},"content":{"rendered":"<p class=\"has-drop-cap\"><strong>Ming-Chi Kuo, a renowned analyst, is casting a shadow over the future of the Apple Vision Pro headset. In a recent Medium post, he shares dire predictions about the shipment levels and timing of possible updates for this high-end Apple product. In this article, we will take a closer look at Ming-Chi Kuo&#039;s assessments and discuss the potential impact on the Apple Vision Pro headset.<\/strong><\/p>\n\n\n\n<p>The Apple Vision Pro headset has already attracted a lot of attention, but recent statements by Ming-Chi Kuo raise questions about its future development. Kuo is known for his precise predictions related to Apple products, so his assessments must be taken seriously. The headset was announced with high expectations, but Kuo has raised concerns that question the future market positioning of the Apple Vision Pro. Kuo <a href=\"https:\/\/medium.com\/@mingchikuo\/apple-vision-pro-shipment-growth-may-be-below-market-expectations-apple-vision-pro-7a5eeb613ab0\" target=\"_blank\" rel=\"noreferrer noopener\">according to<\/a> shipments of the Apple Vision Pro headset in 2024 will fall far short of market expectations. He estimates that the maximum production capacity of some suppliers is only 400,000 to 600,000 units, while expectations are one million.<\/p>\n\n\n\n<h3 class=\"wp-block-heading\" id=\"h-der-hohe-preis-des-apple-vision-pro-und-seine-auswirkungen\">The high price of the Apple Vision Pro and its effects<\/h3>\n\n\n\n<p>This indicates supply constraints and could limit the availability of the product. Another issue Kuo addresses is the high price of the Apple Vision Pro, which is priced at $3499. This could hinder the headset&#039;s adoption and affect the growth of the first version. He predicts that Apple may introduce a lower-priced Apple Vision headset in 2025 to increase market penetration. However, Kuo&#039;s biggest concern is the need to clearly communicate to potential users why they need the Apple Vision Pro headset. While it may offer a great experience, identifying a clear user proposition seems to be a challenge. Additionally, Kuo expects that mass production of a Vision Pro 2 headset will not begin until the first half of 2027. This means that there will be no significant hardware updates to the headset for more than three years, calling into question the long-term appeal of the product.<\/p>\n\n\n\n<h3 class=\"wp-block-heading\">The uncertainty of the future of the Apple Vision Pro headset<\/h3>\n\n\n\n\n\n\n\n<p>The future of the Apple Vision Pro headset appears more uncertain than initially thought. Ming-Chi Kuo&#039;s predictions suggest that the headset will struggle with supply shortages and a high price. The challenge of clearly communicating the product&#039;s benefits is another hurdle that must be overcome. While the Apple Vision Pro is undoubtedly an impressive piece of technology, it may take longer to reach the expected level of success. Time will tell how Apple addresses these challenges and whether the headset has the potential to become a star product for the company. (Image: Apple)<\/p>\n\n\n\n<ul class=\"wp-block-list\">\n<li><a href=\"https:\/\/www.apfelpatient.de\/en\/news\/apple-vision-pro-insight-into-the-complex-market-launch\">Apple Vision Pro: Insight into the complex market launch<\/a><\/li>\n<\/ul>\n\n\n\n<h6 class=\"wp-block-heading translation-block\" id=\"h-kennt-ihr-schon-unsere-amazon-storefront-dort-findet-ihr-eine-handverlesene-auswahl-von-diversen-produkten-f-r-euer-iphone-und-co-viel-spa-beim-st-bern\"><em>Have you already visited our Amazon Storefront? There you&#039;ll find a hand-picked selection of various products for your iPhone and other devices \u2013 <span class=\"has-inline-color has-vivid-red-color\"><a href=\"https:\/\/www.amazon.de\/shop\/apfelpatientofficial\" class=\"ek-link\" data-wpel-link=\"exclude\" rel=\"follow noopener\" target=\"_self\"><span style=\"text-decoration: underline\" class=\"ek-underline\">enjoy browsing<\/span><\/a> !<\/span><\/em><\/h6>\n\n\n\n<h6 class=\"wp-block-heading translation-block\" id=\"h-der-beitrag-enthalt-partnerlinks\">This post contains <a data-type=\"URL\" data-id=\"https:\/\/www.apfelpatient.de\/partnerprogramm\" href=\"https:\/\/www.apfelpatient.de\/en\/partner-program\" data-wpel-link=\"internal\" target=\"_self\">affiliate links<\/a>.<\/h6>","protected":false},"excerpt":{"rendered":"<p>Learn more about the bleak future of Apple Vision Pro: Ming-Chi Kuo warns of supply shortages and high prices.<\/p>","protected":false},"author":2,"featured_media":39144,"comment_status":"closed","ping_status":"closed","sticky":false,"template":"","format":"standard","meta":{"jnews-multi-image_gallery":[],"jnews_single_post":{"subtitle":"","format":"standard","video":"","gallery":"","source_name":"","source_url":"","via_name":"","via_url":"","override":[{"single_blog_custom":"","sidebar":"","second_sidebar":"","share_position":"","share_float_style":"","post_date_format":"","post_date_format_custom":"","post_reading_time_wpm":"","zoom_button_out_step":"1","zoom_button_in_step":"1","number_popup_post":"1"}],"image_override":[{"single_post_thumbnail_size":"","single_post_gallery_size":""}],"trending_post_position":"","trending_post_label":"","sponsored_post_label":"","sponsored_post_name":"","sponsored_post_url":"","sponsored_post_logo":"","sponsored_post_desc":""},"jnews_primary_category":{"id":"9"},"footnotes":""},"categories":[9],"tags":[843,609,844],"class_list":["post-40455","post","type-post","status-publish","format-standard","has-post-thumbnail","hentry","category-news","tag-apple-vision-pro","tag-apple-vr-ar","tag-visionos"],"yoast_head":"<!-- This site is optimized with the Yoast SEO Premium plugin v27.5 (Yoast SEO v27.5) - https:\/\/yoast.com\/product\/yoast-seo-premium-wordpress\/ -->\n<title>Apple Vision Pro: Analyst warnt vor d\u00fcsterer Zukunft Apfelpatient<\/title>\n<meta name=\"description\" content=\"Erfahre mehr \u00fcber die d\u00fcstere Zukunft von Apple Vision Pro: Ming-Chi Kuo warnt vor Lieferengp\u00e4ssen und hohen Preisen.\" \/>\n<meta name=\"robots\" content=\"index, follow, max-snippet:-1, max-image-preview:large, max-video-preview:-1\" \/>\n<link rel=\"canonical\" href=\"https:\/\/www.apfelpatient.de\/en\/news\/apple-vision-pro-analyst-warns-of-bleak-future\" \/>\n<meta property=\"og:locale\" content=\"en_US\" \/>\n<meta property=\"og:type\" content=\"article\" \/>\n<meta property=\"og:title\" content=\"Apple Vision Pro: Analyst warnt vor d\u00fcsterer Zukunft\" \/>\n<meta property=\"og:description\" content=\"Erfahre mehr \u00fcber die d\u00fcstere Zukunft von Apple Vision Pro: Ming-Chi Kuo warnt vor Lieferengp\u00e4ssen und hohen Preisen.\" \/>\n<meta property=\"og:url\" content=\"https:\/\/www.apfelpatient.de\/en\/news\/apple-vision-pro-analyst-warns-of-bleak-future\" \/>\n<meta property=\"og:site_name\" content=\"Apfelpatient\" \/>\n<meta property=\"article:publisher\" content=\"https:\/\/www.facebook.com\/apfelpatientOfficial\" \/>\n<meta property=\"article:author\" content=\"https:\/\/www.facebook.com\/apfelpatientOfficial\" \/>\n<meta property=\"article:published_time\" content=\"2023-09-26T19:55:00+00:00\" \/>\n<meta property=\"article:modified_time\" content=\"2023-09-26T20:18:16+00:00\" \/>\n<meta property=\"og:image\" content=\"https:\/\/www.apfelpatient.de\/wp-content\/uploads\/2023\/06\/Apple-WWDC23-event-photos-Apple-Vision-Pro-1.jpg\" \/>\n\t<meta property=\"og:image:width\" content=\"1600\" \/>\n\t<meta property=\"og:image:height\" content=\"1066\" \/>\n\t<meta property=\"og:image:type\" content=\"image\/jpeg\" \/>\n<meta name=\"author\" content=\"Milan\" \/>\n<meta name=\"twitter:card\" content=\"summary_large_image\" \/>\n<meta name=\"twitter:description\" content=\"Erfahre mehr \u00fcber die d\u00fcstere Zukunft von Apple Vision Pro: Ming-Chi Kuo warnt vor Lieferengp\u00e4ssen und hohen Preisen.\" \/>\n<meta name=\"twitter:label1\" content=\"Written by\" \/>\n\t<meta name=\"twitter:data1\" content=\"Milan\" \/>\n\t<meta name=\"twitter:label2\" content=\"Est. reading time\" \/>\n\t<meta name=\"twitter:data2\" content=\"3 minutes\" \/>\n<script type=\"application\/ld+json\" class=\"yoast-schema-graph\">{\"@context\":\"https:\\\/\\\/schema.org\",\"@graph\":[{\"@type\":\"NewsArticle\",\"@id\":\"https:\\\/\\\/www.apfelpatient.de\\\/news\\\/apple-vision-pro-analyst-warnt-vor-duesterer-zukunft#article\",\"isPartOf\":{\"@id\":\"https:\\\/\\\/www.apfelpatient.de\\\/news\\\/apple-vision-pro-analyst-warnt-vor-duesterer-zukunft\"},\"author\":{\"@type\":\"Organization\",\"@id\":\"https:\\\/\\\/www.apfelpatient.de\\\/en\\\/#organization\",\"name\":\"Apfelpatient\",\"url\":\"https:\\\/\\\/www.apfelpatient.de\\\/en\\\/\"},\"headline\":\"Apple Vision Pro: Analyst warnt vor d\u00fcsterer Zukunft\",\"datePublished\":\"2023-09-26T19:55:00+00:00\",\"dateModified\":\"2023-09-26T20:18:16+00:00\",\"mainEntityOfPage\":{\"@id\":\"https:\\\/\\\/www.apfelpatient.de\\\/news\\\/apple-vision-pro-analyst-warnt-vor-duesterer-zukunft\"},\"wordCount\":482,\"publisher\":{\"@type\":\"Organization\",\"@id\":\"https:\\\/\\\/www.apfelpatient.de\\\/en\\\/#organization\",\"name\":\"Apfelpatient\",\"url\":\"https:\\\/\\\/www.apfelpatient.de\\\/en\\\/\"},\"image\":{\"@id\":\"https:\\\/\\\/www.apfelpatient.de\\\/news\\\/apple-vision-pro-analyst-warnt-vor-duesterer-zukunft#primaryimage\"},\"thumbnailUrl\":\"https:\\\/\\\/www.apfelpatient.de\\\/wp-content\\\/uploads\\\/2023\\\/06\\\/Apple-WWDC23-event-photos-Apple-Vision-Pro-1.jpg\",\"keywords\":[\"Apple Vision Pro\",\"Apple VR\\\/AR\",\"visionOS\"],\"articleSection\":\"News\",\"inLanguage\":\"en-US\",\"copyrightYear\":\"2023\",\"copyrightHolder\":{\"@id\":\"https:\\\/\\\/www.apfelpatient.de\\\/en\\\/#organization\"}},{\"@type\":\"WebPage\",\"@id\":\"https:\\\/\\\/www.apfelpatient.de\\\/news\\\/apple-vision-pro-analyst-warnt-vor-duesterer-zukunft\",\"url\":\"https:\\\/\\\/www.apfelpatient.de\\\/news\\\/apple-vision-pro-analyst-warnt-vor-duesterer-zukunft\",\"name\":\"Apple Vision Pro: Analyst warnt vor d\u00fcsterer Zukunft Apfelpatient\",\"isPartOf\":{\"@id\":\"https:\\\/\\\/www.apfelpatient.de\\\/#website\"},\"primaryImageOfPage\":{\"@id\":\"https:\\\/\\\/www.apfelpatient.de\\\/news\\\/apple-vision-pro-analyst-warnt-vor-duesterer-zukunft#primaryimage\"},\"image\":{\"@id\":\"https:\\\/\\\/www.apfelpatient.de\\\/news\\\/apple-vision-pro-analyst-warnt-vor-duesterer-zukunft#primaryimage\"},\"thumbnailUrl\":\"https:\\\/\\\/www.apfelpatient.de\\\/wp-content\\\/uploads\\\/2023\\\/06\\\/Apple-WWDC23-event-photos-Apple-Vision-Pro-1.jpg\",\"datePublished\":\"2023-09-26T19:55:00+00:00\",\"dateModified\":\"2023-09-26T20:18:16+00:00\",\"description\":\"Erfahre mehr \u00fcber die d\u00fcstere Zukunft von Apple Vision Pro: Ming-Chi Kuo warnt vor Lieferengp\u00e4ssen und hohen Preisen.\",\"breadcrumb\":{\"@id\":\"https:\\\/\\\/www.apfelpatient.de\\\/news\\\/apple-vision-pro-analyst-warnt-vor-duesterer-zukunft#breadcrumb\"},\"inLanguage\":\"en-US\",\"potentialAction\":[{\"@type\":\"ReadAction\",\"target\":[\"https:\\\/\\\/www.apfelpatient.de\\\/news\\\/apple-vision-pro-analyst-warnt-vor-duesterer-zukunft\"]}]},{\"@type\":\"ImageObject\",\"inLanguage\":\"en-US\",\"@id\":\"https:\\\/\\\/www.apfelpatient.de\\\/news\\\/apple-vision-pro-analyst-warnt-vor-duesterer-zukunft#primaryimage\",\"url\":\"https:\\\/\\\/www.apfelpatient.de\\\/wp-content\\\/uploads\\\/2023\\\/06\\\/Apple-WWDC23-event-photos-Apple-Vision-Pro-1.jpg\",\"contentUrl\":\"https:\\\/\\\/www.apfelpatient.de\\\/wp-content\\\/uploads\\\/2023\\\/06\\\/Apple-WWDC23-event-photos-Apple-Vision-Pro-1.jpg\",\"width\":1600,\"height\":1066,\"caption\":\"Bild: Apple\"},{\"@type\":\"BreadcrumbList\",\"@id\":\"https:\\\/\\\/www.apfelpatient.de\\\/news\\\/apple-vision-pro-analyst-warnt-vor-duesterer-zukunft#breadcrumb\",\"itemListElement\":[{\"@type\":\"ListItem\",\"position\":1,\"name\":\"Startseite\",\"item\":\"https:\\\/\\\/www.apfelpatient.de\\\/\"},{\"@type\":\"ListItem\",\"position\":2,\"name\":\"Apple Vision Pro: Analyst warnt vor d\u00fcsterer Zukunft\"}]},{\"@type\":\"WebSite\",\"@id\":\"https:\\\/\\\/www.apfelpatient.de\\\/#website\",\"url\":\"https:\\\/\\\/www.apfelpatient.de\\\/\",\"name\":\"Apfelpatient\",\"description\":\"Alles rund um Apple!\",\"publisher\":{\"@type\":\"Organization\",\"@id\":\"https:\\\/\\\/www.apfelpatient.de\\\/en\\\/#organization\",\"name\":\"Apfelpatient\",\"url\":\"https:\\\/\\\/www.apfelpatient.de\\\/en\\\/\"},\"alternateName\":\"Apfelpatient\",\"potentialAction\":[{\"@type\":\"SearchAction\",\"target\":{\"@type\":\"EntryPoint\",\"urlTemplate\":\"https:\\\/\\\/www.apfelpatient.de\\\/?s={search_term_string}\"},\"query-input\":{\"@type\":\"PropertyValueSpecification\",\"valueRequired\":true,\"valueName\":\"search_term_string\"}}],\"inLanguage\":\"en-US\"},{\"@type\":[\"Person\",\"Organization\"],\"@id\":\"https:\\\/\\\/www.apfelpatient.de\\\/#\\\/schema\\\/person\\\/7dc56ad6c8e9824b76d2c08d4c140e13\",\"name\":\"Milan\",\"logo\":{\"@id\":\"https:\\\/\\\/www.apfelpatient.de\\\/#\\\/schema\\\/person\\\/image\\\/\"},\"description\":\"Hallo und herzlich willkommen auf meinem Technik-Blog! Als gro\u00dfer Apple-Fan berichte ich hier \u00fcber alles, was mit Apple zu tun hat: von den neuesten News und spannenden Ger\u00fcchten \u00fcber hilfreiche Tipps und Tricks bis hin zu ausf\u00fchrlichen Produkttests. Wenn du genauso technikbegeistert bist wie ich, bist du hier genau richtig!\",\"sameAs\":[\"https:\\\/\\\/www.facebook.com\\\/apfelpatientOfficial\",\"https:\\\/\\\/www.linkedin.com\\\/in\\\/milan-jovicic-42aa0231b\"],\"url\":\"https:\\\/\\\/www.apfelpatient.de\\\/en\\\/author\\\/apfeladmin\"}]}<\/script>\n<!-- \/ Yoast SEO Premium plugin. -->","yoast_head_json":{"title":"Apple Vision Pro: Analyst warns of bleak future Apfelpatient","description":"Learn more about the bleak future of Apple Vision Pro: Ming-Chi Kuo warns of supply shortages and high prices.","robots":{"index":"index","follow":"follow","max-snippet":"max-snippet:-1","max-image-preview":"max-image-preview:large","max-video-preview":"max-video-preview:-1"},"canonical":"https:\/\/www.apfelpatient.de\/en\/news\/apple-vision-pro-analyst-warns-of-bleak-future","og_locale":"en_US","og_type":"article","og_title":"Apple Vision Pro: Analyst warnt vor d\u00fcsterer Zukunft","og_description":"Erfahre mehr \u00fcber die d\u00fcstere Zukunft von Apple Vision Pro: Ming-Chi Kuo warnt vor Lieferengp\u00e4ssen und hohen Preisen.","og_url":"https:\/\/www.apfelpatient.de\/en\/news\/apple-vision-pro-analyst-warns-of-bleak-future","og_site_name":"Apfelpatient","article_publisher":"https:\/\/www.facebook.com\/apfelpatientOfficial","article_author":"https:\/\/www.facebook.com\/apfelpatientOfficial","article_published_time":"2023-09-26T19:55:00+00:00","article_modified_time":"2023-09-26T20:18:16+00:00","og_image":[{"width":1600,"height":1066,"url":"https:\/\/www.apfelpatient.de\/wp-content\/uploads\/2023\/06\/Apple-WWDC23-event-photos-Apple-Vision-Pro-1.jpg","type":"image\/jpeg"}],"author":"Milan","twitter_card":"summary_large_image","twitter_description":"Erfahre mehr \u00fcber die d\u00fcstere Zukunft von Apple Vision Pro: Ming-Chi Kuo warnt vor Lieferengp\u00e4ssen und hohen Preisen.","twitter_misc":{"Written by":"Milan","Est. reading time":"3 minutes"},"schema":{"@context":"https:\/\/schema.org","@graph":[{"@type":"NewsArticle","@id":"https:\/\/www.apfelpatient.de\/news\/apple-vision-pro-analyst-warnt-vor-duesterer-zukunft#article","isPartOf":{"@id":"https:\/\/www.apfelpatient.de\/news\/apple-vision-pro-analyst-warnt-vor-duesterer-zukunft"},"author":{"@type":"Organization","@id":"https:\/\/www.apfelpatient.de\/en\/#organization","name":"Apfelpatient","url":"https:\/\/www.apfelpatient.de\/en\/"},"headline":"Apple Vision Pro: Analyst warnt vor d\u00fcsterer Zukunft","datePublished":"2023-09-26T19:55:00+00:00","dateModified":"2023-09-26T20:18:16+00:00","mainEntityOfPage":{"@id":"https:\/\/www.apfelpatient.de\/news\/apple-vision-pro-analyst-warnt-vor-duesterer-zukunft"},"wordCount":482,"publisher":{"@type":"Organization","@id":"https:\/\/www.apfelpatient.de\/en\/#organization","name":"Apfelpatient","url":"https:\/\/www.apfelpatient.de\/en\/"},"image":{"@id":"https:\/\/www.apfelpatient.de\/news\/apple-vision-pro-analyst-warnt-vor-duesterer-zukunft#primaryimage"},"thumbnailUrl":"https:\/\/www.apfelpatient.de\/wp-content\/uploads\/2023\/06\/Apple-WWDC23-event-photos-Apple-Vision-Pro-1.jpg","keywords":["Apple Vision Pro","Apple VR\/AR","visionOS"],"articleSection":"News","inLanguage":"en-US","copyrightYear":"2023","copyrightHolder":{"@id":"https:\/\/www.apfelpatient.de\/en\/#organization"}},{"@type":"WebPage","@id":"https:\/\/www.apfelpatient.de\/news\/apple-vision-pro-analyst-warnt-vor-duesterer-zukunft","url":"https:\/\/www.apfelpatient.de\/news\/apple-vision-pro-analyst-warnt-vor-duesterer-zukunft","name":"Apple Vision Pro: Analyst warns of bleak future Apfelpatient","isPartOf":{"@id":"https:\/\/www.apfelpatient.de\/#website"},"primaryImageOfPage":{"@id":"https:\/\/www.apfelpatient.de\/news\/apple-vision-pro-analyst-warnt-vor-duesterer-zukunft#primaryimage"},"image":{"@id":"https:\/\/www.apfelpatient.de\/news\/apple-vision-pro-analyst-warnt-vor-duesterer-zukunft#primaryimage"},"thumbnailUrl":"https:\/\/www.apfelpatient.de\/wp-content\/uploads\/2023\/06\/Apple-WWDC23-event-photos-Apple-Vision-Pro-1.jpg","datePublished":"2023-09-26T19:55:00+00:00","dateModified":"2023-09-26T20:18:16+00:00","description":"Learn more about the bleak future of Apple Vision Pro: Ming-Chi Kuo warns of supply shortages and high prices.","breadcrumb":{"@id":"https:\/\/www.apfelpatient.de\/news\/apple-vision-pro-analyst-warnt-vor-duesterer-zukunft#breadcrumb"},"inLanguage":"en-US","potentialAction":[{"@type":"ReadAction","target":["https:\/\/www.apfelpatient.de\/news\/apple-vision-pro-analyst-warnt-vor-duesterer-zukunft"]}]},{"@type":"ImageObject","inLanguage":"en-US","@id":"https:\/\/www.apfelpatient.de\/news\/apple-vision-pro-analyst-warnt-vor-duesterer-zukunft#primaryimage","url":"https:\/\/www.apfelpatient.de\/wp-content\/uploads\/2023\/06\/Apple-WWDC23-event-photos-Apple-Vision-Pro-1.jpg","contentUrl":"https:\/\/www.apfelpatient.de\/wp-content\/uploads\/2023\/06\/Apple-WWDC23-event-photos-Apple-Vision-Pro-1.jpg","width":1600,"height":1066,"caption":"Bild: Apple"},{"@type":"BreadcrumbList","@id":"https:\/\/www.apfelpatient.de\/news\/apple-vision-pro-analyst-warnt-vor-duesterer-zukunft#breadcrumb","itemListElement":[{"@type":"ListItem","position":1,"name":"Startseite","item":"https:\/\/www.apfelpatient.de\/"},{"@type":"ListItem","position":2,"name":"Apple Vision Pro: Analyst warnt vor d\u00fcsterer Zukunft"}]},{"@type":"WebSite","@id":"https:\/\/www.apfelpatient.de\/#website","url":"https:\/\/www.apfelpatient.de\/","name":"apple patient","description":"Everything about Apple!","publisher":{"@type":"Organization","@id":"https:\/\/www.apfelpatient.de\/en\/#organization","name":"Apfelpatient","url":"https:\/\/www.apfelpatient.de\/en\/"},"alternateName":"Apfelpatient","potentialAction":[{"@type":"SearchAction","target":{"@type":"EntryPoint","urlTemplate":"https:\/\/www.apfelpatient.de\/?s={search_term_string}"},"query-input":{"@type":"PropertyValueSpecification","valueRequired":true,"valueName":"search_term_string"}}],"inLanguage":"en-US"},{"@type":["Person","Organization"],"@id":"https:\/\/www.apfelpatient.de\/#\/schema\/person\/7dc56ad6c8e9824b76d2c08d4c140e13","name":"Milan","logo":{"@id":"https:\/\/www.apfelpatient.de\/#\/schema\/person\/image\/"},"description":"Hello and welcome to my technology blog! As a big Apple fan, I report on everything to do with Apple: from the latest news and exciting rumors to helpful tips and tricks and detailed product tests. If you are as enthusiastic about technology as I am, you have come to the right place!","sameAs":["https:\/\/www.facebook.com\/apfelpatientOfficial","https:\/\/www.linkedin.com\/in\/milan-jovicic-42aa0231b"],"url":"https:\/\/www.apfelpatient.de\/en\/author\/apfeladmin"}]}},"_links":{"self":[{"href":"https:\/\/www.apfelpatient.de\/en\/wp-json\/wp\/v2\/posts\/40455","targetHints":{"allow":["GET"]}}],"collection":[{"href":"https:\/\/www.apfelpatient.de\/en\/wp-json\/wp\/v2\/posts"}],"about":[{"href":"https:\/\/www.apfelpatient.de\/en\/wp-json\/wp\/v2\/types\/post"}],"author":[{"embeddable":true,"href":"https:\/\/www.apfelpatient.de\/en\/wp-json\/wp\/v2\/users\/2"}],"replies":[{"embeddable":true,"href":"https:\/\/www.apfelpatient.de\/en\/wp-json\/wp\/v2\/comments?post=40455"}],"version-history":[{"count":0,"href":"https:\/\/www.apfelpatient.de\/en\/wp-json\/wp\/v2\/posts\/40455\/revisions"}],"wp:featuredmedia":[{"embeddable":true,"href":"https:\/\/www.apfelpatient.de\/en\/wp-json\/wp\/v2\/media\/39144"}],"wp:attachment":[{"href":"https:\/\/www.apfelpatient.de\/en\/wp-json\/wp\/v2\/media?parent=40455"}],"wp:term":[{"taxonomy":"category","embeddable":true,"href":"https:\/\/www.apfelpatient.de\/en\/wp-json\/wp\/v2\/categories?post=40455"},{"taxonomy":"post_tag","embeddable":true,"href":"https:\/\/www.apfelpatient.de\/en\/wp-json\/wp\/v2\/tags?post=40455"}],"curies":[{"name":"wp","href":"https:\/\/api.w.org\/{rel}","templated":true}]}}