{"id":40277,"date":"2023-09-19T17:01:49","date_gmt":"2023-09-19T15:01:49","guid":{"rendered":"https:\/\/www.apfelpatient.de\/?p=40277"},"modified":"2023-09-19T17:02:06","modified_gmt":"2023-09-19T15:02:06","slug":"iphone-16-pro-rumors-the-zoom-will-be-improved","status":"publish","type":"post","link":"https:\/\/www.apfelpatient.de\/en\/rumors\/iphone-16-pro-geruechte-wird-der-zoom-verbessert","title":{"rendered":"iPhone 16 Pro rumors: Will the zoom be improved?"},"content":{"rendered":"<p class=\"has-drop-cap\"><strong>The latest rumors about the iPhone 16 Pro range suggest that Apple plans to extend the impressive 5x optical zoom lens, previously reserved for the iPhone 15 Pro Max, to both models of the iPhone 16 Pro series. This exciting development promises a significant improvement in camera capabilities and could make the iPhone 16 Pro a true flagship smartphone.<\/strong><\/p>\n\n\n\n<p>Apple&#039;s iPhone models are known for their sophisticated camera systems that offer impressive photographic capabilities. With the launch of the iPhone 15 Pro Max, Apple introduced the Tetraprism lens system that enables 5x optical zoom and an impressive 25x digital zoom. This feature impressed fans and led to speculation about whether it would be extended to other iPhone models as well.<\/p>\n\n\n\n<h3 class=\"wp-block-heading\" id=\"h-revolutionare-kamera-iphone-16-pro-mit-5-fachem-zoom\">Revolutionary camera: iPhone 16 Pro with 5x zoom?<\/h3>\n\n\n\n<p>The exciting news about the extension of 5x optical zoom to the iPhone 16 Pro models was revealed by renowned supply chain analyst Ming-Chi Kuo. Kuo is known for his accurate predictions regarding Apple products and has <a href=\"https:\/\/medium.com\/@mingchikuo\/iphone-15-pro-max\u7684\u4ea4\u4ed8\u6642\u9593\u5b8c\u5168\u53d6\u6c7a\u65bc\u5927\u7acb\u5149\u7368\u5bb6\u4f9b\u61c9\u4e4b\u56db\u91cd\u53cd\u5c04\u7a1c\u93e1-\u6f5b\u671b\u93e1-\u93e1\u982d\u4e4b\u51fa\u8ca8\u91cf-\u56db\u91cd\u53cd\u5c04\u7a1c\u93e1\u93e1\u982d\u55ae\u50f9\u986f\u8457\u63d0\u534720-\u4ee5\u4e0a-iphone-15-pro-max-55a8711abb17\" target=\"_blank\" rel=\"noreferrer noopener\">Medium article<\/a> addressed the challenges of producing the iPhone 15 Pro Max in terms of the camera. The iPhone 15 Pro Max&#039;s tetraprism lens system has a compact &quot;folded&quot; design to fit into the smartphone&#039;s slim body. This enables an impressive 5x optical zoom that will set a standard in the world of smartphone photography.<\/p>\n\n\n\n<figure class=\"wp-block-image size-large\"><img decoding=\"async\" width=\"1024\" height=\"576\" src=\"https:\/\/www.apfelpatient.de\/wp-content\/uploads\/2023\/09\/Apple-iPhone-15-Pro-lineup-camera-system-230912-1024x576.jpg\" alt=\"iPhone 15 Pro\" class=\"wp-image-40150\" srcset=\"https:\/\/www.apfelpatient.de\/wp-content\/uploads\/2023\/09\/Apple-iPhone-15-Pro-lineup-camera-system-230912-1024x576.jpg 1024w, https:\/\/www.apfelpatient.de\/wp-content\/uploads\/2023\/09\/Apple-iPhone-15-Pro-lineup-camera-system-230912-300x169.jpg 300w, https:\/\/www.apfelpatient.de\/wp-content\/uploads\/2023\/09\/Apple-iPhone-15-Pro-lineup-camera-system-230912-768x432.jpg 768w, https:\/\/www.apfelpatient.de\/wp-content\/uploads\/2023\/09\/Apple-iPhone-15-Pro-lineup-camera-system-230912-1536x864.jpg 1536w, https:\/\/www.apfelpatient.de\/wp-content\/uploads\/2023\/09\/Apple-iPhone-15-Pro-lineup-camera-system-230912-750x422.jpg 750w, https:\/\/www.apfelpatient.de\/wp-content\/uploads\/2023\/09\/Apple-iPhone-15-Pro-lineup-camera-system-230912-1140x641.jpg 1140w, https:\/\/www.apfelpatient.de\/wp-content\/uploads\/2023\/09\/Apple-iPhone-15-Pro-lineup-camera-system-230912.jpg 1600w\" sizes=\"(max-width: 1024px) 100vw, 1024px\" \/><figcaption class=\"wp-element-caption\">Image: Apple<\/figcaption><\/figure>\n\n\n\n<p>In comparison, the smaller model, the iPhone 15 Pro, is limited to 3x optical zoom. Recent rumors suggest that the iPhone 16 Pro could launch with a larger 6.3-inch screen, compared to the 6.1-inch display on the iPhone 15 Pro. This would create more space inside the device and allow for the integration of the tetraprism lens. It&#039;s worth noting that this isn&#039;t the first time Kuo has revealed this information, but it does underscore the fact that Apple plans to include these improvements in the iPhone 16 Pro lineup.<\/p>\n\n\n\n<h3 class=\"wp-block-heading\">Conclusion<\/h3>\n\n\n\n\n\n\n\n<p>The prospect of an enhanced tetraprism lens system and 5x optical zoom in the iPhone 16 Pro series promises exciting developments in the world of smartphone photography. Apple remains committed to continuing to push the boundaries of mobile photography and offer its users unparalleled camera features. While the exact details are still pending, iPhone fans can certainly be excited about what the future holds. (Image: Apple)<\/p>\n\n\n\n<ul class=\"wp-block-list\">\n<li><a href=\"https:\/\/www.apfelpatient.de\/en\/rumors\/iphone-16-innovative-camera-sensors-for-unbeatable-images\">iPhone 16: Innovative camera sensors for unbeatable images<\/a><\/li>\n<\/ul>\n\n\n\n<h6 class=\"wp-block-heading translation-block\" id=\"h-kennt-ihr-schon-unsere-amazon-storefront-dort-findet-ihr-eine-handverlesene-auswahl-von-diversen-produkten-f-r-euer-iphone-und-co-viel-spa-beim-st-bern\"><em>Have you already visited our Amazon Storefront? There you&#039;ll find a hand-picked selection of various products for your iPhone and other devices \u2013 <span class=\"has-inline-color has-vivid-red-color\"><a href=\"https:\/\/www.amazon.de\/shop\/apfelpatientofficial\" class=\"ek-link\" data-wpel-link=\"exclude\" rel=\"follow noopener\" target=\"_self\"><span style=\"text-decoration: underline\" class=\"ek-underline\">enjoy browsing<\/span><\/a> !<\/span><\/em><\/h6>\n\n\n\n<h6 class=\"wp-block-heading translation-block\" id=\"h-der-beitrag-enthalt-partnerlinks\">This post contains <a data-type=\"URL\" data-id=\"https:\/\/www.apfelpatient.de\/partnerprogramm\" href=\"https:\/\/www.apfelpatient.de\/en\/partner-program\" data-wpel-link=\"internal\" target=\"_self\">affiliate links<\/a>.<\/h6>","protected":false},"excerpt":{"rendered":"<p>The latest rumors about the iPhone 16 Pro series point to an extended 5x optical zoom. Find out more about it.<\/p>","protected":false},"author":2,"featured_media":40279,"comment_status":"closed","ping_status":"closed","sticky":false,"template":"","format":"standard","meta":{"jnews-multi-image_gallery":[],"jnews_single_post":{"subtitle":"","format":"standard","video":"","gallery":"","source_name":"","source_url":"","via_name":"","via_url":"","override":[{"single_blog_custom":"","sidebar":"","second_sidebar":"","share_position":"","share_float_style":"","post_date_format":"","post_date_format_custom":"","post_reading_time_wpm":"","zoom_button_out_step":"1","zoom_button_in_step":"1","number_popup_post":"1"}],"image_override":[{"single_post_thumbnail_size":"","single_post_gallery_size":""}],"trending_post_position":"","trending_post_label":"","sponsored_post_label":"","sponsored_post_name":"","sponsored_post_url":"","sponsored_post_logo":"","sponsored_post_desc":""},"jnews_primary_category":{"id":"25"},"footnotes":""},"categories":[25],"tags":[8,705,657],"class_list":["post-40277","post","type-post","status-publish","format-standard","has-post-thumbnail","hentry","category-rumors","tag-iphone","tag-iphone-16","tag-iphone-2024"],"yoast_head":"<!-- This site is optimized with the Yoast SEO Premium plugin v27.5 (Yoast SEO v27.5) - https:\/\/yoast.com\/product\/yoast-seo-premium-wordpress\/ -->\n<title>iPhone 16 Pro Ger\u00fcchte: Wird der Zoom verbessert? Apfelpatient<\/title>\n<meta name=\"description\" content=\"Die neuesten Ger\u00fcchte zur iPhone 16 Pro Reihe deuten auf einen erweiterten 5-fachen optischen Zoom hin. Erfahre mehr dar\u00fcber.\" \/>\n<meta name=\"robots\" content=\"index, follow, max-snippet:-1, max-image-preview:large, max-video-preview:-1\" \/>\n<link rel=\"canonical\" href=\"https:\/\/www.apfelpatient.de\/en\/rumors\/iphone-16-pro-rumors-the-zoom-will-be-improved\" \/>\n<meta property=\"og:locale\" content=\"en_US\" \/>\n<meta property=\"og:type\" content=\"article\" \/>\n<meta property=\"og:title\" content=\"iPhone 16 Pro Ger\u00fcchte: Wird der Zoom verbessert?\" \/>\n<meta property=\"og:description\" content=\"Die neuesten Ger\u00fcchte zur iPhone 16 Pro Reihe deuten auf einen erweiterten 5-fachen optischen Zoom hin. Erfahre mehr dar\u00fcber.\" \/>\n<meta property=\"og:url\" content=\"https:\/\/www.apfelpatient.de\/en\/rumors\/iphone-16-pro-rumors-the-zoom-will-be-improved\" \/>\n<meta property=\"og:site_name\" content=\"Apfelpatient\" \/>\n<meta property=\"article:publisher\" content=\"https:\/\/www.facebook.com\/apfelpatientOfficial\" \/>\n<meta property=\"article:author\" content=\"https:\/\/www.facebook.com\/apfelpatientOfficial\" \/>\n<meta property=\"article:published_time\" content=\"2023-09-19T15:01:49+00:00\" \/>\n<meta property=\"article:modified_time\" content=\"2023-09-19T15:02:06+00:00\" \/>\n<meta property=\"og:image\" content=\"https:\/\/www.apfelpatient.de\/wp-content\/uploads\/2023\/09\/Apple-iPhone-15-Pro-lineup-hero-230912-1.jpg\" \/>\n\t<meta property=\"og:image:width\" content=\"1600\" \/>\n\t<meta property=\"og:image:height\" content=\"900\" \/>\n\t<meta property=\"og:image:type\" content=\"image\/jpeg\" \/>\n<meta name=\"author\" content=\"Milan\" \/>\n<meta name=\"twitter:card\" content=\"summary_large_image\" \/>\n<meta name=\"twitter:description\" content=\"Die neuesten Ger\u00fcchte zur iPhone 16 Pro Reihe deuten auf einen erweiterten 5-fachen optischen Zoom hin. Erfahre mehr dar\u00fcber.\" \/>\n<meta name=\"twitter:label1\" content=\"Written by\" \/>\n\t<meta name=\"twitter:data1\" content=\"Milan\" \/>\n\t<meta name=\"twitter:label2\" content=\"Est. reading time\" \/>\n\t<meta name=\"twitter:data2\" content=\"3 minutes\" \/>\n<script type=\"application\/ld+json\" class=\"yoast-schema-graph\">{\"@context\":\"https:\\\/\\\/schema.org\",\"@graph\":[{\"@type\":\"NewsArticle\",\"@id\":\"https:\\\/\\\/www.apfelpatient.de\\\/rumors\\\/iphone-16-pro-geruechte-wird-der-zoom-verbessert#article\",\"isPartOf\":{\"@id\":\"https:\\\/\\\/www.apfelpatient.de\\\/rumors\\\/iphone-16-pro-geruechte-wird-der-zoom-verbessert\"},\"author\":{\"@type\":\"Organization\",\"@id\":\"https:\\\/\\\/www.apfelpatient.de\\\/en\\\/#organization\",\"name\":\"Apfelpatient\",\"url\":\"https:\\\/\\\/www.apfelpatient.de\\\/en\\\/\"},\"headline\":\"iPhone 16 Pro Ger\u00fcchte: Wird der Zoom verbessert?\",\"datePublished\":\"2023-09-19T15:01:49+00:00\",\"dateModified\":\"2023-09-19T15:02:06+00:00\",\"mainEntityOfPage\":{\"@id\":\"https:\\\/\\\/www.apfelpatient.de\\\/rumors\\\/iphone-16-pro-geruechte-wird-der-zoom-verbessert\"},\"wordCount\":403,\"publisher\":{\"@type\":\"Organization\",\"@id\":\"https:\\\/\\\/www.apfelpatient.de\\\/en\\\/#organization\",\"name\":\"Apfelpatient\",\"url\":\"https:\\\/\\\/www.apfelpatient.de\\\/en\\\/\"},\"image\":{\"@id\":\"https:\\\/\\\/www.apfelpatient.de\\\/rumors\\\/iphone-16-pro-geruechte-wird-der-zoom-verbessert#primaryimage\"},\"thumbnailUrl\":\"https:\\\/\\\/www.apfelpatient.de\\\/wp-content\\\/uploads\\\/2023\\\/09\\\/Apple-iPhone-15-Pro-lineup-hero-230912-1.jpg\",\"keywords\":[\"iPhone\",\"iPhone 16\",\"iPhone 2024\"],\"articleSection\":\"Rumors\",\"inLanguage\":\"en-US\",\"copyrightYear\":\"2023\",\"copyrightHolder\":{\"@id\":\"https:\\\/\\\/www.apfelpatient.de\\\/en\\\/#organization\"}},{\"@type\":\"WebPage\",\"@id\":\"https:\\\/\\\/www.apfelpatient.de\\\/rumors\\\/iphone-16-pro-geruechte-wird-der-zoom-verbessert\",\"url\":\"https:\\\/\\\/www.apfelpatient.de\\\/rumors\\\/iphone-16-pro-geruechte-wird-der-zoom-verbessert\",\"name\":\"iPhone 16 Pro Ger\u00fcchte: Wird der Zoom verbessert? Apfelpatient\",\"isPartOf\":{\"@id\":\"https:\\\/\\\/www.apfelpatient.de\\\/#website\"},\"primaryImageOfPage\":{\"@id\":\"https:\\\/\\\/www.apfelpatient.de\\\/rumors\\\/iphone-16-pro-geruechte-wird-der-zoom-verbessert#primaryimage\"},\"image\":{\"@id\":\"https:\\\/\\\/www.apfelpatient.de\\\/rumors\\\/iphone-16-pro-geruechte-wird-der-zoom-verbessert#primaryimage\"},\"thumbnailUrl\":\"https:\\\/\\\/www.apfelpatient.de\\\/wp-content\\\/uploads\\\/2023\\\/09\\\/Apple-iPhone-15-Pro-lineup-hero-230912-1.jpg\",\"datePublished\":\"2023-09-19T15:01:49+00:00\",\"dateModified\":\"2023-09-19T15:02:06+00:00\",\"description\":\"Die neuesten Ger\u00fcchte zur iPhone 16 Pro Reihe deuten auf einen erweiterten 5-fachen optischen Zoom hin. Erfahre mehr dar\u00fcber.\",\"breadcrumb\":{\"@id\":\"https:\\\/\\\/www.apfelpatient.de\\\/rumors\\\/iphone-16-pro-geruechte-wird-der-zoom-verbessert#breadcrumb\"},\"inLanguage\":\"en-US\",\"potentialAction\":[{\"@type\":\"ReadAction\",\"target\":[\"https:\\\/\\\/www.apfelpatient.de\\\/rumors\\\/iphone-16-pro-geruechte-wird-der-zoom-verbessert\"]}]},{\"@type\":\"ImageObject\",\"inLanguage\":\"en-US\",\"@id\":\"https:\\\/\\\/www.apfelpatient.de\\\/rumors\\\/iphone-16-pro-geruechte-wird-der-zoom-verbessert#primaryimage\",\"url\":\"https:\\\/\\\/www.apfelpatient.de\\\/wp-content\\\/uploads\\\/2023\\\/09\\\/Apple-iPhone-15-Pro-lineup-hero-230912-1.jpg\",\"contentUrl\":\"https:\\\/\\\/www.apfelpatient.de\\\/wp-content\\\/uploads\\\/2023\\\/09\\\/Apple-iPhone-15-Pro-lineup-hero-230912-1.jpg\",\"width\":1600,\"height\":900,\"caption\":\"Bild: Apple\"},{\"@type\":\"BreadcrumbList\",\"@id\":\"https:\\\/\\\/www.apfelpatient.de\\\/rumors\\\/iphone-16-pro-geruechte-wird-der-zoom-verbessert#breadcrumb\",\"itemListElement\":[{\"@type\":\"ListItem\",\"position\":1,\"name\":\"Startseite\",\"item\":\"https:\\\/\\\/www.apfelpatient.de\\\/\"},{\"@type\":\"ListItem\",\"position\":2,\"name\":\"iPhone 16 Pro Ger\u00fcchte: Wird der Zoom verbessert?\"}]},{\"@type\":\"WebSite\",\"@id\":\"https:\\\/\\\/www.apfelpatient.de\\\/#website\",\"url\":\"https:\\\/\\\/www.apfelpatient.de\\\/\",\"name\":\"Apfelpatient\",\"description\":\"Alles rund um Apple!\",\"publisher\":{\"@type\":\"Organization\",\"@id\":\"https:\\\/\\\/www.apfelpatient.de\\\/en\\\/#organization\",\"name\":\"Apfelpatient\",\"url\":\"https:\\\/\\\/www.apfelpatient.de\\\/en\\\/\"},\"alternateName\":\"Apfelpatient\",\"potentialAction\":[{\"@type\":\"SearchAction\",\"target\":{\"@type\":\"EntryPoint\",\"urlTemplate\":\"https:\\\/\\\/www.apfelpatient.de\\\/?s={search_term_string}\"},\"query-input\":{\"@type\":\"PropertyValueSpecification\",\"valueRequired\":true,\"valueName\":\"search_term_string\"}}],\"inLanguage\":\"en-US\"},{\"@type\":[\"Person\",\"Organization\"],\"@id\":\"https:\\\/\\\/www.apfelpatient.de\\\/#\\\/schema\\\/person\\\/7dc56ad6c8e9824b76d2c08d4c140e13\",\"name\":\"Milan\",\"logo\":{\"@id\":\"https:\\\/\\\/www.apfelpatient.de\\\/#\\\/schema\\\/person\\\/image\\\/\"},\"description\":\"Hallo und herzlich willkommen auf meinem Technik-Blog! Als gro\u00dfer Apple-Fan berichte ich hier \u00fcber alles, was mit Apple zu tun hat: von den neuesten News und spannenden Ger\u00fcchten \u00fcber hilfreiche Tipps und Tricks bis hin zu ausf\u00fchrlichen Produkttests. Wenn du genauso technikbegeistert bist wie ich, bist du hier genau richtig!\",\"sameAs\":[\"https:\\\/\\\/www.facebook.com\\\/apfelpatientOfficial\",\"https:\\\/\\\/www.linkedin.com\\\/in\\\/milan-jovicic-42aa0231b\"],\"url\":\"https:\\\/\\\/www.apfelpatient.de\\\/en\\\/author\\\/apfeladmin\"}]}<\/script>\n<!-- \/ Yoast SEO Premium plugin. -->","yoast_head_json":{"title":"iPhone 16 Pro Rumors: Will the Zoom Be Improved? Apfelpatient","description":"The latest rumors about the iPhone 16 Pro series point to an extended 5x optical zoom. Find out more about it.","robots":{"index":"index","follow":"follow","max-snippet":"max-snippet:-1","max-image-preview":"max-image-preview:large","max-video-preview":"max-video-preview:-1"},"canonical":"https:\/\/www.apfelpatient.de\/en\/rumors\/iphone-16-pro-rumors-the-zoom-will-be-improved","og_locale":"en_US","og_type":"article","og_title":"iPhone 16 Pro Ger\u00fcchte: Wird der Zoom verbessert?","og_description":"Die neuesten Ger\u00fcchte zur iPhone 16 Pro Reihe deuten auf einen erweiterten 5-fachen optischen Zoom hin. Erfahre mehr dar\u00fcber.","og_url":"https:\/\/www.apfelpatient.de\/en\/rumors\/iphone-16-pro-rumors-the-zoom-will-be-improved","og_site_name":"Apfelpatient","article_publisher":"https:\/\/www.facebook.com\/apfelpatientOfficial","article_author":"https:\/\/www.facebook.com\/apfelpatientOfficial","article_published_time":"2023-09-19T15:01:49+00:00","article_modified_time":"2023-09-19T15:02:06+00:00","og_image":[{"width":1600,"height":900,"url":"https:\/\/www.apfelpatient.de\/wp-content\/uploads\/2023\/09\/Apple-iPhone-15-Pro-lineup-hero-230912-1.jpg","type":"image\/jpeg"}],"author":"Milan","twitter_card":"summary_large_image","twitter_description":"Die neuesten Ger\u00fcchte zur iPhone 16 Pro Reihe deuten auf einen erweiterten 5-fachen optischen Zoom hin. Erfahre mehr dar\u00fcber.","twitter_misc":{"Written by":"Milan","Est. reading time":"3 minutes"},"schema":{"@context":"https:\/\/schema.org","@graph":[{"@type":"NewsArticle","@id":"https:\/\/www.apfelpatient.de\/rumors\/iphone-16-pro-geruechte-wird-der-zoom-verbessert#article","isPartOf":{"@id":"https:\/\/www.apfelpatient.de\/rumors\/iphone-16-pro-geruechte-wird-der-zoom-verbessert"},"author":{"@type":"Organization","@id":"https:\/\/www.apfelpatient.de\/en\/#organization","name":"Apfelpatient","url":"https:\/\/www.apfelpatient.de\/en\/"},"headline":"iPhone 16 Pro Ger\u00fcchte: Wird der Zoom verbessert?","datePublished":"2023-09-19T15:01:49+00:00","dateModified":"2023-09-19T15:02:06+00:00","mainEntityOfPage":{"@id":"https:\/\/www.apfelpatient.de\/rumors\/iphone-16-pro-geruechte-wird-der-zoom-verbessert"},"wordCount":403,"publisher":{"@type":"Organization","@id":"https:\/\/www.apfelpatient.de\/en\/#organization","name":"Apfelpatient","url":"https:\/\/www.apfelpatient.de\/en\/"},"image":{"@id":"https:\/\/www.apfelpatient.de\/rumors\/iphone-16-pro-geruechte-wird-der-zoom-verbessert#primaryimage"},"thumbnailUrl":"https:\/\/www.apfelpatient.de\/wp-content\/uploads\/2023\/09\/Apple-iPhone-15-Pro-lineup-hero-230912-1.jpg","keywords":["iPhone","iPhone 16","iPhone 2024"],"articleSection":"Rumors","inLanguage":"en-US","copyrightYear":"2023","copyrightHolder":{"@id":"https:\/\/www.apfelpatient.de\/en\/#organization"}},{"@type":"WebPage","@id":"https:\/\/www.apfelpatient.de\/rumors\/iphone-16-pro-geruechte-wird-der-zoom-verbessert","url":"https:\/\/www.apfelpatient.de\/rumors\/iphone-16-pro-geruechte-wird-der-zoom-verbessert","name":"iPhone 16 Pro Rumors: Will the Zoom Be Improved? Apfelpatient","isPartOf":{"@id":"https:\/\/www.apfelpatient.de\/#website"},"primaryImageOfPage":{"@id":"https:\/\/www.apfelpatient.de\/rumors\/iphone-16-pro-geruechte-wird-der-zoom-verbessert#primaryimage"},"image":{"@id":"https:\/\/www.apfelpatient.de\/rumors\/iphone-16-pro-geruechte-wird-der-zoom-verbessert#primaryimage"},"thumbnailUrl":"https:\/\/www.apfelpatient.de\/wp-content\/uploads\/2023\/09\/Apple-iPhone-15-Pro-lineup-hero-230912-1.jpg","datePublished":"2023-09-19T15:01:49+00:00","dateModified":"2023-09-19T15:02:06+00:00","description":"The latest rumors about the iPhone 16 Pro series point to an extended 5x optical zoom. Find out more about it.","breadcrumb":{"@id":"https:\/\/www.apfelpatient.de\/rumors\/iphone-16-pro-geruechte-wird-der-zoom-verbessert#breadcrumb"},"inLanguage":"en-US","potentialAction":[{"@type":"ReadAction","target":["https:\/\/www.apfelpatient.de\/rumors\/iphone-16-pro-geruechte-wird-der-zoom-verbessert"]}]},{"@type":"ImageObject","inLanguage":"en-US","@id":"https:\/\/www.apfelpatient.de\/rumors\/iphone-16-pro-geruechte-wird-der-zoom-verbessert#primaryimage","url":"https:\/\/www.apfelpatient.de\/wp-content\/uploads\/2023\/09\/Apple-iPhone-15-Pro-lineup-hero-230912-1.jpg","contentUrl":"https:\/\/www.apfelpatient.de\/wp-content\/uploads\/2023\/09\/Apple-iPhone-15-Pro-lineup-hero-230912-1.jpg","width":1600,"height":900,"caption":"Bild: Apple"},{"@type":"BreadcrumbList","@id":"https:\/\/www.apfelpatient.de\/rumors\/iphone-16-pro-geruechte-wird-der-zoom-verbessert#breadcrumb","itemListElement":[{"@type":"ListItem","position":1,"name":"Startseite","item":"https:\/\/www.apfelpatient.de\/"},{"@type":"ListItem","position":2,"name":"iPhone 16 Pro Ger\u00fcchte: Wird der Zoom verbessert?"}]},{"@type":"WebSite","@id":"https:\/\/www.apfelpatient.de\/#website","url":"https:\/\/www.apfelpatient.de\/","name":"apple patient","description":"Everything about Apple!","publisher":{"@type":"Organization","@id":"https:\/\/www.apfelpatient.de\/en\/#organization","name":"Apfelpatient","url":"https:\/\/www.apfelpatient.de\/en\/"},"alternateName":"Apfelpatient","potentialAction":[{"@type":"SearchAction","target":{"@type":"EntryPoint","urlTemplate":"https:\/\/www.apfelpatient.de\/?s={search_term_string}"},"query-input":{"@type":"PropertyValueSpecification","valueRequired":true,"valueName":"search_term_string"}}],"inLanguage":"en-US"},{"@type":["Person","Organization"],"@id":"https:\/\/www.apfelpatient.de\/#\/schema\/person\/7dc56ad6c8e9824b76d2c08d4c140e13","name":"Milan","logo":{"@id":"https:\/\/www.apfelpatient.de\/#\/schema\/person\/image\/"},"description":"Hello and welcome to my technology blog! As a big Apple fan, I report on everything to do with Apple: from the latest news and exciting rumors to helpful tips and tricks and detailed product tests. If you are as enthusiastic about technology as I am, you have come to the right place!","sameAs":["https:\/\/www.facebook.com\/apfelpatientOfficial","https:\/\/www.linkedin.com\/in\/milan-jovicic-42aa0231b"],"url":"https:\/\/www.apfelpatient.de\/en\/author\/apfeladmin"}]}},"_links":{"self":[{"href":"https:\/\/www.apfelpatient.de\/en\/wp-json\/wp\/v2\/posts\/40277","targetHints":{"allow":["GET"]}}],"collection":[{"href":"https:\/\/www.apfelpatient.de\/en\/wp-json\/wp\/v2\/posts"}],"about":[{"href":"https:\/\/www.apfelpatient.de\/en\/wp-json\/wp\/v2\/types\/post"}],"author":[{"embeddable":true,"href":"https:\/\/www.apfelpatient.de\/en\/wp-json\/wp\/v2\/users\/2"}],"replies":[{"embeddable":true,"href":"https:\/\/www.apfelpatient.de\/en\/wp-json\/wp\/v2\/comments?post=40277"}],"version-history":[{"count":0,"href":"https:\/\/www.apfelpatient.de\/en\/wp-json\/wp\/v2\/posts\/40277\/revisions"}],"wp:featuredmedia":[{"embeddable":true,"href":"https:\/\/www.apfelpatient.de\/en\/wp-json\/wp\/v2\/media\/40279"}],"wp:attachment":[{"href":"https:\/\/www.apfelpatient.de\/en\/wp-json\/wp\/v2\/media?parent=40277"}],"wp:term":[{"taxonomy":"category","embeddable":true,"href":"https:\/\/www.apfelpatient.de\/en\/wp-json\/wp\/v2\/categories?post=40277"},{"taxonomy":"post_tag","embeddable":true,"href":"https:\/\/www.apfelpatient.de\/en\/wp-json\/wp\/v2\/tags?post=40277"}],"curies":[{"name":"wp","href":"https:\/\/api.w.org\/{rel}","templated":true}]}}