{"id":4018,"date":"2019-04-03T21:39:30","date_gmt":"2019-04-03T19:39:30","guid":{"rendered":"https:\/\/www.apfelpatient.de\/?p=4018"},"modified":"2025-02-06T07:11:01","modified_gmt":"2025-02-06T06:11:01","slug":"ipad-air-in-teardown","status":"publish","type":"post","link":"https:\/\/www.apfelpatient.de\/en\/news\/ipad-air-im-teardown","title":{"rendered":"iPad Air in teardown"},"content":{"rendered":"<p><strong>After the <a href=\"https:\/\/www.apfelpatient.de\/en\">AirPods 2<\/a> and that <a href=\"https:\/\/www.apfelpatient.de\/en\">iPad mini 5<\/a> have already been disassembled, the guys from iFixit are now going to work on the iPad Air&#039;s circuit boards.<\/strong><\/p>\n<p>The iPad Air comes in a slimmer design with a 10.5&quot; screen diagonal and has an Apple A12 Bionic chip. In addition to the increase in performance, the iPad Air has a Retina display with True Tone support. The resolution is 2224 \u00d7 1668 pixels. The new tablet is considered the direct successor to the discontinued 10.5&quot; iPad Pro.<\/p>\n<p><strong>Similar to the iPad Pro 10.5\u2033<\/strong><\/p>\n<p>When opening the device, the guys from iFixit quickly noticed a great similarity to the previous iPad Pro 10.5\u2033. The internal layout is significantly different from previous iPad Air models. Even the logic board, battery and other components are very reminiscent of the inner workings of the iPad Pro.<\/p>\n<p class=\"p1\"><\/p>\n<p>Even the display is very similar to that of the iPad Pro - the only difference is the missing ProMotion feature. The biggest difference is the sound. The new iPad Air only comes with two speakers.<\/p>\n<p><strong>Glue Glue Glue<\/strong><\/p>\n<p>The repair experts at iFixit have come to the conclusion that the iPad Air must actually be an iPad Pro - the Smart Connector and Apple Pencil support also underline this opinion. The True Tone display also has an anti-reflective coating - just like the iPad Pro. It is already known that Apple uses too much glue - this time too, Cupertino has pushed the envelope. Due to the large amount of glue, repairs can be very time-consuming - which is why the iPad Air gets 2 out of 10 possible points in terms of ease of repair.<\/p>\n<h6><a href=\"https:\/\/t.me\/apfelpatient_official\"><em><strong>Don&#039;t want to miss any more news? Then subscribe to our Telegram channel here<\/strong><\/em><\/a><\/h6>","protected":false},"excerpt":{"rendered":"<p>Nachdem die AirPods 2 und das iPad mini 5 bereits zerlegt wurden, gehen die Jungs von iFixit nun dem iPad Air an die Platinen. Das iPad Air kommt in einem schlankeren Design mit 10.5\u2033 Bildschirmdiagonale und verf\u00fcgt \u00fcber einen Apple A12 Bionic Chip. Neben der Leistungssteigerung bringt das iPad Air ein Retina-Display mit True Tone [&hellip;]<\/p>\n","protected":false},"author":2,"featured_media":3761,"comment_status":"open","ping_status":"open","sticky":false,"template":"","format":"standard","meta":{"jnews-multi-image_gallery":[],"jnews_single_post":[],"jnews_primary_category":[],"footnotes":""},"categories":[9],"tags":[18,240,79],"class_list":["post-4018","post","type-post","status-publish","format-standard","has-post-thumbnail","hentry","category-news","tag-ipad","tag-ipad-air","tag-teardown"],"yoast_head":"<!-- This site is optimized with the Yoast SEO Premium plugin v27.5 (Yoast SEO v27.5) - https:\/\/yoast.com\/product\/yoast-seo-premium-wordpress\/ -->\n<title>iPad Air im Teardown Apfelpatient<\/title>\n<meta name=\"description\" content=\"- Nachdem die AirPods 2 und das iPad mini 5 bereits zerlegt wurden, gehen die Jungs von iFixit nun dem iPad Air an die Platinen.\" \/>\n<meta name=\"robots\" content=\"index, follow, max-snippet:-1, max-image-preview:large, max-video-preview:-1\" \/>\n<link rel=\"canonical\" href=\"https:\/\/www.apfelpatient.de\/en\/news\/ipad-air-in-teardown\" \/>\n<meta property=\"og:locale\" content=\"en_US\" \/>\n<meta property=\"og:type\" content=\"article\" \/>\n<meta property=\"og:title\" content=\"iPad Air im Teardown\" \/>\n<meta property=\"og:description\" content=\"- Nachdem die AirPods 2 und das iPad mini 5 bereits zerlegt wurden, gehen die Jungs von iFixit nun dem iPad Air an die Platinen.\" \/>\n<meta property=\"og:url\" content=\"https:\/\/www.apfelpatient.de\/en\/news\/ipad-air-in-teardown\" \/>\n<meta property=\"og:site_name\" content=\"Apfelpatient\" \/>\n<meta property=\"article:publisher\" content=\"https:\/\/www.facebook.com\/apfelpatientOfficial\" \/>\n<meta property=\"article:author\" content=\"https:\/\/www.facebook.com\/apfelpatientOfficial\" \/>\n<meta property=\"article:published_time\" content=\"2019-04-03T19:39:30+00:00\" \/>\n<meta property=\"article:modified_time\" content=\"2025-02-06T06:11:01+00:00\" \/>\n<meta property=\"og:image\" content=\"https:\/\/www.apfelpatient.de\/wp-content\/uploads\/2019\/03\/New-iPad-air-and-iPad-mini-with-Apple-Pencil-03182019.jpg\" \/>\n\t<meta property=\"og:image:width\" content=\"2400\" \/>\n\t<meta property=\"og:image:height\" content=\"1425\" \/>\n\t<meta property=\"og:image:type\" content=\"image\/jpeg\" \/>\n<meta name=\"author\" content=\"Milan\" \/>\n<meta name=\"twitter:card\" content=\"summary_large_image\" \/>\n<meta name=\"twitter:label1\" content=\"Written by\" \/>\n\t<meta name=\"twitter:data1\" content=\"Milan\" \/>\n\t<meta name=\"twitter:label2\" content=\"Est. reading time\" \/>\n\t<meta name=\"twitter:data2\" content=\"1 minute\" \/>\n<script type=\"application\/ld+json\" class=\"yoast-schema-graph\">{\"@context\":\"https:\\\/\\\/schema.org\",\"@graph\":[{\"@type\":\"NewsArticle\",\"@id\":\"https:\\\/\\\/www.apfelpatient.de\\\/news\\\/ipad-air-im-teardown#article\",\"isPartOf\":{\"@id\":\"https:\\\/\\\/www.apfelpatient.de\\\/news\\\/ipad-air-im-teardown\"},\"author\":{\"@type\":\"Organization\",\"@id\":\"https:\\\/\\\/www.apfelpatient.de\\\/en\\\/#organization\",\"name\":\"Apfelpatient\",\"url\":\"https:\\\/\\\/www.apfelpatient.de\\\/en\\\/\"},\"headline\":\"iPad Air im Teardown\",\"datePublished\":\"2019-04-03T19:39:30+00:00\",\"dateModified\":\"2025-02-06T06:11:01+00:00\",\"mainEntityOfPage\":{\"@id\":\"https:\\\/\\\/www.apfelpatient.de\\\/news\\\/ipad-air-im-teardown\"},\"wordCount\":287,\"commentCount\":0,\"publisher\":{\"@type\":\"Organization\",\"@id\":\"https:\\\/\\\/www.apfelpatient.de\\\/en\\\/#organization\",\"name\":\"Apfelpatient\",\"url\":\"https:\\\/\\\/www.apfelpatient.de\\\/en\\\/\"},\"image\":{\"@id\":\"https:\\\/\\\/www.apfelpatient.de\\\/news\\\/ipad-air-im-teardown#primaryimage\"},\"thumbnailUrl\":\"https:\\\/\\\/www.apfelpatient.de\\\/wp-content\\\/uploads\\\/2019\\\/03\\\/New-iPad-air-and-iPad-mini-with-Apple-Pencil-03182019.jpg\",\"keywords\":[\"iPad\",\"iPad Air\",\"Teardown\"],\"articleSection\":\"News\",\"inLanguage\":\"en-US\",\"potentialAction\":[{\"@type\":\"CommentAction\",\"name\":\"Comment\",\"target\":[\"https:\\\/\\\/www.apfelpatient.de\\\/news\\\/ipad-air-im-teardown#respond\"]}],\"copyrightYear\":\"2019\",\"copyrightHolder\":{\"@id\":\"https:\\\/\\\/www.apfelpatient.de\\\/en\\\/#organization\"}},{\"@type\":\"WebPage\",\"@id\":\"https:\\\/\\\/www.apfelpatient.de\\\/news\\\/ipad-air-im-teardown\",\"url\":\"https:\\\/\\\/www.apfelpatient.de\\\/news\\\/ipad-air-im-teardown\",\"name\":\"iPad Air im Teardown Apfelpatient\",\"isPartOf\":{\"@id\":\"https:\\\/\\\/www.apfelpatient.de\\\/#website\"},\"primaryImageOfPage\":{\"@id\":\"https:\\\/\\\/www.apfelpatient.de\\\/news\\\/ipad-air-im-teardown#primaryimage\"},\"image\":{\"@id\":\"https:\\\/\\\/www.apfelpatient.de\\\/news\\\/ipad-air-im-teardown#primaryimage\"},\"thumbnailUrl\":\"https:\\\/\\\/www.apfelpatient.de\\\/wp-content\\\/uploads\\\/2019\\\/03\\\/New-iPad-air-and-iPad-mini-with-Apple-Pencil-03182019.jpg\",\"datePublished\":\"2019-04-03T19:39:30+00:00\",\"dateModified\":\"2025-02-06T06:11:01+00:00\",\"description\":\"- Nachdem die AirPods 2 und das iPad mini 5 bereits zerlegt wurden, gehen die Jungs von iFixit nun dem iPad Air an die Platinen.\",\"breadcrumb\":{\"@id\":\"https:\\\/\\\/www.apfelpatient.de\\\/news\\\/ipad-air-im-teardown#breadcrumb\"},\"inLanguage\":\"en-US\",\"potentialAction\":[{\"@type\":\"ReadAction\",\"target\":[\"https:\\\/\\\/www.apfelpatient.de\\\/news\\\/ipad-air-im-teardown\"]}]},{\"@type\":\"ImageObject\",\"inLanguage\":\"en-US\",\"@id\":\"https:\\\/\\\/www.apfelpatient.de\\\/news\\\/ipad-air-im-teardown#primaryimage\",\"url\":\"https:\\\/\\\/www.apfelpatient.de\\\/wp-content\\\/uploads\\\/2019\\\/03\\\/New-iPad-air-and-iPad-mini-with-Apple-Pencil-03182019.jpg\",\"contentUrl\":\"https:\\\/\\\/www.apfelpatient.de\\\/wp-content\\\/uploads\\\/2019\\\/03\\\/New-iPad-air-and-iPad-mini-with-Apple-Pencil-03182019.jpg\",\"width\":2400,\"height\":1425,\"caption\":\"Bild: Apple\"},{\"@type\":\"BreadcrumbList\",\"@id\":\"https:\\\/\\\/www.apfelpatient.de\\\/news\\\/ipad-air-im-teardown#breadcrumb\",\"itemListElement\":[{\"@type\":\"ListItem\",\"position\":1,\"name\":\"Startseite\",\"item\":\"https:\\\/\\\/www.apfelpatient.de\\\/\"},{\"@type\":\"ListItem\",\"position\":2,\"name\":\"iPad Air im Teardown\"}]},{\"@type\":\"WebSite\",\"@id\":\"https:\\\/\\\/www.apfelpatient.de\\\/#website\",\"url\":\"https:\\\/\\\/www.apfelpatient.de\\\/\",\"name\":\"Apfelpatient\",\"description\":\"Alles rund um Apple!\",\"publisher\":{\"@type\":\"Organization\",\"@id\":\"https:\\\/\\\/www.apfelpatient.de\\\/en\\\/#organization\",\"name\":\"Apfelpatient\",\"url\":\"https:\\\/\\\/www.apfelpatient.de\\\/en\\\/\"},\"alternateName\":\"Apfelpatient\",\"potentialAction\":[{\"@type\":\"SearchAction\",\"target\":{\"@type\":\"EntryPoint\",\"urlTemplate\":\"https:\\\/\\\/www.apfelpatient.de\\\/?s={search_term_string}\"},\"query-input\":{\"@type\":\"PropertyValueSpecification\",\"valueRequired\":true,\"valueName\":\"search_term_string\"}}],\"inLanguage\":\"en-US\"},{\"@type\":[\"Person\",\"Organization\"],\"@id\":\"https:\\\/\\\/www.apfelpatient.de\\\/#\\\/schema\\\/person\\\/7dc56ad6c8e9824b76d2c08d4c140e13\",\"name\":\"Milan\",\"logo\":{\"@id\":\"https:\\\/\\\/www.apfelpatient.de\\\/#\\\/schema\\\/person\\\/image\\\/\"},\"description\":\"Hallo und herzlich willkommen auf meinem Technik-Blog! Als gro\u00dfer Apple-Fan berichte ich hier \u00fcber alles, was mit Apple zu tun hat: von den neuesten News und spannenden Ger\u00fcchten \u00fcber hilfreiche Tipps und Tricks bis hin zu ausf\u00fchrlichen Produkttests. Wenn du genauso technikbegeistert bist wie ich, bist du hier genau richtig!\",\"sameAs\":[\"https:\\\/\\\/www.facebook.com\\\/apfelpatientOfficial\",\"https:\\\/\\\/www.linkedin.com\\\/in\\\/milan-jovicic-42aa0231b\"],\"url\":\"https:\\\/\\\/www.apfelpatient.de\\\/en\\\/author\\\/apfeladmin\"}]}<\/script>\n<!-- \/ Yoast SEO Premium plugin. -->","yoast_head_json":{"title":"iPad Air in teardown Apfelpatient","description":"- After the AirPods 2 and the iPad mini 5 have already been disassembled, the guys from iFixit are now tackling the circuit boards of the iPad Air.","robots":{"index":"index","follow":"follow","max-snippet":"max-snippet:-1","max-image-preview":"max-image-preview:large","max-video-preview":"max-video-preview:-1"},"canonical":"https:\/\/www.apfelpatient.de\/en\/news\/ipad-air-in-teardown","og_locale":"en_US","og_type":"article","og_title":"iPad Air im Teardown","og_description":"- Nachdem die AirPods 2 und das iPad mini 5 bereits zerlegt wurden, gehen die Jungs von iFixit nun dem iPad Air an die Platinen.","og_url":"https:\/\/www.apfelpatient.de\/en\/news\/ipad-air-in-teardown","og_site_name":"Apfelpatient","article_publisher":"https:\/\/www.facebook.com\/apfelpatientOfficial","article_author":"https:\/\/www.facebook.com\/apfelpatientOfficial","article_published_time":"2019-04-03T19:39:30+00:00","article_modified_time":"2025-02-06T06:11:01+00:00","og_image":[{"width":2400,"height":1425,"url":"https:\/\/www.apfelpatient.de\/wp-content\/uploads\/2019\/03\/New-iPad-air-and-iPad-mini-with-Apple-Pencil-03182019.jpg","type":"image\/jpeg"}],"author":"Milan","twitter_card":"summary_large_image","twitter_misc":{"Written by":"Milan","Est. reading time":"1 minute"},"schema":{"@context":"https:\/\/schema.org","@graph":[{"@type":"NewsArticle","@id":"https:\/\/www.apfelpatient.de\/news\/ipad-air-im-teardown#article","isPartOf":{"@id":"https:\/\/www.apfelpatient.de\/news\/ipad-air-im-teardown"},"author":{"@type":"Organization","@id":"https:\/\/www.apfelpatient.de\/en\/#organization","name":"Apfelpatient","url":"https:\/\/www.apfelpatient.de\/en\/"},"headline":"iPad Air im Teardown","datePublished":"2019-04-03T19:39:30+00:00","dateModified":"2025-02-06T06:11:01+00:00","mainEntityOfPage":{"@id":"https:\/\/www.apfelpatient.de\/news\/ipad-air-im-teardown"},"wordCount":287,"commentCount":0,"publisher":{"@type":"Organization","@id":"https:\/\/www.apfelpatient.de\/en\/#organization","name":"Apfelpatient","url":"https:\/\/www.apfelpatient.de\/en\/"},"image":{"@id":"https:\/\/www.apfelpatient.de\/news\/ipad-air-im-teardown#primaryimage"},"thumbnailUrl":"https:\/\/www.apfelpatient.de\/wp-content\/uploads\/2019\/03\/New-iPad-air-and-iPad-mini-with-Apple-Pencil-03182019.jpg","keywords":["iPad","iPad Air","Teardown"],"articleSection":"News","inLanguage":"en-US","potentialAction":[{"@type":"CommentAction","name":"Comment","target":["https:\/\/www.apfelpatient.de\/news\/ipad-air-im-teardown#respond"]}],"copyrightYear":"2019","copyrightHolder":{"@id":"https:\/\/www.apfelpatient.de\/en\/#organization"}},{"@type":"WebPage","@id":"https:\/\/www.apfelpatient.de\/news\/ipad-air-im-teardown","url":"https:\/\/www.apfelpatient.de\/news\/ipad-air-im-teardown","name":"iPad Air in teardown Apfelpatient","isPartOf":{"@id":"https:\/\/www.apfelpatient.de\/#website"},"primaryImageOfPage":{"@id":"https:\/\/www.apfelpatient.de\/news\/ipad-air-im-teardown#primaryimage"},"image":{"@id":"https:\/\/www.apfelpatient.de\/news\/ipad-air-im-teardown#primaryimage"},"thumbnailUrl":"https:\/\/www.apfelpatient.de\/wp-content\/uploads\/2019\/03\/New-iPad-air-and-iPad-mini-with-Apple-Pencil-03182019.jpg","datePublished":"2019-04-03T19:39:30+00:00","dateModified":"2025-02-06T06:11:01+00:00","description":"- After the AirPods 2 and the iPad mini 5 have already been disassembled, the guys from iFixit are now tackling the circuit boards of the iPad Air.","breadcrumb":{"@id":"https:\/\/www.apfelpatient.de\/news\/ipad-air-im-teardown#breadcrumb"},"inLanguage":"en-US","potentialAction":[{"@type":"ReadAction","target":["https:\/\/www.apfelpatient.de\/news\/ipad-air-im-teardown"]}]},{"@type":"ImageObject","inLanguage":"en-US","@id":"https:\/\/www.apfelpatient.de\/news\/ipad-air-im-teardown#primaryimage","url":"https:\/\/www.apfelpatient.de\/wp-content\/uploads\/2019\/03\/New-iPad-air-and-iPad-mini-with-Apple-Pencil-03182019.jpg","contentUrl":"https:\/\/www.apfelpatient.de\/wp-content\/uploads\/2019\/03\/New-iPad-air-and-iPad-mini-with-Apple-Pencil-03182019.jpg","width":2400,"height":1425,"caption":"Bild: Apple"},{"@type":"BreadcrumbList","@id":"https:\/\/www.apfelpatient.de\/news\/ipad-air-im-teardown#breadcrumb","itemListElement":[{"@type":"ListItem","position":1,"name":"Startseite","item":"https:\/\/www.apfelpatient.de\/"},{"@type":"ListItem","position":2,"name":"iPad Air im Teardown"}]},{"@type":"WebSite","@id":"https:\/\/www.apfelpatient.de\/#website","url":"https:\/\/www.apfelpatient.de\/","name":"apple patient","description":"Everything about Apple!","publisher":{"@type":"Organization","@id":"https:\/\/www.apfelpatient.de\/en\/#organization","name":"Apfelpatient","url":"https:\/\/www.apfelpatient.de\/en\/"},"alternateName":"Apfelpatient","potentialAction":[{"@type":"SearchAction","target":{"@type":"EntryPoint","urlTemplate":"https:\/\/www.apfelpatient.de\/?s={search_term_string}"},"query-input":{"@type":"PropertyValueSpecification","valueRequired":true,"valueName":"search_term_string"}}],"inLanguage":"en-US"},{"@type":["Person","Organization"],"@id":"https:\/\/www.apfelpatient.de\/#\/schema\/person\/7dc56ad6c8e9824b76d2c08d4c140e13","name":"Milan","logo":{"@id":"https:\/\/www.apfelpatient.de\/#\/schema\/person\/image\/"},"description":"Hello and welcome to my technology blog! As a big Apple fan, I report on everything to do with Apple: from the latest news and exciting rumors to helpful tips and tricks and detailed product tests. If you are as enthusiastic about technology as I am, you have come to the right place!","sameAs":["https:\/\/www.facebook.com\/apfelpatientOfficial","https:\/\/www.linkedin.com\/in\/milan-jovicic-42aa0231b"],"url":"https:\/\/www.apfelpatient.de\/en\/author\/apfeladmin"}]}},"_links":{"self":[{"href":"https:\/\/www.apfelpatient.de\/en\/wp-json\/wp\/v2\/posts\/4018","targetHints":{"allow":["GET"]}}],"collection":[{"href":"https:\/\/www.apfelpatient.de\/en\/wp-json\/wp\/v2\/posts"}],"about":[{"href":"https:\/\/www.apfelpatient.de\/en\/wp-json\/wp\/v2\/types\/post"}],"author":[{"embeddable":true,"href":"https:\/\/www.apfelpatient.de\/en\/wp-json\/wp\/v2\/users\/2"}],"replies":[{"embeddable":true,"href":"https:\/\/www.apfelpatient.de\/en\/wp-json\/wp\/v2\/comments?post=4018"}],"version-history":[{"count":0,"href":"https:\/\/www.apfelpatient.de\/en\/wp-json\/wp\/v2\/posts\/4018\/revisions"}],"wp:featuredmedia":[{"embeddable":true,"href":"https:\/\/www.apfelpatient.de\/en\/wp-json\/wp\/v2\/media\/3761"}],"wp:attachment":[{"href":"https:\/\/www.apfelpatient.de\/en\/wp-json\/wp\/v2\/media?parent=4018"}],"wp:term":[{"taxonomy":"category","embeddable":true,"href":"https:\/\/www.apfelpatient.de\/en\/wp-json\/wp\/v2\/categories?post=4018"},{"taxonomy":"post_tag","embeddable":true,"href":"https:\/\/www.apfelpatient.de\/en\/wp-json\/wp\/v2\/tags?post=4018"}],"curies":[{"name":"wp","href":"https:\/\/api.w.org\/{rel}","templated":true}]}}