{"id":39933,"date":"2023-08-27T20:18:51","date_gmt":"2023-08-27T18:18:51","guid":{"rendered":"https:\/\/www.apfelpatient.de\/?p=39933"},"modified":"2023-08-27T20:18:52","modified_gmt":"2023-08-27T18:18:52","slug":"m3-macs-unveiling-in-october-what-awaits-us","status":"publish","type":"post","link":"https:\/\/www.apfelpatient.de\/en\/rumors\/m3-macs-enthuellung-im-oktober-was-erwartet-uns","title":{"rendered":"M3 Macs: Unveiling in October \u2013 What can we expect?"},"content":{"rendered":"<p class=\"has-drop-cap\"><strong>Excitement is growing around Apple&#039;s upcoming iPhone 15 event in September. But the curtain may not rise until October for the long-awaited M3 Macs.<\/strong><\/p>\n\n\n\n<p>Every year, rumors about Apple&#039;s September event surface. But the exact product lineup often remains under wraps until shortly before the event. The latest information from Mark Gurman provides clues about possible announcements in September and October, including the M3 Macs. Mark Gurman of Bloomberg <a href=\"https:\/\/www.bloomberg.com\/news\/newsletters\/2023-08-27\/ipad-pro-2024-magic-keyboard-redesigned-tablet-m3-september-12-event-details-lltgk6fv#xj4y7vzkg\" target=\"_blank\" rel=\"noreferrer noopener\">indicates<\/a> announced that the September event will be structured similarly to the iPhone 14 launch \u2013 a pre-recorded video and a possible presentation at the company headquarters.<\/p>\n\n\n\n<h3 class=\"wp-block-heading\" id=\"h-m3-macs-auch-ein-imac-update-wird-erwartet\">M3 Macs: An iMac update is also expected<\/h3>\n\n\n\n\n\n\n\n<p>However, the unveiling of the M3 Macs could take place in October in the form of a press release, similar to what happened with previous models. History shows that Apple hasn&#039;t always held October events. The transition from the M2 to the M3 generation will begin in the fall, with the M3 Pro, M3 Max and M3 Ultra models following later. Traditionally, Apple starts shipping the 13-inch MacBook Pro, 13-inch MacBook Air and Mac mini as heralds of a new generation of chips. The 24-inch iMac, on the other hand, is due an upgrade after missing out on the M2 generation. A new 15-inch MacBook Air with M3 chip is less likely, as the M2 model is still fresh on the market. (Image: Apple)<\/p>\n\n\n\n<ul class=\"wp-block-list\">\n<li><a href=\"https:\/\/www.apfelpatient.de\/en\/rumors\/imac-with-32-inch-display-the-next-level-of-productivity\">iMac with 32-inch display: The next level of productivity<\/a><\/li>\n<\/ul>\n\n\n\n<h6 class=\"wp-block-heading translation-block\" id=\"h-kennt-ihr-schon-unsere-amazon-storefront-dort-findet-ihr-eine-handverlesene-auswahl-von-diversen-produkten-f-r-euer-iphone-und-co-viel-spa-beim-st-bern\"><em>Have you already visited our Amazon Storefront? There you&#039;ll find a hand-picked selection of various products for your iPhone and other devices \u2013 <span class=\"has-inline-color has-vivid-red-color\"><a href=\"https:\/\/www.amazon.de\/shop\/apfelpatientofficial\" class=\"ek-link\" data-wpel-link=\"exclude\" rel=\"follow noopener\" target=\"_self\"><span style=\"text-decoration: underline\" class=\"ek-underline\">enjoy browsing<\/span><\/a> !<\/span><\/em><\/h6>\n\n\n\n<h6 class=\"wp-block-heading translation-block\" id=\"h-der-beitrag-enthalt-partnerlinks\">This post contains <a data-type=\"URL\" data-id=\"https:\/\/www.apfelpatient.de\/partnerprogramm\" href=\"https:\/\/www.apfelpatient.de\/en\/partner-program\" data-wpel-link=\"internal\" target=\"_self\">affiliate links<\/a>.<\/h6>","protected":false},"excerpt":{"rendered":"<p>Curtain up on the M3 Macs: Latest information and rumors surrounding the upcoming October unveiling. Find out all the details!<\/p>","protected":false},"author":2,"featured_media":39050,"comment_status":"closed","ping_status":"closed","sticky":false,"template":"","format":"standard","meta":{"jnews-multi-image_gallery":[],"jnews_single_post":{"subtitle":"","format":"standard","video":"","gallery":"","source_name":"","source_url":"","via_name":"","via_url":"","override":[{"single_blog_custom":"","sidebar":"","second_sidebar":"","share_position":"","share_float_style":"","post_date_format":"","post_date_format_custom":"","post_reading_time_wpm":"","zoom_button_out_step":"1","zoom_button_in_step":"1","number_popup_post":"1"}],"image_override":[{"single_post_thumbnail_size":"","single_post_gallery_size":""}],"trending_post_position":"","trending_post_label":"","sponsored_post_label":"","sponsored_post_name":"","sponsored_post_url":"","sponsored_post_logo":"","sponsored_post_desc":""},"jnews_primary_category":{"id":"25"},"footnotes":""},"categories":[25],"tags":[40],"class_list":["post-39933","post","type-post","status-publish","format-standard","has-post-thumbnail","hentry","category-rumors","tag-mac"],"yoast_head":"<!-- This site is optimized with the Yoast SEO Premium plugin v27.5 (Yoast SEO v27.5) - https:\/\/yoast.com\/product\/yoast-seo-premium-wordpress\/ -->\n<title>M3 Macs: Enth\u00fcllung im Oktober - Was erwartet uns? Apfelpatient<\/title>\n<meta name=\"description\" content=\"Vorhang auf f\u00fcr die M3 Macs: Neueste Informationen und Ger\u00fcchte rund um die bevorstehende Enth\u00fcllung im Oktober. Erfahre alle Details!\" \/>\n<meta name=\"robots\" content=\"index, follow, max-snippet:-1, max-image-preview:large, max-video-preview:-1\" \/>\n<link rel=\"canonical\" href=\"https:\/\/www.apfelpatient.de\/en\/rumors\/m3-macs-unveiling-in-october-what-awaits-us\" \/>\n<meta property=\"og:locale\" content=\"en_US\" \/>\n<meta property=\"og:type\" content=\"article\" \/>\n<meta property=\"og:title\" content=\"M3 Macs: Enth\u00fcllung im Oktober - Was erwartet uns?\" \/>\n<meta property=\"og:description\" content=\"Vorhang auf f\u00fcr die M3 Macs: Neueste Informationen und Ger\u00fcchte rund um die bevorstehende Enth\u00fcllung im Oktober. Erfahre alle Details!\" \/>\n<meta property=\"og:url\" content=\"https:\/\/www.apfelpatient.de\/en\/rumors\/m3-macs-unveiling-in-october-what-awaits-us\" \/>\n<meta property=\"og:site_name\" content=\"Apfelpatient\" \/>\n<meta property=\"article:publisher\" content=\"https:\/\/www.facebook.com\/apfelpatientOfficial\" \/>\n<meta property=\"article:author\" content=\"https:\/\/www.facebook.com\/apfelpatientOfficial\" \/>\n<meta property=\"article:published_time\" content=\"2023-08-27T18:18:51+00:00\" \/>\n<meta property=\"article:modified_time\" content=\"2023-08-27T18:18:52+00:00\" \/>\n<meta property=\"og:image\" content=\"https:\/\/www.apfelpatient.de\/wp-content\/uploads\/2023\/06\/Apple-WWDC23-macOS-Sonoma-hero-230605-1.jpg\" \/>\n\t<meta property=\"og:image:width\" content=\"1600\" \/>\n\t<meta property=\"og:image:height\" content=\"900\" \/>\n\t<meta property=\"og:image:type\" content=\"image\/jpeg\" \/>\n<meta name=\"author\" content=\"Milan\" \/>\n<meta name=\"twitter:card\" content=\"summary_large_image\" \/>\n<meta name=\"twitter:label1\" content=\"Written by\" \/>\n\t<meta name=\"twitter:data1\" content=\"Milan\" \/>\n\t<meta name=\"twitter:label2\" content=\"Est. reading time\" \/>\n\t<meta name=\"twitter:data2\" content=\"2 minutes\" \/>\n<script type=\"application\/ld+json\" class=\"yoast-schema-graph\">{\"@context\":\"https:\\\/\\\/schema.org\",\"@graph\":[{\"@type\":\"NewsArticle\",\"@id\":\"https:\\\/\\\/www.apfelpatient.de\\\/rumors\\\/m3-macs-enthuellung-im-oktober-was-erwartet-uns#article\",\"isPartOf\":{\"@id\":\"https:\\\/\\\/www.apfelpatient.de\\\/rumors\\\/m3-macs-enthuellung-im-oktober-was-erwartet-uns\"},\"author\":{\"@type\":\"Organization\",\"@id\":\"https:\\\/\\\/www.apfelpatient.de\\\/en\\\/#organization\",\"name\":\"Apfelpatient\",\"url\":\"https:\\\/\\\/www.apfelpatient.de\\\/en\\\/\"},\"headline\":\"M3 Macs: Enth\u00fcllung im Oktober &#8211; Was erwartet uns?\",\"datePublished\":\"2023-08-27T18:18:51+00:00\",\"dateModified\":\"2023-08-27T18:18:52+00:00\",\"mainEntityOfPage\":{\"@id\":\"https:\\\/\\\/www.apfelpatient.de\\\/rumors\\\/m3-macs-enthuellung-im-oktober-was-erwartet-uns\"},\"wordCount\":253,\"publisher\":{\"@type\":\"Organization\",\"@id\":\"https:\\\/\\\/www.apfelpatient.de\\\/en\\\/#organization\",\"name\":\"Apfelpatient\",\"url\":\"https:\\\/\\\/www.apfelpatient.de\\\/en\\\/\"},\"image\":{\"@id\":\"https:\\\/\\\/www.apfelpatient.de\\\/rumors\\\/m3-macs-enthuellung-im-oktober-was-erwartet-uns#primaryimage\"},\"thumbnailUrl\":\"https:\\\/\\\/www.apfelpatient.de\\\/wp-content\\\/uploads\\\/2023\\\/06\\\/Apple-WWDC23-macOS-Sonoma-hero-230605-1.jpg\",\"keywords\":[\"Mac\"],\"articleSection\":\"Rumors\",\"inLanguage\":\"en-US\",\"copyrightYear\":\"2023\",\"copyrightHolder\":{\"@id\":\"https:\\\/\\\/www.apfelpatient.de\\\/en\\\/#organization\"}},{\"@type\":\"WebPage\",\"@id\":\"https:\\\/\\\/www.apfelpatient.de\\\/rumors\\\/m3-macs-enthuellung-im-oktober-was-erwartet-uns\",\"url\":\"https:\\\/\\\/www.apfelpatient.de\\\/rumors\\\/m3-macs-enthuellung-im-oktober-was-erwartet-uns\",\"name\":\"M3 Macs: Enth\u00fcllung im Oktober - Was erwartet uns? Apfelpatient\",\"isPartOf\":{\"@id\":\"https:\\\/\\\/www.apfelpatient.de\\\/#website\"},\"primaryImageOfPage\":{\"@id\":\"https:\\\/\\\/www.apfelpatient.de\\\/rumors\\\/m3-macs-enthuellung-im-oktober-was-erwartet-uns#primaryimage\"},\"image\":{\"@id\":\"https:\\\/\\\/www.apfelpatient.de\\\/rumors\\\/m3-macs-enthuellung-im-oktober-was-erwartet-uns#primaryimage\"},\"thumbnailUrl\":\"https:\\\/\\\/www.apfelpatient.de\\\/wp-content\\\/uploads\\\/2023\\\/06\\\/Apple-WWDC23-macOS-Sonoma-hero-230605-1.jpg\",\"datePublished\":\"2023-08-27T18:18:51+00:00\",\"dateModified\":\"2023-08-27T18:18:52+00:00\",\"description\":\"Vorhang auf f\u00fcr die M3 Macs: Neueste Informationen und Ger\u00fcchte rund um die bevorstehende Enth\u00fcllung im Oktober. Erfahre alle Details!\",\"breadcrumb\":{\"@id\":\"https:\\\/\\\/www.apfelpatient.de\\\/rumors\\\/m3-macs-enthuellung-im-oktober-was-erwartet-uns#breadcrumb\"},\"inLanguage\":\"en-US\",\"potentialAction\":[{\"@type\":\"ReadAction\",\"target\":[\"https:\\\/\\\/www.apfelpatient.de\\\/rumors\\\/m3-macs-enthuellung-im-oktober-was-erwartet-uns\"]}]},{\"@type\":\"ImageObject\",\"inLanguage\":\"en-US\",\"@id\":\"https:\\\/\\\/www.apfelpatient.de\\\/rumors\\\/m3-macs-enthuellung-im-oktober-was-erwartet-uns#primaryimage\",\"url\":\"https:\\\/\\\/www.apfelpatient.de\\\/wp-content\\\/uploads\\\/2023\\\/06\\\/Apple-WWDC23-macOS-Sonoma-hero-230605-1.jpg\",\"contentUrl\":\"https:\\\/\\\/www.apfelpatient.de\\\/wp-content\\\/uploads\\\/2023\\\/06\\\/Apple-WWDC23-macOS-Sonoma-hero-230605-1.jpg\",\"width\":1600,\"height\":900,\"caption\":\"Bild: Apple\"},{\"@type\":\"BreadcrumbList\",\"@id\":\"https:\\\/\\\/www.apfelpatient.de\\\/rumors\\\/m3-macs-enthuellung-im-oktober-was-erwartet-uns#breadcrumb\",\"itemListElement\":[{\"@type\":\"ListItem\",\"position\":1,\"name\":\"Startseite\",\"item\":\"https:\\\/\\\/www.apfelpatient.de\\\/\"},{\"@type\":\"ListItem\",\"position\":2,\"name\":\"M3 Macs: Enth\u00fcllung im Oktober &#8211; Was erwartet uns?\"}]},{\"@type\":\"WebSite\",\"@id\":\"https:\\\/\\\/www.apfelpatient.de\\\/#website\",\"url\":\"https:\\\/\\\/www.apfelpatient.de\\\/\",\"name\":\"Apfelpatient\",\"description\":\"Alles rund um Apple!\",\"publisher\":{\"@type\":\"Organization\",\"@id\":\"https:\\\/\\\/www.apfelpatient.de\\\/en\\\/#organization\",\"name\":\"Apfelpatient\",\"url\":\"https:\\\/\\\/www.apfelpatient.de\\\/en\\\/\"},\"alternateName\":\"Apfelpatient\",\"potentialAction\":[{\"@type\":\"SearchAction\",\"target\":{\"@type\":\"EntryPoint\",\"urlTemplate\":\"https:\\\/\\\/www.apfelpatient.de\\\/?s={search_term_string}\"},\"query-input\":{\"@type\":\"PropertyValueSpecification\",\"valueRequired\":true,\"valueName\":\"search_term_string\"}}],\"inLanguage\":\"en-US\"},{\"@type\":[\"Person\",\"Organization\"],\"@id\":\"https:\\\/\\\/www.apfelpatient.de\\\/#\\\/schema\\\/person\\\/35b3ddba5832f2bfc7fff5206d4f6b7b\",\"name\":\"Milan\",\"logo\":{\"@id\":\"https:\\\/\\\/www.apfelpatient.de\\\/#\\\/schema\\\/person\\\/image\\\/\"},\"description\":\"Hallo und herzlich willkommen auf meinem Technik-Blog! Als gro\u00dfer Apple-Fan berichte ich hier \u00fcber alles, was mit Apple zu tun hat: von den neuesten News und spannenden Ger\u00fcchten \u00fcber hilfreiche Tipps und Tricks bis hin zu ausf\u00fchrlichen Produkttests. Wenn du genauso technikbegeistert bist wie ich, bist du hier genau richtig!\",\"sameAs\":[\"https:\\\/\\\/www.facebook.com\\\/apfelpatientOfficial\",\"https:\\\/\\\/www.linkedin.com\\\/in\\\/milan-jovicic-42aa0231b\"],\"url\":\"https:\\\/\\\/www.apfelpatient.de\\\/en\\\/author\\\/apfeladmin\"}]}<\/script>\n<!-- \/ Yoast SEO Premium plugin. -->","yoast_head_json":{"title":"M3 Macs: Unveiling in October - What can we expect? Apfelpatient","description":"Curtain up on the M3 Macs: Latest information and rumors surrounding the upcoming October unveiling. Find out all the details!","robots":{"index":"index","follow":"follow","max-snippet":"max-snippet:-1","max-image-preview":"max-image-preview:large","max-video-preview":"max-video-preview:-1"},"canonical":"https:\/\/www.apfelpatient.de\/en\/rumors\/m3-macs-unveiling-in-october-what-awaits-us","og_locale":"en_US","og_type":"article","og_title":"M3 Macs: Enth\u00fcllung im Oktober - Was erwartet uns?","og_description":"Vorhang auf f\u00fcr die M3 Macs: Neueste Informationen und Ger\u00fcchte rund um die bevorstehende Enth\u00fcllung im Oktober. Erfahre alle Details!","og_url":"https:\/\/www.apfelpatient.de\/en\/rumors\/m3-macs-unveiling-in-october-what-awaits-us","og_site_name":"Apfelpatient","article_publisher":"https:\/\/www.facebook.com\/apfelpatientOfficial","article_author":"https:\/\/www.facebook.com\/apfelpatientOfficial","article_published_time":"2023-08-27T18:18:51+00:00","article_modified_time":"2023-08-27T18:18:52+00:00","og_image":[{"width":1600,"height":900,"url":"https:\/\/www.apfelpatient.de\/wp-content\/uploads\/2023\/06\/Apple-WWDC23-macOS-Sonoma-hero-230605-1.jpg","type":"image\/jpeg"}],"author":"Milan","twitter_card":"summary_large_image","twitter_misc":{"Written by":"Milan","Est. reading time":"2 minutes"},"schema":{"@context":"https:\/\/schema.org","@graph":[{"@type":"NewsArticle","@id":"https:\/\/www.apfelpatient.de\/rumors\/m3-macs-enthuellung-im-oktober-was-erwartet-uns#article","isPartOf":{"@id":"https:\/\/www.apfelpatient.de\/rumors\/m3-macs-enthuellung-im-oktober-was-erwartet-uns"},"author":{"@type":"Organization","@id":"https:\/\/www.apfelpatient.de\/en\/#organization","name":"Apfelpatient","url":"https:\/\/www.apfelpatient.de\/en\/"},"headline":"M3 Macs: Enth\u00fcllung im Oktober &#8211; Was erwartet uns?","datePublished":"2023-08-27T18:18:51+00:00","dateModified":"2023-08-27T18:18:52+00:00","mainEntityOfPage":{"@id":"https:\/\/www.apfelpatient.de\/rumors\/m3-macs-enthuellung-im-oktober-was-erwartet-uns"},"wordCount":253,"publisher":{"@type":"Organization","@id":"https:\/\/www.apfelpatient.de\/en\/#organization","name":"Apfelpatient","url":"https:\/\/www.apfelpatient.de\/en\/"},"image":{"@id":"https:\/\/www.apfelpatient.de\/rumors\/m3-macs-enthuellung-im-oktober-was-erwartet-uns#primaryimage"},"thumbnailUrl":"https:\/\/www.apfelpatient.de\/wp-content\/uploads\/2023\/06\/Apple-WWDC23-macOS-Sonoma-hero-230605-1.jpg","keywords":["Mac"],"articleSection":"Rumors","inLanguage":"en-US","copyrightYear":"2023","copyrightHolder":{"@id":"https:\/\/www.apfelpatient.de\/en\/#organization"}},{"@type":"WebPage","@id":"https:\/\/www.apfelpatient.de\/rumors\/m3-macs-enthuellung-im-oktober-was-erwartet-uns","url":"https:\/\/www.apfelpatient.de\/rumors\/m3-macs-enthuellung-im-oktober-was-erwartet-uns","name":"M3 Macs: Unveiling in October - What can we expect? Apfelpatient","isPartOf":{"@id":"https:\/\/www.apfelpatient.de\/#website"},"primaryImageOfPage":{"@id":"https:\/\/www.apfelpatient.de\/rumors\/m3-macs-enthuellung-im-oktober-was-erwartet-uns#primaryimage"},"image":{"@id":"https:\/\/www.apfelpatient.de\/rumors\/m3-macs-enthuellung-im-oktober-was-erwartet-uns#primaryimage"},"thumbnailUrl":"https:\/\/www.apfelpatient.de\/wp-content\/uploads\/2023\/06\/Apple-WWDC23-macOS-Sonoma-hero-230605-1.jpg","datePublished":"2023-08-27T18:18:51+00:00","dateModified":"2023-08-27T18:18:52+00:00","description":"Curtain up on the M3 Macs: Latest information and rumors surrounding the upcoming October unveiling. Find out all the details!","breadcrumb":{"@id":"https:\/\/www.apfelpatient.de\/rumors\/m3-macs-enthuellung-im-oktober-was-erwartet-uns#breadcrumb"},"inLanguage":"en-US","potentialAction":[{"@type":"ReadAction","target":["https:\/\/www.apfelpatient.de\/rumors\/m3-macs-enthuellung-im-oktober-was-erwartet-uns"]}]},{"@type":"ImageObject","inLanguage":"en-US","@id":"https:\/\/www.apfelpatient.de\/rumors\/m3-macs-enthuellung-im-oktober-was-erwartet-uns#primaryimage","url":"https:\/\/www.apfelpatient.de\/wp-content\/uploads\/2023\/06\/Apple-WWDC23-macOS-Sonoma-hero-230605-1.jpg","contentUrl":"https:\/\/www.apfelpatient.de\/wp-content\/uploads\/2023\/06\/Apple-WWDC23-macOS-Sonoma-hero-230605-1.jpg","width":1600,"height":900,"caption":"Bild: Apple"},{"@type":"BreadcrumbList","@id":"https:\/\/www.apfelpatient.de\/rumors\/m3-macs-enthuellung-im-oktober-was-erwartet-uns#breadcrumb","itemListElement":[{"@type":"ListItem","position":1,"name":"Startseite","item":"https:\/\/www.apfelpatient.de\/"},{"@type":"ListItem","position":2,"name":"M3 Macs: Enth\u00fcllung im Oktober &#8211; Was erwartet uns?"}]},{"@type":"WebSite","@id":"https:\/\/www.apfelpatient.de\/#website","url":"https:\/\/www.apfelpatient.de\/","name":"apple patient","description":"Everything about Apple!","publisher":{"@type":"Organization","@id":"https:\/\/www.apfelpatient.de\/en\/#organization","name":"Apfelpatient","url":"https:\/\/www.apfelpatient.de\/en\/"},"alternateName":"Apfelpatient","potentialAction":[{"@type":"SearchAction","target":{"@type":"EntryPoint","urlTemplate":"https:\/\/www.apfelpatient.de\/?s={search_term_string}"},"query-input":{"@type":"PropertyValueSpecification","valueRequired":true,"valueName":"search_term_string"}}],"inLanguage":"en-US"},{"@type":["Person","Organization"],"@id":"https:\/\/www.apfelpatient.de\/#\/schema\/person\/35b3ddba5832f2bfc7fff5206d4f6b7b","name":"Milan","logo":{"@id":"https:\/\/www.apfelpatient.de\/#\/schema\/person\/image\/"},"description":"Hello and welcome to my technology blog! As a big Apple fan, I report on everything to do with Apple: from the latest news and exciting rumors to helpful tips and tricks and detailed product tests. If you are as enthusiastic about technology as I am, you have come to the right place!","sameAs":["https:\/\/www.facebook.com\/apfelpatientOfficial","https:\/\/www.linkedin.com\/in\/milan-jovicic-42aa0231b"],"url":"https:\/\/www.apfelpatient.de\/en\/author\/apfeladmin"}]}},"_links":{"self":[{"href":"https:\/\/www.apfelpatient.de\/en\/wp-json\/wp\/v2\/posts\/39933","targetHints":{"allow":["GET"]}}],"collection":[{"href":"https:\/\/www.apfelpatient.de\/en\/wp-json\/wp\/v2\/posts"}],"about":[{"href":"https:\/\/www.apfelpatient.de\/en\/wp-json\/wp\/v2\/types\/post"}],"author":[{"embeddable":true,"href":"https:\/\/www.apfelpatient.de\/en\/wp-json\/wp\/v2\/users\/2"}],"replies":[{"embeddable":true,"href":"https:\/\/www.apfelpatient.de\/en\/wp-json\/wp\/v2\/comments?post=39933"}],"version-history":[{"count":0,"href":"https:\/\/www.apfelpatient.de\/en\/wp-json\/wp\/v2\/posts\/39933\/revisions"}],"wp:featuredmedia":[{"embeddable":true,"href":"https:\/\/www.apfelpatient.de\/en\/wp-json\/wp\/v2\/media\/39050"}],"wp:attachment":[{"href":"https:\/\/www.apfelpatient.de\/en\/wp-json\/wp\/v2\/media?parent=39933"}],"wp:term":[{"taxonomy":"category","embeddable":true,"href":"https:\/\/www.apfelpatient.de\/en\/wp-json\/wp\/v2\/categories?post=39933"},{"taxonomy":"post_tag","embeddable":true,"href":"https:\/\/www.apfelpatient.de\/en\/wp-json\/wp\/v2\/tags?post=39933"}],"curies":[{"name":"wp","href":"https:\/\/api.w.org\/{rel}","templated":true}]}}