{"id":39899,"date":"2023-08-21T20:09:30","date_gmt":"2023-08-21T18:09:30","guid":{"rendered":"https:\/\/www.apfelpatient.de\/?p=39899"},"modified":"2023-08-21T20:09:31","modified_gmt":"2023-08-21T18:09:31","slug":"ultra-surprise-the-iphone-15-pro-max-as-ultra","status":"publish","type":"post","link":"https:\/\/www.apfelpatient.de\/en\/rumors\/ultra-ueberraschung-das-iphone-15-pro-max-als-ultra","title":{"rendered":"Ultra surprise? The iPhone 15 Pro Max as an Ultra?"},"content":{"rendered":"<p class=\"has-drop-cap\"><strong>In just three weeks, Apple will once again stoke the excitement of the smartphone world when the company officially unveils the iPhone 15. While the clock is ticking, there is already a plethora of rumors and speculation that are further fueling the excitement surrounding the new generation of devices.<\/strong><\/p>\n\n\n\n<p>The upcoming launch of the iPhone 15 promises not only new features and innovations but also a groundbreaking change in the way we charge our beloved devices. Apple plans to replace the long-standing Lightning charging port with the versatile USB-C port. This decision, which was influenced by the EU, marks the end of an era and the beginning of a new era of charging efficiency.<\/p>\n\n\n\n<h3 class=\"wp-block-heading\" id=\"h-geflochtene-kabel-und-die-ultra-spekulation\">Braided Cables and the \u201cUltra\u201d Speculation<\/h3>\n\n\n\n<p>A supposed leak over the weekend <a href=\"https:\/\/twitter.com\/MajinBuOfficial\/status\/1692959662901989695?s=20\" target=\"_blank\" rel=\"noreferrer noopener\">revealed<\/a> Charging cables that will most likely be shipped with the iPhone 15 series. But these cables are not just conventional - they are braided and color-coordinated. These premium cables could not only contribute to durability but also meet the aesthetic demands of users. We already know this type of cable from other Apple products, and it would not be a surprise if they now enrich the iPhone 15 line as well. Another exciting rumor revolves around the name of the flagship model. While &quot;Pro Max&quot; has previously suggested the highest level, Apple could possibly go a step further with the iPhone 15 Pro Max and call the model &quot;Ultra&quot;.<\/p>\n\n\n\n<h3 class=\"wp-block-heading\">iPhone 15: The unveiling and expectations<\/h3>\n\n\n\n\n\n\n\n<p>September 12th will be a turning point for the tech world when Apple is expected to unveil the iPhone 15 and the latest Apple Watch. The many speculations and rumors will give way to a clear truth on that day. The decision to switch to USB-C and the introduction of braided cables suggest that Apple is not compromising on usability and quality. While expectations are high, it only remains to be seen how the iPhone 15 will take the stage and redefine our technology experience. (Photo by Denis Rozhnovsky \/ Bigstockphoto)<\/p>\n\n\n\n<ul class=\"wp-block-list\">\n<li><a href=\"https:\/\/www.apfelpatient.de\/en\/rumors\/expectations-are-rising-the-latest-information-about-the-iphone-15-event\">Expectations are rising: The latest information on the iPhone 15 event<\/a><\/li>\n<\/ul>\n\n\n\n<h6 class=\"wp-block-heading translation-block\" id=\"h-kennt-ihr-schon-unsere-amazon-storefront-dort-findet-ihr-eine-handverlesene-auswahl-von-diversen-produkten-f-r-euer-iphone-und-co-viel-spa-beim-st-bern\"><em>Have you already visited our Amazon Storefront? There you&#039;ll find a hand-picked selection of various products for your iPhone and other devices \u2013 <span class=\"has-inline-color has-vivid-red-color\"><a href=\"https:\/\/www.amazon.de\/shop\/apfelpatientofficial\" class=\"ek-link\" data-wpel-link=\"exclude\" rel=\"follow noopener\" target=\"_self\"><span style=\"text-decoration: underline\" class=\"ek-underline\">enjoy browsing<\/span><\/a> !<\/span><\/em><\/h6>\n\n\n\n<h6 class=\"wp-block-heading translation-block\" id=\"h-der-beitrag-enthalt-partnerlinks\">This post contains <a data-type=\"URL\" data-id=\"https:\/\/www.apfelpatient.de\/partnerprogramm\" href=\"https:\/\/www.apfelpatient.de\/en\/partner-program\" data-wpel-link=\"internal\" target=\"_self\">affiliate links<\/a>.<\/h6>","protected":false},"excerpt":{"rendered":"<p>The iPhone 15 Pro Max as an &quot;Ultra&quot;? Find out the latest rumors and speculation about the upcoming iPhone 15. The excitement is building!<\/p>","protected":false},"author":2,"featured_media":39303,"comment_status":"closed","ping_status":"closed","sticky":false,"template":"","format":"standard","meta":{"jnews-multi-image_gallery":[],"jnews_single_post":{"subtitle":"","format":"standard","video":"","gallery":"","source_name":"","source_url":"","via_name":"","via_url":"","override":[{"single_blog_custom":"","sidebar":"","second_sidebar":"","share_position":"","share_float_style":"","post_date_format":"","post_date_format_custom":"","post_reading_time_wpm":"","zoom_button_out_step":"1","zoom_button_in_step":"1","number_popup_post":"1"}],"image_override":[{"single_post_thumbnail_size":"","single_post_gallery_size":""}],"trending_post_position":"","trending_post_label":"","sponsored_post_label":"","sponsored_post_name":"","sponsored_post_url":"","sponsored_post_logo":"","sponsored_post_desc":""},"jnews_primary_category":{"id":"25"},"footnotes":""},"categories":[25],"tags":[8,689,579],"class_list":["post-39899","post","type-post","status-publish","format-standard","has-post-thumbnail","hentry","category-rumors","tag-iphone","tag-iphone-15","tag-iphone-2023"],"yoast_head":"<!-- This site is optimized with the Yoast SEO Premium plugin v27.5 (Yoast SEO v27.5) - https:\/\/yoast.com\/product\/yoast-seo-premium-wordpress\/ -->\n<title>Ultra-\u00dcberraschung? Das iPhone 15 Pro Max als Ultra? Apfelpatient<\/title>\n<meta name=\"description\" content=\"Das iPhone 15 Pro Max als &quot;Ultra&quot;? Erfahre die neuesten Ger\u00fcchte und Spekulationen \u00fcber das kommende iPhone 15. Die Spannung steigt!\" \/>\n<meta name=\"robots\" content=\"index, follow, max-snippet:-1, max-image-preview:large, max-video-preview:-1\" \/>\n<link rel=\"canonical\" href=\"https:\/\/www.apfelpatient.de\/en\/rumors\/ultra-surprise-the-iphone-15-pro-max-as-ultra\" \/>\n<meta property=\"og:locale\" content=\"en_US\" \/>\n<meta property=\"og:type\" content=\"article\" \/>\n<meta property=\"og:title\" content=\"Ultra-\u00dcberraschung? Das iPhone 15 Pro Max als Ultra?\" \/>\n<meta property=\"og:description\" content=\"Das iPhone 15 Pro Max als &quot;Ultra&quot;? Erfahre die neuesten Ger\u00fcchte und Spekulationen \u00fcber das kommende iPhone 15. Die Spannung steigt!\" \/>\n<meta property=\"og:url\" content=\"https:\/\/www.apfelpatient.de\/en\/rumors\/ultra-surprise-the-iphone-15-pro-max-as-ultra\" \/>\n<meta property=\"og:site_name\" content=\"Apfelpatient\" \/>\n<meta property=\"article:publisher\" content=\"https:\/\/www.facebook.com\/apfelpatientOfficial\" \/>\n<meta property=\"article:author\" content=\"https:\/\/www.facebook.com\/apfelpatientOfficial\" \/>\n<meta property=\"article:published_time\" content=\"2023-08-21T18:09:30+00:00\" \/>\n<meta property=\"article:modified_time\" content=\"2023-08-21T18:09:31+00:00\" \/>\n<meta property=\"og:image\" content=\"https:\/\/www.apfelpatient.de\/wp-content\/uploads\/2023\/06\/bigstock-Uzhgorod-Ukraine-May-475876653.jpg\" \/>\n\t<meta property=\"og:image:width\" content=\"1600\" \/>\n\t<meta property=\"og:image:height\" content=\"1067\" \/>\n\t<meta property=\"og:image:type\" content=\"image\/jpeg\" \/>\n<meta name=\"author\" content=\"Milan\" \/>\n<meta name=\"twitter:card\" content=\"summary_large_image\" \/>\n<meta name=\"twitter:description\" content=\"Das iPhone 15 Pro Max als &quot;Ultra&quot;? Erfahre die neuesten Ger\u00fcchte und Spekulationen \u00fcber das kommende iPhone 15. Die Spannung steigt!\" \/>\n<meta name=\"twitter:label1\" content=\"Written by\" \/>\n\t<meta name=\"twitter:data1\" content=\"Milan\" \/>\n\t<meta name=\"twitter:label2\" content=\"Est. reading time\" \/>\n\t<meta name=\"twitter:data2\" content=\"2 minutes\" \/>\n<script type=\"application\/ld+json\" class=\"yoast-schema-graph\">{\"@context\":\"https:\\\/\\\/schema.org\",\"@graph\":[{\"@type\":\"NewsArticle\",\"@id\":\"https:\\\/\\\/www.apfelpatient.de\\\/rumors\\\/ultra-ueberraschung-das-iphone-15-pro-max-als-ultra#article\",\"isPartOf\":{\"@id\":\"https:\\\/\\\/www.apfelpatient.de\\\/rumors\\\/ultra-ueberraschung-das-iphone-15-pro-max-als-ultra\"},\"author\":{\"@type\":\"Organization\",\"@id\":\"https:\\\/\\\/www.apfelpatient.de\\\/en\\\/#organization\",\"name\":\"Apfelpatient\",\"url\":\"https:\\\/\\\/www.apfelpatient.de\\\/en\\\/\"},\"headline\":\"Ultra-\u00dcberraschung? Das iPhone 15 Pro Max als Ultra?\",\"datePublished\":\"2023-08-21T18:09:30+00:00\",\"dateModified\":\"2023-08-21T18:09:31+00:00\",\"mainEntityOfPage\":{\"@id\":\"https:\\\/\\\/www.apfelpatient.de\\\/rumors\\\/ultra-ueberraschung-das-iphone-15-pro-max-als-ultra\"},\"wordCount\":345,\"publisher\":{\"@type\":\"Organization\",\"@id\":\"https:\\\/\\\/www.apfelpatient.de\\\/en\\\/#organization\",\"name\":\"Apfelpatient\",\"url\":\"https:\\\/\\\/www.apfelpatient.de\\\/en\\\/\"},\"image\":{\"@id\":\"https:\\\/\\\/www.apfelpatient.de\\\/rumors\\\/ultra-ueberraschung-das-iphone-15-pro-max-als-ultra#primaryimage\"},\"thumbnailUrl\":\"https:\\\/\\\/www.apfelpatient.de\\\/wp-content\\\/uploads\\\/2023\\\/06\\\/bigstock-Uzhgorod-Ukraine-May-475876653.jpg\",\"keywords\":[\"iPhone\",\"iPhone 15\",\"iPhone 2023\"],\"articleSection\":\"Rumors\",\"inLanguage\":\"en-US\",\"copyrightYear\":\"2023\",\"copyrightHolder\":{\"@id\":\"https:\\\/\\\/www.apfelpatient.de\\\/en\\\/#organization\"}},{\"@type\":\"WebPage\",\"@id\":\"https:\\\/\\\/www.apfelpatient.de\\\/rumors\\\/ultra-ueberraschung-das-iphone-15-pro-max-als-ultra\",\"url\":\"https:\\\/\\\/www.apfelpatient.de\\\/rumors\\\/ultra-ueberraschung-das-iphone-15-pro-max-als-ultra\",\"name\":\"Ultra-\u00dcberraschung? Das iPhone 15 Pro Max als Ultra? Apfelpatient\",\"isPartOf\":{\"@id\":\"https:\\\/\\\/www.apfelpatient.de\\\/#website\"},\"primaryImageOfPage\":{\"@id\":\"https:\\\/\\\/www.apfelpatient.de\\\/rumors\\\/ultra-ueberraschung-das-iphone-15-pro-max-als-ultra#primaryimage\"},\"image\":{\"@id\":\"https:\\\/\\\/www.apfelpatient.de\\\/rumors\\\/ultra-ueberraschung-das-iphone-15-pro-max-als-ultra#primaryimage\"},\"thumbnailUrl\":\"https:\\\/\\\/www.apfelpatient.de\\\/wp-content\\\/uploads\\\/2023\\\/06\\\/bigstock-Uzhgorod-Ukraine-May-475876653.jpg\",\"datePublished\":\"2023-08-21T18:09:30+00:00\",\"dateModified\":\"2023-08-21T18:09:31+00:00\",\"description\":\"Das iPhone 15 Pro Max als \\\"Ultra\\\"? Erfahre die neuesten Ger\u00fcchte und Spekulationen \u00fcber das kommende iPhone 15. Die Spannung steigt!\",\"breadcrumb\":{\"@id\":\"https:\\\/\\\/www.apfelpatient.de\\\/rumors\\\/ultra-ueberraschung-das-iphone-15-pro-max-als-ultra#breadcrumb\"},\"inLanguage\":\"en-US\",\"potentialAction\":[{\"@type\":\"ReadAction\",\"target\":[\"https:\\\/\\\/www.apfelpatient.de\\\/rumors\\\/ultra-ueberraschung-das-iphone-15-pro-max-als-ultra\"]}]},{\"@type\":\"ImageObject\",\"inLanguage\":\"en-US\",\"@id\":\"https:\\\/\\\/www.apfelpatient.de\\\/rumors\\\/ultra-ueberraschung-das-iphone-15-pro-max-als-ultra#primaryimage\",\"url\":\"https:\\\/\\\/www.apfelpatient.de\\\/wp-content\\\/uploads\\\/2023\\\/06\\\/bigstock-Uzhgorod-Ukraine-May-475876653.jpg\",\"contentUrl\":\"https:\\\/\\\/www.apfelpatient.de\\\/wp-content\\\/uploads\\\/2023\\\/06\\\/bigstock-Uzhgorod-Ukraine-May-475876653.jpg\",\"width\":1600,\"height\":1067,\"caption\":\"Uzhgorod, Ukraine - May 05, 2023: New Apple iPhone 14 Pro Max Space Black on a wooden background.\"},{\"@type\":\"BreadcrumbList\",\"@id\":\"https:\\\/\\\/www.apfelpatient.de\\\/rumors\\\/ultra-ueberraschung-das-iphone-15-pro-max-als-ultra#breadcrumb\",\"itemListElement\":[{\"@type\":\"ListItem\",\"position\":1,\"name\":\"Startseite\",\"item\":\"https:\\\/\\\/www.apfelpatient.de\\\/\"},{\"@type\":\"ListItem\",\"position\":2,\"name\":\"Ultra-\u00dcberraschung? Das iPhone 15 Pro Max als Ultra?\"}]},{\"@type\":\"WebSite\",\"@id\":\"https:\\\/\\\/www.apfelpatient.de\\\/#website\",\"url\":\"https:\\\/\\\/www.apfelpatient.de\\\/\",\"name\":\"Apfelpatient\",\"description\":\"Alles rund um Apple!\",\"publisher\":{\"@type\":\"Organization\",\"@id\":\"https:\\\/\\\/www.apfelpatient.de\\\/en\\\/#organization\",\"name\":\"Apfelpatient\",\"url\":\"https:\\\/\\\/www.apfelpatient.de\\\/en\\\/\"},\"alternateName\":\"Apfelpatient\",\"potentialAction\":[{\"@type\":\"SearchAction\",\"target\":{\"@type\":\"EntryPoint\",\"urlTemplate\":\"https:\\\/\\\/www.apfelpatient.de\\\/?s={search_term_string}\"},\"query-input\":{\"@type\":\"PropertyValueSpecification\",\"valueRequired\":true,\"valueName\":\"search_term_string\"}}],\"inLanguage\":\"en-US\"},{\"@type\":[\"Person\",\"Organization\"],\"@id\":\"https:\\\/\\\/www.apfelpatient.de\\\/#\\\/schema\\\/person\\\/7dc56ad6c8e9824b76d2c08d4c140e13\",\"name\":\"Milan\",\"logo\":{\"@id\":\"https:\\\/\\\/www.apfelpatient.de\\\/#\\\/schema\\\/person\\\/image\\\/\"},\"description\":\"Hallo und herzlich willkommen auf meinem Technik-Blog! Als gro\u00dfer Apple-Fan berichte ich hier \u00fcber alles, was mit Apple zu tun hat: von den neuesten News und spannenden Ger\u00fcchten \u00fcber hilfreiche Tipps und Tricks bis hin zu ausf\u00fchrlichen Produkttests. Wenn du genauso technikbegeistert bist wie ich, bist du hier genau richtig!\",\"sameAs\":[\"https:\\\/\\\/www.facebook.com\\\/apfelpatientOfficial\",\"https:\\\/\\\/www.linkedin.com\\\/in\\\/milan-jovicic-42aa0231b\"],\"url\":\"https:\\\/\\\/www.apfelpatient.de\\\/en\\\/author\\\/apfeladmin\"}]}<\/script>\n<!-- \/ Yoast SEO Premium plugin. -->","yoast_head_json":{"title":"Ultra surprise? The iPhone 15 Pro Max as an Ultra? Apfelpatient","description":"The iPhone 15 Pro Max as an &quot;Ultra&quot;? Find out the latest rumors and speculation about the upcoming iPhone 15. The excitement is building!","robots":{"index":"index","follow":"follow","max-snippet":"max-snippet:-1","max-image-preview":"max-image-preview:large","max-video-preview":"max-video-preview:-1"},"canonical":"https:\/\/www.apfelpatient.de\/en\/rumors\/ultra-surprise-the-iphone-15-pro-max-as-ultra","og_locale":"en_US","og_type":"article","og_title":"Ultra-\u00dcberraschung? Das iPhone 15 Pro Max als Ultra?","og_description":"Das iPhone 15 Pro Max als \"Ultra\"? Erfahre die neuesten Ger\u00fcchte und Spekulationen \u00fcber das kommende iPhone 15. Die Spannung steigt!","og_url":"https:\/\/www.apfelpatient.de\/en\/rumors\/ultra-surprise-the-iphone-15-pro-max-as-ultra","og_site_name":"Apfelpatient","article_publisher":"https:\/\/www.facebook.com\/apfelpatientOfficial","article_author":"https:\/\/www.facebook.com\/apfelpatientOfficial","article_published_time":"2023-08-21T18:09:30+00:00","article_modified_time":"2023-08-21T18:09:31+00:00","og_image":[{"width":1600,"height":1067,"url":"https:\/\/www.apfelpatient.de\/wp-content\/uploads\/2023\/06\/bigstock-Uzhgorod-Ukraine-May-475876653.jpg","type":"image\/jpeg"}],"author":"Milan","twitter_card":"summary_large_image","twitter_description":"Das iPhone 15 Pro Max als \"Ultra\"? Erfahre die neuesten Ger\u00fcchte und Spekulationen \u00fcber das kommende iPhone 15. Die Spannung steigt!","twitter_misc":{"Written by":"Milan","Est. reading time":"2 minutes"},"schema":{"@context":"https:\/\/schema.org","@graph":[{"@type":"NewsArticle","@id":"https:\/\/www.apfelpatient.de\/rumors\/ultra-ueberraschung-das-iphone-15-pro-max-als-ultra#article","isPartOf":{"@id":"https:\/\/www.apfelpatient.de\/rumors\/ultra-ueberraschung-das-iphone-15-pro-max-als-ultra"},"author":{"@type":"Organization","@id":"https:\/\/www.apfelpatient.de\/en\/#organization","name":"Apfelpatient","url":"https:\/\/www.apfelpatient.de\/en\/"},"headline":"Ultra-\u00dcberraschung? Das iPhone 15 Pro Max als Ultra?","datePublished":"2023-08-21T18:09:30+00:00","dateModified":"2023-08-21T18:09:31+00:00","mainEntityOfPage":{"@id":"https:\/\/www.apfelpatient.de\/rumors\/ultra-ueberraschung-das-iphone-15-pro-max-als-ultra"},"wordCount":345,"publisher":{"@type":"Organization","@id":"https:\/\/www.apfelpatient.de\/en\/#organization","name":"Apfelpatient","url":"https:\/\/www.apfelpatient.de\/en\/"},"image":{"@id":"https:\/\/www.apfelpatient.de\/rumors\/ultra-ueberraschung-das-iphone-15-pro-max-als-ultra#primaryimage"},"thumbnailUrl":"https:\/\/www.apfelpatient.de\/wp-content\/uploads\/2023\/06\/bigstock-Uzhgorod-Ukraine-May-475876653.jpg","keywords":["iPhone","iPhone 15","iPhone 2023"],"articleSection":"Rumors","inLanguage":"en-US","copyrightYear":"2023","copyrightHolder":{"@id":"https:\/\/www.apfelpatient.de\/en\/#organization"}},{"@type":"WebPage","@id":"https:\/\/www.apfelpatient.de\/rumors\/ultra-ueberraschung-das-iphone-15-pro-max-als-ultra","url":"https:\/\/www.apfelpatient.de\/rumors\/ultra-ueberraschung-das-iphone-15-pro-max-als-ultra","name":"Ultra surprise? The iPhone 15 Pro Max as an Ultra? Apfelpatient","isPartOf":{"@id":"https:\/\/www.apfelpatient.de\/#website"},"primaryImageOfPage":{"@id":"https:\/\/www.apfelpatient.de\/rumors\/ultra-ueberraschung-das-iphone-15-pro-max-als-ultra#primaryimage"},"image":{"@id":"https:\/\/www.apfelpatient.de\/rumors\/ultra-ueberraschung-das-iphone-15-pro-max-als-ultra#primaryimage"},"thumbnailUrl":"https:\/\/www.apfelpatient.de\/wp-content\/uploads\/2023\/06\/bigstock-Uzhgorod-Ukraine-May-475876653.jpg","datePublished":"2023-08-21T18:09:30+00:00","dateModified":"2023-08-21T18:09:31+00:00","description":"The iPhone 15 Pro Max as an &quot;Ultra&quot;? Find out the latest rumors and speculation about the upcoming iPhone 15. The excitement is building!","breadcrumb":{"@id":"https:\/\/www.apfelpatient.de\/rumors\/ultra-ueberraschung-das-iphone-15-pro-max-als-ultra#breadcrumb"},"inLanguage":"en-US","potentialAction":[{"@type":"ReadAction","target":["https:\/\/www.apfelpatient.de\/rumors\/ultra-ueberraschung-das-iphone-15-pro-max-als-ultra"]}]},{"@type":"ImageObject","inLanguage":"en-US","@id":"https:\/\/www.apfelpatient.de\/rumors\/ultra-ueberraschung-das-iphone-15-pro-max-als-ultra#primaryimage","url":"https:\/\/www.apfelpatient.de\/wp-content\/uploads\/2023\/06\/bigstock-Uzhgorod-Ukraine-May-475876653.jpg","contentUrl":"https:\/\/www.apfelpatient.de\/wp-content\/uploads\/2023\/06\/bigstock-Uzhgorod-Ukraine-May-475876653.jpg","width":1600,"height":1067,"caption":"Uzhgorod, Ukraine - May 05, 2023: New Apple iPhone 14 Pro Max Space Black on a wooden background."},{"@type":"BreadcrumbList","@id":"https:\/\/www.apfelpatient.de\/rumors\/ultra-ueberraschung-das-iphone-15-pro-max-als-ultra#breadcrumb","itemListElement":[{"@type":"ListItem","position":1,"name":"Startseite","item":"https:\/\/www.apfelpatient.de\/"},{"@type":"ListItem","position":2,"name":"Ultra-\u00dcberraschung? Das iPhone 15 Pro Max als Ultra?"}]},{"@type":"WebSite","@id":"https:\/\/www.apfelpatient.de\/#website","url":"https:\/\/www.apfelpatient.de\/","name":"apple patient","description":"Everything about Apple!","publisher":{"@type":"Organization","@id":"https:\/\/www.apfelpatient.de\/en\/#organization","name":"Apfelpatient","url":"https:\/\/www.apfelpatient.de\/en\/"},"alternateName":"Apfelpatient","potentialAction":[{"@type":"SearchAction","target":{"@type":"EntryPoint","urlTemplate":"https:\/\/www.apfelpatient.de\/?s={search_term_string}"},"query-input":{"@type":"PropertyValueSpecification","valueRequired":true,"valueName":"search_term_string"}}],"inLanguage":"en-US"},{"@type":["Person","Organization"],"@id":"https:\/\/www.apfelpatient.de\/#\/schema\/person\/7dc56ad6c8e9824b76d2c08d4c140e13","name":"Milan","logo":{"@id":"https:\/\/www.apfelpatient.de\/#\/schema\/person\/image\/"},"description":"Hello and welcome to my technology blog! As a big Apple fan, I report on everything to do with Apple: from the latest news and exciting rumors to helpful tips and tricks and detailed product tests. If you are as enthusiastic about technology as I am, you have come to the right place!","sameAs":["https:\/\/www.facebook.com\/apfelpatientOfficial","https:\/\/www.linkedin.com\/in\/milan-jovicic-42aa0231b"],"url":"https:\/\/www.apfelpatient.de\/en\/author\/apfeladmin"}]}},"_links":{"self":[{"href":"https:\/\/www.apfelpatient.de\/en\/wp-json\/wp\/v2\/posts\/39899","targetHints":{"allow":["GET"]}}],"collection":[{"href":"https:\/\/www.apfelpatient.de\/en\/wp-json\/wp\/v2\/posts"}],"about":[{"href":"https:\/\/www.apfelpatient.de\/en\/wp-json\/wp\/v2\/types\/post"}],"author":[{"embeddable":true,"href":"https:\/\/www.apfelpatient.de\/en\/wp-json\/wp\/v2\/users\/2"}],"replies":[{"embeddable":true,"href":"https:\/\/www.apfelpatient.de\/en\/wp-json\/wp\/v2\/comments?post=39899"}],"version-history":[{"count":0,"href":"https:\/\/www.apfelpatient.de\/en\/wp-json\/wp\/v2\/posts\/39899\/revisions"}],"wp:featuredmedia":[{"embeddable":true,"href":"https:\/\/www.apfelpatient.de\/en\/wp-json\/wp\/v2\/media\/39303"}],"wp:attachment":[{"href":"https:\/\/www.apfelpatient.de\/en\/wp-json\/wp\/v2\/media?parent=39899"}],"wp:term":[{"taxonomy":"category","embeddable":true,"href":"https:\/\/www.apfelpatient.de\/en\/wp-json\/wp\/v2\/categories?post=39899"},{"taxonomy":"post_tag","embeddable":true,"href":"https:\/\/www.apfelpatient.de\/en\/wp-json\/wp\/v2\/tags?post=39899"}],"curies":[{"name":"wp","href":"https:\/\/api.w.org\/{rel}","templated":true}]}}