{"id":39746,"date":"2023-08-07T18:39:56","date_gmt":"2023-08-07T16:39:56","guid":{"rendered":"https:\/\/www.apfelpatient.de\/?p=39746"},"modified":"2023-08-07T18:39:57","modified_gmt":"2023-08-07T16:39:57","slug":"iphone-15-pro-storage-capacity-rumors","status":"publish","type":"post","link":"https:\/\/www.apfelpatient.de\/en\/rumors\/iphone-15-pro-geruechte-zur-speicherkapazitaet","title":{"rendered":"iPhone 15 Pro: Rumors about storage capacity"},"content":{"rendered":"<p class=\"has-drop-cap\"><strong>Rumors about the storage capacity of the upcoming iPhone 15 Pro have surfaced in recent days, causing quite a stir. It is speculated that the iPhone 15 Pro (Max) may offer an impressive storage capacity of up to 2TB. Previous information suggested that, like the iPhone 14, the Pro models will launch with a rather scant 128GB storage, which disappointed some users. This potential improvement could make the rumored price increase of the iPhone 15 Pro seem more reasonable. But caution is advised, as the sources themselves do not seem entirely trustworthy.<\/strong><\/p>\n\n\n\n<p>The current iPhone 14 models offer 128 GB of base storage, which is considered a bit tight for the Pro models. It is believed that Apple could introduce a new option with an impressive storage capacity of up to 2 TB with the iPhone 15 Pro and Pro Max this year. In addition, the iPhone 15 Pro could launch with a minimum storage size of 256 GB. However, these speculations should be treated with caution as the sources are not completely reliable.<\/p>\n\n\n\n<h3 class=\"wp-block-heading\" id=\"h-beeindruckende-speicherkapazitat-iphone-15-pro-im-fokus\">Impressive storage capacity: iPhone 15 Pro in focus<\/h3>\n\n\n\n<p>The storage sizes of the iPhone models so far have disappointed some users as they started with a base storage of 128GB and only the Pro models had an option for 1TB storage. This was considered insufficient for the needs of the more demanding users. However, recent rumors suggest that this could change with the iPhone 15 Pro. A Korean blogger by the name of yeux1122 <a href=\"https:\/\/m.blog.naver.com\/yeux1122\/223175715389\" target=\"_blank\" rel=\"noreferrer noopener\">claimed<\/a>that the iPhone 15 Pro models will have an extended storage capacity of up to 2 TB. This information is provided by a Weibo user <a href=\"https:\/\/weibo.com\/5601796159\/4931807738593495\" target=\"_blank\" rel=\"noreferrer noopener\">supports<\/a>, who adds that the iPhone 15 Pro may be available with a minimum storage size of 256GB. This would mean that the Pro models will each offer double the storage capacity at each tier:<\/p>\n\n\n\n<ul class=\"wp-block-list\">\n<li>256 GB<\/li>\n\n\n\n<li>512 GB<\/li>\n\n\n\n<li>1 TB<\/li>\n\n\n\n<li>2 TB<\/li>\n<\/ul>\n\n\n\n<p>However, it is important to emphasize that this information is not officially confirmed and should be viewed with caution.<\/p>\n\n\n\n<h3 class=\"wp-block-heading\">More storage space could mitigate the potential price increase<\/h3>\n\n\n\n\n\n\n\n<p>Speculations about the iPhone 15 Pro&#039;s improved storage capacity have caught users&#039; attention and may somewhat mitigate the potential price increase for the Pro models. If the rumors are true, users could be satisfied with a minimum storage size of 256GB, which would be a significant improvement over the current models. Still, caution is advised as sources have not always been reliable. It remains to be seen when Apple officially announces the iPhone 15 Pro&#039;s specifications. Looking for new accessories? Then take a look\u00a0<a href=\"https:\/\/www.amazon.de\/shop\/apfelpatientofficial\" target=\"_blank\" rel=\"noreferrer noopener\">in our Amazon Storefront<\/a>\u00a0- there you will find numerous products from leading suppliers, also for HomeKit and Co.! (Photo by hadrian \/ Bigstockphoto)<\/p>\n\n\n\n<ul class=\"wp-block-list\">\n<li><a href=\"https:\/\/www.apfelpatient.de\/en\/rumors\/iphone-15-launch-expected-in-september\">iPhone 15: Presentation &amp; sales launch expected in September<\/a><\/li>\n<\/ul>\n\n\n\n<h6 class=\"wp-block-heading translation-block\" id=\"h-kennt-ihr-schon-unsere-amazon-storefront-dort-findet-ihr-eine-handverlesene-auswahl-von-diversen-produkten-f-r-euer-iphone-und-co-viel-spa-beim-st-bern\"><em>Have you already visited our Amazon Storefront? There you&#039;ll find a hand-picked selection of various products for your iPhone and other devices \u2013 <span class=\"has-inline-color has-vivid-red-color\"><a href=\"https:\/\/www.amazon.de\/shop\/apfelpatientofficial\" class=\"ek-link\" data-wpel-link=\"exclude\" rel=\"follow noopener\" target=\"_self\"><span style=\"text-decoration: underline\" class=\"ek-underline\">enjoy browsing<\/span><\/a> !<\/span><\/em><\/h6>\n\n\n\n<h6 class=\"wp-block-heading translation-block\" id=\"h-der-beitrag-enthalt-partnerlinks\">This post contains <a data-type=\"URL\" data-id=\"https:\/\/www.apfelpatient.de\/partnerprogramm\" href=\"https:\/\/www.apfelpatient.de\/en\/partner-program\" data-wpel-link=\"internal\" target=\"_self\">affiliate links<\/a>.<\/h6>","protected":false},"excerpt":{"rendered":"<p>Discover the new iPhone 15 Pro: Find out exciting rumors about the possible storage capacity of the upcoming model.<\/p>","protected":false},"author":2,"featured_media":39748,"comment_status":"closed","ping_status":"closed","sticky":false,"template":"","format":"standard","meta":{"jnews-multi-image_gallery":[],"jnews_single_post":{"subtitle":"","format":"standard","video":"","gallery":"","source_name":"","source_url":"","via_name":"","via_url":"","override":[{"single_blog_custom":"","sidebar":"","second_sidebar":"","share_position":"","share_float_style":"","post_date_format":"","post_date_format_custom":"","post_reading_time_wpm":"","zoom_button_out_step":"1","zoom_button_in_step":"1","number_popup_post":"1"}],"image_override":[{"single_post_thumbnail_size":"","single_post_gallery_size":""}],"trending_post_position":"","trending_post_label":"","sponsored_post_label":"","sponsored_post_name":"","sponsored_post_url":"","sponsored_post_logo":"","sponsored_post_desc":""},"jnews_primary_category":{"id":"25"},"footnotes":""},"categories":[25],"tags":[8,689,579],"class_list":["post-39746","post","type-post","status-publish","format-standard","has-post-thumbnail","hentry","category-rumors","tag-iphone","tag-iphone-15","tag-iphone-2023"],"yoast_head":"<!-- This site is optimized with the Yoast SEO Premium plugin v27.5 (Yoast SEO v27.5) - https:\/\/yoast.com\/product\/yoast-seo-premium-wordpress\/ -->\n<title>iPhone 15 Pro: Ger\u00fcchte zur Speicherkapazit\u00e4t Apfelpatient<\/title>\n<meta name=\"description\" content=\"Entdecke das neue iPhone 15 Pro: Erfahre aufregende Ger\u00fcchte \u00fcber die m\u00f6gliche Speicherkapazit\u00e4t des kommenden Modells.\" \/>\n<meta name=\"robots\" content=\"index, follow, max-snippet:-1, max-image-preview:large, max-video-preview:-1\" \/>\n<link rel=\"canonical\" href=\"https:\/\/www.apfelpatient.de\/en\/rumors\/iphone-15-pro-storage-capacity-rumors\" \/>\n<meta property=\"og:locale\" content=\"en_US\" \/>\n<meta property=\"og:type\" content=\"article\" \/>\n<meta property=\"og:title\" content=\"iPhone 15 Pro: Ger\u00fcchte zur Speicherkapazit\u00e4t\" \/>\n<meta property=\"og:description\" content=\"Entdecke das neue iPhone 15 Pro: Erfahre aufregende Ger\u00fcchte \u00fcber die m\u00f6gliche Speicherkapazit\u00e4t des kommenden Modells.\" \/>\n<meta property=\"og:url\" content=\"https:\/\/www.apfelpatient.de\/en\/rumors\/iphone-15-pro-storage-capacity-rumors\" \/>\n<meta property=\"og:site_name\" content=\"Apfelpatient\" \/>\n<meta property=\"article:publisher\" content=\"https:\/\/www.facebook.com\/apfelpatientOfficial\" \/>\n<meta property=\"article:author\" content=\"https:\/\/www.facebook.com\/apfelpatientOfficial\" \/>\n<meta property=\"article:published_time\" content=\"2023-08-07T16:39:56+00:00\" \/>\n<meta property=\"article:modified_time\" content=\"2023-08-07T16:39:57+00:00\" \/>\n<meta property=\"og:image\" content=\"https:\/\/www.apfelpatient.de\/wp-content\/uploads\/2023\/08\/bigstock-London-United-Kingdom-Sep-468361261.jpg\" \/>\n\t<meta property=\"og:image:width\" content=\"1600\" \/>\n\t<meta property=\"og:image:height\" content=\"949\" \/>\n\t<meta property=\"og:image:type\" content=\"image\/jpeg\" \/>\n<meta name=\"author\" content=\"Milan\" \/>\n<meta name=\"twitter:card\" content=\"summary_large_image\" \/>\n<meta name=\"twitter:description\" content=\"Entdecke das neue iPhone 15 Pro: Erfahre aufregende Ger\u00fcchte \u00fcber die m\u00f6gliche Speicherkapazit\u00e4t des kommenden Modells.\" \/>\n<meta name=\"twitter:label1\" content=\"Written by\" \/>\n\t<meta name=\"twitter:data1\" content=\"Milan\" \/>\n\t<meta name=\"twitter:label2\" content=\"Est. reading time\" \/>\n\t<meta name=\"twitter:data2\" content=\"3 minutes\" \/>\n<script type=\"application\/ld+json\" class=\"yoast-schema-graph\">{\"@context\":\"https:\\\/\\\/schema.org\",\"@graph\":[{\"@type\":\"NewsArticle\",\"@id\":\"https:\\\/\\\/www.apfelpatient.de\\\/rumors\\\/iphone-15-pro-geruechte-zur-speicherkapazitaet#article\",\"isPartOf\":{\"@id\":\"https:\\\/\\\/www.apfelpatient.de\\\/rumors\\\/iphone-15-pro-geruechte-zur-speicherkapazitaet\"},\"author\":{\"@type\":\"Organization\",\"@id\":\"https:\\\/\\\/www.apfelpatient.de\\\/en\\\/#organization\",\"name\":\"Apfelpatient\",\"url\":\"https:\\\/\\\/www.apfelpatient.de\\\/en\\\/\"},\"headline\":\"iPhone 15 Pro: Ger\u00fcchte zur Speicherkapazit\u00e4t\",\"datePublished\":\"2023-08-07T16:39:56+00:00\",\"dateModified\":\"2023-08-07T16:39:57+00:00\",\"mainEntityOfPage\":{\"@id\":\"https:\\\/\\\/www.apfelpatient.de\\\/rumors\\\/iphone-15-pro-geruechte-zur-speicherkapazitaet\"},\"wordCount\":475,\"publisher\":{\"@type\":\"Organization\",\"@id\":\"https:\\\/\\\/www.apfelpatient.de\\\/en\\\/#organization\",\"name\":\"Apfelpatient\",\"url\":\"https:\\\/\\\/www.apfelpatient.de\\\/en\\\/\"},\"image\":{\"@id\":\"https:\\\/\\\/www.apfelpatient.de\\\/rumors\\\/iphone-15-pro-geruechte-zur-speicherkapazitaet#primaryimage\"},\"thumbnailUrl\":\"https:\\\/\\\/www.apfelpatient.de\\\/wp-content\\\/uploads\\\/2023\\\/08\\\/bigstock-London-United-Kingdom-Sep-468361261.jpg\",\"keywords\":[\"iPhone\",\"iPhone 15\",\"iPhone 2023\"],\"articleSection\":\"Rumors\",\"inLanguage\":\"en-US\",\"copyrightYear\":\"2023\",\"copyrightHolder\":{\"@id\":\"https:\\\/\\\/www.apfelpatient.de\\\/en\\\/#organization\"}},{\"@type\":\"WebPage\",\"@id\":\"https:\\\/\\\/www.apfelpatient.de\\\/rumors\\\/iphone-15-pro-geruechte-zur-speicherkapazitaet\",\"url\":\"https:\\\/\\\/www.apfelpatient.de\\\/rumors\\\/iphone-15-pro-geruechte-zur-speicherkapazitaet\",\"name\":\"iPhone 15 Pro: Ger\u00fcchte zur Speicherkapazit\u00e4t Apfelpatient\",\"isPartOf\":{\"@id\":\"https:\\\/\\\/www.apfelpatient.de\\\/#website\"},\"primaryImageOfPage\":{\"@id\":\"https:\\\/\\\/www.apfelpatient.de\\\/rumors\\\/iphone-15-pro-geruechte-zur-speicherkapazitaet#primaryimage\"},\"image\":{\"@id\":\"https:\\\/\\\/www.apfelpatient.de\\\/rumors\\\/iphone-15-pro-geruechte-zur-speicherkapazitaet#primaryimage\"},\"thumbnailUrl\":\"https:\\\/\\\/www.apfelpatient.de\\\/wp-content\\\/uploads\\\/2023\\\/08\\\/bigstock-London-United-Kingdom-Sep-468361261.jpg\",\"datePublished\":\"2023-08-07T16:39:56+00:00\",\"dateModified\":\"2023-08-07T16:39:57+00:00\",\"description\":\"Entdecke das neue iPhone 15 Pro: Erfahre aufregende Ger\u00fcchte \u00fcber die m\u00f6gliche Speicherkapazit\u00e4t des kommenden Modells.\",\"breadcrumb\":{\"@id\":\"https:\\\/\\\/www.apfelpatient.de\\\/rumors\\\/iphone-15-pro-geruechte-zur-speicherkapazitaet#breadcrumb\"},\"inLanguage\":\"en-US\",\"potentialAction\":[{\"@type\":\"ReadAction\",\"target\":[\"https:\\\/\\\/www.apfelpatient.de\\\/rumors\\\/iphone-15-pro-geruechte-zur-speicherkapazitaet\"]}]},{\"@type\":\"ImageObject\",\"inLanguage\":\"en-US\",\"@id\":\"https:\\\/\\\/www.apfelpatient.de\\\/rumors\\\/iphone-15-pro-geruechte-zur-speicherkapazitaet#primaryimage\",\"url\":\"https:\\\/\\\/www.apfelpatient.de\\\/wp-content\\\/uploads\\\/2023\\\/08\\\/bigstock-London-United-Kingdom-Sep-468361261.jpg\",\"contentUrl\":\"https:\\\/\\\/www.apfelpatient.de\\\/wp-content\\\/uploads\\\/2023\\\/08\\\/bigstock-London-United-Kingdom-Sep-468361261.jpg\",\"width\":1600,\"height\":949,\"caption\":\"London, United Kingdom - Sep 28, 2022: Side view woman holding package of newly released iPhone 14 pro smartphone by Apple Computers with always-on display and dinamyc island featuring innovative 48MP camera for mind-blowing detail.\"},{\"@type\":\"BreadcrumbList\",\"@id\":\"https:\\\/\\\/www.apfelpatient.de\\\/rumors\\\/iphone-15-pro-geruechte-zur-speicherkapazitaet#breadcrumb\",\"itemListElement\":[{\"@type\":\"ListItem\",\"position\":1,\"name\":\"Startseite\",\"item\":\"https:\\\/\\\/www.apfelpatient.de\\\/\"},{\"@type\":\"ListItem\",\"position\":2,\"name\":\"iPhone 15 Pro: Ger\u00fcchte zur Speicherkapazit\u00e4t\"}]},{\"@type\":\"WebSite\",\"@id\":\"https:\\\/\\\/www.apfelpatient.de\\\/#website\",\"url\":\"https:\\\/\\\/www.apfelpatient.de\\\/\",\"name\":\"Apfelpatient\",\"description\":\"Alles rund um Apple!\",\"publisher\":{\"@type\":\"Organization\",\"@id\":\"https:\\\/\\\/www.apfelpatient.de\\\/en\\\/#organization\",\"name\":\"Apfelpatient\",\"url\":\"https:\\\/\\\/www.apfelpatient.de\\\/en\\\/\"},\"alternateName\":\"Apfelpatient\",\"potentialAction\":[{\"@type\":\"SearchAction\",\"target\":{\"@type\":\"EntryPoint\",\"urlTemplate\":\"https:\\\/\\\/www.apfelpatient.de\\\/?s={search_term_string}\"},\"query-input\":{\"@type\":\"PropertyValueSpecification\",\"valueRequired\":true,\"valueName\":\"search_term_string\"}}],\"inLanguage\":\"en-US\"},{\"@type\":[\"Person\",\"Organization\"],\"@id\":\"https:\\\/\\\/www.apfelpatient.de\\\/#\\\/schema\\\/person\\\/7dc56ad6c8e9824b76d2c08d4c140e13\",\"name\":\"Milan\",\"logo\":{\"@id\":\"https:\\\/\\\/www.apfelpatient.de\\\/#\\\/schema\\\/person\\\/image\\\/\"},\"description\":\"Hallo und herzlich willkommen auf meinem Technik-Blog! Als gro\u00dfer Apple-Fan berichte ich hier \u00fcber alles, was mit Apple zu tun hat: von den neuesten News und spannenden Ger\u00fcchten \u00fcber hilfreiche Tipps und Tricks bis hin zu ausf\u00fchrlichen Produkttests. Wenn du genauso technikbegeistert bist wie ich, bist du hier genau richtig!\",\"sameAs\":[\"https:\\\/\\\/www.facebook.com\\\/apfelpatientOfficial\",\"https:\\\/\\\/www.linkedin.com\\\/in\\\/milan-jovicic-42aa0231b\"],\"url\":\"https:\\\/\\\/www.apfelpatient.de\\\/en\\\/author\\\/apfeladmin\"}]}<\/script>\n<!-- \/ Yoast SEO Premium plugin. -->","yoast_head_json":{"title":"iPhone 15 Pro: Rumors about storage capacity Apfelpatient","description":"Discover the new iPhone 15 Pro: Find out exciting rumors about the possible storage capacity of the upcoming model.","robots":{"index":"index","follow":"follow","max-snippet":"max-snippet:-1","max-image-preview":"max-image-preview:large","max-video-preview":"max-video-preview:-1"},"canonical":"https:\/\/www.apfelpatient.de\/en\/rumors\/iphone-15-pro-storage-capacity-rumors","og_locale":"en_US","og_type":"article","og_title":"iPhone 15 Pro: Ger\u00fcchte zur Speicherkapazit\u00e4t","og_description":"Entdecke das neue iPhone 15 Pro: Erfahre aufregende Ger\u00fcchte \u00fcber die m\u00f6gliche Speicherkapazit\u00e4t des kommenden Modells.","og_url":"https:\/\/www.apfelpatient.de\/en\/rumors\/iphone-15-pro-storage-capacity-rumors","og_site_name":"Apfelpatient","article_publisher":"https:\/\/www.facebook.com\/apfelpatientOfficial","article_author":"https:\/\/www.facebook.com\/apfelpatientOfficial","article_published_time":"2023-08-07T16:39:56+00:00","article_modified_time":"2023-08-07T16:39:57+00:00","og_image":[{"width":1600,"height":949,"url":"https:\/\/www.apfelpatient.de\/wp-content\/uploads\/2023\/08\/bigstock-London-United-Kingdom-Sep-468361261.jpg","type":"image\/jpeg"}],"author":"Milan","twitter_card":"summary_large_image","twitter_description":"Entdecke das neue iPhone 15 Pro: Erfahre aufregende Ger\u00fcchte \u00fcber die m\u00f6gliche Speicherkapazit\u00e4t des kommenden Modells.","twitter_misc":{"Written by":"Milan","Est. reading time":"3 minutes"},"schema":{"@context":"https:\/\/schema.org","@graph":[{"@type":"NewsArticle","@id":"https:\/\/www.apfelpatient.de\/rumors\/iphone-15-pro-geruechte-zur-speicherkapazitaet#article","isPartOf":{"@id":"https:\/\/www.apfelpatient.de\/rumors\/iphone-15-pro-geruechte-zur-speicherkapazitaet"},"author":{"@type":"Organization","@id":"https:\/\/www.apfelpatient.de\/en\/#organization","name":"Apfelpatient","url":"https:\/\/www.apfelpatient.de\/en\/"},"headline":"iPhone 15 Pro: Ger\u00fcchte zur Speicherkapazit\u00e4t","datePublished":"2023-08-07T16:39:56+00:00","dateModified":"2023-08-07T16:39:57+00:00","mainEntityOfPage":{"@id":"https:\/\/www.apfelpatient.de\/rumors\/iphone-15-pro-geruechte-zur-speicherkapazitaet"},"wordCount":475,"publisher":{"@type":"Organization","@id":"https:\/\/www.apfelpatient.de\/en\/#organization","name":"Apfelpatient","url":"https:\/\/www.apfelpatient.de\/en\/"},"image":{"@id":"https:\/\/www.apfelpatient.de\/rumors\/iphone-15-pro-geruechte-zur-speicherkapazitaet#primaryimage"},"thumbnailUrl":"https:\/\/www.apfelpatient.de\/wp-content\/uploads\/2023\/08\/bigstock-London-United-Kingdom-Sep-468361261.jpg","keywords":["iPhone","iPhone 15","iPhone 2023"],"articleSection":"Rumors","inLanguage":"en-US","copyrightYear":"2023","copyrightHolder":{"@id":"https:\/\/www.apfelpatient.de\/en\/#organization"}},{"@type":"WebPage","@id":"https:\/\/www.apfelpatient.de\/rumors\/iphone-15-pro-geruechte-zur-speicherkapazitaet","url":"https:\/\/www.apfelpatient.de\/rumors\/iphone-15-pro-geruechte-zur-speicherkapazitaet","name":"iPhone 15 Pro: Rumors about storage capacity Apfelpatient","isPartOf":{"@id":"https:\/\/www.apfelpatient.de\/#website"},"primaryImageOfPage":{"@id":"https:\/\/www.apfelpatient.de\/rumors\/iphone-15-pro-geruechte-zur-speicherkapazitaet#primaryimage"},"image":{"@id":"https:\/\/www.apfelpatient.de\/rumors\/iphone-15-pro-geruechte-zur-speicherkapazitaet#primaryimage"},"thumbnailUrl":"https:\/\/www.apfelpatient.de\/wp-content\/uploads\/2023\/08\/bigstock-London-United-Kingdom-Sep-468361261.jpg","datePublished":"2023-08-07T16:39:56+00:00","dateModified":"2023-08-07T16:39:57+00:00","description":"Discover the new iPhone 15 Pro: Find out exciting rumors about the possible storage capacity of the upcoming model.","breadcrumb":{"@id":"https:\/\/www.apfelpatient.de\/rumors\/iphone-15-pro-geruechte-zur-speicherkapazitaet#breadcrumb"},"inLanguage":"en-US","potentialAction":[{"@type":"ReadAction","target":["https:\/\/www.apfelpatient.de\/rumors\/iphone-15-pro-geruechte-zur-speicherkapazitaet"]}]},{"@type":"ImageObject","inLanguage":"en-US","@id":"https:\/\/www.apfelpatient.de\/rumors\/iphone-15-pro-geruechte-zur-speicherkapazitaet#primaryimage","url":"https:\/\/www.apfelpatient.de\/wp-content\/uploads\/2023\/08\/bigstock-London-United-Kingdom-Sep-468361261.jpg","contentUrl":"https:\/\/www.apfelpatient.de\/wp-content\/uploads\/2023\/08\/bigstock-London-United-Kingdom-Sep-468361261.jpg","width":1600,"height":949,"caption":"London, United Kingdom - Sep 28, 2022: Side view woman holding package of newly released iPhone 14 pro smartphone by Apple Computers with always-on display and dinamyc island featuring innovative 48MP camera for mind-blowing detail."},{"@type":"BreadcrumbList","@id":"https:\/\/www.apfelpatient.de\/rumors\/iphone-15-pro-geruechte-zur-speicherkapazitaet#breadcrumb","itemListElement":[{"@type":"ListItem","position":1,"name":"Startseite","item":"https:\/\/www.apfelpatient.de\/"},{"@type":"ListItem","position":2,"name":"iPhone 15 Pro: Ger\u00fcchte zur Speicherkapazit\u00e4t"}]},{"@type":"WebSite","@id":"https:\/\/www.apfelpatient.de\/#website","url":"https:\/\/www.apfelpatient.de\/","name":"apple patient","description":"Everything about Apple!","publisher":{"@type":"Organization","@id":"https:\/\/www.apfelpatient.de\/en\/#organization","name":"Apfelpatient","url":"https:\/\/www.apfelpatient.de\/en\/"},"alternateName":"Apfelpatient","potentialAction":[{"@type":"SearchAction","target":{"@type":"EntryPoint","urlTemplate":"https:\/\/www.apfelpatient.de\/?s={search_term_string}"},"query-input":{"@type":"PropertyValueSpecification","valueRequired":true,"valueName":"search_term_string"}}],"inLanguage":"en-US"},{"@type":["Person","Organization"],"@id":"https:\/\/www.apfelpatient.de\/#\/schema\/person\/7dc56ad6c8e9824b76d2c08d4c140e13","name":"Milan","logo":{"@id":"https:\/\/www.apfelpatient.de\/#\/schema\/person\/image\/"},"description":"Hello and welcome to my technology blog! As a big Apple fan, I report on everything to do with Apple: from the latest news and exciting rumors to helpful tips and tricks and detailed product tests. If you are as enthusiastic about technology as I am, you have come to the right place!","sameAs":["https:\/\/www.facebook.com\/apfelpatientOfficial","https:\/\/www.linkedin.com\/in\/milan-jovicic-42aa0231b"],"url":"https:\/\/www.apfelpatient.de\/en\/author\/apfeladmin"}]}},"_links":{"self":[{"href":"https:\/\/www.apfelpatient.de\/en\/wp-json\/wp\/v2\/posts\/39746","targetHints":{"allow":["GET"]}}],"collection":[{"href":"https:\/\/www.apfelpatient.de\/en\/wp-json\/wp\/v2\/posts"}],"about":[{"href":"https:\/\/www.apfelpatient.de\/en\/wp-json\/wp\/v2\/types\/post"}],"author":[{"embeddable":true,"href":"https:\/\/www.apfelpatient.de\/en\/wp-json\/wp\/v2\/users\/2"}],"replies":[{"embeddable":true,"href":"https:\/\/www.apfelpatient.de\/en\/wp-json\/wp\/v2\/comments?post=39746"}],"version-history":[{"count":0,"href":"https:\/\/www.apfelpatient.de\/en\/wp-json\/wp\/v2\/posts\/39746\/revisions"}],"wp:featuredmedia":[{"embeddable":true,"href":"https:\/\/www.apfelpatient.de\/en\/wp-json\/wp\/v2\/media\/39748"}],"wp:attachment":[{"href":"https:\/\/www.apfelpatient.de\/en\/wp-json\/wp\/v2\/media?parent=39746"}],"wp:term":[{"taxonomy":"category","embeddable":true,"href":"https:\/\/www.apfelpatient.de\/en\/wp-json\/wp\/v2\/categories?post=39746"},{"taxonomy":"post_tag","embeddable":true,"href":"https:\/\/www.apfelpatient.de\/en\/wp-json\/wp\/v2\/tags?post=39746"}],"curies":[{"name":"wp","href":"https:\/\/api.w.org\/{rel}","templated":true}]}}