{"id":39708,"date":"2023-08-02T18:42:45","date_gmt":"2023-08-02T16:42:45","guid":{"rendered":"https:\/\/www.apfelpatient.de\/?p=39708"},"modified":"2023-08-02T18:42:45","modified_gmt":"2023-08-02T16:42:45","slug":"second-generation-airtag-exciting-integrations","status":"publish","type":"post","link":"https:\/\/www.apfelpatient.de\/en\/rumors\/airtag-der-zweiten-generation-spannende-integrationen","title":{"rendered":"Second generation AirTag: Exciting integrations"},"content":{"rendered":"<p class=\"has-drop-cap\"><strong>Renowned Apple analyst Ming-Chi Kuo has released new information about the AirTag. According to him, Apple suppliers are expected to begin mass production of a second generation of the AirTag in late 2024. The article sheds light on this forecast and takes a look at possible improvements and integrations of the new AirTag into Apple&#039;s upcoming Vision Pro headset.<\/strong><\/p>\n\n\n\n<p>Launched in April 2021, the AirTag is a popular item tracker that allows users to find their lost belongings using Apple&#039;s technology. The current AirTag features a U1 chip for ultra-wideband, which enables precise localization, but now a new generation of the AirTag is on the horizon, which is expected to offer even more features and better integration into Apple&#039;s ecosystem.<\/p>\n\n\n\n<h3 class=\"wp-block-heading\" id=\"h-verbesserungen-und-integration-in-vision-pro\">Improvements and integration in Vision Pro<\/h3>\n\n\n\n<p>Ming-Chi Kuo <a href=\"https:\/\/twitter.com\/mingchikuo\/status\/1686754705693888512\" target=\"_blank\" rel=\"noreferrer noopener\">speculated<\/a>that the new AirTag will receive optimized integration with Apple&#039;s upcoming Vision Pro headset, which will be part of a spatial computing ecosystem. Although no further details on the item tracker&#039;s possible new features were revealed, it is safe to assume that Apple is working on making the AirTag even more powerful and versatile. Kuo&#039;s prediction also suggests that both the new AirTag and the upcoming iPhone 15 models may come with an improved U2 chip for ultra-wideband. This could enable even more precise localization and better linking between devices.<\/p>\n\n\n\n<h3 class=\"wp-block-heading\">Outlook on the market launch of the new AirTag<\/h3>\n\n\n\n\n\n\n\n<p>Although the launch of the new AirTag is still over a year away, the tech community will surely be watching closely for more rumors and information about this accessory in the coming months. With possible improved integration with the Vision Pro headset and a more powerful U2 chip, the AirTags could become even more effective and useful for users. It remains to be seen what innovations Apple will bring to the second generation of the AirTag and how it could revolutionize tracking lost items. (Photo by Masarik \/ Bigstockphoto)<\/p>\n\n\n\n<ul class=\"wp-block-list\">\n<li><a href=\"https:\/\/www.apfelpatient.de\/en\/news\/new-feature-in-ios-17-airtags-sharing-made-easy\">New feature in iOS 17: Sharing AirTags made easy<\/a><\/li>\n<\/ul>\n\n\n\n<h6 class=\"wp-block-heading translation-block\" id=\"h-kennt-ihr-schon-unsere-amazon-storefront-dort-findet-ihr-eine-handverlesene-auswahl-von-diversen-produkten-f-r-euer-iphone-und-co-viel-spa-beim-st-bern\"><em>Have you already visited our Amazon Storefront? There you&#039;ll find a hand-picked selection of various products for your iPhone and other devices \u2013 <span class=\"has-inline-color has-vivid-red-color\"><a href=\"https:\/\/www.amazon.de\/shop\/apfelpatientofficial\" class=\"ek-link\" data-wpel-link=\"exclude\" rel=\"follow noopener\" target=\"_self\"><span style=\"text-decoration: underline\" class=\"ek-underline\">enjoy browsing<\/span><\/a> !<\/span><\/em><\/h6>\n\n\n\n<h6 class=\"wp-block-heading translation-block\" id=\"h-der-beitrag-enthalt-partnerlinks\">This post contains <a data-type=\"URL\" data-id=\"https:\/\/www.apfelpatient.de\/partnerprogramm\" href=\"https:\/\/www.apfelpatient.de\/en\/partner-program\" data-wpel-link=\"internal\" target=\"_self\">affiliate links<\/a>.<\/h6>","protected":false},"excerpt":{"rendered":"<p>Discover the AirTag 2nd generation: New features and Vision Pro integrations \u2013 Learn all about Apple&#039;s upcoming item tracker!<\/p>","protected":false},"author":2,"featured_media":33001,"comment_status":"closed","ping_status":"closed","sticky":false,"template":"","format":"standard","meta":{"jnews-multi-image_gallery":[],"jnews_single_post":{"subtitle":"","format":"standard","video":"","gallery":"","source_name":"","source_url":"","via_name":"","via_url":"","override":[{"single_blog_custom":"","sidebar":"","second_sidebar":"","share_position":"","share_float_style":"","post_date_format":"","post_date_format_custom":"","post_reading_time_wpm":"","zoom_button_out_step":"1","zoom_button_in_step":"1","number_popup_post":"1"}],"image_override":[{"single_post_thumbnail_size":"","single_post_gallery_size":""}],"trending_post_position":"","trending_post_label":"","sponsored_post_label":"","sponsored_post_name":"","sponsored_post_url":"","sponsored_post_logo":"","sponsored_post_desc":""},"jnews_primary_category":{"id":"25"},"footnotes":""},"categories":[25],"tags":[328],"class_list":["post-39708","post","type-post","status-publish","format-standard","has-post-thumbnail","hentry","category-rumors","tag-airtag"],"yoast_head":"<!-- This site is optimized with the Yoast SEO Premium plugin v27.4 (Yoast SEO v27.4) - https:\/\/yoast.com\/product\/yoast-seo-premium-wordpress\/ -->\n<title>AirTag der zweiten Generation: Spannende Integrationen Apfelpatient<\/title>\n<meta name=\"description\" content=\"Entdecke die AirTag 2. Generation: Neue Funktionen und Vision Pro Integrationen - Erfahre alles \u00fcber den kommenden Item Tracker von Apple!\" \/>\n<meta name=\"robots\" content=\"index, follow, max-snippet:-1, max-image-preview:large, max-video-preview:-1\" \/>\n<link rel=\"canonical\" href=\"https:\/\/www.apfelpatient.de\/en\/rumors\/second-generation-airtag-exciting-integrations\" \/>\n<meta property=\"og:locale\" content=\"en_US\" \/>\n<meta property=\"og:type\" content=\"article\" \/>\n<meta property=\"og:title\" content=\"AirTag der zweiten Generation: Spannende Integrationen\" \/>\n<meta property=\"og:description\" content=\"Entdecke die AirTag 2. Generation: Neue Funktionen und Vision Pro Integrationen - Erfahre alles \u00fcber den kommenden Item Tracker von Apple!\" \/>\n<meta property=\"og:url\" content=\"https:\/\/www.apfelpatient.de\/en\/rumors\/second-generation-airtag-exciting-integrations\" \/>\n<meta property=\"og:site_name\" content=\"Apfelpatient\" \/>\n<meta property=\"article:publisher\" content=\"https:\/\/www.facebook.com\/apfelpatientOfficial\" \/>\n<meta property=\"article:author\" content=\"https:\/\/www.facebook.com\/apfelpatientOfficial\" \/>\n<meta property=\"article:published_time\" content=\"2023-08-02T16:42:45+00:00\" \/>\n<meta property=\"og:image\" content=\"https:\/\/www.apfelpatient.de\/wp-content\/uploads\/2022\/07\/bigstock-Rostov-Russia-April-455074985.jpg\" \/>\n\t<meta property=\"og:image:width\" content=\"1600\" \/>\n\t<meta property=\"og:image:height\" content=\"1067\" \/>\n\t<meta property=\"og:image:type\" content=\"image\/jpeg\" \/>\n<meta name=\"author\" content=\"Milan\" \/>\n<meta name=\"twitter:card\" content=\"summary_large_image\" \/>\n<meta name=\"twitter:description\" content=\"Entdecke die AirTag 2. Generation: Neue Funktionen und Vision Pro Integrationen - Erfahre alles \u00fcber den kommenden Item Tracker von Apple!\" \/>\n<meta name=\"twitter:label1\" content=\"Written by\" \/>\n\t<meta name=\"twitter:data1\" content=\"Milan\" \/>\n\t<meta name=\"twitter:label2\" content=\"Est. reading time\" \/>\n\t<meta name=\"twitter:data2\" content=\"2 minutes\" \/>\n<script type=\"application\/ld+json\" class=\"yoast-schema-graph\">{\"@context\":\"https:\\\/\\\/schema.org\",\"@graph\":[{\"@type\":\"NewsArticle\",\"@id\":\"https:\\\/\\\/www.apfelpatient.de\\\/rumors\\\/airtag-der-zweiten-generation-spannende-integrationen#article\",\"isPartOf\":{\"@id\":\"https:\\\/\\\/www.apfelpatient.de\\\/rumors\\\/airtag-der-zweiten-generation-spannende-integrationen\"},\"author\":{\"@type\":\"Organization\",\"@id\":\"https:\\\/\\\/www.apfelpatient.de\\\/en\\\/#organization\",\"name\":\"Apfelpatient\",\"url\":\"https:\\\/\\\/www.apfelpatient.de\\\/en\\\/\"},\"headline\":\"AirTag der zweiten Generation: Spannende Integrationen\",\"datePublished\":\"2023-08-02T16:42:45+00:00\",\"mainEntityOfPage\":{\"@id\":\"https:\\\/\\\/www.apfelpatient.de\\\/rumors\\\/airtag-der-zweiten-generation-spannende-integrationen\"},\"wordCount\":357,\"publisher\":{\"@type\":\"Organization\",\"@id\":\"https:\\\/\\\/www.apfelpatient.de\\\/en\\\/#organization\",\"name\":\"Apfelpatient\",\"url\":\"https:\\\/\\\/www.apfelpatient.de\\\/en\\\/\"},\"image\":{\"@id\":\"https:\\\/\\\/www.apfelpatient.de\\\/rumors\\\/airtag-der-zweiten-generation-spannende-integrationen#primaryimage\"},\"thumbnailUrl\":\"https:\\\/\\\/www.apfelpatient.de\\\/wp-content\\\/uploads\\\/2022\\\/07\\\/bigstock-Rostov-Russia-April-455074985.jpg\",\"keywords\":[\"AirTags\"],\"articleSection\":\"Rumors\",\"inLanguage\":\"en-US\",\"copyrightYear\":\"2023\",\"copyrightHolder\":{\"@id\":\"https:\\\/\\\/www.apfelpatient.de\\\/en\\\/#organization\"}},{\"@type\":\"WebPage\",\"@id\":\"https:\\\/\\\/www.apfelpatient.de\\\/rumors\\\/airtag-der-zweiten-generation-spannende-integrationen\",\"url\":\"https:\\\/\\\/www.apfelpatient.de\\\/rumors\\\/airtag-der-zweiten-generation-spannende-integrationen\",\"name\":\"AirTag der zweiten Generation: Spannende Integrationen Apfelpatient\",\"isPartOf\":{\"@id\":\"https:\\\/\\\/www.apfelpatient.de\\\/#website\"},\"primaryImageOfPage\":{\"@id\":\"https:\\\/\\\/www.apfelpatient.de\\\/rumors\\\/airtag-der-zweiten-generation-spannende-integrationen#primaryimage\"},\"image\":{\"@id\":\"https:\\\/\\\/www.apfelpatient.de\\\/rumors\\\/airtag-der-zweiten-generation-spannende-integrationen#primaryimage\"},\"thumbnailUrl\":\"https:\\\/\\\/www.apfelpatient.de\\\/wp-content\\\/uploads\\\/2022\\\/07\\\/bigstock-Rostov-Russia-April-455074985.jpg\",\"datePublished\":\"2023-08-02T16:42:45+00:00\",\"description\":\"Entdecke die AirTag 2. Generation: Neue Funktionen und Vision Pro Integrationen - Erfahre alles \u00fcber den kommenden Item Tracker von Apple!\",\"breadcrumb\":{\"@id\":\"https:\\\/\\\/www.apfelpatient.de\\\/rumors\\\/airtag-der-zweiten-generation-spannende-integrationen#breadcrumb\"},\"inLanguage\":\"en-US\",\"potentialAction\":[{\"@type\":\"ReadAction\",\"target\":[\"https:\\\/\\\/www.apfelpatient.de\\\/rumors\\\/airtag-der-zweiten-generation-spannende-integrationen\"]}]},{\"@type\":\"ImageObject\",\"inLanguage\":\"en-US\",\"@id\":\"https:\\\/\\\/www.apfelpatient.de\\\/rumors\\\/airtag-der-zweiten-generation-spannende-integrationen#primaryimage\",\"url\":\"https:\\\/\\\/www.apfelpatient.de\\\/wp-content\\\/uploads\\\/2022\\\/07\\\/bigstock-Rostov-Russia-April-455074985.jpg\",\"contentUrl\":\"https:\\\/\\\/www.apfelpatient.de\\\/wp-content\\\/uploads\\\/2022\\\/07\\\/bigstock-Rostov-Russia-April-455074985.jpg\",\"width\":1600,\"height\":1067,\"caption\":\"Rostov, Russia - April 04, 2022: Apple AirTags in leather key ring cases and without them lie on a white surface, forming the shape of a flower, top vies\"},{\"@type\":\"BreadcrumbList\",\"@id\":\"https:\\\/\\\/www.apfelpatient.de\\\/rumors\\\/airtag-der-zweiten-generation-spannende-integrationen#breadcrumb\",\"itemListElement\":[{\"@type\":\"ListItem\",\"position\":1,\"name\":\"Startseite\",\"item\":\"https:\\\/\\\/www.apfelpatient.de\\\/\"},{\"@type\":\"ListItem\",\"position\":2,\"name\":\"AirTag der zweiten Generation: Spannende Integrationen\"}]},{\"@type\":\"WebSite\",\"@id\":\"https:\\\/\\\/www.apfelpatient.de\\\/#website\",\"url\":\"https:\\\/\\\/www.apfelpatient.de\\\/\",\"name\":\"Apfelpatient\",\"description\":\"Alles rund um Apple!\",\"publisher\":{\"@type\":\"Organization\",\"@id\":\"https:\\\/\\\/www.apfelpatient.de\\\/en\\\/#organization\",\"name\":\"Apfelpatient\",\"url\":\"https:\\\/\\\/www.apfelpatient.de\\\/en\\\/\"},\"alternateName\":\"Apfelpatient\",\"potentialAction\":[{\"@type\":\"SearchAction\",\"target\":{\"@type\":\"EntryPoint\",\"urlTemplate\":\"https:\\\/\\\/www.apfelpatient.de\\\/?s={search_term_string}\"},\"query-input\":{\"@type\":\"PropertyValueSpecification\",\"valueRequired\":true,\"valueName\":\"search_term_string\"}}],\"inLanguage\":\"en-US\"},{\"@type\":[\"Person\",\"Organization\"],\"@id\":\"https:\\\/\\\/www.apfelpatient.de\\\/#\\\/schema\\\/person\\\/7dc56ad6c8e9824b76d2c08d4c140e13\",\"name\":\"Milan\",\"logo\":{\"@id\":\"https:\\\/\\\/www.apfelpatient.de\\\/#\\\/schema\\\/person\\\/image\\\/\"},\"description\":\"Hallo und herzlich willkommen auf meinem Technik-Blog! Als gro\u00dfer Apple-Fan berichte ich hier \u00fcber alles, was mit Apple zu tun hat: von den neuesten News und spannenden Ger\u00fcchten \u00fcber hilfreiche Tipps und Tricks bis hin zu ausf\u00fchrlichen Produkttests. Wenn du genauso technikbegeistert bist wie ich, bist du hier genau richtig!\",\"sameAs\":[\"https:\\\/\\\/www.facebook.com\\\/apfelpatientOfficial\",\"https:\\\/\\\/www.linkedin.com\\\/in\\\/milan-jovicic-42aa0231b\"],\"url\":\"https:\\\/\\\/www.apfelpatient.de\\\/en\\\/author\\\/apfeladmin\"}]}<\/script>\n<!-- \/ Yoast SEO Premium plugin. -->","yoast_head_json":{"title":"Second-generation AirTag: Exciting integrations Apfelpatient","description":"Discover the AirTag 2nd generation: New features and Vision Pro integrations - Find out everything about Apple&#039;s upcoming item tracker!","robots":{"index":"index","follow":"follow","max-snippet":"max-snippet:-1","max-image-preview":"max-image-preview:large","max-video-preview":"max-video-preview:-1"},"canonical":"https:\/\/www.apfelpatient.de\/en\/rumors\/second-generation-airtag-exciting-integrations","og_locale":"en_US","og_type":"article","og_title":"AirTag der zweiten Generation: Spannende Integrationen","og_description":"Entdecke die AirTag 2. Generation: Neue Funktionen und Vision Pro Integrationen - Erfahre alles \u00fcber den kommenden Item Tracker von Apple!","og_url":"https:\/\/www.apfelpatient.de\/en\/rumors\/second-generation-airtag-exciting-integrations","og_site_name":"Apfelpatient","article_publisher":"https:\/\/www.facebook.com\/apfelpatientOfficial","article_author":"https:\/\/www.facebook.com\/apfelpatientOfficial","article_published_time":"2023-08-02T16:42:45+00:00","og_image":[{"width":1600,"height":1067,"url":"https:\/\/www.apfelpatient.de\/wp-content\/uploads\/2022\/07\/bigstock-Rostov-Russia-April-455074985.jpg","type":"image\/jpeg"}],"author":"Milan","twitter_card":"summary_large_image","twitter_description":"Entdecke die AirTag 2. Generation: Neue Funktionen und Vision Pro Integrationen - Erfahre alles \u00fcber den kommenden Item Tracker von Apple!","twitter_misc":{"Written by":"Milan","Est. reading time":"2 minutes"},"schema":{"@context":"https:\/\/schema.org","@graph":[{"@type":"NewsArticle","@id":"https:\/\/www.apfelpatient.de\/rumors\/airtag-der-zweiten-generation-spannende-integrationen#article","isPartOf":{"@id":"https:\/\/www.apfelpatient.de\/rumors\/airtag-der-zweiten-generation-spannende-integrationen"},"author":{"@type":"Organization","@id":"https:\/\/www.apfelpatient.de\/en\/#organization","name":"Apfelpatient","url":"https:\/\/www.apfelpatient.de\/en\/"},"headline":"AirTag der zweiten Generation: Spannende Integrationen","datePublished":"2023-08-02T16:42:45+00:00","mainEntityOfPage":{"@id":"https:\/\/www.apfelpatient.de\/rumors\/airtag-der-zweiten-generation-spannende-integrationen"},"wordCount":357,"publisher":{"@type":"Organization","@id":"https:\/\/www.apfelpatient.de\/en\/#organization","name":"Apfelpatient","url":"https:\/\/www.apfelpatient.de\/en\/"},"image":{"@id":"https:\/\/www.apfelpatient.de\/rumors\/airtag-der-zweiten-generation-spannende-integrationen#primaryimage"},"thumbnailUrl":"https:\/\/www.apfelpatient.de\/wp-content\/uploads\/2022\/07\/bigstock-Rostov-Russia-April-455074985.jpg","keywords":["AirTags"],"articleSection":"Rumors","inLanguage":"en-US","copyrightYear":"2023","copyrightHolder":{"@id":"https:\/\/www.apfelpatient.de\/en\/#organization"}},{"@type":"WebPage","@id":"https:\/\/www.apfelpatient.de\/rumors\/airtag-der-zweiten-generation-spannende-integrationen","url":"https:\/\/www.apfelpatient.de\/rumors\/airtag-der-zweiten-generation-spannende-integrationen","name":"Second-generation AirTag: Exciting integrations Apfelpatient","isPartOf":{"@id":"https:\/\/www.apfelpatient.de\/#website"},"primaryImageOfPage":{"@id":"https:\/\/www.apfelpatient.de\/rumors\/airtag-der-zweiten-generation-spannende-integrationen#primaryimage"},"image":{"@id":"https:\/\/www.apfelpatient.de\/rumors\/airtag-der-zweiten-generation-spannende-integrationen#primaryimage"},"thumbnailUrl":"https:\/\/www.apfelpatient.de\/wp-content\/uploads\/2022\/07\/bigstock-Rostov-Russia-April-455074985.jpg","datePublished":"2023-08-02T16:42:45+00:00","description":"Discover the AirTag 2nd generation: New features and Vision Pro integrations - Find out everything about Apple&#039;s upcoming item tracker!","breadcrumb":{"@id":"https:\/\/www.apfelpatient.de\/rumors\/airtag-der-zweiten-generation-spannende-integrationen#breadcrumb"},"inLanguage":"en-US","potentialAction":[{"@type":"ReadAction","target":["https:\/\/www.apfelpatient.de\/rumors\/airtag-der-zweiten-generation-spannende-integrationen"]}]},{"@type":"ImageObject","inLanguage":"en-US","@id":"https:\/\/www.apfelpatient.de\/rumors\/airtag-der-zweiten-generation-spannende-integrationen#primaryimage","url":"https:\/\/www.apfelpatient.de\/wp-content\/uploads\/2022\/07\/bigstock-Rostov-Russia-April-455074985.jpg","contentUrl":"https:\/\/www.apfelpatient.de\/wp-content\/uploads\/2022\/07\/bigstock-Rostov-Russia-April-455074985.jpg","width":1600,"height":1067,"caption":"Rostov, Russia - April 04, 2022: Apple AirTags in leather key ring cases and without them lie on a white surface, forming the shape of a flower, top vies"},{"@type":"BreadcrumbList","@id":"https:\/\/www.apfelpatient.de\/rumors\/airtag-der-zweiten-generation-spannende-integrationen#breadcrumb","itemListElement":[{"@type":"ListItem","position":1,"name":"Startseite","item":"https:\/\/www.apfelpatient.de\/"},{"@type":"ListItem","position":2,"name":"AirTag der zweiten Generation: Spannende Integrationen"}]},{"@type":"WebSite","@id":"https:\/\/www.apfelpatient.de\/#website","url":"https:\/\/www.apfelpatient.de\/","name":"apple patient","description":"Everything about Apple!","publisher":{"@type":"Organization","@id":"https:\/\/www.apfelpatient.de\/en\/#organization","name":"Apfelpatient","url":"https:\/\/www.apfelpatient.de\/en\/"},"alternateName":"Apfelpatient","potentialAction":[{"@type":"SearchAction","target":{"@type":"EntryPoint","urlTemplate":"https:\/\/www.apfelpatient.de\/?s={search_term_string}"},"query-input":{"@type":"PropertyValueSpecification","valueRequired":true,"valueName":"search_term_string"}}],"inLanguage":"en-US"},{"@type":["Person","Organization"],"@id":"https:\/\/www.apfelpatient.de\/#\/schema\/person\/7dc56ad6c8e9824b76d2c08d4c140e13","name":"Milan","logo":{"@id":"https:\/\/www.apfelpatient.de\/#\/schema\/person\/image\/"},"description":"Hello and welcome to my technology blog! As a big Apple fan, I report on everything to do with Apple: from the latest news and exciting rumors to helpful tips and tricks and detailed product tests. If you are as enthusiastic about technology as I am, you have come to the right place!","sameAs":["https:\/\/www.facebook.com\/apfelpatientOfficial","https:\/\/www.linkedin.com\/in\/milan-jovicic-42aa0231b"],"url":"https:\/\/www.apfelpatient.de\/en\/author\/apfeladmin"}]}},"_links":{"self":[{"href":"https:\/\/www.apfelpatient.de\/en\/wp-json\/wp\/v2\/posts\/39708","targetHints":{"allow":["GET"]}}],"collection":[{"href":"https:\/\/www.apfelpatient.de\/en\/wp-json\/wp\/v2\/posts"}],"about":[{"href":"https:\/\/www.apfelpatient.de\/en\/wp-json\/wp\/v2\/types\/post"}],"author":[{"embeddable":true,"href":"https:\/\/www.apfelpatient.de\/en\/wp-json\/wp\/v2\/users\/2"}],"replies":[{"embeddable":true,"href":"https:\/\/www.apfelpatient.de\/en\/wp-json\/wp\/v2\/comments?post=39708"}],"version-history":[{"count":0,"href":"https:\/\/www.apfelpatient.de\/en\/wp-json\/wp\/v2\/posts\/39708\/revisions"}],"wp:featuredmedia":[{"embeddable":true,"href":"https:\/\/www.apfelpatient.de\/en\/wp-json\/wp\/v2\/media\/33001"}],"wp:attachment":[{"href":"https:\/\/www.apfelpatient.de\/en\/wp-json\/wp\/v2\/media?parent=39708"}],"wp:term":[{"taxonomy":"category","embeddable":true,"href":"https:\/\/www.apfelpatient.de\/en\/wp-json\/wp\/v2\/categories?post=39708"},{"taxonomy":"post_tag","embeddable":true,"href":"https:\/\/www.apfelpatient.de\/en\/wp-json\/wp\/v2\/tags?post=39708"}],"curies":[{"name":"wp","href":"https:\/\/api.w.org\/{rel}","templated":true}]}}