{"id":39657,"date":"2023-07-31T16:59:28","date_gmt":"2023-07-31T14:59:28","guid":{"rendered":"https:\/\/www.apfelpatient.de\/?p=39657"},"modified":"2023-07-31T16:59:28","modified_gmt":"2023-07-31T14:59:28","slug":"iphone-15-pro-rumors-whats-coming-in-september","status":"publish","type":"post","link":"https:\/\/www.apfelpatient.de\/en\/rumors\/iphone-15-pro-geruechte-was-kommt-im-september","title":{"rendered":"iPhone 15 Pro rumors: What&#039;s coming in September?"},"content":{"rendered":"<p class=\"has-drop-cap\"><strong>There is great anticipation for the iPhone 15 Pro and numerous rumors are circulating about the expected new features and changes. Apple is expected to present the new iPhone 15 series in September and there is exciting speculation, especially for the Pro models. From an A17 Bionic chip to a titanium frame to a USB-C port - below we summarize 12 exciting innovations that are expected for the iPhone 15 Pro.<\/strong><\/p>\n\n\n\n<p>Apple has always impressed with innovative features in the past. The rumors about the Pro devices promise exciting changes again this time. Expectations are high and the fan community can hardly wait to learn more about the upcoming features and upgrades. In this article, we present you the current speculations about the expected innovations of the iPhone 15 Pro.<\/p>\n\n\n\n<ul class=\"wp-block-list\">\n<li>A17 Bionic Chip: With an advanced A17 Bionic chip in the 3nm process, the Pro model could experience an impressive performance increase.<\/li>\n\n\n\n<li>Titanium frame: Like the Apple Watch Ultra, the iPhone 15 Pro could also get a durable titanium frame.<\/li>\n\n\n\n<li>Ultra-thin frame: A slim design with curved edges around the display could distinguish the iPhone 15 Pro.<\/li>\n\n\n\n<li>USB-C port: A USB-C port with fast data transfer speeds would be a notable innovation for the iPhone 15 Pro.<\/li>\n\n\n\n<li>WiFi 6E: Faster WiFi thanks to WiFi 6E support could make browsing on the iPhone 15 Pro even more enjoyable.<\/li>\n\n\n\n<li>Increased RAM: With 8 GB of RAM, the Pro models could offer better performance and multitasking capabilities.<\/li>\n\n\n\n<li>Customizable action button: The introduction of a customizable action button could make the iPhone 15 Pro even more versatile to use.<\/li>\n\n\n\n<li>Optical zoom: A powerful periscope telephoto lens could equip the iPhone 15 Pro Max with impressive optical zoom.<\/li>\n\n\n\n<li>Improved ultra-wideband chip: The new U1 chip could offer better integration with Apple&#039;s Vision Pro headset.<\/li>\n\n\n\n<li>More efficient LiDAR scanner: Sony&#039;s LiDAR scanner could improve the iPhone 15 Pro&#039;s AR experience and night photos.<\/li>\n\n\n\n<li>Repair-friendly design: A more repair-friendly design could make the iPhone 15 Pro easier to maintain and repair.<\/li>\n\n\n\n<li>eSIM compatibility: In some countries, the Pro model may only be available with eSIM functionality.<\/li>\n<\/ul>\n\n\n\n<h3 class=\"wp-block-heading\" id=\"h-iphone-15-pro-geruchte-fazit\">iPhone 15 Pro Rumors Conclusion<\/h3>\n\n\n\n\n\n\n\n<p>The Pro version promises many exciting new features that could take the user experience to a new level. From a powerful A17 Bionic chip to a customizable action button, the possible features are raising high expectations. While more rumors may emerge, there is great anticipation for the official unveiling in September. Keep an eye on our roundup to stay up to date with the latest iPhone 15 Pro speculation. Looking for new accessories? Then take a look\u00a0<a href=\"https:\/\/www.amazon.de\/shop\/apfelpatientofficial\" target=\"_blank\" rel=\"noreferrer noopener\">in our Amazon Storefront<\/a>\u00a0- there you will find numerous products from leading suppliers, also for HomeKit and Co.! (Photo by SashaMagic \/ Bigstockphoto)<\/p>\n\n\n\n<ul class=\"wp-block-list\">\n<li><a href=\"https:\/\/www.apfelpatient.de\/en\/tips-tricks\/ios-17-trick-automatic-deletion-of-verification-codes\">iOS 17 Trick: Automatically delete verification codes<\/a><\/li>\n<\/ul>\n\n\n\n<h6 class=\"wp-block-heading translation-block\" id=\"h-kennt-ihr-schon-unsere-amazon-storefront-dort-findet-ihr-eine-handverlesene-auswahl-von-diversen-produkten-f-r-euer-iphone-und-co-viel-spa-beim-st-bern\"><em>Have you already visited our Amazon Storefront? There you&#039;ll find a hand-picked selection of various products for your iPhone and other devices \u2013 <span class=\"has-inline-color has-vivid-red-color\"><a href=\"https:\/\/www.amazon.de\/shop\/apfelpatientofficial\" class=\"ek-link\" data-wpel-link=\"exclude\" rel=\"follow noopener\" target=\"_self\"><span style=\"text-decoration: underline\" class=\"ek-underline\">enjoy browsing<\/span><\/a> !<\/span><\/em><\/h6>\n\n\n\n<h6 class=\"wp-block-heading translation-block\" id=\"h-der-beitrag-enthalt-partnerlinks\">This post contains <a data-type=\"URL\" data-id=\"https:\/\/www.apfelpatient.de\/partnerprogramm\" href=\"https:\/\/www.apfelpatient.de\/en\/partner-program\" data-wpel-link=\"internal\" target=\"_self\">affiliate links<\/a>.<\/h6>","protected":false},"excerpt":{"rendered":"<p>iPhone 15 Pro rumors: Find out all about the exciting new features that Apple could introduce in September!<\/p>","protected":false},"author":2,"featured_media":39659,"comment_status":"closed","ping_status":"closed","sticky":false,"template":"","format":"standard","meta":{"jnews-multi-image_gallery":[],"jnews_single_post":{"subtitle":"","format":"standard","video":"","gallery":"","source_name":"","source_url":"","via_name":"","via_url":"","override":[{"single_blog_custom":"","sidebar":"","second_sidebar":"","share_position":"","share_float_style":"","post_date_format":"","post_date_format_custom":"","post_reading_time_wpm":"","zoom_button_out_step":"1","zoom_button_in_step":"1","number_popup_post":"1"}],"image_override":[{"single_post_thumbnail_size":"","single_post_gallery_size":""}],"trending_post_position":"","trending_post_label":"","sponsored_post_label":"","sponsored_post_name":"","sponsored_post_url":"","sponsored_post_logo":"","sponsored_post_desc":""},"jnews_primary_category":{"id":"25"},"footnotes":""},"categories":[25],"tags":[8,689,579],"class_list":["post-39657","post","type-post","status-publish","format-standard","has-post-thumbnail","hentry","category-rumors","tag-iphone","tag-iphone-15","tag-iphone-2023"],"yoast_head":"<!-- This site is optimized with the Yoast SEO Premium plugin v27.5 (Yoast SEO v27.5) - https:\/\/yoast.com\/product\/yoast-seo-premium-wordpress\/ -->\n<title>iPhone 15 Pro Ger\u00fcchte: Was kommt im September? Apfelpatient<\/title>\n<meta name=\"description\" content=\"iPhone 15 Pro Ger\u00fcchte: Erfahre alles \u00fcber die spannenden Neuerungen, die Apple im September vorstellen k\u00f6nnte!\" \/>\n<meta name=\"robots\" content=\"index, follow, max-snippet:-1, max-image-preview:large, max-video-preview:-1\" \/>\n<link rel=\"canonical\" href=\"https:\/\/www.apfelpatient.de\/en\/rumors\/iphone-15-pro-rumors-whats-coming-in-september\" \/>\n<meta property=\"og:locale\" content=\"en_US\" \/>\n<meta property=\"og:type\" content=\"article\" \/>\n<meta property=\"og:title\" content=\"iPhone 15 Pro Ger\u00fcchte: Was kommt im September?\" \/>\n<meta property=\"og:description\" content=\"iPhone 15 Pro Ger\u00fcchte: Erfahre alles \u00fcber die spannenden Neuerungen, die Apple im September vorstellen k\u00f6nnte!\" \/>\n<meta property=\"og:url\" content=\"https:\/\/www.apfelpatient.de\/en\/rumors\/iphone-15-pro-rumors-whats-coming-in-september\" \/>\n<meta property=\"og:site_name\" content=\"Apfelpatient\" \/>\n<meta property=\"article:publisher\" content=\"https:\/\/www.facebook.com\/apfelpatientOfficial\" \/>\n<meta property=\"article:author\" content=\"https:\/\/www.facebook.com\/apfelpatientOfficial\" \/>\n<meta property=\"article:published_time\" content=\"2023-07-31T14:59:28+00:00\" \/>\n<meta property=\"og:image\" content=\"https:\/\/www.apfelpatient.de\/wp-content\/uploads\/2023\/07\/bigstock-Ukraine-Dnepr-July-458488451.jpg\" \/>\n\t<meta property=\"og:image:width\" content=\"1600\" \/>\n\t<meta property=\"og:image:height\" content=\"1067\" \/>\n\t<meta property=\"og:image:type\" content=\"image\/jpeg\" \/>\n<meta name=\"author\" content=\"Milan\" \/>\n<meta name=\"twitter:card\" content=\"summary_large_image\" \/>\n<meta name=\"twitter:description\" content=\"iPhone 15 Pro Ger\u00fcchte: Erfahre alles \u00fcber die spannenden Neuerungen, die Apple im September vorstellen k\u00f6nnte!\" \/>\n<meta name=\"twitter:label1\" content=\"Written by\" \/>\n\t<meta name=\"twitter:data1\" content=\"Milan\" \/>\n\t<meta name=\"twitter:label2\" content=\"Est. reading time\" \/>\n\t<meta name=\"twitter:data2\" content=\"3 minutes\" \/>\n<script type=\"application\/ld+json\" class=\"yoast-schema-graph\">{\"@context\":\"https:\\\/\\\/schema.org\",\"@graph\":[{\"@type\":\"NewsArticle\",\"@id\":\"https:\\\/\\\/www.apfelpatient.de\\\/rumors\\\/iphone-15-pro-geruechte-was-kommt-im-september#article\",\"isPartOf\":{\"@id\":\"https:\\\/\\\/www.apfelpatient.de\\\/rumors\\\/iphone-15-pro-geruechte-was-kommt-im-september\"},\"author\":{\"@type\":\"Organization\",\"@id\":\"https:\\\/\\\/www.apfelpatient.de\\\/en\\\/#organization\",\"name\":\"Apfelpatient\",\"url\":\"https:\\\/\\\/www.apfelpatient.de\\\/en\\\/\"},\"headline\":\"iPhone 15 Pro Ger\u00fcchte: Was kommt im September?\",\"datePublished\":\"2023-07-31T14:59:28+00:00\",\"mainEntityOfPage\":{\"@id\":\"https:\\\/\\\/www.apfelpatient.de\\\/rumors\\\/iphone-15-pro-geruechte-was-kommt-im-september\"},\"wordCount\":473,\"publisher\":{\"@type\":\"Organization\",\"@id\":\"https:\\\/\\\/www.apfelpatient.de\\\/en\\\/#organization\",\"name\":\"Apfelpatient\",\"url\":\"https:\\\/\\\/www.apfelpatient.de\\\/en\\\/\"},\"image\":{\"@id\":\"https:\\\/\\\/www.apfelpatient.de\\\/rumors\\\/iphone-15-pro-geruechte-was-kommt-im-september#primaryimage\"},\"thumbnailUrl\":\"https:\\\/\\\/www.apfelpatient.de\\\/wp-content\\\/uploads\\\/2023\\\/07\\\/bigstock-Ukraine-Dnepr-July-458488451.jpg\",\"keywords\":[\"iPhone\",\"iPhone 15\",\"iPhone 2023\"],\"articleSection\":\"Rumors\",\"inLanguage\":\"en-US\",\"copyrightYear\":\"2023\",\"copyrightHolder\":{\"@id\":\"https:\\\/\\\/www.apfelpatient.de\\\/en\\\/#organization\"}},{\"@type\":\"WebPage\",\"@id\":\"https:\\\/\\\/www.apfelpatient.de\\\/rumors\\\/iphone-15-pro-geruechte-was-kommt-im-september\",\"url\":\"https:\\\/\\\/www.apfelpatient.de\\\/rumors\\\/iphone-15-pro-geruechte-was-kommt-im-september\",\"name\":\"iPhone 15 Pro Ger\u00fcchte: Was kommt im September? Apfelpatient\",\"isPartOf\":{\"@id\":\"https:\\\/\\\/www.apfelpatient.de\\\/#website\"},\"primaryImageOfPage\":{\"@id\":\"https:\\\/\\\/www.apfelpatient.de\\\/rumors\\\/iphone-15-pro-geruechte-was-kommt-im-september#primaryimage\"},\"image\":{\"@id\":\"https:\\\/\\\/www.apfelpatient.de\\\/rumors\\\/iphone-15-pro-geruechte-was-kommt-im-september#primaryimage\"},\"thumbnailUrl\":\"https:\\\/\\\/www.apfelpatient.de\\\/wp-content\\\/uploads\\\/2023\\\/07\\\/bigstock-Ukraine-Dnepr-July-458488451.jpg\",\"datePublished\":\"2023-07-31T14:59:28+00:00\",\"description\":\"iPhone 15 Pro Ger\u00fcchte: Erfahre alles \u00fcber die spannenden Neuerungen, die Apple im September vorstellen k\u00f6nnte!\",\"breadcrumb\":{\"@id\":\"https:\\\/\\\/www.apfelpatient.de\\\/rumors\\\/iphone-15-pro-geruechte-was-kommt-im-september#breadcrumb\"},\"inLanguage\":\"en-US\",\"potentialAction\":[{\"@type\":\"ReadAction\",\"target\":[\"https:\\\/\\\/www.apfelpatient.de\\\/rumors\\\/iphone-15-pro-geruechte-was-kommt-im-september\"]}]},{\"@type\":\"ImageObject\",\"inLanguage\":\"en-US\",\"@id\":\"https:\\\/\\\/www.apfelpatient.de\\\/rumors\\\/iphone-15-pro-geruechte-was-kommt-im-september#primaryimage\",\"url\":\"https:\\\/\\\/www.apfelpatient.de\\\/wp-content\\\/uploads\\\/2023\\\/07\\\/bigstock-Ukraine-Dnepr-July-458488451.jpg\",\"contentUrl\":\"https:\\\/\\\/www.apfelpatient.de\\\/wp-content\\\/uploads\\\/2023\\\/07\\\/bigstock-Ukraine-Dnepr-July-458488451.jpg\",\"width\":1600,\"height\":1067,\"caption\":\"Photo by SashaMagic \\\/ Bigstockphoto\"},{\"@type\":\"BreadcrumbList\",\"@id\":\"https:\\\/\\\/www.apfelpatient.de\\\/rumors\\\/iphone-15-pro-geruechte-was-kommt-im-september#breadcrumb\",\"itemListElement\":[{\"@type\":\"ListItem\",\"position\":1,\"name\":\"Startseite\",\"item\":\"https:\\\/\\\/www.apfelpatient.de\\\/\"},{\"@type\":\"ListItem\",\"position\":2,\"name\":\"iPhone 15 Pro Ger\u00fcchte: Was kommt im September?\"}]},{\"@type\":\"WebSite\",\"@id\":\"https:\\\/\\\/www.apfelpatient.de\\\/#website\",\"url\":\"https:\\\/\\\/www.apfelpatient.de\\\/\",\"name\":\"Apfelpatient\",\"description\":\"Alles rund um Apple!\",\"publisher\":{\"@type\":\"Organization\",\"@id\":\"https:\\\/\\\/www.apfelpatient.de\\\/en\\\/#organization\",\"name\":\"Apfelpatient\",\"url\":\"https:\\\/\\\/www.apfelpatient.de\\\/en\\\/\"},\"alternateName\":\"Apfelpatient\",\"potentialAction\":[{\"@type\":\"SearchAction\",\"target\":{\"@type\":\"EntryPoint\",\"urlTemplate\":\"https:\\\/\\\/www.apfelpatient.de\\\/?s={search_term_string}\"},\"query-input\":{\"@type\":\"PropertyValueSpecification\",\"valueRequired\":true,\"valueName\":\"search_term_string\"}}],\"inLanguage\":\"en-US\"},{\"@type\":[\"Person\",\"Organization\"],\"@id\":\"https:\\\/\\\/www.apfelpatient.de\\\/#\\\/schema\\\/person\\\/35b3ddba5832f2bfc7fff5206d4f6b7b\",\"name\":\"Milan\",\"logo\":{\"@id\":\"https:\\\/\\\/www.apfelpatient.de\\\/#\\\/schema\\\/person\\\/image\\\/\"},\"description\":\"Hallo und herzlich willkommen auf meinem Technik-Blog! Als gro\u00dfer Apple-Fan berichte ich hier \u00fcber alles, was mit Apple zu tun hat: von den neuesten News und spannenden Ger\u00fcchten \u00fcber hilfreiche Tipps und Tricks bis hin zu ausf\u00fchrlichen Produkttests. Wenn du genauso technikbegeistert bist wie ich, bist du hier genau richtig!\",\"sameAs\":[\"https:\\\/\\\/www.facebook.com\\\/apfelpatientOfficial\",\"https:\\\/\\\/www.linkedin.com\\\/in\\\/milan-jovicic-42aa0231b\"],\"url\":\"https:\\\/\\\/www.apfelpatient.de\\\/en\\\/author\\\/apfeladmin\"}]}<\/script>\n<!-- \/ Yoast SEO Premium plugin. -->","yoast_head_json":{"title":"iPhone 15 Pro Rumors: What&#039;s Coming in September? Apfelpatient","description":"iPhone 15 Pro rumors: Find out all about the exciting new features that Apple could introduce in September!","robots":{"index":"index","follow":"follow","max-snippet":"max-snippet:-1","max-image-preview":"max-image-preview:large","max-video-preview":"max-video-preview:-1"},"canonical":"https:\/\/www.apfelpatient.de\/en\/rumors\/iphone-15-pro-rumors-whats-coming-in-september","og_locale":"en_US","og_type":"article","og_title":"iPhone 15 Pro Ger\u00fcchte: Was kommt im September?","og_description":"iPhone 15 Pro Ger\u00fcchte: Erfahre alles \u00fcber die spannenden Neuerungen, die Apple im September vorstellen k\u00f6nnte!","og_url":"https:\/\/www.apfelpatient.de\/en\/rumors\/iphone-15-pro-rumors-whats-coming-in-september","og_site_name":"Apfelpatient","article_publisher":"https:\/\/www.facebook.com\/apfelpatientOfficial","article_author":"https:\/\/www.facebook.com\/apfelpatientOfficial","article_published_time":"2023-07-31T14:59:28+00:00","og_image":[{"width":1600,"height":1067,"url":"https:\/\/www.apfelpatient.de\/wp-content\/uploads\/2023\/07\/bigstock-Ukraine-Dnepr-July-458488451.jpg","type":"image\/jpeg"}],"author":"Milan","twitter_card":"summary_large_image","twitter_description":"iPhone 15 Pro Ger\u00fcchte: Erfahre alles \u00fcber die spannenden Neuerungen, die Apple im September vorstellen k\u00f6nnte!","twitter_misc":{"Written by":"Milan","Est. reading time":"3 minutes"},"schema":{"@context":"https:\/\/schema.org","@graph":[{"@type":"NewsArticle","@id":"https:\/\/www.apfelpatient.de\/rumors\/iphone-15-pro-geruechte-was-kommt-im-september#article","isPartOf":{"@id":"https:\/\/www.apfelpatient.de\/rumors\/iphone-15-pro-geruechte-was-kommt-im-september"},"author":{"@type":"Organization","@id":"https:\/\/www.apfelpatient.de\/en\/#organization","name":"Apfelpatient","url":"https:\/\/www.apfelpatient.de\/en\/"},"headline":"iPhone 15 Pro Ger\u00fcchte: Was kommt im September?","datePublished":"2023-07-31T14:59:28+00:00","mainEntityOfPage":{"@id":"https:\/\/www.apfelpatient.de\/rumors\/iphone-15-pro-geruechte-was-kommt-im-september"},"wordCount":473,"publisher":{"@type":"Organization","@id":"https:\/\/www.apfelpatient.de\/en\/#organization","name":"Apfelpatient","url":"https:\/\/www.apfelpatient.de\/en\/"},"image":{"@id":"https:\/\/www.apfelpatient.de\/rumors\/iphone-15-pro-geruechte-was-kommt-im-september#primaryimage"},"thumbnailUrl":"https:\/\/www.apfelpatient.de\/wp-content\/uploads\/2023\/07\/bigstock-Ukraine-Dnepr-July-458488451.jpg","keywords":["iPhone","iPhone 15","iPhone 2023"],"articleSection":"Rumors","inLanguage":"en-US","copyrightYear":"2023","copyrightHolder":{"@id":"https:\/\/www.apfelpatient.de\/en\/#organization"}},{"@type":"WebPage","@id":"https:\/\/www.apfelpatient.de\/rumors\/iphone-15-pro-geruechte-was-kommt-im-september","url":"https:\/\/www.apfelpatient.de\/rumors\/iphone-15-pro-geruechte-was-kommt-im-september","name":"iPhone 15 Pro Rumors: What&#039;s Coming in September? Apfelpatient","isPartOf":{"@id":"https:\/\/www.apfelpatient.de\/#website"},"primaryImageOfPage":{"@id":"https:\/\/www.apfelpatient.de\/rumors\/iphone-15-pro-geruechte-was-kommt-im-september#primaryimage"},"image":{"@id":"https:\/\/www.apfelpatient.de\/rumors\/iphone-15-pro-geruechte-was-kommt-im-september#primaryimage"},"thumbnailUrl":"https:\/\/www.apfelpatient.de\/wp-content\/uploads\/2023\/07\/bigstock-Ukraine-Dnepr-July-458488451.jpg","datePublished":"2023-07-31T14:59:28+00:00","description":"iPhone 15 Pro rumors: Find out all about the exciting new features that Apple could introduce in September!","breadcrumb":{"@id":"https:\/\/www.apfelpatient.de\/rumors\/iphone-15-pro-geruechte-was-kommt-im-september#breadcrumb"},"inLanguage":"en-US","potentialAction":[{"@type":"ReadAction","target":["https:\/\/www.apfelpatient.de\/rumors\/iphone-15-pro-geruechte-was-kommt-im-september"]}]},{"@type":"ImageObject","inLanguage":"en-US","@id":"https:\/\/www.apfelpatient.de\/rumors\/iphone-15-pro-geruechte-was-kommt-im-september#primaryimage","url":"https:\/\/www.apfelpatient.de\/wp-content\/uploads\/2023\/07\/bigstock-Ukraine-Dnepr-July-458488451.jpg","contentUrl":"https:\/\/www.apfelpatient.de\/wp-content\/uploads\/2023\/07\/bigstock-Ukraine-Dnepr-July-458488451.jpg","width":1600,"height":1067,"caption":"Photo by SashaMagic \/ Bigstockphoto"},{"@type":"BreadcrumbList","@id":"https:\/\/www.apfelpatient.de\/rumors\/iphone-15-pro-geruechte-was-kommt-im-september#breadcrumb","itemListElement":[{"@type":"ListItem","position":1,"name":"Startseite","item":"https:\/\/www.apfelpatient.de\/"},{"@type":"ListItem","position":2,"name":"iPhone 15 Pro Ger\u00fcchte: Was kommt im September?"}]},{"@type":"WebSite","@id":"https:\/\/www.apfelpatient.de\/#website","url":"https:\/\/www.apfelpatient.de\/","name":"apple patient","description":"Everything about Apple!","publisher":{"@type":"Organization","@id":"https:\/\/www.apfelpatient.de\/en\/#organization","name":"Apfelpatient","url":"https:\/\/www.apfelpatient.de\/en\/"},"alternateName":"Apfelpatient","potentialAction":[{"@type":"SearchAction","target":{"@type":"EntryPoint","urlTemplate":"https:\/\/www.apfelpatient.de\/?s={search_term_string}"},"query-input":{"@type":"PropertyValueSpecification","valueRequired":true,"valueName":"search_term_string"}}],"inLanguage":"en-US"},{"@type":["Person","Organization"],"@id":"https:\/\/www.apfelpatient.de\/#\/schema\/person\/35b3ddba5832f2bfc7fff5206d4f6b7b","name":"Milan","logo":{"@id":"https:\/\/www.apfelpatient.de\/#\/schema\/person\/image\/"},"description":"Hello and welcome to my technology blog! As a big Apple fan, I report on everything to do with Apple: from the latest news and exciting rumors to helpful tips and tricks and detailed product tests. If you are as enthusiastic about technology as I am, you have come to the right place!","sameAs":["https:\/\/www.facebook.com\/apfelpatientOfficial","https:\/\/www.linkedin.com\/in\/milan-jovicic-42aa0231b"],"url":"https:\/\/www.apfelpatient.de\/en\/author\/apfeladmin"}]}},"_links":{"self":[{"href":"https:\/\/www.apfelpatient.de\/en\/wp-json\/wp\/v2\/posts\/39657","targetHints":{"allow":["GET"]}}],"collection":[{"href":"https:\/\/www.apfelpatient.de\/en\/wp-json\/wp\/v2\/posts"}],"about":[{"href":"https:\/\/www.apfelpatient.de\/en\/wp-json\/wp\/v2\/types\/post"}],"author":[{"embeddable":true,"href":"https:\/\/www.apfelpatient.de\/en\/wp-json\/wp\/v2\/users\/2"}],"replies":[{"embeddable":true,"href":"https:\/\/www.apfelpatient.de\/en\/wp-json\/wp\/v2\/comments?post=39657"}],"version-history":[{"count":0,"href":"https:\/\/www.apfelpatient.de\/en\/wp-json\/wp\/v2\/posts\/39657\/revisions"}],"wp:featuredmedia":[{"embeddable":true,"href":"https:\/\/www.apfelpatient.de\/en\/wp-json\/wp\/v2\/media\/39659"}],"wp:attachment":[{"href":"https:\/\/www.apfelpatient.de\/en\/wp-json\/wp\/v2\/media?parent=39657"}],"wp:term":[{"taxonomy":"category","embeddable":true,"href":"https:\/\/www.apfelpatient.de\/en\/wp-json\/wp\/v2\/categories?post=39657"},{"taxonomy":"post_tag","embeddable":true,"href":"https:\/\/www.apfelpatient.de\/en\/wp-json\/wp\/v2\/tags?post=39657"}],"curies":[{"name":"wp","href":"https:\/\/api.w.org\/{rel}","templated":true}]}}