{"id":3965,"date":"2019-04-02T12:45:54","date_gmt":"2019-04-02T10:45:54","guid":{"rendered":"https:\/\/www.apfelpatient.de\/?p=3965"},"modified":"2021-01-19T17:03:55","modified_gmt":"2021-01-19T16:03:55","slug":"quarterly-figures-apple-opens-the-books-on-30-april","status":"publish","type":"post","link":"https:\/\/www.apfelpatient.de\/en\/news\/quartalszahlen-apple-oeffnet-am-30-april-die-buecher","title":{"rendered":"Quarterly figures: Apple opens the books on April 30th"},"content":{"rendered":"<p><strong>Apple will publish its results for the second quarter of 2019 on April 30th \u2013 the company announced this on its own website.<\/strong><\/p>\n<p>Accordingly, the company will announce its second quarter figures on April 30th at 2pm PT \/ 5pm ET (11pm in this country). Apple announced its results for the first quarter of 2019 at the end of January and achieved sales of 84.3 billion US dollars - profits amounted to 19.97 billion US dollars. The company exceeded expectations with earnings of 4.18 US dollars per share. Analysts on average forecast 4.17 US dollars.<\/p>\n<p class=\"p1\"><\/p>\n<p>Originally, total revenue for the first quarter was expected to be between 89 and 93 billion US dollars. At the beginning of the year, Apple lowered its forecast to 84 billion US dollars. Analysts&#039; expectations were originally around 91 billion US dollars. Apple CEO Tim Cook justified the correction with poor iPhone sales in China and other countries, among other things.<\/p>\n<p><strong>Conference Call<\/strong><\/p>\n<p>Apple has forecast sales of around 55-59 billion US dollars for the second quarter \u2013 last year it was 61 billion US dollars. It remains to be seen whether Apple can convince. The presentation will proceed as usual \u2013 first the figures will be published and half an hour later the <a href=\"https:\/\/www.apple.com\/investor\/earnings-call\/\">Conference Call<\/a>.<\/p>\n<h6><a href=\"https:\/\/t.me\/apfelpatient_official\"><em><strong>Don&#039;t want to miss any more news? Then subscribe to our Telegram channel here<\/strong><\/em><\/a><\/h6>","protected":false},"excerpt":{"rendered":"<p>Apple wird am 30. April das Ergebnis f\u00fcr das zweite Quartal 2019 ver\u00f6ffentlichen &#8211; dies k\u00fcndigte der Konzern auf der eigenen Webseite an. Demnach wird der Konzern am 30. April um 2pm PT \/ 5pm ET (23.00 Uhr hierzulande) die Zahlen f\u00fcr das zweite Quartal offenlegen. Apple gab Ende Januar seine Ergebnisse f\u00fcr das erste [&hellip;]<\/p>\n","protected":false},"author":2,"featured_media":3969,"comment_status":"closed","ping_status":"closed","sticky":false,"template":"","format":"standard","meta":{"jnews-multi-image_gallery":[],"jnews_single_post":[],"jnews_primary_category":[],"footnotes":""},"categories":[9],"tags":[61,13],"class_list":["post-3965","post","type-post","status-publish","format-standard","has-post-thumbnail","hentry","category-news","tag-quartalszahlen","tag-techpatient"],"yoast_head":"<!-- This site is optimized with the Yoast SEO Premium plugin v27.5 (Yoast SEO v27.5) - https:\/\/yoast.com\/product\/yoast-seo-premium-wordpress\/ -->\n<title>Quartalszahlen: Apple \u00f6ffnet am 30. April die B\u00fccher Apfelpatient<\/title>\n<meta name=\"description\" content=\"- Apple wird am 30. April das Ergebnis f\u00fcr das zweite Quartal 2019 ver\u00f6ffentlichen - dies k\u00fcndigte der Konzern auf der eigenen Webseite an.\" \/>\n<meta name=\"robots\" content=\"index, follow, max-snippet:-1, max-image-preview:large, max-video-preview:-1\" \/>\n<link rel=\"canonical\" href=\"https:\/\/www.apfelpatient.de\/en\/news\/quarterly-figures-apple-opens-the-books-on-30-april\" \/>\n<meta property=\"og:locale\" content=\"en_US\" \/>\n<meta property=\"og:type\" content=\"article\" \/>\n<meta property=\"og:title\" content=\"Quartalszahlen: Apple \u00f6ffnet am 30. April die B\u00fccher\" \/>\n<meta property=\"og:description\" content=\"- Apple wird am 30. April das Ergebnis f\u00fcr das zweite Quartal 2019 ver\u00f6ffentlichen - dies k\u00fcndigte der Konzern auf der eigenen Webseite an.\" \/>\n<meta property=\"og:url\" content=\"https:\/\/www.apfelpatient.de\/en\/news\/quarterly-figures-apple-opens-the-books-on-30-april\" \/>\n<meta property=\"og:site_name\" content=\"Apfelpatient\" \/>\n<meta property=\"article:publisher\" content=\"https:\/\/www.facebook.com\/apfelpatientOfficial\" \/>\n<meta property=\"article:author\" content=\"https:\/\/www.facebook.com\/apfelpatientOfficial\" \/>\n<meta property=\"article:published_time\" content=\"2019-04-02T10:45:54+00:00\" \/>\n<meta property=\"article:modified_time\" content=\"2021-01-19T16:03:55+00:00\" \/>\n<meta property=\"og:image\" content=\"https:\/\/www.apfelpatient.de\/wp-content\/uploads\/2019\/04\/mark-finn-540442-unsplash.jpg\" \/>\n\t<meta property=\"og:image:width\" content=\"2304\" \/>\n\t<meta property=\"og:image:height\" content=\"1536\" \/>\n\t<meta property=\"og:image:type\" content=\"image\/jpeg\" \/>\n<meta name=\"author\" content=\"Milan\" \/>\n<meta name=\"twitter:card\" content=\"summary_large_image\" \/>\n<meta name=\"twitter:label1\" content=\"Written by\" \/>\n\t<meta name=\"twitter:data1\" content=\"Milan\" \/>\n\t<meta name=\"twitter:label2\" content=\"Est. reading time\" \/>\n\t<meta name=\"twitter:data2\" content=\"1 minute\" \/>\n<script type=\"application\/ld+json\" class=\"yoast-schema-graph\">{\"@context\":\"https:\\\/\\\/schema.org\",\"@graph\":[{\"@type\":\"NewsArticle\",\"@id\":\"https:\\\/\\\/www.apfelpatient.de\\\/news\\\/quartalszahlen-apple-oeffnet-am-30-april-die-buecher#article\",\"isPartOf\":{\"@id\":\"https:\\\/\\\/www.apfelpatient.de\\\/news\\\/quartalszahlen-apple-oeffnet-am-30-april-die-buecher\"},\"author\":{\"@type\":\"Organization\",\"@id\":\"https:\\\/\\\/www.apfelpatient.de\\\/en\\\/#organization\",\"name\":\"Apfelpatient\",\"url\":\"https:\\\/\\\/www.apfelpatient.de\\\/en\\\/\"},\"headline\":\"Quartalszahlen: Apple \u00f6ffnet am 30. April die B\u00fccher\",\"datePublished\":\"2019-04-02T10:45:54+00:00\",\"dateModified\":\"2021-01-19T16:03:55+00:00\",\"mainEntityOfPage\":{\"@id\":\"https:\\\/\\\/www.apfelpatient.de\\\/news\\\/quartalszahlen-apple-oeffnet-am-30-april-die-buecher\"},\"wordCount\":224,\"publisher\":{\"@type\":\"Organization\",\"@id\":\"https:\\\/\\\/www.apfelpatient.de\\\/en\\\/#organization\",\"name\":\"Apfelpatient\",\"url\":\"https:\\\/\\\/www.apfelpatient.de\\\/en\\\/\"},\"image\":{\"@id\":\"https:\\\/\\\/www.apfelpatient.de\\\/news\\\/quartalszahlen-apple-oeffnet-am-30-april-die-buecher#primaryimage\"},\"thumbnailUrl\":\"https:\\\/\\\/www.apfelpatient.de\\\/wp-content\\\/uploads\\\/2019\\\/04\\\/mark-finn-540442-unsplash.jpg\",\"keywords\":[\"Quartalszahlen\",\"TechPatient\"],\"articleSection\":\"News\",\"inLanguage\":\"en-US\",\"copyrightYear\":\"2019\",\"copyrightHolder\":{\"@id\":\"https:\\\/\\\/www.apfelpatient.de\\\/en\\\/#organization\"}},{\"@type\":\"WebPage\",\"@id\":\"https:\\\/\\\/www.apfelpatient.de\\\/news\\\/quartalszahlen-apple-oeffnet-am-30-april-die-buecher\",\"url\":\"https:\\\/\\\/www.apfelpatient.de\\\/news\\\/quartalszahlen-apple-oeffnet-am-30-april-die-buecher\",\"name\":\"Quartalszahlen: Apple \u00f6ffnet am 30. April die B\u00fccher Apfelpatient\",\"isPartOf\":{\"@id\":\"https:\\\/\\\/www.apfelpatient.de\\\/#website\"},\"primaryImageOfPage\":{\"@id\":\"https:\\\/\\\/www.apfelpatient.de\\\/news\\\/quartalszahlen-apple-oeffnet-am-30-april-die-buecher#primaryimage\"},\"image\":{\"@id\":\"https:\\\/\\\/www.apfelpatient.de\\\/news\\\/quartalszahlen-apple-oeffnet-am-30-april-die-buecher#primaryimage\"},\"thumbnailUrl\":\"https:\\\/\\\/www.apfelpatient.de\\\/wp-content\\\/uploads\\\/2019\\\/04\\\/mark-finn-540442-unsplash.jpg\",\"datePublished\":\"2019-04-02T10:45:54+00:00\",\"dateModified\":\"2021-01-19T16:03:55+00:00\",\"description\":\"- Apple wird am 30. April das Ergebnis f\u00fcr das zweite Quartal 2019 ver\u00f6ffentlichen - dies k\u00fcndigte der Konzern auf der eigenen Webseite an.\",\"breadcrumb\":{\"@id\":\"https:\\\/\\\/www.apfelpatient.de\\\/news\\\/quartalszahlen-apple-oeffnet-am-30-april-die-buecher#breadcrumb\"},\"inLanguage\":\"en-US\",\"potentialAction\":[{\"@type\":\"ReadAction\",\"target\":[\"https:\\\/\\\/www.apfelpatient.de\\\/news\\\/quartalszahlen-apple-oeffnet-am-30-april-die-buecher\"]}]},{\"@type\":\"ImageObject\",\"inLanguage\":\"en-US\",\"@id\":\"https:\\\/\\\/www.apfelpatient.de\\\/news\\\/quartalszahlen-apple-oeffnet-am-30-april-die-buecher#primaryimage\",\"url\":\"https:\\\/\\\/www.apfelpatient.de\\\/wp-content\\\/uploads\\\/2019\\\/04\\\/mark-finn-540442-unsplash.jpg\",\"contentUrl\":\"https:\\\/\\\/www.apfelpatient.de\\\/wp-content\\\/uploads\\\/2019\\\/04\\\/mark-finn-540442-unsplash.jpg\",\"width\":2304,\"height\":1536,\"caption\":\"Photo by Unsplash\"},{\"@type\":\"BreadcrumbList\",\"@id\":\"https:\\\/\\\/www.apfelpatient.de\\\/news\\\/quartalszahlen-apple-oeffnet-am-30-april-die-buecher#breadcrumb\",\"itemListElement\":[{\"@type\":\"ListItem\",\"position\":1,\"name\":\"Startseite\",\"item\":\"https:\\\/\\\/www.apfelpatient.de\\\/\"},{\"@type\":\"ListItem\",\"position\":2,\"name\":\"Quartalszahlen: Apple \u00f6ffnet am 30. April die B\u00fccher\"}]},{\"@type\":\"WebSite\",\"@id\":\"https:\\\/\\\/www.apfelpatient.de\\\/#website\",\"url\":\"https:\\\/\\\/www.apfelpatient.de\\\/\",\"name\":\"Apfelpatient\",\"description\":\"Alles rund um Apple!\",\"publisher\":{\"@type\":\"Organization\",\"@id\":\"https:\\\/\\\/www.apfelpatient.de\\\/en\\\/#organization\",\"name\":\"Apfelpatient\",\"url\":\"https:\\\/\\\/www.apfelpatient.de\\\/en\\\/\"},\"alternateName\":\"Apfelpatient\",\"potentialAction\":[{\"@type\":\"SearchAction\",\"target\":{\"@type\":\"EntryPoint\",\"urlTemplate\":\"https:\\\/\\\/www.apfelpatient.de\\\/?s={search_term_string}\"},\"query-input\":{\"@type\":\"PropertyValueSpecification\",\"valueRequired\":true,\"valueName\":\"search_term_string\"}}],\"inLanguage\":\"en-US\"},{\"@type\":[\"Person\",\"Organization\"],\"@id\":\"https:\\\/\\\/www.apfelpatient.de\\\/#\\\/schema\\\/person\\\/35b3ddba5832f2bfc7fff5206d4f6b7b\",\"name\":\"Milan\",\"logo\":{\"@id\":\"https:\\\/\\\/www.apfelpatient.de\\\/#\\\/schema\\\/person\\\/image\\\/\"},\"description\":\"Hallo und herzlich willkommen auf meinem Technik-Blog! Als gro\u00dfer Apple-Fan berichte ich hier \u00fcber alles, was mit Apple zu tun hat: von den neuesten News und spannenden Ger\u00fcchten \u00fcber hilfreiche Tipps und Tricks bis hin zu ausf\u00fchrlichen Produkttests. Wenn du genauso technikbegeistert bist wie ich, bist du hier genau richtig!\",\"sameAs\":[\"https:\\\/\\\/www.facebook.com\\\/apfelpatientOfficial\",\"https:\\\/\\\/www.linkedin.com\\\/in\\\/milan-jovicic-42aa0231b\"],\"url\":\"https:\\\/\\\/www.apfelpatient.de\\\/en\\\/author\\\/apfeladmin\"}]}<\/script>\n<!-- \/ Yoast SEO Premium plugin. -->","yoast_head_json":{"title":"Quarterly figures: Apple opens the books on April 30th Apfelpatient","description":"- Apple will publish its results for the second quarter of 2019 on April 30th - the company announced this on its own website.","robots":{"index":"index","follow":"follow","max-snippet":"max-snippet:-1","max-image-preview":"max-image-preview:large","max-video-preview":"max-video-preview:-1"},"canonical":"https:\/\/www.apfelpatient.de\/en\/news\/quarterly-figures-apple-opens-the-books-on-30-april","og_locale":"en_US","og_type":"article","og_title":"Quartalszahlen: Apple \u00f6ffnet am 30. April die B\u00fccher","og_description":"- Apple wird am 30. April das Ergebnis f\u00fcr das zweite Quartal 2019 ver\u00f6ffentlichen - dies k\u00fcndigte der Konzern auf der eigenen Webseite an.","og_url":"https:\/\/www.apfelpatient.de\/en\/news\/quarterly-figures-apple-opens-the-books-on-30-april","og_site_name":"Apfelpatient","article_publisher":"https:\/\/www.facebook.com\/apfelpatientOfficial","article_author":"https:\/\/www.facebook.com\/apfelpatientOfficial","article_published_time":"2019-04-02T10:45:54+00:00","article_modified_time":"2021-01-19T16:03:55+00:00","og_image":[{"width":2304,"height":1536,"url":"https:\/\/www.apfelpatient.de\/wp-content\/uploads\/2019\/04\/mark-finn-540442-unsplash.jpg","type":"image\/jpeg"}],"author":"Milan","twitter_card":"summary_large_image","twitter_misc":{"Written by":"Milan","Est. reading time":"1 minute"},"schema":{"@context":"https:\/\/schema.org","@graph":[{"@type":"NewsArticle","@id":"https:\/\/www.apfelpatient.de\/news\/quartalszahlen-apple-oeffnet-am-30-april-die-buecher#article","isPartOf":{"@id":"https:\/\/www.apfelpatient.de\/news\/quartalszahlen-apple-oeffnet-am-30-april-die-buecher"},"author":{"@type":"Organization","@id":"https:\/\/www.apfelpatient.de\/en\/#organization","name":"Apfelpatient","url":"https:\/\/www.apfelpatient.de\/en\/"},"headline":"Quartalszahlen: Apple \u00f6ffnet am 30. April die B\u00fccher","datePublished":"2019-04-02T10:45:54+00:00","dateModified":"2021-01-19T16:03:55+00:00","mainEntityOfPage":{"@id":"https:\/\/www.apfelpatient.de\/news\/quartalszahlen-apple-oeffnet-am-30-april-die-buecher"},"wordCount":224,"publisher":{"@type":"Organization","@id":"https:\/\/www.apfelpatient.de\/en\/#organization","name":"Apfelpatient","url":"https:\/\/www.apfelpatient.de\/en\/"},"image":{"@id":"https:\/\/www.apfelpatient.de\/news\/quartalszahlen-apple-oeffnet-am-30-april-die-buecher#primaryimage"},"thumbnailUrl":"https:\/\/www.apfelpatient.de\/wp-content\/uploads\/2019\/04\/mark-finn-540442-unsplash.jpg","keywords":["Quartalszahlen","TechPatient"],"articleSection":"News","inLanguage":"en-US","copyrightYear":"2019","copyrightHolder":{"@id":"https:\/\/www.apfelpatient.de\/en\/#organization"}},{"@type":"WebPage","@id":"https:\/\/www.apfelpatient.de\/news\/quartalszahlen-apple-oeffnet-am-30-april-die-buecher","url":"https:\/\/www.apfelpatient.de\/news\/quartalszahlen-apple-oeffnet-am-30-april-die-buecher","name":"Quarterly figures: Apple opens the books on April 30th Apfelpatient","isPartOf":{"@id":"https:\/\/www.apfelpatient.de\/#website"},"primaryImageOfPage":{"@id":"https:\/\/www.apfelpatient.de\/news\/quartalszahlen-apple-oeffnet-am-30-april-die-buecher#primaryimage"},"image":{"@id":"https:\/\/www.apfelpatient.de\/news\/quartalszahlen-apple-oeffnet-am-30-april-die-buecher#primaryimage"},"thumbnailUrl":"https:\/\/www.apfelpatient.de\/wp-content\/uploads\/2019\/04\/mark-finn-540442-unsplash.jpg","datePublished":"2019-04-02T10:45:54+00:00","dateModified":"2021-01-19T16:03:55+00:00","description":"- Apple will publish its results for the second quarter of 2019 on April 30th - the company announced this on its own website.","breadcrumb":{"@id":"https:\/\/www.apfelpatient.de\/news\/quartalszahlen-apple-oeffnet-am-30-april-die-buecher#breadcrumb"},"inLanguage":"en-US","potentialAction":[{"@type":"ReadAction","target":["https:\/\/www.apfelpatient.de\/news\/quartalszahlen-apple-oeffnet-am-30-april-die-buecher"]}]},{"@type":"ImageObject","inLanguage":"en-US","@id":"https:\/\/www.apfelpatient.de\/news\/quartalszahlen-apple-oeffnet-am-30-april-die-buecher#primaryimage","url":"https:\/\/www.apfelpatient.de\/wp-content\/uploads\/2019\/04\/mark-finn-540442-unsplash.jpg","contentUrl":"https:\/\/www.apfelpatient.de\/wp-content\/uploads\/2019\/04\/mark-finn-540442-unsplash.jpg","width":2304,"height":1536,"caption":"Photo by Unsplash"},{"@type":"BreadcrumbList","@id":"https:\/\/www.apfelpatient.de\/news\/quartalszahlen-apple-oeffnet-am-30-april-die-buecher#breadcrumb","itemListElement":[{"@type":"ListItem","position":1,"name":"Startseite","item":"https:\/\/www.apfelpatient.de\/"},{"@type":"ListItem","position":2,"name":"Quartalszahlen: Apple \u00f6ffnet am 30. April die B\u00fccher"}]},{"@type":"WebSite","@id":"https:\/\/www.apfelpatient.de\/#website","url":"https:\/\/www.apfelpatient.de\/","name":"apple patient","description":"Everything about Apple!","publisher":{"@type":"Organization","@id":"https:\/\/www.apfelpatient.de\/en\/#organization","name":"Apfelpatient","url":"https:\/\/www.apfelpatient.de\/en\/"},"alternateName":"Apfelpatient","potentialAction":[{"@type":"SearchAction","target":{"@type":"EntryPoint","urlTemplate":"https:\/\/www.apfelpatient.de\/?s={search_term_string}"},"query-input":{"@type":"PropertyValueSpecification","valueRequired":true,"valueName":"search_term_string"}}],"inLanguage":"en-US"},{"@type":["Person","Organization"],"@id":"https:\/\/www.apfelpatient.de\/#\/schema\/person\/35b3ddba5832f2bfc7fff5206d4f6b7b","name":"Milan","logo":{"@id":"https:\/\/www.apfelpatient.de\/#\/schema\/person\/image\/"},"description":"Hello and welcome to my technology blog! As a big Apple fan, I report on everything to do with Apple: from the latest news and exciting rumors to helpful tips and tricks and detailed product tests. If you are as enthusiastic about technology as I am, you have come to the right place!","sameAs":["https:\/\/www.facebook.com\/apfelpatientOfficial","https:\/\/www.linkedin.com\/in\/milan-jovicic-42aa0231b"],"url":"https:\/\/www.apfelpatient.de\/en\/author\/apfeladmin"}]}},"_links":{"self":[{"href":"https:\/\/www.apfelpatient.de\/en\/wp-json\/wp\/v2\/posts\/3965","targetHints":{"allow":["GET"]}}],"collection":[{"href":"https:\/\/www.apfelpatient.de\/en\/wp-json\/wp\/v2\/posts"}],"about":[{"href":"https:\/\/www.apfelpatient.de\/en\/wp-json\/wp\/v2\/types\/post"}],"author":[{"embeddable":true,"href":"https:\/\/www.apfelpatient.de\/en\/wp-json\/wp\/v2\/users\/2"}],"replies":[{"embeddable":true,"href":"https:\/\/www.apfelpatient.de\/en\/wp-json\/wp\/v2\/comments?post=3965"}],"version-history":[{"count":0,"href":"https:\/\/www.apfelpatient.de\/en\/wp-json\/wp\/v2\/posts\/3965\/revisions"}],"wp:featuredmedia":[{"embeddable":true,"href":"https:\/\/www.apfelpatient.de\/en\/wp-json\/wp\/v2\/media\/3969"}],"wp:attachment":[{"href":"https:\/\/www.apfelpatient.de\/en\/wp-json\/wp\/v2\/media?parent=3965"}],"wp:term":[{"taxonomy":"category","embeddable":true,"href":"https:\/\/www.apfelpatient.de\/en\/wp-json\/wp\/v2\/categories?post=3965"},{"taxonomy":"post_tag","embeddable":true,"href":"https:\/\/www.apfelpatient.de\/en\/wp-json\/wp\/v2\/tags?post=3965"}],"curies":[{"name":"wp","href":"https:\/\/api.w.org\/{rel}","templated":true}]}}