{"id":3956,"date":"2019-03-31T18:00:22","date_gmt":"2019-03-31T16:00:22","guid":{"rendered":"https:\/\/www.apfelpatient.de\/?p=3956"},"modified":"2025-02-06T07:10:42","modified_gmt":"2025-02-06T06:10:42","slug":"project-titan-tesla-specialist-moves-to-apple","status":"publish","type":"post","link":"https:\/\/www.apfelpatient.de\/en\/news\/project-titan-tesla-spezialist-wechselt-zu-apple","title":{"rendered":"Project Titan: Tesla specialist moves to Apple"},"content":{"rendered":"<p><strong>At the end of February, several <a href=\"https:\/\/www.apfelpatient.de\/en\">redundancies<\/a> in the area of \u201cApple Car\u201d \u2013 observers saw Project Titan in danger.<\/strong><\/p>\n<p>Now a high-ranking Tesla employee is said to have moved to the iPhone company. Michael Schwekutsch is considered a specialist in electric drives and was vice president in the development department for batteries and drives at Tesla. His move was announced by the update of his LinkedIn profile - according to this, he is to be used for special projects at Apple.<\/p>\n<p class=\"p1\"><\/p>\n<p>The description and his previous area of responsibility naturally suggest the group around Project Titan. The new addition gives the Apple Car new fuel and lends more credibility to a report from the end of February. The <a href=\"https:\/\/www.apfelpatient.de\/en\">Manager Magazin<\/a> claims to have learned at the time that the Apple Car is actually a minibus and will probably be introduced in 2023.<\/p>\n<p><strong>What is Project Titan?<\/strong><\/p>\n<p>Initially, little was known about Project Titan. The development and construction of entire cars was considered to be Apple&#039;s original goal. As research progressed, this is said to have changed and the focus was placed on software development for autonomous driving. This was then to be incorporated into models from other manufacturers. The project itself was first documented in 2015. Now, however, Apple seems to be reviving its old plans for its own car. Analysts assume that the iGroup could possibly present the iCar in 2025 or later.<\/p>\n<h6><a href=\"https:\/\/t.me\/apfelpatient_official\"><em><strong>Don&#039;t want to miss any more news? Then subscribe to our Telegram channel here<\/strong><\/em><\/a><\/h6>","protected":false},"excerpt":{"rendered":"<p>Ende Februar wurden mehrere Entlassungen im Bereich \u201eApple Car\u201c bekannt &#8211; Beobachter sahen Project Titan in Gefahr. Nun soll ein ranghoher Tesla-Mitarbeiter zum iPhone Konzern gewechselt sein. Michael Schwekutsch gilt als Spezialist f\u00fcr Elektroantriebe und war Vizepr\u00e4sident in der Entwicklungsabteilung f\u00fcr Batterien und Antriebe bei Tesla. Sein Wechsel wurde durch die Aktualisierung seines LinkedIn Profils [&hellip;]<\/p>\n","protected":false},"author":2,"featured_media":3122,"comment_status":"closed","ping_status":"closed","sticky":false,"template":"","format":"standard","meta":{"jnews-multi-image_gallery":[],"jnews_single_post":[],"jnews_primary_category":[],"footnotes":""},"categories":[9],"tags":[115,13],"class_list":["post-3956","post","type-post","status-publish","format-standard","has-post-thumbnail","hentry","category-news","tag-apple-car","tag-techpatient"],"yoast_head":"<!-- This site is optimized with the Yoast SEO Premium plugin v27.5 (Yoast SEO v27.5) - https:\/\/yoast.com\/product\/yoast-seo-premium-wordpress\/ -->\n<title>Project Titan: Tesla-Spezialist wechselt zu Apple Apfelpatient<\/title>\n<meta name=\"description\" content=\"- Ende Februar wurden mehrere Entlassungen im Bereich \u201eApple Car\u201c bekannt - Beobachter sahen Project Titan in Gefahr.\" \/>\n<meta name=\"robots\" content=\"index, follow, max-snippet:-1, max-image-preview:large, max-video-preview:-1\" \/>\n<link rel=\"canonical\" href=\"https:\/\/www.apfelpatient.de\/en\/news\/project-titan-tesla-specialist-moves-to-apple\" \/>\n<meta property=\"og:locale\" content=\"en_US\" \/>\n<meta property=\"og:type\" content=\"article\" \/>\n<meta property=\"og:title\" content=\"Project Titan: Tesla-Spezialist wechselt zu Apple\" \/>\n<meta property=\"og:description\" content=\"- Ende Februar wurden mehrere Entlassungen im Bereich \u201eApple Car\u201c bekannt - Beobachter sahen Project Titan in Gefahr.\" \/>\n<meta property=\"og:url\" content=\"https:\/\/www.apfelpatient.de\/en\/news\/project-titan-tesla-specialist-moves-to-apple\" \/>\n<meta property=\"og:site_name\" content=\"Apfelpatient\" \/>\n<meta property=\"article:publisher\" content=\"https:\/\/www.facebook.com\/apfelpatientOfficial\" \/>\n<meta property=\"article:author\" content=\"https:\/\/www.facebook.com\/apfelpatientOfficial\" \/>\n<meta property=\"article:published_time\" content=\"2019-03-31T16:00:22+00:00\" \/>\n<meta property=\"article:modified_time\" content=\"2025-02-06T06:10:42+00:00\" \/>\n<meta property=\"og:image\" content=\"https:\/\/www.apfelpatient.de\/wp-content\/uploads\/2019\/01\/luca-bravo-205341-unsplash.jpg\" \/>\n\t<meta property=\"og:image:width\" content=\"6021\" \/>\n\t<meta property=\"og:image:height\" content=\"4014\" \/>\n\t<meta property=\"og:image:type\" content=\"image\/jpeg\" \/>\n<meta name=\"author\" content=\"Milan\" \/>\n<meta name=\"twitter:card\" content=\"summary_large_image\" \/>\n<meta name=\"twitter:label1\" content=\"Written by\" \/>\n\t<meta name=\"twitter:data1\" content=\"Milan\" \/>\n\t<meta name=\"twitter:label2\" content=\"Est. reading time\" \/>\n\t<meta name=\"twitter:data2\" content=\"1 minute\" \/>\n<script type=\"application\/ld+json\" class=\"yoast-schema-graph\">{\"@context\":\"https:\\\/\\\/schema.org\",\"@graph\":[{\"@type\":\"NewsArticle\",\"@id\":\"https:\\\/\\\/www.apfelpatient.de\\\/news\\\/project-titan-tesla-spezialist-wechselt-zu-apple#article\",\"isPartOf\":{\"@id\":\"https:\\\/\\\/www.apfelpatient.de\\\/news\\\/project-titan-tesla-spezialist-wechselt-zu-apple\"},\"author\":{\"@type\":\"Organization\",\"@id\":\"https:\\\/\\\/www.apfelpatient.de\\\/en\\\/#organization\",\"name\":\"Apfelpatient\",\"url\":\"https:\\\/\\\/www.apfelpatient.de\\\/en\\\/\"},\"headline\":\"Project Titan: Tesla-Spezialist wechselt zu Apple\",\"datePublished\":\"2019-03-31T16:00:22+00:00\",\"dateModified\":\"2025-02-06T06:10:42+00:00\",\"mainEntityOfPage\":{\"@id\":\"https:\\\/\\\/www.apfelpatient.de\\\/news\\\/project-titan-tesla-spezialist-wechselt-zu-apple\"},\"wordCount\":244,\"publisher\":{\"@type\":\"Organization\",\"@id\":\"https:\\\/\\\/www.apfelpatient.de\\\/en\\\/#organization\",\"name\":\"Apfelpatient\",\"url\":\"https:\\\/\\\/www.apfelpatient.de\\\/en\\\/\"},\"image\":{\"@id\":\"https:\\\/\\\/www.apfelpatient.de\\\/news\\\/project-titan-tesla-spezialist-wechselt-zu-apple#primaryimage\"},\"thumbnailUrl\":\"https:\\\/\\\/www.apfelpatient.de\\\/wp-content\\\/uploads\\\/2019\\\/01\\\/luca-bravo-205341-unsplash.jpg\",\"keywords\":[\"Apple Car\",\"TechPatient\"],\"articleSection\":\"News\",\"inLanguage\":\"en-US\",\"copyrightYear\":\"2019\",\"copyrightHolder\":{\"@id\":\"https:\\\/\\\/www.apfelpatient.de\\\/en\\\/#organization\"}},{\"@type\":\"WebPage\",\"@id\":\"https:\\\/\\\/www.apfelpatient.de\\\/news\\\/project-titan-tesla-spezialist-wechselt-zu-apple\",\"url\":\"https:\\\/\\\/www.apfelpatient.de\\\/news\\\/project-titan-tesla-spezialist-wechselt-zu-apple\",\"name\":\"Project Titan: Tesla-Spezialist wechselt zu Apple Apfelpatient\",\"isPartOf\":{\"@id\":\"https:\\\/\\\/www.apfelpatient.de\\\/#website\"},\"primaryImageOfPage\":{\"@id\":\"https:\\\/\\\/www.apfelpatient.de\\\/news\\\/project-titan-tesla-spezialist-wechselt-zu-apple#primaryimage\"},\"image\":{\"@id\":\"https:\\\/\\\/www.apfelpatient.de\\\/news\\\/project-titan-tesla-spezialist-wechselt-zu-apple#primaryimage\"},\"thumbnailUrl\":\"https:\\\/\\\/www.apfelpatient.de\\\/wp-content\\\/uploads\\\/2019\\\/01\\\/luca-bravo-205341-unsplash.jpg\",\"datePublished\":\"2019-03-31T16:00:22+00:00\",\"dateModified\":\"2025-02-06T06:10:42+00:00\",\"description\":\"- Ende Februar wurden mehrere Entlassungen im Bereich \u201eApple Car\u201c bekannt - Beobachter sahen Project Titan in Gefahr.\",\"breadcrumb\":{\"@id\":\"https:\\\/\\\/www.apfelpatient.de\\\/news\\\/project-titan-tesla-spezialist-wechselt-zu-apple#breadcrumb\"},\"inLanguage\":\"en-US\",\"potentialAction\":[{\"@type\":\"ReadAction\",\"target\":[\"https:\\\/\\\/www.apfelpatient.de\\\/news\\\/project-titan-tesla-spezialist-wechselt-zu-apple\"]}]},{\"@type\":\"ImageObject\",\"inLanguage\":\"en-US\",\"@id\":\"https:\\\/\\\/www.apfelpatient.de\\\/news\\\/project-titan-tesla-spezialist-wechselt-zu-apple#primaryimage\",\"url\":\"https:\\\/\\\/www.apfelpatient.de\\\/wp-content\\\/uploads\\\/2019\\\/01\\\/luca-bravo-205341-unsplash.jpg\",\"contentUrl\":\"https:\\\/\\\/www.apfelpatient.de\\\/wp-content\\\/uploads\\\/2019\\\/01\\\/luca-bravo-205341-unsplash.jpg\",\"width\":6021,\"height\":4014,\"caption\":\"Photo by Unsplash\"},{\"@type\":\"BreadcrumbList\",\"@id\":\"https:\\\/\\\/www.apfelpatient.de\\\/news\\\/project-titan-tesla-spezialist-wechselt-zu-apple#breadcrumb\",\"itemListElement\":[{\"@type\":\"ListItem\",\"position\":1,\"name\":\"Startseite\",\"item\":\"https:\\\/\\\/www.apfelpatient.de\\\/\"},{\"@type\":\"ListItem\",\"position\":2,\"name\":\"Project Titan: Tesla-Spezialist wechselt zu Apple\"}]},{\"@type\":\"WebSite\",\"@id\":\"https:\\\/\\\/www.apfelpatient.de\\\/#website\",\"url\":\"https:\\\/\\\/www.apfelpatient.de\\\/\",\"name\":\"Apfelpatient\",\"description\":\"Alles rund um Apple!\",\"publisher\":{\"@type\":\"Organization\",\"@id\":\"https:\\\/\\\/www.apfelpatient.de\\\/en\\\/#organization\",\"name\":\"Apfelpatient\",\"url\":\"https:\\\/\\\/www.apfelpatient.de\\\/en\\\/\"},\"alternateName\":\"Apfelpatient\",\"potentialAction\":[{\"@type\":\"SearchAction\",\"target\":{\"@type\":\"EntryPoint\",\"urlTemplate\":\"https:\\\/\\\/www.apfelpatient.de\\\/?s={search_term_string}\"},\"query-input\":{\"@type\":\"PropertyValueSpecification\",\"valueRequired\":true,\"valueName\":\"search_term_string\"}}],\"inLanguage\":\"en-US\"},{\"@type\":[\"Person\",\"Organization\"],\"@id\":\"https:\\\/\\\/www.apfelpatient.de\\\/#\\\/schema\\\/person\\\/35b3ddba5832f2bfc7fff5206d4f6b7b\",\"name\":\"Milan\",\"logo\":{\"@id\":\"https:\\\/\\\/www.apfelpatient.de\\\/#\\\/schema\\\/person\\\/image\\\/\"},\"description\":\"Hallo und herzlich willkommen auf meinem Technik-Blog! Als gro\u00dfer Apple-Fan berichte ich hier \u00fcber alles, was mit Apple zu tun hat: von den neuesten News und spannenden Ger\u00fcchten \u00fcber hilfreiche Tipps und Tricks bis hin zu ausf\u00fchrlichen Produkttests. Wenn du genauso technikbegeistert bist wie ich, bist du hier genau richtig!\",\"sameAs\":[\"https:\\\/\\\/www.facebook.com\\\/apfelpatientOfficial\",\"https:\\\/\\\/www.linkedin.com\\\/in\\\/milan-jovicic-42aa0231b\"],\"url\":\"https:\\\/\\\/www.apfelpatient.de\\\/en\\\/author\\\/apfeladmin\"}]}<\/script>\n<!-- \/ Yoast SEO Premium plugin. -->","yoast_head_json":{"title":"Project Titan: Tesla specialist switches to Apple Apfelpatient","description":"- At the end of February, several layoffs in the \u201cApple Car\u201d division were announced - observers saw Project Titan in danger.","robots":{"index":"index","follow":"follow","max-snippet":"max-snippet:-1","max-image-preview":"max-image-preview:large","max-video-preview":"max-video-preview:-1"},"canonical":"https:\/\/www.apfelpatient.de\/en\/news\/project-titan-tesla-specialist-moves-to-apple","og_locale":"en_US","og_type":"article","og_title":"Project Titan: Tesla-Spezialist wechselt zu Apple","og_description":"- Ende Februar wurden mehrere Entlassungen im Bereich \u201eApple Car\u201c bekannt - Beobachter sahen Project Titan in Gefahr.","og_url":"https:\/\/www.apfelpatient.de\/en\/news\/project-titan-tesla-specialist-moves-to-apple","og_site_name":"Apfelpatient","article_publisher":"https:\/\/www.facebook.com\/apfelpatientOfficial","article_author":"https:\/\/www.facebook.com\/apfelpatientOfficial","article_published_time":"2019-03-31T16:00:22+00:00","article_modified_time":"2025-02-06T06:10:42+00:00","og_image":[{"width":6021,"height":4014,"url":"https:\/\/www.apfelpatient.de\/wp-content\/uploads\/2019\/01\/luca-bravo-205341-unsplash.jpg","type":"image\/jpeg"}],"author":"Milan","twitter_card":"summary_large_image","twitter_misc":{"Written by":"Milan","Est. reading time":"1 minute"},"schema":{"@context":"https:\/\/schema.org","@graph":[{"@type":"NewsArticle","@id":"https:\/\/www.apfelpatient.de\/news\/project-titan-tesla-spezialist-wechselt-zu-apple#article","isPartOf":{"@id":"https:\/\/www.apfelpatient.de\/news\/project-titan-tesla-spezialist-wechselt-zu-apple"},"author":{"@type":"Organization","@id":"https:\/\/www.apfelpatient.de\/en\/#organization","name":"Apfelpatient","url":"https:\/\/www.apfelpatient.de\/en\/"},"headline":"Project Titan: Tesla-Spezialist wechselt zu Apple","datePublished":"2019-03-31T16:00:22+00:00","dateModified":"2025-02-06T06:10:42+00:00","mainEntityOfPage":{"@id":"https:\/\/www.apfelpatient.de\/news\/project-titan-tesla-spezialist-wechselt-zu-apple"},"wordCount":244,"publisher":{"@type":"Organization","@id":"https:\/\/www.apfelpatient.de\/en\/#organization","name":"Apfelpatient","url":"https:\/\/www.apfelpatient.de\/en\/"},"image":{"@id":"https:\/\/www.apfelpatient.de\/news\/project-titan-tesla-spezialist-wechselt-zu-apple#primaryimage"},"thumbnailUrl":"https:\/\/www.apfelpatient.de\/wp-content\/uploads\/2019\/01\/luca-bravo-205341-unsplash.jpg","keywords":["Apple Car","TechPatient"],"articleSection":"News","inLanguage":"en-US","copyrightYear":"2019","copyrightHolder":{"@id":"https:\/\/www.apfelpatient.de\/en\/#organization"}},{"@type":"WebPage","@id":"https:\/\/www.apfelpatient.de\/news\/project-titan-tesla-spezialist-wechselt-zu-apple","url":"https:\/\/www.apfelpatient.de\/news\/project-titan-tesla-spezialist-wechselt-zu-apple","name":"Project Titan: Tesla specialist switches to Apple Apfelpatient","isPartOf":{"@id":"https:\/\/www.apfelpatient.de\/#website"},"primaryImageOfPage":{"@id":"https:\/\/www.apfelpatient.de\/news\/project-titan-tesla-spezialist-wechselt-zu-apple#primaryimage"},"image":{"@id":"https:\/\/www.apfelpatient.de\/news\/project-titan-tesla-spezialist-wechselt-zu-apple#primaryimage"},"thumbnailUrl":"https:\/\/www.apfelpatient.de\/wp-content\/uploads\/2019\/01\/luca-bravo-205341-unsplash.jpg","datePublished":"2019-03-31T16:00:22+00:00","dateModified":"2025-02-06T06:10:42+00:00","description":"- At the end of February, several layoffs in the \u201cApple Car\u201d division were announced - observers saw Project Titan in danger.","breadcrumb":{"@id":"https:\/\/www.apfelpatient.de\/news\/project-titan-tesla-spezialist-wechselt-zu-apple#breadcrumb"},"inLanguage":"en-US","potentialAction":[{"@type":"ReadAction","target":["https:\/\/www.apfelpatient.de\/news\/project-titan-tesla-spezialist-wechselt-zu-apple"]}]},{"@type":"ImageObject","inLanguage":"en-US","@id":"https:\/\/www.apfelpatient.de\/news\/project-titan-tesla-spezialist-wechselt-zu-apple#primaryimage","url":"https:\/\/www.apfelpatient.de\/wp-content\/uploads\/2019\/01\/luca-bravo-205341-unsplash.jpg","contentUrl":"https:\/\/www.apfelpatient.de\/wp-content\/uploads\/2019\/01\/luca-bravo-205341-unsplash.jpg","width":6021,"height":4014,"caption":"Photo by Unsplash"},{"@type":"BreadcrumbList","@id":"https:\/\/www.apfelpatient.de\/news\/project-titan-tesla-spezialist-wechselt-zu-apple#breadcrumb","itemListElement":[{"@type":"ListItem","position":1,"name":"Startseite","item":"https:\/\/www.apfelpatient.de\/"},{"@type":"ListItem","position":2,"name":"Project Titan: Tesla-Spezialist wechselt zu Apple"}]},{"@type":"WebSite","@id":"https:\/\/www.apfelpatient.de\/#website","url":"https:\/\/www.apfelpatient.de\/","name":"apple patient","description":"Everything about Apple!","publisher":{"@type":"Organization","@id":"https:\/\/www.apfelpatient.de\/en\/#organization","name":"Apfelpatient","url":"https:\/\/www.apfelpatient.de\/en\/"},"alternateName":"Apfelpatient","potentialAction":[{"@type":"SearchAction","target":{"@type":"EntryPoint","urlTemplate":"https:\/\/www.apfelpatient.de\/?s={search_term_string}"},"query-input":{"@type":"PropertyValueSpecification","valueRequired":true,"valueName":"search_term_string"}}],"inLanguage":"en-US"},{"@type":["Person","Organization"],"@id":"https:\/\/www.apfelpatient.de\/#\/schema\/person\/35b3ddba5832f2bfc7fff5206d4f6b7b","name":"Milan","logo":{"@id":"https:\/\/www.apfelpatient.de\/#\/schema\/person\/image\/"},"description":"Hello and welcome to my technology blog! As a big Apple fan, I report on everything to do with Apple: from the latest news and exciting rumors to helpful tips and tricks and detailed product tests. If you are as enthusiastic about technology as I am, you have come to the right place!","sameAs":["https:\/\/www.facebook.com\/apfelpatientOfficial","https:\/\/www.linkedin.com\/in\/milan-jovicic-42aa0231b"],"url":"https:\/\/www.apfelpatient.de\/en\/author\/apfeladmin"}]}},"_links":{"self":[{"href":"https:\/\/www.apfelpatient.de\/en\/wp-json\/wp\/v2\/posts\/3956","targetHints":{"allow":["GET"]}}],"collection":[{"href":"https:\/\/www.apfelpatient.de\/en\/wp-json\/wp\/v2\/posts"}],"about":[{"href":"https:\/\/www.apfelpatient.de\/en\/wp-json\/wp\/v2\/types\/post"}],"author":[{"embeddable":true,"href":"https:\/\/www.apfelpatient.de\/en\/wp-json\/wp\/v2\/users\/2"}],"replies":[{"embeddable":true,"href":"https:\/\/www.apfelpatient.de\/en\/wp-json\/wp\/v2\/comments?post=3956"}],"version-history":[{"count":0,"href":"https:\/\/www.apfelpatient.de\/en\/wp-json\/wp\/v2\/posts\/3956\/revisions"}],"wp:featuredmedia":[{"embeddable":true,"href":"https:\/\/www.apfelpatient.de\/en\/wp-json\/wp\/v2\/media\/3122"}],"wp:attachment":[{"href":"https:\/\/www.apfelpatient.de\/en\/wp-json\/wp\/v2\/media?parent=3956"}],"wp:term":[{"taxonomy":"category","embeddable":true,"href":"https:\/\/www.apfelpatient.de\/en\/wp-json\/wp\/v2\/categories?post=3956"},{"taxonomy":"post_tag","embeddable":true,"href":"https:\/\/www.apfelpatient.de\/en\/wp-json\/wp\/v2\/tags?post=3956"}],"curies":[{"name":"wp","href":"https:\/\/api.w.org\/{rel}","templated":true}]}}