{"id":39522,"date":"2023-07-08T18:19:20","date_gmt":"2023-07-08T16:19:20","guid":{"rendered":"https:\/\/www.apfelpatient.de\/?p=39522"},"modified":"2023-07-08T18:19:21","modified_gmt":"2023-07-08T16:19:21","slug":"apple-vision-pro-insight-into-the-complex-market-launch","status":"publish","type":"post","link":"https:\/\/www.apfelpatient.de\/en\/news\/apple-vision-pro-einblick-in-die-komplexe-markteinfuehrung","title":{"rendered":"Apple Vision Pro: Insight into the complex market launch"},"content":{"rendered":"<p class=\"has-drop-cap\"><strong>The retail launch of the Apple Vision Pro headset presents Apple with one of the most complex tasks in its history. Bloomberg has provided insight into the preparations for the launch, showing that Apple retail employees will ensure customers receive the headset with matching accessories. It is a logistically challenging launch, with appointments even required to purchase.<\/strong><\/p>\n\n\n\n<p>According to the <a href=\"https:\/\/www.bloomberg.com\/news\/articles\/2023-07-07\/apple-vision-pro-headset-to-launch-in-us-stores-by-appointment\" target=\"_blank\" rel=\"noreferrer noopener\">report<\/a> According to Bloomberg, the Vision Pro headset will initially only be available for pre-order. Customers can make an appointment at Apple Stores to try out the headset in a special area of the store and choose the right model and accessories. This special focus on customer satisfaction is also reflected in the availability of different headbands, light seals and lenses. To make the purchasing process even smoother, Apple is even considering partnerships with accessory manufacturers to develop cases for the external battery.<\/p>\n\n\n\n<h3 class=\"wp-block-heading\" id=\"h-logistische-herausforderungen-und-zukunftige-plane\">Logistical challenges and future plans<\/h3>\n\n\n\n<p>The launch of the Apple Vision Pro headset brings with it a number of logistical challenges. Apple Stores must not only maintain sufficient inventory of purchased products, but also have a variety of demo units and spare parts available for customers who may want to purchase more than one headset. Additionally, the lenses manufactured by Carl Zeiss must be in sufficient stock. The complexity increases further as Apple develops different accessory variants, such as the top strap, to improve comfort for users with smaller head sizes. The report also suggests that Apple will initially only launch the headset in select regions such as New York and Los Angeles before gradually making it available in all Apple Stores in the US. Availability of the Vision Pro headset outside of Apple Stores remains unclear, as Apple does not expect to sell it through third-party retailers until 2025.<\/p>\n\n\n\n<h3 class=\"wp-block-heading\">Apple Vision Pro \u2013 The Future of the Headset Experience<\/h3>\n\n\n\n\n\n\n\n<p>Despite the logistical challenges, Apple is showing its continued spirit of innovation with the launch of the Vision Pro headset. Retail pre-orders and the development of a face scanner app to determine the right size and prescription for customers underscore Apple&#039;s commitment to a first-class customer experience. While only customers in the US will initially be able to purchase the Vision Pro headset, Apple has already announced plans to expand sales to additional countries by the end of 2024. The future of the headset experience seems bright with the Apple Vision Pro, and we can&#039;t wait to see how this technology continues to evolve. (Image: Apple)<\/p>\n\n\n\n<ul class=\"wp-block-list\">\n<li><a href=\"https:\/\/www.apfelpatient.de\/en\/news\/apple-vision-pro-manufacturing-challenges\">Apple Vision Pro: Manufacturing Challenges<\/a><\/li>\n<\/ul>\n\n\n\n<h6 class=\"wp-block-heading translation-block\" id=\"h-kennt-ihr-schon-unsere-amazon-storefront-dort-findet-ihr-eine-handverlesene-auswahl-von-diversen-produkten-f-r-euer-iphone-und-co-viel-spa-beim-st-bern\"><em>Have you already visited our Amazon Storefront? There you&#039;ll find a hand-picked selection of various products for your iPhone and other devices \u2013 <span class=\"has-inline-color has-vivid-red-color\"><a href=\"https:\/\/www.amazon.de\/shop\/apfelpatientofficial\" class=\"ek-link\" data-wpel-link=\"exclude\" rel=\"follow noopener\" target=\"_self\"><span style=\"text-decoration: underline\" class=\"ek-underline\">enjoy browsing<\/span><\/a> !<\/span><\/em><\/h6>\n\n\n\n<h6 class=\"wp-block-heading translation-block\" id=\"h-der-beitrag-enthalt-partnerlinks\">This post contains <a data-type=\"URL\" data-id=\"https:\/\/www.apfelpatient.de\/partnerprogramm\" href=\"https:\/\/www.apfelpatient.de\/en\/partner-program\" data-wpel-link=\"internal\" target=\"_self\">affiliate links<\/a>.<\/h6>","protected":false},"excerpt":{"rendered":"<p>Learn all about the complex launch of Apple Vision Pro. Insight into the logistical challenges and future plans.<\/p>","protected":false},"author":2,"featured_media":39051,"comment_status":"closed","ping_status":"closed","sticky":false,"template":"","format":"standard","meta":{"jnews-multi-image_gallery":[],"jnews_single_post":{"subtitle":"","format":"standard","video":"","gallery":"","source_name":"","source_url":"","via_name":"","via_url":"","override":[{"single_blog_custom":"","sidebar":"","second_sidebar":"","share_position":"","share_float_style":"","post_date_format":"","post_date_format_custom":"","post_reading_time_wpm":"","zoom_button_out_step":"1","zoom_button_in_step":"1","number_popup_post":"1"}],"image_override":[{"single_post_thumbnail_size":"","single_post_gallery_size":""}],"trending_post_position":"","trending_post_label":"","sponsored_post_label":"","sponsored_post_name":"","sponsored_post_url":"","sponsored_post_logo":"","sponsored_post_desc":""},"jnews_primary_category":{"id":"9"},"footnotes":""},"categories":[9],"tags":[843,609,844],"class_list":["post-39522","post","type-post","status-publish","format-standard","has-post-thumbnail","hentry","category-news","tag-apple-vision-pro","tag-apple-vr-ar","tag-visionos"],"yoast_head":"<!-- This site is optimized with the Yoast SEO Premium plugin v27.5 (Yoast SEO v27.5) - https:\/\/yoast.com\/product\/yoast-seo-premium-wordpress\/ -->\n<title>Apple Vision Pro: Einblick in die komplexe Markteinf\u00fchrung Apfelpatient<\/title>\n<meta name=\"description\" content=\"Erfahre alles \u00fcber die komplexe Markteinf\u00fchrung von Apple Vision Pro. Einblick in die logistischen Herausforderungen und zuk\u00fcnftige Pl\u00e4ne.\" \/>\n<meta name=\"robots\" content=\"index, follow, max-snippet:-1, max-image-preview:large, max-video-preview:-1\" \/>\n<link rel=\"canonical\" href=\"https:\/\/www.apfelpatient.de\/en\/news\/apple-vision-pro-insight-into-the-complex-market-launch\" \/>\n<meta property=\"og:locale\" content=\"en_US\" \/>\n<meta property=\"og:type\" content=\"article\" \/>\n<meta property=\"og:title\" content=\"Apple Vision Pro: Einblick in die komplexe Markteinf\u00fchrung\" \/>\n<meta property=\"og:description\" content=\"Erfahre alles \u00fcber die komplexe Markteinf\u00fchrung von Apple Vision Pro. Einblick in die logistischen Herausforderungen und zuk\u00fcnftige Pl\u00e4ne.\" \/>\n<meta property=\"og:url\" content=\"https:\/\/www.apfelpatient.de\/en\/news\/apple-vision-pro-insight-into-the-complex-market-launch\" \/>\n<meta property=\"og:site_name\" content=\"Apfelpatient\" \/>\n<meta property=\"article:publisher\" content=\"https:\/\/www.facebook.com\/apfelpatientOfficial\" \/>\n<meta property=\"article:author\" content=\"https:\/\/www.facebook.com\/apfelpatientOfficial\" \/>\n<meta property=\"article:published_time\" content=\"2023-07-08T16:19:20+00:00\" \/>\n<meta property=\"article:modified_time\" content=\"2023-07-08T16:19:21+00:00\" \/>\n<meta property=\"og:image\" content=\"https:\/\/www.apfelpatient.de\/wp-content\/uploads\/2023\/06\/Apple-WWDC23-Tim-Cook-with-Apple-Vision-Pro.jpg\" \/>\n\t<meta property=\"og:image:width\" content=\"1600\" \/>\n\t<meta property=\"og:image:height\" content=\"1143\" \/>\n\t<meta property=\"og:image:type\" content=\"image\/jpeg\" \/>\n<meta name=\"author\" content=\"Milan\" \/>\n<meta name=\"twitter:card\" content=\"summary_large_image\" \/>\n<meta name=\"twitter:description\" content=\"Erfahre alles \u00fcber die komplexe Markteinf\u00fchrung von Apple Vision Pro. Einblick in die logistischen Herausforderungen und zuk\u00fcnftige Pl\u00e4ne.\" \/>\n<meta name=\"twitter:label1\" content=\"Written by\" \/>\n\t<meta name=\"twitter:data1\" content=\"Milan\" \/>\n\t<meta name=\"twitter:label2\" content=\"Est. reading time\" \/>\n\t<meta name=\"twitter:data2\" content=\"3 minutes\" \/>\n<script type=\"application\/ld+json\" class=\"yoast-schema-graph\">{\"@context\":\"https:\\\/\\\/schema.org\",\"@graph\":[{\"@type\":\"NewsArticle\",\"@id\":\"https:\\\/\\\/www.apfelpatient.de\\\/news\\\/apple-vision-pro-einblick-in-die-komplexe-markteinfuehrung#article\",\"isPartOf\":{\"@id\":\"https:\\\/\\\/www.apfelpatient.de\\\/news\\\/apple-vision-pro-einblick-in-die-komplexe-markteinfuehrung\"},\"author\":{\"@type\":\"Organization\",\"@id\":\"https:\\\/\\\/www.apfelpatient.de\\\/en\\\/#organization\",\"name\":\"Apfelpatient\",\"url\":\"https:\\\/\\\/www.apfelpatient.de\\\/en\\\/\"},\"headline\":\"Apple Vision Pro: Einblick in die komplexe Markteinf\u00fchrung\",\"datePublished\":\"2023-07-08T16:19:20+00:00\",\"dateModified\":\"2023-07-08T16:19:21+00:00\",\"mainEntityOfPage\":{\"@id\":\"https:\\\/\\\/www.apfelpatient.de\\\/news\\\/apple-vision-pro-einblick-in-die-komplexe-markteinfuehrung\"},\"wordCount\":464,\"publisher\":{\"@type\":\"Organization\",\"@id\":\"https:\\\/\\\/www.apfelpatient.de\\\/en\\\/#organization\",\"name\":\"Apfelpatient\",\"url\":\"https:\\\/\\\/www.apfelpatient.de\\\/en\\\/\"},\"image\":{\"@id\":\"https:\\\/\\\/www.apfelpatient.de\\\/news\\\/apple-vision-pro-einblick-in-die-komplexe-markteinfuehrung#primaryimage\"},\"thumbnailUrl\":\"https:\\\/\\\/www.apfelpatient.de\\\/wp-content\\\/uploads\\\/2023\\\/06\\\/Apple-WWDC23-Tim-Cook-with-Apple-Vision-Pro.jpg\",\"keywords\":[\"Apple Vision Pro\",\"Apple VR\\\/AR\",\"visionOS\"],\"articleSection\":\"News\",\"inLanguage\":\"en-US\",\"copyrightYear\":\"2023\",\"copyrightHolder\":{\"@id\":\"https:\\\/\\\/www.apfelpatient.de\\\/en\\\/#organization\"}},{\"@type\":\"WebPage\",\"@id\":\"https:\\\/\\\/www.apfelpatient.de\\\/news\\\/apple-vision-pro-einblick-in-die-komplexe-markteinfuehrung\",\"url\":\"https:\\\/\\\/www.apfelpatient.de\\\/news\\\/apple-vision-pro-einblick-in-die-komplexe-markteinfuehrung\",\"name\":\"Apple Vision Pro: Einblick in die komplexe Markteinf\u00fchrung Apfelpatient\",\"isPartOf\":{\"@id\":\"https:\\\/\\\/www.apfelpatient.de\\\/#website\"},\"primaryImageOfPage\":{\"@id\":\"https:\\\/\\\/www.apfelpatient.de\\\/news\\\/apple-vision-pro-einblick-in-die-komplexe-markteinfuehrung#primaryimage\"},\"image\":{\"@id\":\"https:\\\/\\\/www.apfelpatient.de\\\/news\\\/apple-vision-pro-einblick-in-die-komplexe-markteinfuehrung#primaryimage\"},\"thumbnailUrl\":\"https:\\\/\\\/www.apfelpatient.de\\\/wp-content\\\/uploads\\\/2023\\\/06\\\/Apple-WWDC23-Tim-Cook-with-Apple-Vision-Pro.jpg\",\"datePublished\":\"2023-07-08T16:19:20+00:00\",\"dateModified\":\"2023-07-08T16:19:21+00:00\",\"description\":\"Erfahre alles \u00fcber die komplexe Markteinf\u00fchrung von Apple Vision Pro. Einblick in die logistischen Herausforderungen und zuk\u00fcnftige Pl\u00e4ne.\",\"breadcrumb\":{\"@id\":\"https:\\\/\\\/www.apfelpatient.de\\\/news\\\/apple-vision-pro-einblick-in-die-komplexe-markteinfuehrung#breadcrumb\"},\"inLanguage\":\"en-US\",\"potentialAction\":[{\"@type\":\"ReadAction\",\"target\":[\"https:\\\/\\\/www.apfelpatient.de\\\/news\\\/apple-vision-pro-einblick-in-die-komplexe-markteinfuehrung\"]}]},{\"@type\":\"ImageObject\",\"inLanguage\":\"en-US\",\"@id\":\"https:\\\/\\\/www.apfelpatient.de\\\/news\\\/apple-vision-pro-einblick-in-die-komplexe-markteinfuehrung#primaryimage\",\"url\":\"https:\\\/\\\/www.apfelpatient.de\\\/wp-content\\\/uploads\\\/2023\\\/06\\\/Apple-WWDC23-Tim-Cook-with-Apple-Vision-Pro.jpg\",\"contentUrl\":\"https:\\\/\\\/www.apfelpatient.de\\\/wp-content\\\/uploads\\\/2023\\\/06\\\/Apple-WWDC23-Tim-Cook-with-Apple-Vision-Pro.jpg\",\"width\":1600,\"height\":1143,\"caption\":\"Bild: Apple\"},{\"@type\":\"BreadcrumbList\",\"@id\":\"https:\\\/\\\/www.apfelpatient.de\\\/news\\\/apple-vision-pro-einblick-in-die-komplexe-markteinfuehrung#breadcrumb\",\"itemListElement\":[{\"@type\":\"ListItem\",\"position\":1,\"name\":\"Startseite\",\"item\":\"https:\\\/\\\/www.apfelpatient.de\\\/\"},{\"@type\":\"ListItem\",\"position\":2,\"name\":\"Apple Vision Pro: Einblick in die komplexe Markteinf\u00fchrung\"}]},{\"@type\":\"WebSite\",\"@id\":\"https:\\\/\\\/www.apfelpatient.de\\\/#website\",\"url\":\"https:\\\/\\\/www.apfelpatient.de\\\/\",\"name\":\"Apfelpatient\",\"description\":\"Alles rund um Apple!\",\"publisher\":{\"@type\":\"Organization\",\"@id\":\"https:\\\/\\\/www.apfelpatient.de\\\/en\\\/#organization\",\"name\":\"Apfelpatient\",\"url\":\"https:\\\/\\\/www.apfelpatient.de\\\/en\\\/\"},\"alternateName\":\"Apfelpatient\",\"potentialAction\":[{\"@type\":\"SearchAction\",\"target\":{\"@type\":\"EntryPoint\",\"urlTemplate\":\"https:\\\/\\\/www.apfelpatient.de\\\/?s={search_term_string}\"},\"query-input\":{\"@type\":\"PropertyValueSpecification\",\"valueRequired\":true,\"valueName\":\"search_term_string\"}}],\"inLanguage\":\"en-US\"},{\"@type\":[\"Person\",\"Organization\"],\"@id\":\"https:\\\/\\\/www.apfelpatient.de\\\/#\\\/schema\\\/person\\\/7dc56ad6c8e9824b76d2c08d4c140e13\",\"name\":\"Milan\",\"logo\":{\"@id\":\"https:\\\/\\\/www.apfelpatient.de\\\/#\\\/schema\\\/person\\\/image\\\/\"},\"description\":\"Hallo und herzlich willkommen auf meinem Technik-Blog! Als gro\u00dfer Apple-Fan berichte ich hier \u00fcber alles, was mit Apple zu tun hat: von den neuesten News und spannenden Ger\u00fcchten \u00fcber hilfreiche Tipps und Tricks bis hin zu ausf\u00fchrlichen Produkttests. Wenn du genauso technikbegeistert bist wie ich, bist du hier genau richtig!\",\"sameAs\":[\"https:\\\/\\\/www.facebook.com\\\/apfelpatientOfficial\",\"https:\\\/\\\/www.linkedin.com\\\/in\\\/milan-jovicic-42aa0231b\"],\"url\":\"https:\\\/\\\/www.apfelpatient.de\\\/en\\\/author\\\/apfeladmin\"}]}<\/script>\n<!-- \/ Yoast SEO Premium plugin. -->","yoast_head_json":{"title":"Apple Vision Pro: Insight into the complex launch Apfelpatient","description":"Learn all about the complex launch of Apple Vision Pro. Insight into the logistical challenges and future plans.","robots":{"index":"index","follow":"follow","max-snippet":"max-snippet:-1","max-image-preview":"max-image-preview:large","max-video-preview":"max-video-preview:-1"},"canonical":"https:\/\/www.apfelpatient.de\/en\/news\/apple-vision-pro-insight-into-the-complex-market-launch","og_locale":"en_US","og_type":"article","og_title":"Apple Vision Pro: Einblick in die komplexe Markteinf\u00fchrung","og_description":"Erfahre alles \u00fcber die komplexe Markteinf\u00fchrung von Apple Vision Pro. Einblick in die logistischen Herausforderungen und zuk\u00fcnftige Pl\u00e4ne.","og_url":"https:\/\/www.apfelpatient.de\/en\/news\/apple-vision-pro-insight-into-the-complex-market-launch","og_site_name":"Apfelpatient","article_publisher":"https:\/\/www.facebook.com\/apfelpatientOfficial","article_author":"https:\/\/www.facebook.com\/apfelpatientOfficial","article_published_time":"2023-07-08T16:19:20+00:00","article_modified_time":"2023-07-08T16:19:21+00:00","og_image":[{"width":1600,"height":1143,"url":"https:\/\/www.apfelpatient.de\/wp-content\/uploads\/2023\/06\/Apple-WWDC23-Tim-Cook-with-Apple-Vision-Pro.jpg","type":"image\/jpeg"}],"author":"Milan","twitter_card":"summary_large_image","twitter_description":"Erfahre alles \u00fcber die komplexe Markteinf\u00fchrung von Apple Vision Pro. Einblick in die logistischen Herausforderungen und zuk\u00fcnftige Pl\u00e4ne.","twitter_misc":{"Written by":"Milan","Est. reading time":"3 minutes"},"schema":{"@context":"https:\/\/schema.org","@graph":[{"@type":"NewsArticle","@id":"https:\/\/www.apfelpatient.de\/news\/apple-vision-pro-einblick-in-die-komplexe-markteinfuehrung#article","isPartOf":{"@id":"https:\/\/www.apfelpatient.de\/news\/apple-vision-pro-einblick-in-die-komplexe-markteinfuehrung"},"author":{"@type":"Organization","@id":"https:\/\/www.apfelpatient.de\/en\/#organization","name":"Apfelpatient","url":"https:\/\/www.apfelpatient.de\/en\/"},"headline":"Apple Vision Pro: Einblick in die komplexe Markteinf\u00fchrung","datePublished":"2023-07-08T16:19:20+00:00","dateModified":"2023-07-08T16:19:21+00:00","mainEntityOfPage":{"@id":"https:\/\/www.apfelpatient.de\/news\/apple-vision-pro-einblick-in-die-komplexe-markteinfuehrung"},"wordCount":464,"publisher":{"@type":"Organization","@id":"https:\/\/www.apfelpatient.de\/en\/#organization","name":"Apfelpatient","url":"https:\/\/www.apfelpatient.de\/en\/"},"image":{"@id":"https:\/\/www.apfelpatient.de\/news\/apple-vision-pro-einblick-in-die-komplexe-markteinfuehrung#primaryimage"},"thumbnailUrl":"https:\/\/www.apfelpatient.de\/wp-content\/uploads\/2023\/06\/Apple-WWDC23-Tim-Cook-with-Apple-Vision-Pro.jpg","keywords":["Apple Vision Pro","Apple VR\/AR","visionOS"],"articleSection":"News","inLanguage":"en-US","copyrightYear":"2023","copyrightHolder":{"@id":"https:\/\/www.apfelpatient.de\/en\/#organization"}},{"@type":"WebPage","@id":"https:\/\/www.apfelpatient.de\/news\/apple-vision-pro-einblick-in-die-komplexe-markteinfuehrung","url":"https:\/\/www.apfelpatient.de\/news\/apple-vision-pro-einblick-in-die-komplexe-markteinfuehrung","name":"Apple Vision Pro: Insight into the complex launch Apfelpatient","isPartOf":{"@id":"https:\/\/www.apfelpatient.de\/#website"},"primaryImageOfPage":{"@id":"https:\/\/www.apfelpatient.de\/news\/apple-vision-pro-einblick-in-die-komplexe-markteinfuehrung#primaryimage"},"image":{"@id":"https:\/\/www.apfelpatient.de\/news\/apple-vision-pro-einblick-in-die-komplexe-markteinfuehrung#primaryimage"},"thumbnailUrl":"https:\/\/www.apfelpatient.de\/wp-content\/uploads\/2023\/06\/Apple-WWDC23-Tim-Cook-with-Apple-Vision-Pro.jpg","datePublished":"2023-07-08T16:19:20+00:00","dateModified":"2023-07-08T16:19:21+00:00","description":"Learn all about the complex launch of Apple Vision Pro. Insight into the logistical challenges and future plans.","breadcrumb":{"@id":"https:\/\/www.apfelpatient.de\/news\/apple-vision-pro-einblick-in-die-komplexe-markteinfuehrung#breadcrumb"},"inLanguage":"en-US","potentialAction":[{"@type":"ReadAction","target":["https:\/\/www.apfelpatient.de\/news\/apple-vision-pro-einblick-in-die-komplexe-markteinfuehrung"]}]},{"@type":"ImageObject","inLanguage":"en-US","@id":"https:\/\/www.apfelpatient.de\/news\/apple-vision-pro-einblick-in-die-komplexe-markteinfuehrung#primaryimage","url":"https:\/\/www.apfelpatient.de\/wp-content\/uploads\/2023\/06\/Apple-WWDC23-Tim-Cook-with-Apple-Vision-Pro.jpg","contentUrl":"https:\/\/www.apfelpatient.de\/wp-content\/uploads\/2023\/06\/Apple-WWDC23-Tim-Cook-with-Apple-Vision-Pro.jpg","width":1600,"height":1143,"caption":"Bild: Apple"},{"@type":"BreadcrumbList","@id":"https:\/\/www.apfelpatient.de\/news\/apple-vision-pro-einblick-in-die-komplexe-markteinfuehrung#breadcrumb","itemListElement":[{"@type":"ListItem","position":1,"name":"Startseite","item":"https:\/\/www.apfelpatient.de\/"},{"@type":"ListItem","position":2,"name":"Apple Vision Pro: Einblick in die komplexe Markteinf\u00fchrung"}]},{"@type":"WebSite","@id":"https:\/\/www.apfelpatient.de\/#website","url":"https:\/\/www.apfelpatient.de\/","name":"apple patient","description":"Everything about Apple!","publisher":{"@type":"Organization","@id":"https:\/\/www.apfelpatient.de\/en\/#organization","name":"Apfelpatient","url":"https:\/\/www.apfelpatient.de\/en\/"},"alternateName":"Apfelpatient","potentialAction":[{"@type":"SearchAction","target":{"@type":"EntryPoint","urlTemplate":"https:\/\/www.apfelpatient.de\/?s={search_term_string}"},"query-input":{"@type":"PropertyValueSpecification","valueRequired":true,"valueName":"search_term_string"}}],"inLanguage":"en-US"},{"@type":["Person","Organization"],"@id":"https:\/\/www.apfelpatient.de\/#\/schema\/person\/7dc56ad6c8e9824b76d2c08d4c140e13","name":"Milan","logo":{"@id":"https:\/\/www.apfelpatient.de\/#\/schema\/person\/image\/"},"description":"Hello and welcome to my technology blog! As a big Apple fan, I report on everything to do with Apple: from the latest news and exciting rumors to helpful tips and tricks and detailed product tests. If you are as enthusiastic about technology as I am, you have come to the right place!","sameAs":["https:\/\/www.facebook.com\/apfelpatientOfficial","https:\/\/www.linkedin.com\/in\/milan-jovicic-42aa0231b"],"url":"https:\/\/www.apfelpatient.de\/en\/author\/apfeladmin"}]}},"_links":{"self":[{"href":"https:\/\/www.apfelpatient.de\/en\/wp-json\/wp\/v2\/posts\/39522","targetHints":{"allow":["GET"]}}],"collection":[{"href":"https:\/\/www.apfelpatient.de\/en\/wp-json\/wp\/v2\/posts"}],"about":[{"href":"https:\/\/www.apfelpatient.de\/en\/wp-json\/wp\/v2\/types\/post"}],"author":[{"embeddable":true,"href":"https:\/\/www.apfelpatient.de\/en\/wp-json\/wp\/v2\/users\/2"}],"replies":[{"embeddable":true,"href":"https:\/\/www.apfelpatient.de\/en\/wp-json\/wp\/v2\/comments?post=39522"}],"version-history":[{"count":0,"href":"https:\/\/www.apfelpatient.de\/en\/wp-json\/wp\/v2\/posts\/39522\/revisions"}],"wp:featuredmedia":[{"embeddable":true,"href":"https:\/\/www.apfelpatient.de\/en\/wp-json\/wp\/v2\/media\/39051"}],"wp:attachment":[{"href":"https:\/\/www.apfelpatient.de\/en\/wp-json\/wp\/v2\/media?parent=39522"}],"wp:term":[{"taxonomy":"category","embeddable":true,"href":"https:\/\/www.apfelpatient.de\/en\/wp-json\/wp\/v2\/categories?post=39522"},{"taxonomy":"post_tag","embeddable":true,"href":"https:\/\/www.apfelpatient.de\/en\/wp-json\/wp\/v2\/tags?post=39522"}],"curies":[{"name":"wp","href":"https:\/\/api.w.org\/{rel}","templated":true}]}}