{"id":39356,"date":"2023-06-23T14:24:57","date_gmt":"2023-06-23T12:24:57","guid":{"rendered":"https:\/\/www.apfelpatient.de\/?p=39356"},"modified":"2023-06-23T14:24:57","modified_gmt":"2023-06-23T12:24:57","slug":"new-from-apple-airpods-pro-2-with-adaptive-audio-and-more","status":"publish","type":"post","link":"https:\/\/www.apfelpatient.de\/en\/news\/neues-von-apple-airpods-pro-2-mit-adaptivem-audio-und-mehr","title":{"rendered":"News from Apple: AirPods Pro 2 with adaptive audio and more"},"content":{"rendered":"<p class=\"has-drop-cap\"><strong>Apple&#039;s AirPods Pro 2 will be coming with five new features later this year. These upgrades do not require a hardware update and offer users an even better listening experience. From Adaptive Audio to Conversation Awareness to Mute or Unmute and Personalized Volume - the AirPods Pro 2 have a lot to offer.<\/strong><\/p>\n\n\n\n<p>Apple has focused on adding new features to the second-generation AirPods Pro to meet users&#039; needs. These improvements will be available via a free software update this fall and won&#039;t require any additional investment in new hardware. Let&#039;s take a look at the exciting new features that the AirPods Pro 2 will offer.<\/p>\n\n\n\n<h3 class=\"wp-block-heading\" id=\"h-airpods-pro-2-revolutionare-funktionen-fur-ein-einzigartiges-horerlebnis\">AirPods Pro 2 \u2013 Revolutionary features for a unique listening experience<\/h3>\n\n\n\n<ul class=\"wp-block-list\">\n<li>Adaptive Audio: With Adaptive Audio, the transparency mode of the AirPods Pro 2 automatically adapts to the user&#039;s ambient conditions. This means you can switch seamlessly between transparency mode and active noise cancellation and enjoy the best possible listening experience. Whether you&#039;re washing dishes or vacuuming - the AirPods Pro 2 automatically adapt to the situation.<\/li>\n\n\n\n<li>Conversation Awareness: This new feature allows AirPods Pro 2 to perceive conversations in a natural way. When activated, AirPods Pro 2 automatically reduce background noise and amplify the voices of the people speaking in front of you. You can finally have a conversation in a noisy environment without having to take out your AirPods.<\/li>\n\n\n\n<li>Mute or unmute: The AirPods Pro 2 are even more practical when making phone calls. With a simple press on the earphones&#039; shaft, you can mute or unmute yourself. You no longer need to take out your phone to control the mute function.<\/li>\n\n\n\n<li>Personalized Volume: This feature is based on machine learning and allows AirPods Pro 2 to understand environmental conditions and listening preferences over time. This automatically optimizes the media experience and adapts it to individual preferences.<\/li>\n\n\n\n<li>Automatic Switching: This feature allows the AirPods Pro 2 to switch seamlessly between different Apple devices. An update improves the connection time between the devices and ensures a faster and more reliable connection.<\/li>\n<\/ul>\n\n\n\n<h3 class=\"wp-block-heading\">Conclusion<\/h3>\n\n\n\n\n\n\n\n<p>The AirPods Pro 2 will receive a major software update this year with five new features. Adaptive Audio, Conversation Awareness, Mute or Unmute, Personalized Volume and Automatic Switching offer users an improved listening experience. The updates are free and do not require any additional investment. Look forward to the new features that will be available in the fall and make your AirPods Pro 2 even more versatile. Are you looking for new accessories? Then take a look&nbsp;<a href=\"https:\/\/www.amazon.de\/shop\/apfelpatientofficial\" target=\"_blank\" rel=\"noreferrer noopener\">in our Amazon Storefront<\/a>&nbsp;- there you will find numerous products from leading providers, also for HomeKit and Co.! (Image: Apple)<\/p>\n\n\n\n<ul class=\"wp-block-list\">\n<li><a href=\"https:\/\/www.apfelpatient.de\/en\/tips-tricks\/airpods-pro-2-this-is-how-the-precise-search-works\">AirPods Pro 2: How Precise Search works<\/a><\/li>\n<\/ul>\n\n\n\n<h6 class=\"wp-block-heading translation-block\" id=\"h-kennt-ihr-schon-unsere-amazon-storefront-dort-findet-ihr-eine-handverlesene-auswahl-von-diversen-produkten-f-r-euer-iphone-und-co-viel-spa-beim-st-bern\"><em>Have you already visited our Amazon Storefront? There you&#039;ll find a hand-picked selection of various products for your iPhone and other devices \u2013 <span class=\"has-inline-color has-vivid-red-color\"><a href=\"https:\/\/www.amazon.de\/shop\/apfelpatientofficial\" class=\"ek-link\" data-wpel-link=\"exclude\" rel=\"follow noopener\" target=\"_self\"><span style=\"text-decoration: underline\" class=\"ek-underline\">enjoy browsing<\/span><\/a> !<\/span><\/em><\/h6>\n\n\n\n<h6 class=\"wp-block-heading translation-block\" id=\"h-der-beitrag-enthalt-partnerlinks\">This post contains <a data-type=\"URL\" data-id=\"https:\/\/www.apfelpatient.de\/partnerprogramm\" href=\"https:\/\/www.apfelpatient.de\/en\/partner-program\" data-wpel-link=\"internal\" target=\"_self\">affiliate links<\/a>.<\/h6>","protected":false},"excerpt":{"rendered":"<p>Discover the revolutionary features of Apple&#039;s AirPods Pro 2! Enjoy adaptive audio and much more for a unique listening experience.<\/p>","protected":false},"author":2,"featured_media":33690,"comment_status":"closed","ping_status":"closed","sticky":false,"template":"","format":"standard","meta":{"jnews-multi-image_gallery":[],"jnews_single_post":{"subtitle":"","format":"standard","video":"","gallery":"","source_name":"","source_url":"","via_name":"","via_url":"","override":[{"single_blog_custom":"","sidebar":"","second_sidebar":"","share_position":"","share_float_style":"","post_date_format":"","post_date_format_custom":"","post_reading_time_wpm":"","zoom_button_out_step":"1","zoom_button_in_step":"1","number_popup_post":"1"}],"image_override":[{"single_post_thumbnail_size":"","single_post_gallery_size":""}],"trending_post_position":"","trending_post_label":"","sponsored_post_label":"","sponsored_post_name":"","sponsored_post_url":"","sponsored_post_logo":"","sponsored_post_desc":""},"jnews_primary_category":{"id":"9"},"footnotes":""},"categories":[9],"tags":[28,3,33,4,95],"class_list":["post-39356","post","type-post","status-publish","format-standard","has-post-thumbnail","hentry","category-news","tag-airpods","tag-ios","tag-ipados","tag-macos","tag-tvos"],"yoast_head":"<!-- This site is optimized with the Yoast SEO Premium plugin v27.5 (Yoast SEO v27.5) - https:\/\/yoast.com\/product\/yoast-seo-premium-wordpress\/ -->\n<title>Neues von Apple: AirPods Pro 2 mit adaptivem Audio und mehr<\/title>\n<meta name=\"description\" content=\"Entdecke die revolution\u00e4ren Funktionen der AirPods Pro 2 von Apple! Genie\u00dfe adaptives Audio &amp; vieles mehr f\u00fcr ein einzigartiges H\u00f6rerlebnis.\" \/>\n<meta name=\"robots\" content=\"index, follow, max-snippet:-1, max-image-preview:large, max-video-preview:-1\" \/>\n<link rel=\"canonical\" href=\"https:\/\/www.apfelpatient.de\/en\/news\/new-from-apple-airpods-pro-2-with-adaptive-audio-and-more\" \/>\n<meta property=\"og:locale\" content=\"en_US\" \/>\n<meta property=\"og:type\" content=\"article\" \/>\n<meta property=\"og:title\" content=\"Neues von Apple: AirPods Pro 2 mit adaptivem Audio und mehr\" \/>\n<meta property=\"og:description\" content=\"Entdecke die revolution\u00e4ren Funktionen der AirPods Pro 2 von Apple! Genie\u00dfe adaptives Audio &amp; vieles mehr f\u00fcr ein einzigartiges H\u00f6rerlebnis.\" \/>\n<meta property=\"og:url\" content=\"https:\/\/www.apfelpatient.de\/en\/news\/new-from-apple-airpods-pro-2-with-adaptive-audio-and-more\" \/>\n<meta property=\"og:site_name\" content=\"Apfelpatient\" \/>\n<meta property=\"article:publisher\" content=\"https:\/\/www.facebook.com\/apfelpatientOfficial\" \/>\n<meta property=\"article:author\" content=\"https:\/\/www.facebook.com\/apfelpatientOfficial\" \/>\n<meta property=\"article:published_time\" content=\"2023-06-23T12:24:57+00:00\" \/>\n<meta property=\"og:image\" content=\"https:\/\/www.apfelpatient.de\/wp-content\/uploads\/2022\/09\/Apple-AirPods-Pro-2nd-gen-hero-220907.jpg\" \/>\n\t<meta property=\"og:image:width\" content=\"1600\" \/>\n\t<meta property=\"og:image:height\" content=\"1280\" \/>\n\t<meta property=\"og:image:type\" content=\"image\/jpeg\" \/>\n<meta name=\"author\" content=\"Milan\" \/>\n<meta name=\"twitter:card\" content=\"summary_large_image\" \/>\n<meta name=\"twitter:description\" content=\"Entdecke die revolution\u00e4ren Funktionen der AirPods Pro 2 von Apple! Genie\u00dfe adaptives Audio &amp; vieles mehr f\u00fcr ein einzigartiges H\u00f6rerlebnis.\" \/>\n<meta name=\"twitter:label1\" content=\"Written by\" \/>\n\t<meta name=\"twitter:data1\" content=\"Milan\" \/>\n\t<meta name=\"twitter:label2\" content=\"Est. reading time\" \/>\n\t<meta name=\"twitter:data2\" content=\"3 minutes\" \/>\n<script type=\"application\/ld+json\" class=\"yoast-schema-graph\">{\"@context\":\"https:\\\/\\\/schema.org\",\"@graph\":[{\"@type\":\"NewsArticle\",\"@id\":\"https:\\\/\\\/www.apfelpatient.de\\\/news\\\/neues-von-apple-airpods-pro-2-mit-adaptivem-audio-und-mehr#article\",\"isPartOf\":{\"@id\":\"https:\\\/\\\/www.apfelpatient.de\\\/news\\\/neues-von-apple-airpods-pro-2-mit-adaptivem-audio-und-mehr\"},\"author\":{\"@type\":\"Organization\",\"@id\":\"https:\\\/\\\/www.apfelpatient.de\\\/en\\\/#organization\",\"name\":\"Apfelpatient\",\"url\":\"https:\\\/\\\/www.apfelpatient.de\\\/en\\\/\"},\"headline\":\"Neues von Apple: AirPods Pro 2 mit adaptivem Audio und mehr\",\"datePublished\":\"2023-06-23T12:24:57+00:00\",\"mainEntityOfPage\":{\"@id\":\"https:\\\/\\\/www.apfelpatient.de\\\/news\\\/neues-von-apple-airpods-pro-2-mit-adaptivem-audio-und-mehr\"},\"wordCount\":478,\"publisher\":{\"@type\":\"Organization\",\"@id\":\"https:\\\/\\\/www.apfelpatient.de\\\/en\\\/#organization\",\"name\":\"Apfelpatient\",\"url\":\"https:\\\/\\\/www.apfelpatient.de\\\/en\\\/\"},\"image\":{\"@id\":\"https:\\\/\\\/www.apfelpatient.de\\\/news\\\/neues-von-apple-airpods-pro-2-mit-adaptivem-audio-und-mehr#primaryimage\"},\"thumbnailUrl\":\"https:\\\/\\\/www.apfelpatient.de\\\/wp-content\\\/uploads\\\/2022\\\/09\\\/Apple-AirPods-Pro-2nd-gen-hero-220907.jpg\",\"keywords\":[\"AirPods\",\"iOS\",\"iPadOS\",\"macOS\",\"tvOS\"],\"articleSection\":\"News\",\"inLanguage\":\"en-US\",\"copyrightYear\":\"2023\",\"copyrightHolder\":{\"@id\":\"https:\\\/\\\/www.apfelpatient.de\\\/en\\\/#organization\"}},{\"@type\":\"WebPage\",\"@id\":\"https:\\\/\\\/www.apfelpatient.de\\\/news\\\/neues-von-apple-airpods-pro-2-mit-adaptivem-audio-und-mehr\",\"url\":\"https:\\\/\\\/www.apfelpatient.de\\\/news\\\/neues-von-apple-airpods-pro-2-mit-adaptivem-audio-und-mehr\",\"name\":\"Neues von Apple: AirPods Pro 2 mit adaptivem Audio und mehr\",\"isPartOf\":{\"@id\":\"https:\\\/\\\/www.apfelpatient.de\\\/#website\"},\"primaryImageOfPage\":{\"@id\":\"https:\\\/\\\/www.apfelpatient.de\\\/news\\\/neues-von-apple-airpods-pro-2-mit-adaptivem-audio-und-mehr#primaryimage\"},\"image\":{\"@id\":\"https:\\\/\\\/www.apfelpatient.de\\\/news\\\/neues-von-apple-airpods-pro-2-mit-adaptivem-audio-und-mehr#primaryimage\"},\"thumbnailUrl\":\"https:\\\/\\\/www.apfelpatient.de\\\/wp-content\\\/uploads\\\/2022\\\/09\\\/Apple-AirPods-Pro-2nd-gen-hero-220907.jpg\",\"datePublished\":\"2023-06-23T12:24:57+00:00\",\"description\":\"Entdecke die revolution\u00e4ren Funktionen der AirPods Pro 2 von Apple! Genie\u00dfe adaptives Audio & vieles mehr f\u00fcr ein einzigartiges H\u00f6rerlebnis.\",\"breadcrumb\":{\"@id\":\"https:\\\/\\\/www.apfelpatient.de\\\/news\\\/neues-von-apple-airpods-pro-2-mit-adaptivem-audio-und-mehr#breadcrumb\"},\"inLanguage\":\"en-US\",\"potentialAction\":[{\"@type\":\"ReadAction\",\"target\":[\"https:\\\/\\\/www.apfelpatient.de\\\/news\\\/neues-von-apple-airpods-pro-2-mit-adaptivem-audio-und-mehr\"]}]},{\"@type\":\"ImageObject\",\"inLanguage\":\"en-US\",\"@id\":\"https:\\\/\\\/www.apfelpatient.de\\\/news\\\/neues-von-apple-airpods-pro-2-mit-adaptivem-audio-und-mehr#primaryimage\",\"url\":\"https:\\\/\\\/www.apfelpatient.de\\\/wp-content\\\/uploads\\\/2022\\\/09\\\/Apple-AirPods-Pro-2nd-gen-hero-220907.jpg\",\"contentUrl\":\"https:\\\/\\\/www.apfelpatient.de\\\/wp-content\\\/uploads\\\/2022\\\/09\\\/Apple-AirPods-Pro-2nd-gen-hero-220907.jpg\",\"width\":1600,\"height\":1280,\"caption\":\"Bild: Apple - AirPods Pro 2\"},{\"@type\":\"BreadcrumbList\",\"@id\":\"https:\\\/\\\/www.apfelpatient.de\\\/news\\\/neues-von-apple-airpods-pro-2-mit-adaptivem-audio-und-mehr#breadcrumb\",\"itemListElement\":[{\"@type\":\"ListItem\",\"position\":1,\"name\":\"Startseite\",\"item\":\"https:\\\/\\\/www.apfelpatient.de\\\/\"},{\"@type\":\"ListItem\",\"position\":2,\"name\":\"Neues von Apple: AirPods Pro 2 mit adaptivem Audio und mehr\"}]},{\"@type\":\"WebSite\",\"@id\":\"https:\\\/\\\/www.apfelpatient.de\\\/#website\",\"url\":\"https:\\\/\\\/www.apfelpatient.de\\\/\",\"name\":\"Apfelpatient\",\"description\":\"Alles rund um Apple!\",\"publisher\":{\"@type\":\"Organization\",\"@id\":\"https:\\\/\\\/www.apfelpatient.de\\\/en\\\/#organization\",\"name\":\"Apfelpatient\",\"url\":\"https:\\\/\\\/www.apfelpatient.de\\\/en\\\/\"},\"alternateName\":\"Apfelpatient\",\"potentialAction\":[{\"@type\":\"SearchAction\",\"target\":{\"@type\":\"EntryPoint\",\"urlTemplate\":\"https:\\\/\\\/www.apfelpatient.de\\\/?s={search_term_string}\"},\"query-input\":{\"@type\":\"PropertyValueSpecification\",\"valueRequired\":true,\"valueName\":\"search_term_string\"}}],\"inLanguage\":\"en-US\"},{\"@type\":[\"Person\",\"Organization\"],\"@id\":\"https:\\\/\\\/www.apfelpatient.de\\\/#\\\/schema\\\/person\\\/7dc56ad6c8e9824b76d2c08d4c140e13\",\"name\":\"Milan\",\"logo\":{\"@id\":\"https:\\\/\\\/www.apfelpatient.de\\\/#\\\/schema\\\/person\\\/image\\\/\"},\"description\":\"Hallo und herzlich willkommen auf meinem Technik-Blog! Als gro\u00dfer Apple-Fan berichte ich hier \u00fcber alles, was mit Apple zu tun hat: von den neuesten News und spannenden Ger\u00fcchten \u00fcber hilfreiche Tipps und Tricks bis hin zu ausf\u00fchrlichen Produkttests. Wenn du genauso technikbegeistert bist wie ich, bist du hier genau richtig!\",\"sameAs\":[\"https:\\\/\\\/www.facebook.com\\\/apfelpatientOfficial\",\"https:\\\/\\\/www.linkedin.com\\\/in\\\/milan-jovicic-42aa0231b\"],\"url\":\"https:\\\/\\\/www.apfelpatient.de\\\/en\\\/author\\\/apfeladmin\"}]}<\/script>\n<!-- \/ Yoast SEO Premium plugin. -->","yoast_head_json":{"title":"News from Apple: AirPods Pro 2 with adaptive audio and more","description":"Discover the revolutionary features of Apple&#039;s AirPods Pro 2! Enjoy adaptive audio &amp; much more for a unique listening experience.","robots":{"index":"index","follow":"follow","max-snippet":"max-snippet:-1","max-image-preview":"max-image-preview:large","max-video-preview":"max-video-preview:-1"},"canonical":"https:\/\/www.apfelpatient.de\/en\/news\/new-from-apple-airpods-pro-2-with-adaptive-audio-and-more","og_locale":"en_US","og_type":"article","og_title":"Neues von Apple: AirPods Pro 2 mit adaptivem Audio und mehr","og_description":"Entdecke die revolution\u00e4ren Funktionen der AirPods Pro 2 von Apple! Genie\u00dfe adaptives Audio & vieles mehr f\u00fcr ein einzigartiges H\u00f6rerlebnis.","og_url":"https:\/\/www.apfelpatient.de\/en\/news\/new-from-apple-airpods-pro-2-with-adaptive-audio-and-more","og_site_name":"Apfelpatient","article_publisher":"https:\/\/www.facebook.com\/apfelpatientOfficial","article_author":"https:\/\/www.facebook.com\/apfelpatientOfficial","article_published_time":"2023-06-23T12:24:57+00:00","og_image":[{"width":1600,"height":1280,"url":"https:\/\/www.apfelpatient.de\/wp-content\/uploads\/2022\/09\/Apple-AirPods-Pro-2nd-gen-hero-220907.jpg","type":"image\/jpeg"}],"author":"Milan","twitter_card":"summary_large_image","twitter_description":"Entdecke die revolution\u00e4ren Funktionen der AirPods Pro 2 von Apple! Genie\u00dfe adaptives Audio & vieles mehr f\u00fcr ein einzigartiges H\u00f6rerlebnis.","twitter_misc":{"Written by":"Milan","Est. reading time":"3 minutes"},"schema":{"@context":"https:\/\/schema.org","@graph":[{"@type":"NewsArticle","@id":"https:\/\/www.apfelpatient.de\/news\/neues-von-apple-airpods-pro-2-mit-adaptivem-audio-und-mehr#article","isPartOf":{"@id":"https:\/\/www.apfelpatient.de\/news\/neues-von-apple-airpods-pro-2-mit-adaptivem-audio-und-mehr"},"author":{"@type":"Organization","@id":"https:\/\/www.apfelpatient.de\/en\/#organization","name":"Apfelpatient","url":"https:\/\/www.apfelpatient.de\/en\/"},"headline":"Neues von Apple: AirPods Pro 2 mit adaptivem Audio und mehr","datePublished":"2023-06-23T12:24:57+00:00","mainEntityOfPage":{"@id":"https:\/\/www.apfelpatient.de\/news\/neues-von-apple-airpods-pro-2-mit-adaptivem-audio-und-mehr"},"wordCount":478,"publisher":{"@type":"Organization","@id":"https:\/\/www.apfelpatient.de\/en\/#organization","name":"Apfelpatient","url":"https:\/\/www.apfelpatient.de\/en\/"},"image":{"@id":"https:\/\/www.apfelpatient.de\/news\/neues-von-apple-airpods-pro-2-mit-adaptivem-audio-und-mehr#primaryimage"},"thumbnailUrl":"https:\/\/www.apfelpatient.de\/wp-content\/uploads\/2022\/09\/Apple-AirPods-Pro-2nd-gen-hero-220907.jpg","keywords":["AirPods","iOS","iPadOS","macOS","tvOS"],"articleSection":"News","inLanguage":"en-US","copyrightYear":"2023","copyrightHolder":{"@id":"https:\/\/www.apfelpatient.de\/en\/#organization"}},{"@type":"WebPage","@id":"https:\/\/www.apfelpatient.de\/news\/neues-von-apple-airpods-pro-2-mit-adaptivem-audio-und-mehr","url":"https:\/\/www.apfelpatient.de\/news\/neues-von-apple-airpods-pro-2-mit-adaptivem-audio-und-mehr","name":"News from Apple: AirPods Pro 2 with adaptive audio and more","isPartOf":{"@id":"https:\/\/www.apfelpatient.de\/#website"},"primaryImageOfPage":{"@id":"https:\/\/www.apfelpatient.de\/news\/neues-von-apple-airpods-pro-2-mit-adaptivem-audio-und-mehr#primaryimage"},"image":{"@id":"https:\/\/www.apfelpatient.de\/news\/neues-von-apple-airpods-pro-2-mit-adaptivem-audio-und-mehr#primaryimage"},"thumbnailUrl":"https:\/\/www.apfelpatient.de\/wp-content\/uploads\/2022\/09\/Apple-AirPods-Pro-2nd-gen-hero-220907.jpg","datePublished":"2023-06-23T12:24:57+00:00","description":"Discover the revolutionary features of Apple&#039;s AirPods Pro 2! Enjoy adaptive audio &amp; much more for a unique listening experience.","breadcrumb":{"@id":"https:\/\/www.apfelpatient.de\/news\/neues-von-apple-airpods-pro-2-mit-adaptivem-audio-und-mehr#breadcrumb"},"inLanguage":"en-US","potentialAction":[{"@type":"ReadAction","target":["https:\/\/www.apfelpatient.de\/news\/neues-von-apple-airpods-pro-2-mit-adaptivem-audio-und-mehr"]}]},{"@type":"ImageObject","inLanguage":"en-US","@id":"https:\/\/www.apfelpatient.de\/news\/neues-von-apple-airpods-pro-2-mit-adaptivem-audio-und-mehr#primaryimage","url":"https:\/\/www.apfelpatient.de\/wp-content\/uploads\/2022\/09\/Apple-AirPods-Pro-2nd-gen-hero-220907.jpg","contentUrl":"https:\/\/www.apfelpatient.de\/wp-content\/uploads\/2022\/09\/Apple-AirPods-Pro-2nd-gen-hero-220907.jpg","width":1600,"height":1280,"caption":"Bild: Apple - AirPods Pro 2"},{"@type":"BreadcrumbList","@id":"https:\/\/www.apfelpatient.de\/news\/neues-von-apple-airpods-pro-2-mit-adaptivem-audio-und-mehr#breadcrumb","itemListElement":[{"@type":"ListItem","position":1,"name":"Startseite","item":"https:\/\/www.apfelpatient.de\/"},{"@type":"ListItem","position":2,"name":"Neues von Apple: AirPods Pro 2 mit adaptivem Audio und mehr"}]},{"@type":"WebSite","@id":"https:\/\/www.apfelpatient.de\/#website","url":"https:\/\/www.apfelpatient.de\/","name":"apple patient","description":"Everything about Apple!","publisher":{"@type":"Organization","@id":"https:\/\/www.apfelpatient.de\/en\/#organization","name":"Apfelpatient","url":"https:\/\/www.apfelpatient.de\/en\/"},"alternateName":"Apfelpatient","potentialAction":[{"@type":"SearchAction","target":{"@type":"EntryPoint","urlTemplate":"https:\/\/www.apfelpatient.de\/?s={search_term_string}"},"query-input":{"@type":"PropertyValueSpecification","valueRequired":true,"valueName":"search_term_string"}}],"inLanguage":"en-US"},{"@type":["Person","Organization"],"@id":"https:\/\/www.apfelpatient.de\/#\/schema\/person\/7dc56ad6c8e9824b76d2c08d4c140e13","name":"Milan","logo":{"@id":"https:\/\/www.apfelpatient.de\/#\/schema\/person\/image\/"},"description":"Hello and welcome to my technology blog! As a big Apple fan, I report on everything to do with Apple: from the latest news and exciting rumors to helpful tips and tricks and detailed product tests. If you are as enthusiastic about technology as I am, you have come to the right place!","sameAs":["https:\/\/www.facebook.com\/apfelpatientOfficial","https:\/\/www.linkedin.com\/in\/milan-jovicic-42aa0231b"],"url":"https:\/\/www.apfelpatient.de\/en\/author\/apfeladmin"}]}},"_links":{"self":[{"href":"https:\/\/www.apfelpatient.de\/en\/wp-json\/wp\/v2\/posts\/39356","targetHints":{"allow":["GET"]}}],"collection":[{"href":"https:\/\/www.apfelpatient.de\/en\/wp-json\/wp\/v2\/posts"}],"about":[{"href":"https:\/\/www.apfelpatient.de\/en\/wp-json\/wp\/v2\/types\/post"}],"author":[{"embeddable":true,"href":"https:\/\/www.apfelpatient.de\/en\/wp-json\/wp\/v2\/users\/2"}],"replies":[{"embeddable":true,"href":"https:\/\/www.apfelpatient.de\/en\/wp-json\/wp\/v2\/comments?post=39356"}],"version-history":[{"count":0,"href":"https:\/\/www.apfelpatient.de\/en\/wp-json\/wp\/v2\/posts\/39356\/revisions"}],"wp:featuredmedia":[{"embeddable":true,"href":"https:\/\/www.apfelpatient.de\/en\/wp-json\/wp\/v2\/media\/33690"}],"wp:attachment":[{"href":"https:\/\/www.apfelpatient.de\/en\/wp-json\/wp\/v2\/media?parent=39356"}],"wp:term":[{"taxonomy":"category","embeddable":true,"href":"https:\/\/www.apfelpatient.de\/en\/wp-json\/wp\/v2\/categories?post=39356"},{"taxonomy":"post_tag","embeddable":true,"href":"https:\/\/www.apfelpatient.de\/en\/wp-json\/wp\/v2\/tags?post=39356"}],"curies":[{"name":"wp","href":"https:\/\/api.w.org\/{rel}","templated":true}]}}