{"id":3930,"date":"2019-03-29T22:20:14","date_gmt":"2019-03-29T21:20:14","guid":{"rendered":"https:\/\/www.apfelpatient.de\/?p=3930"},"modified":"2025-02-06T07:29:17","modified_gmt":"2025-02-06T06:29:17","slug":"apple-gives-up-on-airpower","status":"publish","type":"post","link":"https:\/\/www.apfelpatient.de\/en\/news\/apple-gibt-airpower-auf","title":{"rendered":"Apple abandons AirPower"},"content":{"rendered":"<p><strong>It&#039;s a shock for many fans. Apple has officially announced that AirPower will not be released.<\/strong><\/p>\n<p>In a statement by Dan Riccio, Apple apologized to all customers who have been waiting for AirPower. The Qi charging mat was originally announced in September 2017 along with the iPhone X. Apple remained silent about the project for a year and a half and today confirmed that AirPower will not be released.<\/p>\n<p>AirPower was supposed to enable charging of iPhone, Apple Watch and AirPods at the same time. Tech Crunch has now announced, without explanation, that the project has been canceled. According to an insider, the delay was explained in mid-September 2018. According to him, Apple had two problems with the charging mat. The first major problem was the overheating of Apple&#039;s Qi charging mat.<\/p>\n<p class=\"p1\"><\/p>\n<p>This was said to have been so strong that even the connection between the device and the charging station was disrupted. Another problem lay in the arrangement, because the installed power coils were to be divided into three equal groups. Each of the coils was a different size. Due to a lack of space, this is said to have led to overlaps, which, among other things, caused this severe overheating.<\/p>\n<p>&quot;After much effort, we have concluded that AirPower will not meet our high standards. We apologize to customers who were looking forward to the launch of the charging mat. We remain convinced that the future is wireless and are committed to advancing the wireless charging experience,&quot; said Dan Riccio, Apple&#039;s senior vice president of hardware engineering, in an email.<\/p>\n<p><a href=\"https:\/\/www.apfelpatient.de\/en\">Qi charging: The best AirPower alternatives for iPhone, Apple Watch and AirPods<\/a><\/p>\n<h6><a href=\"https:\/\/t.me\/apfelpatient_official\"><em><strong>Don&#039;t want to miss any more news? Then subscribe to our Telegram channel here<\/strong><\/em><\/a><\/h6>","protected":false},"excerpt":{"rendered":"<p>Es ist ein Schock f\u00fcr viele Fans. Apple hat offiziell bekanntgegeben, dass AirPower nicht erscheinen wird. In einer Erkl\u00e4rung von Dan Riccio entschuldigte sich Apple bei allen Kunden, die auf AirPower gewartet haben. Die Qi-Ladematte wurde urspr\u00fcnglich im September 2017 zusammen mit dem iPhone X angek\u00fcndigt. Apple schwieg eineinhalb Jahre lang \u00fcber das Projekt und [&hellip;]<\/p>\n","protected":false},"author":2,"featured_media":3797,"comment_status":"closed","ping_status":"open","sticky":false,"template":"","format":"standard","meta":{"jnews-multi-image_gallery":[],"jnews_single_post":[],"jnews_primary_category":[],"footnotes":""},"categories":[9],"tags":[28,11,14,8],"class_list":["post-3930","post","type-post","status-publish","format-standard","has-post-thumbnail","hentry","category-news","tag-airpods","tag-airpower","tag-apple-watch","tag-iphone"],"yoast_head":"<!-- This site is optimized with the Yoast SEO Premium plugin v27.5 (Yoast SEO v27.5) - https:\/\/yoast.com\/product\/yoast-seo-premium-wordpress\/ -->\n<title>Apple gibt AirPower auf Apfelpatient<\/title>\n<meta name=\"description\" content=\"- Es ist ein Schock f\u00fcr viele Fans. Apple hat offiziell bekanntgegeben, dass AirPower nicht erscheinen wird.\" \/>\n<meta name=\"robots\" content=\"index, follow, max-snippet:-1, max-image-preview:large, max-video-preview:-1\" \/>\n<link rel=\"canonical\" href=\"https:\/\/www.apfelpatient.de\/en\/news\/apple-gives-up-on-airpower\" \/>\n<meta property=\"og:locale\" content=\"en_US\" \/>\n<meta property=\"og:type\" content=\"article\" \/>\n<meta property=\"og:title\" content=\"Apple gibt AirPower auf\" \/>\n<meta property=\"og:description\" content=\"- Es ist ein Schock f\u00fcr viele Fans. Apple hat offiziell bekanntgegeben, dass AirPower nicht erscheinen wird.\" \/>\n<meta property=\"og:url\" content=\"https:\/\/www.apfelpatient.de\/en\/news\/apple-gives-up-on-airpower\" \/>\n<meta property=\"og:site_name\" content=\"Apfelpatient\" \/>\n<meta property=\"article:publisher\" content=\"https:\/\/www.facebook.com\/apfelpatientOfficial\" \/>\n<meta property=\"article:author\" content=\"https:\/\/www.facebook.com\/apfelpatientOfficial\" \/>\n<meta property=\"article:published_time\" content=\"2019-03-29T21:20:14+00:00\" \/>\n<meta property=\"article:modified_time\" content=\"2025-02-06T06:29:17+00:00\" \/>\n<meta property=\"og:image\" content=\"https:\/\/www.apfelpatient.de\/wp-content\/uploads\/2019\/03\/airpower-wireless-charging-1.jpg\" \/>\n\t<meta property=\"og:image:width\" content=\"3318\" \/>\n\t<meta property=\"og:image:height\" content=\"1659\" \/>\n\t<meta property=\"og:image:type\" content=\"image\/jpeg\" \/>\n<meta name=\"author\" content=\"Milan\" \/>\n<meta name=\"twitter:card\" content=\"summary_large_image\" \/>\n<meta name=\"twitter:label1\" content=\"Written by\" \/>\n\t<meta name=\"twitter:data1\" content=\"Milan\" \/>\n\t<meta name=\"twitter:label2\" content=\"Est. reading time\" \/>\n\t<meta name=\"twitter:data2\" content=\"1 minute\" \/>\n<script type=\"application\/ld+json\" class=\"yoast-schema-graph\">{\"@context\":\"https:\\\/\\\/schema.org\",\"@graph\":[{\"@type\":\"NewsArticle\",\"@id\":\"https:\\\/\\\/www.apfelpatient.de\\\/news\\\/apple-gibt-airpower-auf#article\",\"isPartOf\":{\"@id\":\"https:\\\/\\\/www.apfelpatient.de\\\/news\\\/apple-gibt-airpower-auf\"},\"author\":{\"@type\":\"Organization\",\"@id\":\"https:\\\/\\\/www.apfelpatient.de\\\/en\\\/#organization\",\"name\":\"Apfelpatient\",\"url\":\"https:\\\/\\\/www.apfelpatient.de\\\/en\\\/\"},\"headline\":\"Apple gibt AirPower auf\",\"datePublished\":\"2019-03-29T21:20:14+00:00\",\"dateModified\":\"2025-02-06T06:29:17+00:00\",\"mainEntityOfPage\":{\"@id\":\"https:\\\/\\\/www.apfelpatient.de\\\/news\\\/apple-gibt-airpower-auf\"},\"wordCount\":287,\"publisher\":{\"@type\":\"Organization\",\"@id\":\"https:\\\/\\\/www.apfelpatient.de\\\/en\\\/#organization\",\"name\":\"Apfelpatient\",\"url\":\"https:\\\/\\\/www.apfelpatient.de\\\/en\\\/\"},\"image\":{\"@id\":\"https:\\\/\\\/www.apfelpatient.de\\\/news\\\/apple-gibt-airpower-auf#primaryimage\"},\"thumbnailUrl\":\"https:\\\/\\\/www.apfelpatient.de\\\/wp-content\\\/uploads\\\/2019\\\/03\\\/airpower-wireless-charging-1.jpg\",\"keywords\":[\"AirPods\",\"AirPower\",\"Apple Watch\",\"iPhone\"],\"articleSection\":\"News\",\"inLanguage\":\"en-US\",\"copyrightYear\":\"2019\",\"copyrightHolder\":{\"@id\":\"https:\\\/\\\/www.apfelpatient.de\\\/en\\\/#organization\"}},{\"@type\":\"WebPage\",\"@id\":\"https:\\\/\\\/www.apfelpatient.de\\\/news\\\/apple-gibt-airpower-auf\",\"url\":\"https:\\\/\\\/www.apfelpatient.de\\\/news\\\/apple-gibt-airpower-auf\",\"name\":\"Apple gibt AirPower auf Apfelpatient\",\"isPartOf\":{\"@id\":\"https:\\\/\\\/www.apfelpatient.de\\\/#website\"},\"primaryImageOfPage\":{\"@id\":\"https:\\\/\\\/www.apfelpatient.de\\\/news\\\/apple-gibt-airpower-auf#primaryimage\"},\"image\":{\"@id\":\"https:\\\/\\\/www.apfelpatient.de\\\/news\\\/apple-gibt-airpower-auf#primaryimage\"},\"thumbnailUrl\":\"https:\\\/\\\/www.apfelpatient.de\\\/wp-content\\\/uploads\\\/2019\\\/03\\\/airpower-wireless-charging-1.jpg\",\"datePublished\":\"2019-03-29T21:20:14+00:00\",\"dateModified\":\"2025-02-06T06:29:17+00:00\",\"description\":\"- Es ist ein Schock f\u00fcr viele Fans. Apple hat offiziell bekanntgegeben, dass AirPower nicht erscheinen wird.\",\"breadcrumb\":{\"@id\":\"https:\\\/\\\/www.apfelpatient.de\\\/news\\\/apple-gibt-airpower-auf#breadcrumb\"},\"inLanguage\":\"en-US\",\"potentialAction\":[{\"@type\":\"ReadAction\",\"target\":[\"https:\\\/\\\/www.apfelpatient.de\\\/news\\\/apple-gibt-airpower-auf\"]}]},{\"@type\":\"ImageObject\",\"inLanguage\":\"en-US\",\"@id\":\"https:\\\/\\\/www.apfelpatient.de\\\/news\\\/apple-gibt-airpower-auf#primaryimage\",\"url\":\"https:\\\/\\\/www.apfelpatient.de\\\/wp-content\\\/uploads\\\/2019\\\/03\\\/airpower-wireless-charging-1.jpg\",\"contentUrl\":\"https:\\\/\\\/www.apfelpatient.de\\\/wp-content\\\/uploads\\\/2019\\\/03\\\/airpower-wireless-charging-1.jpg\",\"width\":3318,\"height\":1659,\"caption\":\"Bild: Apple\"},{\"@type\":\"BreadcrumbList\",\"@id\":\"https:\\\/\\\/www.apfelpatient.de\\\/news\\\/apple-gibt-airpower-auf#breadcrumb\",\"itemListElement\":[{\"@type\":\"ListItem\",\"position\":1,\"name\":\"Startseite\",\"item\":\"https:\\\/\\\/www.apfelpatient.de\\\/\"},{\"@type\":\"ListItem\",\"position\":2,\"name\":\"Apple gibt AirPower auf\"}]},{\"@type\":\"WebSite\",\"@id\":\"https:\\\/\\\/www.apfelpatient.de\\\/#website\",\"url\":\"https:\\\/\\\/www.apfelpatient.de\\\/\",\"name\":\"Apfelpatient\",\"description\":\"Alles rund um Apple!\",\"publisher\":{\"@type\":\"Organization\",\"@id\":\"https:\\\/\\\/www.apfelpatient.de\\\/en\\\/#organization\",\"name\":\"Apfelpatient\",\"url\":\"https:\\\/\\\/www.apfelpatient.de\\\/en\\\/\"},\"alternateName\":\"Apfelpatient\",\"potentialAction\":[{\"@type\":\"SearchAction\",\"target\":{\"@type\":\"EntryPoint\",\"urlTemplate\":\"https:\\\/\\\/www.apfelpatient.de\\\/?s={search_term_string}\"},\"query-input\":{\"@type\":\"PropertyValueSpecification\",\"valueRequired\":true,\"valueName\":\"search_term_string\"}}],\"inLanguage\":\"en-US\"},{\"@type\":[\"Person\",\"Organization\"],\"@id\":\"https:\\\/\\\/www.apfelpatient.de\\\/#\\\/schema\\\/person\\\/35b3ddba5832f2bfc7fff5206d4f6b7b\",\"name\":\"Milan\",\"logo\":{\"@id\":\"https:\\\/\\\/www.apfelpatient.de\\\/#\\\/schema\\\/person\\\/image\\\/\"},\"description\":\"Hallo und herzlich willkommen auf meinem Technik-Blog! Als gro\u00dfer Apple-Fan berichte ich hier \u00fcber alles, was mit Apple zu tun hat: von den neuesten News und spannenden Ger\u00fcchten \u00fcber hilfreiche Tipps und Tricks bis hin zu ausf\u00fchrlichen Produkttests. Wenn du genauso technikbegeistert bist wie ich, bist du hier genau richtig!\",\"sameAs\":[\"https:\\\/\\\/www.facebook.com\\\/apfelpatientOfficial\",\"https:\\\/\\\/www.linkedin.com\\\/in\\\/milan-jovicic-42aa0231b\"],\"url\":\"https:\\\/\\\/www.apfelpatient.de\\\/en\\\/author\\\/apfeladmin\"}]}<\/script>\n<!-- \/ Yoast SEO Premium plugin. -->","yoast_head_json":{"title":"Apple announces AirPower","description":"- It&#039;s a shock for many fans. Apple has officially announced that AirPower will not be released.","robots":{"index":"index","follow":"follow","max-snippet":"max-snippet:-1","max-image-preview":"max-image-preview:large","max-video-preview":"max-video-preview:-1"},"canonical":"https:\/\/www.apfelpatient.de\/en\/news\/apple-gives-up-on-airpower","og_locale":"en_US","og_type":"article","og_title":"Apple gibt AirPower auf","og_description":"- Es ist ein Schock f\u00fcr viele Fans. Apple hat offiziell bekanntgegeben, dass AirPower nicht erscheinen wird.","og_url":"https:\/\/www.apfelpatient.de\/en\/news\/apple-gives-up-on-airpower","og_site_name":"Apfelpatient","article_publisher":"https:\/\/www.facebook.com\/apfelpatientOfficial","article_author":"https:\/\/www.facebook.com\/apfelpatientOfficial","article_published_time":"2019-03-29T21:20:14+00:00","article_modified_time":"2025-02-06T06:29:17+00:00","og_image":[{"width":3318,"height":1659,"url":"https:\/\/www.apfelpatient.de\/wp-content\/uploads\/2019\/03\/airpower-wireless-charging-1.jpg","type":"image\/jpeg"}],"author":"Milan","twitter_card":"summary_large_image","twitter_misc":{"Written by":"Milan","Est. reading time":"1 minute"},"schema":{"@context":"https:\/\/schema.org","@graph":[{"@type":"NewsArticle","@id":"https:\/\/www.apfelpatient.de\/news\/apple-gibt-airpower-auf#article","isPartOf":{"@id":"https:\/\/www.apfelpatient.de\/news\/apple-gibt-airpower-auf"},"author":{"@type":"Organization","@id":"https:\/\/www.apfelpatient.de\/en\/#organization","name":"Apfelpatient","url":"https:\/\/www.apfelpatient.de\/en\/"},"headline":"Apple gibt AirPower auf","datePublished":"2019-03-29T21:20:14+00:00","dateModified":"2025-02-06T06:29:17+00:00","mainEntityOfPage":{"@id":"https:\/\/www.apfelpatient.de\/news\/apple-gibt-airpower-auf"},"wordCount":287,"publisher":{"@type":"Organization","@id":"https:\/\/www.apfelpatient.de\/en\/#organization","name":"Apfelpatient","url":"https:\/\/www.apfelpatient.de\/en\/"},"image":{"@id":"https:\/\/www.apfelpatient.de\/news\/apple-gibt-airpower-auf#primaryimage"},"thumbnailUrl":"https:\/\/www.apfelpatient.de\/wp-content\/uploads\/2019\/03\/airpower-wireless-charging-1.jpg","keywords":["AirPods","AirPower","Apple Watch","iPhone"],"articleSection":"News","inLanguage":"en-US","copyrightYear":"2019","copyrightHolder":{"@id":"https:\/\/www.apfelpatient.de\/en\/#organization"}},{"@type":"WebPage","@id":"https:\/\/www.apfelpatient.de\/news\/apple-gibt-airpower-auf","url":"https:\/\/www.apfelpatient.de\/news\/apple-gibt-airpower-auf","name":"Apple announces AirPower","isPartOf":{"@id":"https:\/\/www.apfelpatient.de\/#website"},"primaryImageOfPage":{"@id":"https:\/\/www.apfelpatient.de\/news\/apple-gibt-airpower-auf#primaryimage"},"image":{"@id":"https:\/\/www.apfelpatient.de\/news\/apple-gibt-airpower-auf#primaryimage"},"thumbnailUrl":"https:\/\/www.apfelpatient.de\/wp-content\/uploads\/2019\/03\/airpower-wireless-charging-1.jpg","datePublished":"2019-03-29T21:20:14+00:00","dateModified":"2025-02-06T06:29:17+00:00","description":"- It&#039;s a shock for many fans. Apple has officially announced that AirPower will not be released.","breadcrumb":{"@id":"https:\/\/www.apfelpatient.de\/news\/apple-gibt-airpower-auf#breadcrumb"},"inLanguage":"en-US","potentialAction":[{"@type":"ReadAction","target":["https:\/\/www.apfelpatient.de\/news\/apple-gibt-airpower-auf"]}]},{"@type":"ImageObject","inLanguage":"en-US","@id":"https:\/\/www.apfelpatient.de\/news\/apple-gibt-airpower-auf#primaryimage","url":"https:\/\/www.apfelpatient.de\/wp-content\/uploads\/2019\/03\/airpower-wireless-charging-1.jpg","contentUrl":"https:\/\/www.apfelpatient.de\/wp-content\/uploads\/2019\/03\/airpower-wireless-charging-1.jpg","width":3318,"height":1659,"caption":"Bild: Apple"},{"@type":"BreadcrumbList","@id":"https:\/\/www.apfelpatient.de\/news\/apple-gibt-airpower-auf#breadcrumb","itemListElement":[{"@type":"ListItem","position":1,"name":"Startseite","item":"https:\/\/www.apfelpatient.de\/"},{"@type":"ListItem","position":2,"name":"Apple gibt AirPower auf"}]},{"@type":"WebSite","@id":"https:\/\/www.apfelpatient.de\/#website","url":"https:\/\/www.apfelpatient.de\/","name":"apple patient","description":"Everything about Apple!","publisher":{"@type":"Organization","@id":"https:\/\/www.apfelpatient.de\/en\/#organization","name":"Apfelpatient","url":"https:\/\/www.apfelpatient.de\/en\/"},"alternateName":"Apfelpatient","potentialAction":[{"@type":"SearchAction","target":{"@type":"EntryPoint","urlTemplate":"https:\/\/www.apfelpatient.de\/?s={search_term_string}"},"query-input":{"@type":"PropertyValueSpecification","valueRequired":true,"valueName":"search_term_string"}}],"inLanguage":"en-US"},{"@type":["Person","Organization"],"@id":"https:\/\/www.apfelpatient.de\/#\/schema\/person\/35b3ddba5832f2bfc7fff5206d4f6b7b","name":"Milan","logo":{"@id":"https:\/\/www.apfelpatient.de\/#\/schema\/person\/image\/"},"description":"Hello and welcome to my technology blog! As a big Apple fan, I report on everything to do with Apple: from the latest news and exciting rumors to helpful tips and tricks and detailed product tests. If you are as enthusiastic about technology as I am, you have come to the right place!","sameAs":["https:\/\/www.facebook.com\/apfelpatientOfficial","https:\/\/www.linkedin.com\/in\/milan-jovicic-42aa0231b"],"url":"https:\/\/www.apfelpatient.de\/en\/author\/apfeladmin"}]}},"_links":{"self":[{"href":"https:\/\/www.apfelpatient.de\/en\/wp-json\/wp\/v2\/posts\/3930","targetHints":{"allow":["GET"]}}],"collection":[{"href":"https:\/\/www.apfelpatient.de\/en\/wp-json\/wp\/v2\/posts"}],"about":[{"href":"https:\/\/www.apfelpatient.de\/en\/wp-json\/wp\/v2\/types\/post"}],"author":[{"embeddable":true,"href":"https:\/\/www.apfelpatient.de\/en\/wp-json\/wp\/v2\/users\/2"}],"replies":[{"embeddable":true,"href":"https:\/\/www.apfelpatient.de\/en\/wp-json\/wp\/v2\/comments?post=3930"}],"version-history":[{"count":0,"href":"https:\/\/www.apfelpatient.de\/en\/wp-json\/wp\/v2\/posts\/3930\/revisions"}],"wp:featuredmedia":[{"embeddable":true,"href":"https:\/\/www.apfelpatient.de\/en\/wp-json\/wp\/v2\/media\/3797"}],"wp:attachment":[{"href":"https:\/\/www.apfelpatient.de\/en\/wp-json\/wp\/v2\/media?parent=3930"}],"wp:term":[{"taxonomy":"category","embeddable":true,"href":"https:\/\/www.apfelpatient.de\/en\/wp-json\/wp\/v2\/categories?post=3930"},{"taxonomy":"post_tag","embeddable":true,"href":"https:\/\/www.apfelpatient.de\/en\/wp-json\/wp\/v2\/tags?post=3930"}],"curies":[{"name":"wp","href":"https:\/\/api.w.org\/{rel}","templated":true}]}}