{"id":39256,"date":"2023-06-14T14:00:00","date_gmt":"2023-06-14T12:00:00","guid":{"rendered":"https:\/\/www.apfelpatient.de\/?p=39256"},"modified":"2023-06-14T14:00:00","modified_gmt":"2023-06-14T12:00:00","slug":"revolutionary-video-editing-final-cut-pro-on-apple-vision-pro","status":"publish","type":"post","link":"https:\/\/www.apfelpatient.de\/en\/news\/revolutionaere-videobearbeitung-final-cut-pro-auf-apple-vision-pro","title":{"rendered":"Revolutionary video editing: Final Cut Pro on Apple Vision Pro"},"content":{"rendered":"<p class=\"has-drop-cap\"><strong>Apple recently announced the Vision Pro, a mixed reality headset that marks Apple&#039;s official entry into the AR\/VR market. Alongside various applications such as Mail, TV, Safari, and Freeform, there are reports that Final Cut Pro will be available for the Vision Pro at launch, but the exact details are still unclear.<\/strong><\/p>\n\n\n\n<p>YouTuber and filmmaker Matti Haapoja has <a href=\"https:\/\/twitter.com\/mattihaapoja\/status\/1666226534313766912?s=61&amp;t=DL_xtEub6ZSDt0tb4w1YNg\" target=\"_blank\" rel=\"noreferrer noopener\">revealed<\/a>that Final Cut Pro will be available for the Vision Pro. This is exciting news for professional video editors and filmmakers who want to harness the power of Final Cut Pro in a virtual work environment. Whether this will be the iPadOS version or a purpose-built version remains to be seen.<\/p>\n\n\n\n<h3 class=\"wp-block-heading\" id=\"h-final-cut-pro-fur-das-vision-pro-die-zukunft-der-videobearbeitung\">Final Cut Pro for the Vision Pro: The Future of Video Editing<\/h3>\n\n\n\n<p>The Vision Pro offers the unique ability to work in a virtual space with a series of digital &quot;monitors.&quot; The integration of Final Cut Pro would allow professional users to take their video editing skills to a new level. Although there is no exact information yet on how Final Cut Pro will work on the Vision Pro, it is conceivable that the iPadOS version or a specially adapted version will be used. Apple released Final Cut Pro and Logic Pro for the iPad back in May, which showed that they are interested in making professional applications available on mobile devices. With the possible integration of Final Cut Pro into the Vision Pro, Apple could significantly expand the boundaries of video editing and offer users an even more versatile work environment.<\/p>\n\n\n\n<h3 class=\"wp-block-heading\">Professional applications for the headset<\/h3>\n\n\n\n\n\n\n\n<p>The availability of Final Cut Pro for the Vision Pro would be a significant step for Apple and users looking to take full advantage of the mixed reality headset&#039;s potential. The exact details have yet to be finalized, but the prospect of professional video editing in a virtual environment is extremely promising. It remains to be seen how Apple will integrate Final Cut Pro into the Vision Pro and what other possibilities this will open up for the future of video editing. Looking for new accessories? Then take a look&nbsp;<a href=\"https:\/\/www.amazon.de\/shop\/apfelpatientofficial\" target=\"_blank\" rel=\"noreferrer noopener\">in our Amazon Storefront<\/a>&nbsp;- there you will find numerous products from leading providers, also for HomeKit and Co.! (Image: Apple)<\/p>\n\n\n\n<ul class=\"wp-block-list\">\n<li><a href=\"https:\/\/www.apfelpatient.de\/en\/news\/apple-vision-pro-flexible-mac-display-for-more-comfort\">Apple Vision Pro: Flexible Mac display for more comfort<\/a><\/li>\n<\/ul>\n\n\n\n<h6 class=\"wp-block-heading translation-block\" id=\"h-kennt-ihr-schon-unsere-amazon-storefront-dort-findet-ihr-eine-handverlesene-auswahl-von-diversen-produkten-f-r-euer-iphone-und-co-viel-spa-beim-st-bern\"><em>Have you already visited our Amazon Storefront? There you&#039;ll find a hand-picked selection of various products for your iPhone and other devices \u2013 <span class=\"has-inline-color has-vivid-red-color\"><a href=\"https:\/\/www.amazon.de\/shop\/apfelpatientofficial\" class=\"ek-link\" data-wpel-link=\"exclude\" rel=\"follow noopener\" target=\"_self\"><span style=\"text-decoration: underline\" class=\"ek-underline\">enjoy browsing<\/span><\/a> !<\/span><\/em><\/h6>\n\n\n\n<h6 class=\"wp-block-heading translation-block\" id=\"h-der-beitrag-enthalt-partnerlinks\">This post contains <a data-type=\"URL\" data-id=\"https:\/\/www.apfelpatient.de\/partnerprogramm\" href=\"https:\/\/www.apfelpatient.de\/en\/partner-program\" data-wpel-link=\"internal\" target=\"_self\">affiliate links<\/a>.<\/h6>","protected":false},"excerpt":{"rendered":"<p>Final Cut Pro on Apple Vision Pro: The future of virtual video editing? How Apple could push the boundaries of video editing.<\/p>","protected":false},"author":2,"featured_media":39144,"comment_status":"closed","ping_status":"closed","sticky":false,"template":"","format":"standard","meta":{"jnews-multi-image_gallery":[],"jnews_single_post":{"subtitle":"","format":"standard","video":"","gallery":"","source_name":"","source_url":"","via_name":"","via_url":"","override":[{"single_blog_custom":"","sidebar":"","second_sidebar":"","share_position":"","share_float_style":"","post_date_format":"","post_date_format_custom":"","post_reading_time_wpm":"","zoom_button_out_step":"1","zoom_button_in_step":"1","number_popup_post":"1"}],"image_override":[{"single_post_thumbnail_size":"","single_post_gallery_size":""}],"trending_post_position":"","trending_post_label":"","sponsored_post_label":"","sponsored_post_name":"","sponsored_post_url":"","sponsored_post_logo":"","sponsored_post_desc":""},"jnews_primary_category":{"id":"9"},"footnotes":""},"categories":[9],"tags":[843,609,844],"class_list":["post-39256","post","type-post","status-publish","format-standard","has-post-thumbnail","hentry","category-news","tag-apple-vision-pro","tag-apple-vr-ar","tag-visionos"],"yoast_head":"<!-- This site is optimized with the Yoast SEO Premium plugin v27.5 (Yoast SEO v27.5) - https:\/\/yoast.com\/product\/yoast-seo-premium-wordpress\/ -->\n<title>Revolution\u00e4re Videobearbeitung: Final Cut Pro auf Apple Vision Pro<\/title>\n<meta name=\"description\" content=\"Final Cut Pro auf Apple Vision Pro: Die Zukunft der virtuellen Videobearbeitung? Wie Apple die Grenzen der Videobearbeitung erweitern k\u00f6nnte.\" \/>\n<meta name=\"robots\" content=\"index, follow, max-snippet:-1, max-image-preview:large, max-video-preview:-1\" \/>\n<link rel=\"canonical\" href=\"https:\/\/www.apfelpatient.de\/en\/news\/revolutionary-video-editing-final-cut-pro-on-apple-vision-pro\" \/>\n<meta property=\"og:locale\" content=\"en_US\" \/>\n<meta property=\"og:type\" content=\"article\" \/>\n<meta property=\"og:title\" content=\"Revolution\u00e4re Videobearbeitung: Final Cut Pro auf Apple Vision Pro\" \/>\n<meta property=\"og:description\" content=\"Final Cut Pro auf Apple Vision Pro: Die Zukunft der virtuellen Videobearbeitung? Wie Apple die Grenzen der Videobearbeitung erweitern k\u00f6nnte.\" \/>\n<meta property=\"og:url\" content=\"https:\/\/www.apfelpatient.de\/en\/news\/revolutionary-video-editing-final-cut-pro-on-apple-vision-pro\" \/>\n<meta property=\"og:site_name\" content=\"Apfelpatient\" \/>\n<meta property=\"article:publisher\" content=\"https:\/\/www.facebook.com\/apfelpatientOfficial\" \/>\n<meta property=\"article:author\" content=\"https:\/\/www.facebook.com\/apfelpatientOfficial\" \/>\n<meta property=\"article:published_time\" content=\"2023-06-14T12:00:00+00:00\" \/>\n<meta property=\"og:image\" content=\"https:\/\/www.apfelpatient.de\/wp-content\/uploads\/2023\/06\/Apple-WWDC23-event-photos-Apple-Vision-Pro-1.jpg\" \/>\n\t<meta property=\"og:image:width\" content=\"1600\" \/>\n\t<meta property=\"og:image:height\" content=\"1066\" \/>\n\t<meta property=\"og:image:type\" content=\"image\/jpeg\" \/>\n<meta name=\"author\" content=\"Milan\" \/>\n<meta name=\"twitter:card\" content=\"summary_large_image\" \/>\n<meta name=\"twitter:description\" content=\"Final Cut Pro auf Apple Vision Pro: Die Zukunft der virtuellen Videobearbeitung? Wie Apple die Grenzen der Videobearbeitung erweitern k\u00f6nnte.\" \/>\n<meta name=\"twitter:label1\" content=\"Written by\" \/>\n\t<meta name=\"twitter:data1\" content=\"Milan\" \/>\n\t<meta name=\"twitter:label2\" content=\"Est. reading time\" \/>\n\t<meta name=\"twitter:data2\" content=\"3 minutes\" \/>\n<script type=\"application\/ld+json\" class=\"yoast-schema-graph\">{\"@context\":\"https:\\\/\\\/schema.org\",\"@graph\":[{\"@type\":\"NewsArticle\",\"@id\":\"https:\\\/\\\/www.apfelpatient.de\\\/news\\\/revolutionaere-videobearbeitung-final-cut-pro-auf-apple-vision-pro#article\",\"isPartOf\":{\"@id\":\"https:\\\/\\\/www.apfelpatient.de\\\/news\\\/revolutionaere-videobearbeitung-final-cut-pro-auf-apple-vision-pro\"},\"author\":{\"@type\":\"Organization\",\"@id\":\"https:\\\/\\\/www.apfelpatient.de\\\/en\\\/#organization\",\"name\":\"Apfelpatient\",\"url\":\"https:\\\/\\\/www.apfelpatient.de\\\/en\\\/\"},\"headline\":\"Revolution\u00e4re Videobearbeitung: Final Cut Pro auf Apple Vision Pro\",\"datePublished\":\"2023-06-14T12:00:00+00:00\",\"mainEntityOfPage\":{\"@id\":\"https:\\\/\\\/www.apfelpatient.de\\\/news\\\/revolutionaere-videobearbeitung-final-cut-pro-auf-apple-vision-pro\"},\"wordCount\":418,\"publisher\":{\"@type\":\"Organization\",\"@id\":\"https:\\\/\\\/www.apfelpatient.de\\\/en\\\/#organization\",\"name\":\"Apfelpatient\",\"url\":\"https:\\\/\\\/www.apfelpatient.de\\\/en\\\/\"},\"image\":{\"@id\":\"https:\\\/\\\/www.apfelpatient.de\\\/news\\\/revolutionaere-videobearbeitung-final-cut-pro-auf-apple-vision-pro#primaryimage\"},\"thumbnailUrl\":\"https:\\\/\\\/www.apfelpatient.de\\\/wp-content\\\/uploads\\\/2023\\\/06\\\/Apple-WWDC23-event-photos-Apple-Vision-Pro-1.jpg\",\"keywords\":[\"Apple Vision Pro\",\"Apple VR\\\/AR\",\"visionOS\"],\"articleSection\":\"News\",\"inLanguage\":\"en-US\",\"copyrightYear\":\"2023\",\"copyrightHolder\":{\"@id\":\"https:\\\/\\\/www.apfelpatient.de\\\/en\\\/#organization\"}},{\"@type\":\"WebPage\",\"@id\":\"https:\\\/\\\/www.apfelpatient.de\\\/news\\\/revolutionaere-videobearbeitung-final-cut-pro-auf-apple-vision-pro\",\"url\":\"https:\\\/\\\/www.apfelpatient.de\\\/news\\\/revolutionaere-videobearbeitung-final-cut-pro-auf-apple-vision-pro\",\"name\":\"Revolution\u00e4re Videobearbeitung: Final Cut Pro auf Apple Vision Pro\",\"isPartOf\":{\"@id\":\"https:\\\/\\\/www.apfelpatient.de\\\/#website\"},\"primaryImageOfPage\":{\"@id\":\"https:\\\/\\\/www.apfelpatient.de\\\/news\\\/revolutionaere-videobearbeitung-final-cut-pro-auf-apple-vision-pro#primaryimage\"},\"image\":{\"@id\":\"https:\\\/\\\/www.apfelpatient.de\\\/news\\\/revolutionaere-videobearbeitung-final-cut-pro-auf-apple-vision-pro#primaryimage\"},\"thumbnailUrl\":\"https:\\\/\\\/www.apfelpatient.de\\\/wp-content\\\/uploads\\\/2023\\\/06\\\/Apple-WWDC23-event-photos-Apple-Vision-Pro-1.jpg\",\"datePublished\":\"2023-06-14T12:00:00+00:00\",\"description\":\"Final Cut Pro auf Apple Vision Pro: Die Zukunft der virtuellen Videobearbeitung? Wie Apple die Grenzen der Videobearbeitung erweitern k\u00f6nnte.\",\"breadcrumb\":{\"@id\":\"https:\\\/\\\/www.apfelpatient.de\\\/news\\\/revolutionaere-videobearbeitung-final-cut-pro-auf-apple-vision-pro#breadcrumb\"},\"inLanguage\":\"en-US\",\"potentialAction\":[{\"@type\":\"ReadAction\",\"target\":[\"https:\\\/\\\/www.apfelpatient.de\\\/news\\\/revolutionaere-videobearbeitung-final-cut-pro-auf-apple-vision-pro\"]}]},{\"@type\":\"ImageObject\",\"inLanguage\":\"en-US\",\"@id\":\"https:\\\/\\\/www.apfelpatient.de\\\/news\\\/revolutionaere-videobearbeitung-final-cut-pro-auf-apple-vision-pro#primaryimage\",\"url\":\"https:\\\/\\\/www.apfelpatient.de\\\/wp-content\\\/uploads\\\/2023\\\/06\\\/Apple-WWDC23-event-photos-Apple-Vision-Pro-1.jpg\",\"contentUrl\":\"https:\\\/\\\/www.apfelpatient.de\\\/wp-content\\\/uploads\\\/2023\\\/06\\\/Apple-WWDC23-event-photos-Apple-Vision-Pro-1.jpg\",\"width\":1600,\"height\":1066,\"caption\":\"Bild: Apple\"},{\"@type\":\"BreadcrumbList\",\"@id\":\"https:\\\/\\\/www.apfelpatient.de\\\/news\\\/revolutionaere-videobearbeitung-final-cut-pro-auf-apple-vision-pro#breadcrumb\",\"itemListElement\":[{\"@type\":\"ListItem\",\"position\":1,\"name\":\"Startseite\",\"item\":\"https:\\\/\\\/www.apfelpatient.de\\\/\"},{\"@type\":\"ListItem\",\"position\":2,\"name\":\"Revolution\u00e4re Videobearbeitung: Final Cut Pro auf Apple Vision Pro\"}]},{\"@type\":\"WebSite\",\"@id\":\"https:\\\/\\\/www.apfelpatient.de\\\/#website\",\"url\":\"https:\\\/\\\/www.apfelpatient.de\\\/\",\"name\":\"Apfelpatient\",\"description\":\"Alles rund um Apple!\",\"publisher\":{\"@type\":\"Organization\",\"@id\":\"https:\\\/\\\/www.apfelpatient.de\\\/en\\\/#organization\",\"name\":\"Apfelpatient\",\"url\":\"https:\\\/\\\/www.apfelpatient.de\\\/en\\\/\"},\"alternateName\":\"Apfelpatient\",\"potentialAction\":[{\"@type\":\"SearchAction\",\"target\":{\"@type\":\"EntryPoint\",\"urlTemplate\":\"https:\\\/\\\/www.apfelpatient.de\\\/?s={search_term_string}\"},\"query-input\":{\"@type\":\"PropertyValueSpecification\",\"valueRequired\":true,\"valueName\":\"search_term_string\"}}],\"inLanguage\":\"en-US\"},{\"@type\":[\"Person\",\"Organization\"],\"@id\":\"https:\\\/\\\/www.apfelpatient.de\\\/#\\\/schema\\\/person\\\/35b3ddba5832f2bfc7fff5206d4f6b7b\",\"name\":\"Milan\",\"logo\":{\"@id\":\"https:\\\/\\\/www.apfelpatient.de\\\/#\\\/schema\\\/person\\\/image\\\/\"},\"description\":\"Hallo und herzlich willkommen auf meinem Technik-Blog! Als gro\u00dfer Apple-Fan berichte ich hier \u00fcber alles, was mit Apple zu tun hat: von den neuesten News und spannenden Ger\u00fcchten \u00fcber hilfreiche Tipps und Tricks bis hin zu ausf\u00fchrlichen Produkttests. Wenn du genauso technikbegeistert bist wie ich, bist du hier genau richtig!\",\"sameAs\":[\"https:\\\/\\\/www.facebook.com\\\/apfelpatientOfficial\",\"https:\\\/\\\/www.linkedin.com\\\/in\\\/milan-jovicic-42aa0231b\"],\"url\":\"https:\\\/\\\/www.apfelpatient.de\\\/en\\\/author\\\/apfeladmin\"}]}<\/script>\n<!-- \/ Yoast SEO Premium plugin. -->","yoast_head_json":{"title":"Revolutionary video editing: Final Cut Pro on Apple Vision Pro","description":"Final Cut Pro on Apple Vision Pro: The future of virtual video editing? How Apple could push the boundaries of video editing.","robots":{"index":"index","follow":"follow","max-snippet":"max-snippet:-1","max-image-preview":"max-image-preview:large","max-video-preview":"max-video-preview:-1"},"canonical":"https:\/\/www.apfelpatient.de\/en\/news\/revolutionary-video-editing-final-cut-pro-on-apple-vision-pro","og_locale":"en_US","og_type":"article","og_title":"Revolution\u00e4re Videobearbeitung: Final Cut Pro auf Apple Vision Pro","og_description":"Final Cut Pro auf Apple Vision Pro: Die Zukunft der virtuellen Videobearbeitung? Wie Apple die Grenzen der Videobearbeitung erweitern k\u00f6nnte.","og_url":"https:\/\/www.apfelpatient.de\/en\/news\/revolutionary-video-editing-final-cut-pro-on-apple-vision-pro","og_site_name":"Apfelpatient","article_publisher":"https:\/\/www.facebook.com\/apfelpatientOfficial","article_author":"https:\/\/www.facebook.com\/apfelpatientOfficial","article_published_time":"2023-06-14T12:00:00+00:00","og_image":[{"width":1600,"height":1066,"url":"https:\/\/www.apfelpatient.de\/wp-content\/uploads\/2023\/06\/Apple-WWDC23-event-photos-Apple-Vision-Pro-1.jpg","type":"image\/jpeg"}],"author":"Milan","twitter_card":"summary_large_image","twitter_description":"Final Cut Pro auf Apple Vision Pro: Die Zukunft der virtuellen Videobearbeitung? Wie Apple die Grenzen der Videobearbeitung erweitern k\u00f6nnte.","twitter_misc":{"Written by":"Milan","Est. reading time":"3 minutes"},"schema":{"@context":"https:\/\/schema.org","@graph":[{"@type":"NewsArticle","@id":"https:\/\/www.apfelpatient.de\/news\/revolutionaere-videobearbeitung-final-cut-pro-auf-apple-vision-pro#article","isPartOf":{"@id":"https:\/\/www.apfelpatient.de\/news\/revolutionaere-videobearbeitung-final-cut-pro-auf-apple-vision-pro"},"author":{"@type":"Organization","@id":"https:\/\/www.apfelpatient.de\/en\/#organization","name":"Apfelpatient","url":"https:\/\/www.apfelpatient.de\/en\/"},"headline":"Revolution\u00e4re Videobearbeitung: Final Cut Pro auf Apple Vision Pro","datePublished":"2023-06-14T12:00:00+00:00","mainEntityOfPage":{"@id":"https:\/\/www.apfelpatient.de\/news\/revolutionaere-videobearbeitung-final-cut-pro-auf-apple-vision-pro"},"wordCount":418,"publisher":{"@type":"Organization","@id":"https:\/\/www.apfelpatient.de\/en\/#organization","name":"Apfelpatient","url":"https:\/\/www.apfelpatient.de\/en\/"},"image":{"@id":"https:\/\/www.apfelpatient.de\/news\/revolutionaere-videobearbeitung-final-cut-pro-auf-apple-vision-pro#primaryimage"},"thumbnailUrl":"https:\/\/www.apfelpatient.de\/wp-content\/uploads\/2023\/06\/Apple-WWDC23-event-photos-Apple-Vision-Pro-1.jpg","keywords":["Apple Vision Pro","Apple VR\/AR","visionOS"],"articleSection":"News","inLanguage":"en-US","copyrightYear":"2023","copyrightHolder":{"@id":"https:\/\/www.apfelpatient.de\/en\/#organization"}},{"@type":"WebPage","@id":"https:\/\/www.apfelpatient.de\/news\/revolutionaere-videobearbeitung-final-cut-pro-auf-apple-vision-pro","url":"https:\/\/www.apfelpatient.de\/news\/revolutionaere-videobearbeitung-final-cut-pro-auf-apple-vision-pro","name":"Revolutionary video editing: Final Cut Pro on Apple Vision Pro","isPartOf":{"@id":"https:\/\/www.apfelpatient.de\/#website"},"primaryImageOfPage":{"@id":"https:\/\/www.apfelpatient.de\/news\/revolutionaere-videobearbeitung-final-cut-pro-auf-apple-vision-pro#primaryimage"},"image":{"@id":"https:\/\/www.apfelpatient.de\/news\/revolutionaere-videobearbeitung-final-cut-pro-auf-apple-vision-pro#primaryimage"},"thumbnailUrl":"https:\/\/www.apfelpatient.de\/wp-content\/uploads\/2023\/06\/Apple-WWDC23-event-photos-Apple-Vision-Pro-1.jpg","datePublished":"2023-06-14T12:00:00+00:00","description":"Final Cut Pro on Apple Vision Pro: The future of virtual video editing? How Apple could push the boundaries of video editing.","breadcrumb":{"@id":"https:\/\/www.apfelpatient.de\/news\/revolutionaere-videobearbeitung-final-cut-pro-auf-apple-vision-pro#breadcrumb"},"inLanguage":"en-US","potentialAction":[{"@type":"ReadAction","target":["https:\/\/www.apfelpatient.de\/news\/revolutionaere-videobearbeitung-final-cut-pro-auf-apple-vision-pro"]}]},{"@type":"ImageObject","inLanguage":"en-US","@id":"https:\/\/www.apfelpatient.de\/news\/revolutionaere-videobearbeitung-final-cut-pro-auf-apple-vision-pro#primaryimage","url":"https:\/\/www.apfelpatient.de\/wp-content\/uploads\/2023\/06\/Apple-WWDC23-event-photos-Apple-Vision-Pro-1.jpg","contentUrl":"https:\/\/www.apfelpatient.de\/wp-content\/uploads\/2023\/06\/Apple-WWDC23-event-photos-Apple-Vision-Pro-1.jpg","width":1600,"height":1066,"caption":"Bild: Apple"},{"@type":"BreadcrumbList","@id":"https:\/\/www.apfelpatient.de\/news\/revolutionaere-videobearbeitung-final-cut-pro-auf-apple-vision-pro#breadcrumb","itemListElement":[{"@type":"ListItem","position":1,"name":"Startseite","item":"https:\/\/www.apfelpatient.de\/"},{"@type":"ListItem","position":2,"name":"Revolution\u00e4re Videobearbeitung: Final Cut Pro auf Apple Vision Pro"}]},{"@type":"WebSite","@id":"https:\/\/www.apfelpatient.de\/#website","url":"https:\/\/www.apfelpatient.de\/","name":"apple patient","description":"Everything about Apple!","publisher":{"@type":"Organization","@id":"https:\/\/www.apfelpatient.de\/en\/#organization","name":"Apfelpatient","url":"https:\/\/www.apfelpatient.de\/en\/"},"alternateName":"Apfelpatient","potentialAction":[{"@type":"SearchAction","target":{"@type":"EntryPoint","urlTemplate":"https:\/\/www.apfelpatient.de\/?s={search_term_string}"},"query-input":{"@type":"PropertyValueSpecification","valueRequired":true,"valueName":"search_term_string"}}],"inLanguage":"en-US"},{"@type":["Person","Organization"],"@id":"https:\/\/www.apfelpatient.de\/#\/schema\/person\/35b3ddba5832f2bfc7fff5206d4f6b7b","name":"Milan","logo":{"@id":"https:\/\/www.apfelpatient.de\/#\/schema\/person\/image\/"},"description":"Hello and welcome to my technology blog! As a big Apple fan, I report on everything to do with Apple: from the latest news and exciting rumors to helpful tips and tricks and detailed product tests. If you are as enthusiastic about technology as I am, you have come to the right place!","sameAs":["https:\/\/www.facebook.com\/apfelpatientOfficial","https:\/\/www.linkedin.com\/in\/milan-jovicic-42aa0231b"],"url":"https:\/\/www.apfelpatient.de\/en\/author\/apfeladmin"}]}},"_links":{"self":[{"href":"https:\/\/www.apfelpatient.de\/en\/wp-json\/wp\/v2\/posts\/39256","targetHints":{"allow":["GET"]}}],"collection":[{"href":"https:\/\/www.apfelpatient.de\/en\/wp-json\/wp\/v2\/posts"}],"about":[{"href":"https:\/\/www.apfelpatient.de\/en\/wp-json\/wp\/v2\/types\/post"}],"author":[{"embeddable":true,"href":"https:\/\/www.apfelpatient.de\/en\/wp-json\/wp\/v2\/users\/2"}],"replies":[{"embeddable":true,"href":"https:\/\/www.apfelpatient.de\/en\/wp-json\/wp\/v2\/comments?post=39256"}],"version-history":[{"count":0,"href":"https:\/\/www.apfelpatient.de\/en\/wp-json\/wp\/v2\/posts\/39256\/revisions"}],"wp:featuredmedia":[{"embeddable":true,"href":"https:\/\/www.apfelpatient.de\/en\/wp-json\/wp\/v2\/media\/39144"}],"wp:attachment":[{"href":"https:\/\/www.apfelpatient.de\/en\/wp-json\/wp\/v2\/media?parent=39256"}],"wp:term":[{"taxonomy":"category","embeddable":true,"href":"https:\/\/www.apfelpatient.de\/en\/wp-json\/wp\/v2\/categories?post=39256"},{"taxonomy":"post_tag","embeddable":true,"href":"https:\/\/www.apfelpatient.de\/en\/wp-json\/wp\/v2\/tags?post=39256"}],"curies":[{"name":"wp","href":"https:\/\/api.w.org\/{rel}","templated":true}]}}