{"id":3904,"date":"2019-03-27T18:49:16","date_gmt":"2019-03-27T17:49:16","guid":{"rendered":"https:\/\/www.apfelpatient.de\/?p=3904"},"modified":"2025-10-14T16:23:07","modified_gmt":"2025-10-14T14:23:07","slug":"apple-releases-first-beta-for-ios-12-3-and-co","status":"publish","type":"post","link":"https:\/\/www.apfelpatient.de\/en\/news\/apple-veroeffentlicht-erste-beta-zu-ios-12-3-und-co","title":{"rendered":"Apple releases first beta for iOS 12.3 and Co."},"content":{"rendered":"<p><strong>It comes as a complete surprise. After Apple rolled out the final version of iOS 12.2 two days ago, the bitten apple is now starting a new beta phase - iOS 12.3.<\/strong><\/p>\n<p>Apple released new beta versions of iOS 12.3, tvOS 12.3 and Apple TV Software 7.3 for registered developers this evening. Observers assumed that iOS 12.2 would be the last major update before iOS 13 - but that was not the case. With the first iOS 12.3 beta, Apple is reshuffling the cards.<\/p>\n<p class=\"p1\"><\/p>\n<p>The Apple TV Software 7.3 Beta is particularly interesting. Apple&#039;s previous third-generation Apple TV Box has long been discontinued and no longer runs on tvOS. Instead, a stripped-down operating system without the App Store is used. It could be used for the new streaming service <a href=\"https:\/\/www.apfelpatient.de\/en\">Apple TV Plus<\/a> We don&#039;t yet know what&#039;s new in iOS 12.3 - but the focus could be on the May <a href=\"https:\/\/www.apfelpatient.de\/en\">Apple TV Channels<\/a> app. Once we have installed the software and scanned for new features, we will update this post.<\/p>\n<p class=\"entry-title\"><a href=\"https:\/\/www.apfelpatient.de\/en\"><em><strong>iOS 12.3 and tvOS 12.3 Beta show Apple TV Channels for the first time<\/strong><\/em><\/a><\/p>\n<p><em>The build numbers of the current versions are:<\/em><\/p>\n<p>iOS 12.3 beta (16F5117h)<br \/>\ntvOS 12.3 beta (16M5117f)<br \/>\nApple TV Software 7.3 beta (12H825)<\/p>\n<p>Xcode 10.2 (10E125)<br \/>\niOS 12.2 (16E227)<br \/>\ntvOS 12.2 (16L226)<br \/>\nmacOS Mojave 10.14.4 (18E226)<br \/>\nwatchOS 5.1.3 (16S535)<\/p>\n<h6><a href=\"https:\/\/t.me\/apfelpatient_official\"><em><strong>Don&#039;t want to miss any more news? Then subscribe to our Telegram channel here<\/strong><\/em><\/a><\/h6>","protected":false},"excerpt":{"rendered":"<p>Es kommt v\u00f6llig \u00fcberraschend. Nachdem Apple vor zwei Tagen die finale Version von iOS 12.2 ausgerollt hat, startet der angebissene Apfel nun eine neue Beta Phase &#8211; iOS 12.3. Apple hat am heutigen Abend neue Beta Versionen zu iOS 12.3, tvOS 12.3 und Apple TV Software 7.3 f\u00fcr registrierte Entwickler ver\u00f6ffentlicht. Beobachter sind davon ausgegangen, [&hellip;]<\/p>\n","protected":false},"author":2,"featured_media":3905,"comment_status":"closed","ping_status":"open","sticky":false,"template":"","format":"standard","meta":{"jnews-multi-image_gallery":[],"jnews_single_post":[],"jnews_primary_category":[],"footnotes":""},"categories":[9],"tags":[34,156,247,248,56,3,4,95,21],"class_list":["post-3904","post","type-post","status-publish","format-standard","has-post-thumbnail","hentry","category-news","tag-apple-dienste","tag-apple-tv","tag-apple-tv-channels","tag-apple-tv-plus","tag-beta","tag-ios","tag-macos","tag-tvos","tag-watchos"],"yoast_head":"<!-- This site is optimized with the Yoast SEO Premium plugin v27.5 (Yoast SEO v27.5) - https:\/\/yoast.com\/product\/yoast-seo-premium-wordpress\/ -->\n<title>Apple ver\u00f6ffentlicht erste Beta zu iOS 12.3 und Co. Apfelpatient<\/title>\n<meta name=\"description\" content=\"- Es kommt v\u00f6llig \u00fcberraschend. Nachdem Apple vor zwei Tagen die finale Version von iOS 12.2 ausgerollt hat, startet der angebissene Apfel nun eine neue Beta Phase - iOS 12.3.\" \/>\n<meta name=\"robots\" content=\"index, follow, max-snippet:-1, max-image-preview:large, max-video-preview:-1\" \/>\n<link rel=\"canonical\" href=\"https:\/\/www.apfelpatient.de\/en\/news\/apple-releases-first-beta-for-ios-12-3-and-co\" \/>\n<meta property=\"og:locale\" content=\"en_US\" \/>\n<meta property=\"og:type\" content=\"article\" \/>\n<meta property=\"og:title\" content=\"Apple ver\u00f6ffentlicht erste Beta zu iOS 12.3 und Co.\" \/>\n<meta property=\"og:description\" content=\"- Es kommt v\u00f6llig \u00fcberraschend. Nachdem Apple vor zwei Tagen die finale Version von iOS 12.2 ausgerollt hat, startet der angebissene Apfel nun eine neue Beta Phase - iOS 12.3.\" \/>\n<meta property=\"og:url\" content=\"https:\/\/www.apfelpatient.de\/en\/news\/apple-releases-first-beta-for-ios-12-3-and-co\" \/>\n<meta property=\"og:site_name\" content=\"Apfelpatient\" \/>\n<meta property=\"article:publisher\" content=\"https:\/\/www.facebook.com\/apfelpatientOfficial\" \/>\n<meta property=\"article:author\" content=\"https:\/\/www.facebook.com\/apfelpatientOfficial\" \/>\n<meta property=\"article:published_time\" content=\"2019-03-27T17:49:16+00:00\" \/>\n<meta property=\"article:modified_time\" content=\"2025-10-14T14:23:07+00:00\" \/>\n<meta property=\"og:image\" content=\"https:\/\/www.apfelpatient.de\/wp-content\/uploads\/2019\/03\/Apple_TV_app_Spiderverse_032519-1.jpg\" \/>\n\t<meta property=\"og:image:width\" content=\"1632\" \/>\n\t<meta property=\"og:image:height\" content=\"1044\" \/>\n\t<meta property=\"og:image:type\" content=\"image\/jpeg\" \/>\n<meta name=\"author\" content=\"Milan\" \/>\n<meta name=\"twitter:card\" content=\"summary_large_image\" \/>\n<meta name=\"twitter:label1\" content=\"Written by\" \/>\n\t<meta name=\"twitter:data1\" content=\"Milan\" \/>\n\t<meta name=\"twitter:label2\" content=\"Est. reading time\" \/>\n\t<meta name=\"twitter:data2\" content=\"1 minute\" \/>\n<script type=\"application\/ld+json\" class=\"yoast-schema-graph\">{\"@context\":\"https:\\\/\\\/schema.org\",\"@graph\":[{\"@type\":\"NewsArticle\",\"@id\":\"https:\\\/\\\/www.apfelpatient.de\\\/news\\\/apple-veroeffentlicht-erste-beta-zu-ios-12-3-und-co#article\",\"isPartOf\":{\"@id\":\"https:\\\/\\\/www.apfelpatient.de\\\/news\\\/apple-veroeffentlicht-erste-beta-zu-ios-12-3-und-co\"},\"author\":{\"@type\":\"Organization\",\"@id\":\"https:\\\/\\\/www.apfelpatient.de\\\/en\\\/#organization\",\"name\":\"Apfelpatient\",\"url\":\"https:\\\/\\\/www.apfelpatient.de\\\/en\\\/\"},\"headline\":\"Apple ver\u00f6ffentlicht erste Beta zu iOS 12.3 und Co.\",\"datePublished\":\"2019-03-27T17:49:16+00:00\",\"dateModified\":\"2025-10-14T14:23:07+00:00\",\"mainEntityOfPage\":{\"@id\":\"https:\\\/\\\/www.apfelpatient.de\\\/news\\\/apple-veroeffentlicht-erste-beta-zu-ios-12-3-und-co\"},\"wordCount\":232,\"publisher\":{\"@type\":\"Organization\",\"@id\":\"https:\\\/\\\/www.apfelpatient.de\\\/en\\\/#organization\",\"name\":\"Apfelpatient\",\"url\":\"https:\\\/\\\/www.apfelpatient.de\\\/en\\\/\"},\"image\":{\"@id\":\"https:\\\/\\\/www.apfelpatient.de\\\/news\\\/apple-veroeffentlicht-erste-beta-zu-ios-12-3-und-co#primaryimage\"},\"thumbnailUrl\":\"https:\\\/\\\/www.apfelpatient.de\\\/wp-content\\\/uploads\\\/2019\\\/03\\\/Apple_TV_app_Spiderverse_032519-1.jpg\",\"keywords\":[\"Apple Dienste\",\"Apple TV\",\"Apple TV Channels\",\"Apple TV Plus\",\"Beta\",\"iOS\",\"macOS\",\"tvOS\",\"watchOS\"],\"articleSection\":\"News\",\"inLanguage\":\"en-US\",\"copyrightYear\":\"2019\",\"copyrightHolder\":{\"@id\":\"https:\\\/\\\/www.apfelpatient.de\\\/en\\\/#organization\"}},{\"@type\":\"WebPage\",\"@id\":\"https:\\\/\\\/www.apfelpatient.de\\\/news\\\/apple-veroeffentlicht-erste-beta-zu-ios-12-3-und-co\",\"url\":\"https:\\\/\\\/www.apfelpatient.de\\\/news\\\/apple-veroeffentlicht-erste-beta-zu-ios-12-3-und-co\",\"name\":\"Apple ver\u00f6ffentlicht erste Beta zu iOS 12.3 und Co. Apfelpatient\",\"isPartOf\":{\"@id\":\"https:\\\/\\\/www.apfelpatient.de\\\/#website\"},\"primaryImageOfPage\":{\"@id\":\"https:\\\/\\\/www.apfelpatient.de\\\/news\\\/apple-veroeffentlicht-erste-beta-zu-ios-12-3-und-co#primaryimage\"},\"image\":{\"@id\":\"https:\\\/\\\/www.apfelpatient.de\\\/news\\\/apple-veroeffentlicht-erste-beta-zu-ios-12-3-und-co#primaryimage\"},\"thumbnailUrl\":\"https:\\\/\\\/www.apfelpatient.de\\\/wp-content\\\/uploads\\\/2019\\\/03\\\/Apple_TV_app_Spiderverse_032519-1.jpg\",\"datePublished\":\"2019-03-27T17:49:16+00:00\",\"dateModified\":\"2025-10-14T14:23:07+00:00\",\"description\":\"- Es kommt v\u00f6llig \u00fcberraschend. Nachdem Apple vor zwei Tagen die finale Version von iOS 12.2 ausgerollt hat, startet der angebissene Apfel nun eine neue Beta Phase - iOS 12.3.\",\"breadcrumb\":{\"@id\":\"https:\\\/\\\/www.apfelpatient.de\\\/news\\\/apple-veroeffentlicht-erste-beta-zu-ios-12-3-und-co#breadcrumb\"},\"inLanguage\":\"en-US\",\"potentialAction\":[{\"@type\":\"ReadAction\",\"target\":[\"https:\\\/\\\/www.apfelpatient.de\\\/news\\\/apple-veroeffentlicht-erste-beta-zu-ios-12-3-und-co\"]}]},{\"@type\":\"ImageObject\",\"inLanguage\":\"en-US\",\"@id\":\"https:\\\/\\\/www.apfelpatient.de\\\/news\\\/apple-veroeffentlicht-erste-beta-zu-ios-12-3-und-co#primaryimage\",\"url\":\"https:\\\/\\\/www.apfelpatient.de\\\/wp-content\\\/uploads\\\/2019\\\/03\\\/Apple_TV_app_Spiderverse_032519-1.jpg\",\"contentUrl\":\"https:\\\/\\\/www.apfelpatient.de\\\/wp-content\\\/uploads\\\/2019\\\/03\\\/Apple_TV_app_Spiderverse_032519-1.jpg\",\"width\":1632,\"height\":1044,\"caption\":\"Bild: Apple\"},{\"@type\":\"BreadcrumbList\",\"@id\":\"https:\\\/\\\/www.apfelpatient.de\\\/news\\\/apple-veroeffentlicht-erste-beta-zu-ios-12-3-und-co#breadcrumb\",\"itemListElement\":[{\"@type\":\"ListItem\",\"position\":1,\"name\":\"Startseite\",\"item\":\"https:\\\/\\\/www.apfelpatient.de\\\/\"},{\"@type\":\"ListItem\",\"position\":2,\"name\":\"Apple ver\u00f6ffentlicht erste Beta zu iOS 12.3 und Co.\"}]},{\"@type\":\"WebSite\",\"@id\":\"https:\\\/\\\/www.apfelpatient.de\\\/#website\",\"url\":\"https:\\\/\\\/www.apfelpatient.de\\\/\",\"name\":\"Apfelpatient\",\"description\":\"Alles rund um Apple!\",\"publisher\":{\"@type\":\"Organization\",\"@id\":\"https:\\\/\\\/www.apfelpatient.de\\\/en\\\/#organization\",\"name\":\"Apfelpatient\",\"url\":\"https:\\\/\\\/www.apfelpatient.de\\\/en\\\/\"},\"alternateName\":\"Apfelpatient\",\"potentialAction\":[{\"@type\":\"SearchAction\",\"target\":{\"@type\":\"EntryPoint\",\"urlTemplate\":\"https:\\\/\\\/www.apfelpatient.de\\\/?s={search_term_string}\"},\"query-input\":{\"@type\":\"PropertyValueSpecification\",\"valueRequired\":true,\"valueName\":\"search_term_string\"}}],\"inLanguage\":\"en-US\"},{\"@type\":[\"Person\",\"Organization\"],\"@id\":\"https:\\\/\\\/www.apfelpatient.de\\\/#\\\/schema\\\/person\\\/7dc56ad6c8e9824b76d2c08d4c140e13\",\"name\":\"Milan\",\"logo\":{\"@id\":\"https:\\\/\\\/www.apfelpatient.de\\\/#\\\/schema\\\/person\\\/image\\\/\"},\"description\":\"Hallo und herzlich willkommen auf meinem Technik-Blog! Als gro\u00dfer Apple-Fan berichte ich hier \u00fcber alles, was mit Apple zu tun hat: von den neuesten News und spannenden Ger\u00fcchten \u00fcber hilfreiche Tipps und Tricks bis hin zu ausf\u00fchrlichen Produkttests. Wenn du genauso technikbegeistert bist wie ich, bist du hier genau richtig!\",\"sameAs\":[\"https:\\\/\\\/www.facebook.com\\\/apfelpatientOfficial\",\"https:\\\/\\\/www.linkedin.com\\\/in\\\/milan-jovicic-42aa0231b\"],\"url\":\"https:\\\/\\\/www.apfelpatient.de\\\/en\\\/author\\\/apfeladmin\"}]}<\/script>\n<!-- \/ Yoast SEO Premium plugin. -->","yoast_head_json":{"title":"Apple releases first beta for iOS 12.3 and Co. Apfelpatient","description":"- It comes as a complete surprise. After Apple rolled out the final version of iOS 12.2 two days ago, the bitten apple is now starting a new beta phase - iOS 12.3.","robots":{"index":"index","follow":"follow","max-snippet":"max-snippet:-1","max-image-preview":"max-image-preview:large","max-video-preview":"max-video-preview:-1"},"canonical":"https:\/\/www.apfelpatient.de\/en\/news\/apple-releases-first-beta-for-ios-12-3-and-co","og_locale":"en_US","og_type":"article","og_title":"Apple ver\u00f6ffentlicht erste Beta zu iOS 12.3 und Co.","og_description":"- Es kommt v\u00f6llig \u00fcberraschend. Nachdem Apple vor zwei Tagen die finale Version von iOS 12.2 ausgerollt hat, startet der angebissene Apfel nun eine neue Beta Phase - iOS 12.3.","og_url":"https:\/\/www.apfelpatient.de\/en\/news\/apple-releases-first-beta-for-ios-12-3-and-co","og_site_name":"Apfelpatient","article_publisher":"https:\/\/www.facebook.com\/apfelpatientOfficial","article_author":"https:\/\/www.facebook.com\/apfelpatientOfficial","article_published_time":"2019-03-27T17:49:16+00:00","article_modified_time":"2025-10-14T14:23:07+00:00","og_image":[{"width":1632,"height":1044,"url":"https:\/\/www.apfelpatient.de\/wp-content\/uploads\/2019\/03\/Apple_TV_app_Spiderverse_032519-1.jpg","type":"image\/jpeg"}],"author":"Milan","twitter_card":"summary_large_image","twitter_misc":{"Written by":"Milan","Est. reading time":"1 minute"},"schema":{"@context":"https:\/\/schema.org","@graph":[{"@type":"NewsArticle","@id":"https:\/\/www.apfelpatient.de\/news\/apple-veroeffentlicht-erste-beta-zu-ios-12-3-und-co#article","isPartOf":{"@id":"https:\/\/www.apfelpatient.de\/news\/apple-veroeffentlicht-erste-beta-zu-ios-12-3-und-co"},"author":{"@type":"Organization","@id":"https:\/\/www.apfelpatient.de\/en\/#organization","name":"Apfelpatient","url":"https:\/\/www.apfelpatient.de\/en\/"},"headline":"Apple ver\u00f6ffentlicht erste Beta zu iOS 12.3 und Co.","datePublished":"2019-03-27T17:49:16+00:00","dateModified":"2025-10-14T14:23:07+00:00","mainEntityOfPage":{"@id":"https:\/\/www.apfelpatient.de\/news\/apple-veroeffentlicht-erste-beta-zu-ios-12-3-und-co"},"wordCount":232,"publisher":{"@type":"Organization","@id":"https:\/\/www.apfelpatient.de\/en\/#organization","name":"Apfelpatient","url":"https:\/\/www.apfelpatient.de\/en\/"},"image":{"@id":"https:\/\/www.apfelpatient.de\/news\/apple-veroeffentlicht-erste-beta-zu-ios-12-3-und-co#primaryimage"},"thumbnailUrl":"https:\/\/www.apfelpatient.de\/wp-content\/uploads\/2019\/03\/Apple_TV_app_Spiderverse_032519-1.jpg","keywords":["Apple Dienste","Apple TV","Apple TV Channels","Apple TV Plus","Beta","iOS","macOS","tvOS","watchOS"],"articleSection":"News","inLanguage":"en-US","copyrightYear":"2019","copyrightHolder":{"@id":"https:\/\/www.apfelpatient.de\/en\/#organization"}},{"@type":"WebPage","@id":"https:\/\/www.apfelpatient.de\/news\/apple-veroeffentlicht-erste-beta-zu-ios-12-3-und-co","url":"https:\/\/www.apfelpatient.de\/news\/apple-veroeffentlicht-erste-beta-zu-ios-12-3-und-co","name":"Apple releases first beta for iOS 12.3 and Co. Apfelpatient","isPartOf":{"@id":"https:\/\/www.apfelpatient.de\/#website"},"primaryImageOfPage":{"@id":"https:\/\/www.apfelpatient.de\/news\/apple-veroeffentlicht-erste-beta-zu-ios-12-3-und-co#primaryimage"},"image":{"@id":"https:\/\/www.apfelpatient.de\/news\/apple-veroeffentlicht-erste-beta-zu-ios-12-3-und-co#primaryimage"},"thumbnailUrl":"https:\/\/www.apfelpatient.de\/wp-content\/uploads\/2019\/03\/Apple_TV_app_Spiderverse_032519-1.jpg","datePublished":"2019-03-27T17:49:16+00:00","dateModified":"2025-10-14T14:23:07+00:00","description":"- It comes as a complete surprise. After Apple rolled out the final version of iOS 12.2 two days ago, the bitten apple is now starting a new beta phase - iOS 12.3.","breadcrumb":{"@id":"https:\/\/www.apfelpatient.de\/news\/apple-veroeffentlicht-erste-beta-zu-ios-12-3-und-co#breadcrumb"},"inLanguage":"en-US","potentialAction":[{"@type":"ReadAction","target":["https:\/\/www.apfelpatient.de\/news\/apple-veroeffentlicht-erste-beta-zu-ios-12-3-und-co"]}]},{"@type":"ImageObject","inLanguage":"en-US","@id":"https:\/\/www.apfelpatient.de\/news\/apple-veroeffentlicht-erste-beta-zu-ios-12-3-und-co#primaryimage","url":"https:\/\/www.apfelpatient.de\/wp-content\/uploads\/2019\/03\/Apple_TV_app_Spiderverse_032519-1.jpg","contentUrl":"https:\/\/www.apfelpatient.de\/wp-content\/uploads\/2019\/03\/Apple_TV_app_Spiderverse_032519-1.jpg","width":1632,"height":1044,"caption":"Bild: Apple"},{"@type":"BreadcrumbList","@id":"https:\/\/www.apfelpatient.de\/news\/apple-veroeffentlicht-erste-beta-zu-ios-12-3-und-co#breadcrumb","itemListElement":[{"@type":"ListItem","position":1,"name":"Startseite","item":"https:\/\/www.apfelpatient.de\/"},{"@type":"ListItem","position":2,"name":"Apple ver\u00f6ffentlicht erste Beta zu iOS 12.3 und Co."}]},{"@type":"WebSite","@id":"https:\/\/www.apfelpatient.de\/#website","url":"https:\/\/www.apfelpatient.de\/","name":"apple patient","description":"Everything about Apple!","publisher":{"@type":"Organization","@id":"https:\/\/www.apfelpatient.de\/en\/#organization","name":"Apfelpatient","url":"https:\/\/www.apfelpatient.de\/en\/"},"alternateName":"Apfelpatient","potentialAction":[{"@type":"SearchAction","target":{"@type":"EntryPoint","urlTemplate":"https:\/\/www.apfelpatient.de\/?s={search_term_string}"},"query-input":{"@type":"PropertyValueSpecification","valueRequired":true,"valueName":"search_term_string"}}],"inLanguage":"en-US"},{"@type":["Person","Organization"],"@id":"https:\/\/www.apfelpatient.de\/#\/schema\/person\/7dc56ad6c8e9824b76d2c08d4c140e13","name":"Milan","logo":{"@id":"https:\/\/www.apfelpatient.de\/#\/schema\/person\/image\/"},"description":"Hello and welcome to my technology blog! As a big Apple fan, I report on everything to do with Apple: from the latest news and exciting rumors to helpful tips and tricks and detailed product tests. If you are as enthusiastic about technology as I am, you have come to the right place!","sameAs":["https:\/\/www.facebook.com\/apfelpatientOfficial","https:\/\/www.linkedin.com\/in\/milan-jovicic-42aa0231b"],"url":"https:\/\/www.apfelpatient.de\/en\/author\/apfeladmin"}]}},"_links":{"self":[{"href":"https:\/\/www.apfelpatient.de\/en\/wp-json\/wp\/v2\/posts\/3904","targetHints":{"allow":["GET"]}}],"collection":[{"href":"https:\/\/www.apfelpatient.de\/en\/wp-json\/wp\/v2\/posts"}],"about":[{"href":"https:\/\/www.apfelpatient.de\/en\/wp-json\/wp\/v2\/types\/post"}],"author":[{"embeddable":true,"href":"https:\/\/www.apfelpatient.de\/en\/wp-json\/wp\/v2\/users\/2"}],"replies":[{"embeddable":true,"href":"https:\/\/www.apfelpatient.de\/en\/wp-json\/wp\/v2\/comments?post=3904"}],"version-history":[{"count":0,"href":"https:\/\/www.apfelpatient.de\/en\/wp-json\/wp\/v2\/posts\/3904\/revisions"}],"wp:featuredmedia":[{"embeddable":true,"href":"https:\/\/www.apfelpatient.de\/en\/wp-json\/wp\/v2\/media\/3905"}],"wp:attachment":[{"href":"https:\/\/www.apfelpatient.de\/en\/wp-json\/wp\/v2\/media?parent=3904"}],"wp:term":[{"taxonomy":"category","embeddable":true,"href":"https:\/\/www.apfelpatient.de\/en\/wp-json\/wp\/v2\/categories?post=3904"},{"taxonomy":"post_tag","embeddable":true,"href":"https:\/\/www.apfelpatient.de\/en\/wp-json\/wp\/v2\/tags?post=3904"}],"curies":[{"name":"wp","href":"https:\/\/api.w.org\/{rel}","templated":true}]}}