{"id":38970,"date":"2023-06-05T21:46:27","date_gmt":"2023-06-05T19:46:27","guid":{"rendered":"https:\/\/www.apfelpatient.de\/?p=38970"},"modified":"2024-05-14T10:34:30","modified_gmt":"2024-05-14T08:34:30","slug":"experience-the-revolutionary-apple-vision-pro-headset-and-visionos","status":"publish","type":"post","link":"https:\/\/www.apfelpatient.de\/en\/news\/erlebe-das-revolutionaere-apple-vision-pro-headset-und-visionos","title":{"rendered":"Experience the revolutionary Apple Vision Pro Headset and visionOS"},"content":{"rendered":"<p class=\"has-drop-cap\"><strong>Apple unveiled its long-awaited mixed reality headset &quot;Vision Pro&quot; and its accompanying operating system &quot;visionOS&quot; at WWDC 2023. With innovative design and advanced technology, the headset promises to combine the best of the digital and physical worlds. In this article, we take a closer look at the impressive features and functions of the Apple Vision Pro.<\/strong><\/p>\n\n\n\n<p>The Apple Vision Pro headset features a revolutionary design. A single piece of laminated glass serves as the optical surface for cameras and sensors, while an aluminum frame ensures a tailored fit. The headset offers an ultra-high-resolution display system, a spatial audio system and a powerful eye-tracking system.<\/p>\n\n\n\n<figure class=\"wp-block-image size-large\"><img decoding=\"async\" width=\"1024\" height=\"576\" src=\"https:\/\/www.apfelpatient.de\/wp-content\/uploads\/2023\/06\/Apple-WWCD23-Vision-Pro-glass-230605-1024x576.jpg\" alt=\"Apple Vision Pro\" class=\"wp-image-38963\" srcset=\"https:\/\/www.apfelpatient.de\/wp-content\/uploads\/2023\/06\/Apple-WWCD23-Vision-Pro-glass-230605-1024x576.jpg 1024w, https:\/\/www.apfelpatient.de\/wp-content\/uploads\/2023\/06\/Apple-WWCD23-Vision-Pro-glass-230605-300x169.jpg 300w, https:\/\/www.apfelpatient.de\/wp-content\/uploads\/2023\/06\/Apple-WWCD23-Vision-Pro-glass-230605-768x432.jpg 768w, https:\/\/www.apfelpatient.de\/wp-content\/uploads\/2023\/06\/Apple-WWCD23-Vision-Pro-glass-230605-1536x864.jpg 1536w, https:\/\/www.apfelpatient.de\/wp-content\/uploads\/2023\/06\/Apple-WWCD23-Vision-Pro-glass-230605-750x422.jpg 750w, https:\/\/www.apfelpatient.de\/wp-content\/uploads\/2023\/06\/Apple-WWCD23-Vision-Pro-glass-230605-1140x641.jpg 1140w, https:\/\/www.apfelpatient.de\/wp-content\/uploads\/2023\/06\/Apple-WWCD23-Vision-Pro-glass-230605.jpg 1600w\" sizes=\"(max-width: 1024px) 100vw, 1024px\" \/><figcaption class=\"wp-element-caption\">Image: Apple \u2013 Apple Vision Pro<\/figcaption><\/figure>\n\n\n\n<p>Thanks to the dual-chip design of Apple Silicon, the Vision Pro offers impressive performance. The Apple Vision Pro headset impresses with its design and technological innovations. The display system offers ultra-high-resolution micro OLED displays with 23 million pixels and optical inserts from ZEISS for precise reproduction. The spatial audio system delivers personalized surround sound based on the user&#039;s head and ear geometry. The eye tracking system enables intuitive input. The dual-chip design ensures outstanding performance and real-time display of content.<\/p>\n\n\n\n<figure class=\"wp-block-image size-large\"><img decoding=\"async\" width=\"1024\" height=\"683\" src=\"https:\/\/www.apfelpatient.de\/wp-content\/uploads\/2023\/06\/Apple-WWCD23-Vision-Pro-lifestyle-with-battery-FaceTime-230605-1024x683.jpg\" alt=\"Apple Vision Pro\" class=\"wp-image-38965\" srcset=\"https:\/\/www.apfelpatient.de\/wp-content\/uploads\/2023\/06\/Apple-WWCD23-Vision-Pro-lifestyle-with-battery-FaceTime-230605-1024x683.jpg 1024w, https:\/\/www.apfelpatient.de\/wp-content\/uploads\/2023\/06\/Apple-WWCD23-Vision-Pro-lifestyle-with-battery-FaceTime-230605-300x200.jpg 300w, https:\/\/www.apfelpatient.de\/wp-content\/uploads\/2023\/06\/Apple-WWCD23-Vision-Pro-lifestyle-with-battery-FaceTime-230605-768x512.jpg 768w, https:\/\/www.apfelpatient.de\/wp-content\/uploads\/2023\/06\/Apple-WWCD23-Vision-Pro-lifestyle-with-battery-FaceTime-230605-1536x1024.jpg 1536w, https:\/\/www.apfelpatient.de\/wp-content\/uploads\/2023\/06\/Apple-WWCD23-Vision-Pro-lifestyle-with-battery-FaceTime-230605-750x500.jpg 750w, https:\/\/www.apfelpatient.de\/wp-content\/uploads\/2023\/06\/Apple-WWCD23-Vision-Pro-lifestyle-with-battery-FaceTime-230605-1140x760.jpg 1140w, https:\/\/www.apfelpatient.de\/wp-content\/uploads\/2023\/06\/Apple-WWCD23-Vision-Pro-lifestyle-with-battery-FaceTime-230605.jpg 1600w\" sizes=\"(max-width: 1024px) 100vw, 1024px\" \/><figcaption class=\"wp-element-caption\">Image: Apple \u2013 Apple Vision Pro<\/figcaption><\/figure>\n\n\n\n<h3 class=\"wp-block-heading\" id=\"h-erlebe-immersive-welten-mit-dem-brandneuen-produkt\">Experience immersive worlds with the brand new product<\/h3>\n\n\n\n<p>The headset is controlled using eyes, hands and voice. Users can operate apps by looking, tapping, scrolling or dictating. EyeSight enables improved interaction with other people by providing visual cues of the user&#039;s attention. Vision Pro can transform a room into a personal cinema and offers improved FaceTime calls with life-sized tiles and spatial audio.<\/p>\n\n\n\n<figure class=\"wp-block-image size-large\"><img decoding=\"async\" width=\"1024\" height=\"576\" src=\"https:\/\/www.apfelpatient.de\/wp-content\/uploads\/2023\/06\/Apple-WWCD23-Vision-Pro-VisionOS-230605-1024x576.jpg\" alt=\"Apple Vision Pro\" class=\"wp-image-38968\" srcset=\"https:\/\/www.apfelpatient.de\/wp-content\/uploads\/2023\/06\/Apple-WWCD23-Vision-Pro-VisionOS-230605-1024x576.jpg 1024w, https:\/\/www.apfelpatient.de\/wp-content\/uploads\/2023\/06\/Apple-WWCD23-Vision-Pro-VisionOS-230605-300x169.jpg 300w, https:\/\/www.apfelpatient.de\/wp-content\/uploads\/2023\/06\/Apple-WWCD23-Vision-Pro-VisionOS-230605-768x432.jpg 768w, https:\/\/www.apfelpatient.de\/wp-content\/uploads\/2023\/06\/Apple-WWCD23-Vision-Pro-VisionOS-230605-1536x864.jpg 1536w, https:\/\/www.apfelpatient.de\/wp-content\/uploads\/2023\/06\/Apple-WWCD23-Vision-Pro-VisionOS-230605-750x422.jpg 750w, https:\/\/www.apfelpatient.de\/wp-content\/uploads\/2023\/06\/Apple-WWCD23-Vision-Pro-VisionOS-230605-1140x641.jpg 1140w, https:\/\/www.apfelpatient.de\/wp-content\/uploads\/2023\/06\/Apple-WWCD23-Vision-Pro-VisionOS-230605.jpg 1600w\" sizes=\"(max-width: 1024px) 100vw, 1024px\" \/><figcaption class=\"wp-element-caption\">Image: Apple \u2013 Apple Vision Pro<\/figcaption><\/figure>\n\n\n\n<p>The visionOS operating system offers a three-dimensional user interface and enables access to apps and immersive videos. Developers have the opportunity to create impressive app experiences. With the new App Store, users can access a variety of apps and content that work seamlessly with the Vision Pro input system.<\/p>\n\n\n\n<h3 class=\"wp-block-heading\">Apple Vision Pro Headset &amp; visionOS Conclusion<\/h3>\n\n\n\n\n\n\n\n<p>With the Apple Vision Pro headset and the visionOS operating system, Apple is opening up new dimensions for VR and AR experiences. The innovative design, advanced technology and diverse functions make the Vision Pro a groundbreaking product on the market.<\/p>\n\n\n\n<figure class=\"wp-block-image size-large\"><img decoding=\"async\" width=\"1024\" height=\"576\" src=\"https:\/\/www.apfelpatient.de\/wp-content\/uploads\/2023\/06\/Apple-WWCD23-Vision-Pro-with-battery-230605-1024x576.jpg\" alt=\"Apple Vision Pro\" class=\"wp-image-38969\" srcset=\"https:\/\/www.apfelpatient.de\/wp-content\/uploads\/2023\/06\/Apple-WWCD23-Vision-Pro-with-battery-230605-1024x576.jpg 1024w, https:\/\/www.apfelpatient.de\/wp-content\/uploads\/2023\/06\/Apple-WWCD23-Vision-Pro-with-battery-230605-300x169.jpg 300w, https:\/\/www.apfelpatient.de\/wp-content\/uploads\/2023\/06\/Apple-WWCD23-Vision-Pro-with-battery-230605-768x432.jpg 768w, https:\/\/www.apfelpatient.de\/wp-content\/uploads\/2023\/06\/Apple-WWCD23-Vision-Pro-with-battery-230605-1536x864.jpg 1536w, https:\/\/www.apfelpatient.de\/wp-content\/uploads\/2023\/06\/Apple-WWCD23-Vision-Pro-with-battery-230605-750x422.jpg 750w, https:\/\/www.apfelpatient.de\/wp-content\/uploads\/2023\/06\/Apple-WWCD23-Vision-Pro-with-battery-230605-1140x641.jpg 1140w, https:\/\/www.apfelpatient.de\/wp-content\/uploads\/2023\/06\/Apple-WWCD23-Vision-Pro-with-battery-230605.jpg 1600w\" sizes=\"(max-width: 1024px) 100vw, 1024px\" \/><figcaption class=\"wp-element-caption\">Image: Apple \u2013 Apple Vision Pro<\/figcaption><\/figure>\n\n\n\n<p>Users can look forward to an exceptional viewing experience, which will be available from early 2024 for a price of $3,499 <a href=\"https:\/\/www.apple.com\/newsroom\/2023\/06\/introducing-apple-vision-pro\/\" target=\"_blank\" rel=\"noreferrer noopener\">available<\/a> Immerse yourself in the world of the Apple Vision Pro and experience the fusion of digital content and the physical world. (Image: Apple)<\/p>\n\n\n\n<ul class=\"wp-block-list\">\n<li><a href=\"https:\/\/www.apfelpatient.de\/en\/news\/airpods-pro-2-discover-adaptive-audio-and-more-in-ios-17\">AirPods Pro 2: Discover Adaptive Audio and more in iOS 17<\/a><\/li>\n<\/ul>\n\n\n\n<h6 class=\"wp-block-heading translation-block\" id=\"h-kennt-ihr-schon-unsere-amazon-storefront-dort-findet-ihr-eine-handverlesene-auswahl-von-diversen-produkten-f-r-euer-iphone-und-co-viel-spa-beim-st-bern\"><em>Have you already visited our Amazon Storefront? There you&#039;ll find a hand-picked selection of various products for your iPhone and other devices \u2013 <span class=\"has-inline-color has-vivid-red-color\"><a href=\"https:\/\/www.amazon.de\/shop\/apfelpatientofficial\" class=\"ek-link\" data-wpel-link=\"exclude\" rel=\"follow noopener\" target=\"_self\"><span style=\"text-decoration: underline\" class=\"ek-underline\">enjoy browsing<\/span><\/a> !<\/span><\/em><\/h6>\n\n\n\n<h6 class=\"wp-block-heading translation-block\" id=\"h-der-beitrag-enthalt-partnerlinks\">This post contains <a data-type=\"URL\" data-id=\"https:\/\/www.apfelpatient.de\/partnerprogramm\" href=\"https:\/\/www.apfelpatient.de\/en\/partner-program\" data-wpel-link=\"internal\" target=\"_self\">affiliate links<\/a>.<\/h6>","protected":false},"excerpt":{"rendered":"<p>Experience the fusion of digital and physical worlds with the Apple Vision Pro headset. Immerse yourself in immersive VR and AR experiences.<\/p>","protected":false},"author":2,"featured_media":38963,"comment_status":"closed","ping_status":"closed","sticky":false,"template":"","format":"standard","meta":{"jnews-multi-image_gallery":[],"jnews_single_post":{"subtitle":"","format":"standard","video":"","gallery":"","source_name":"","source_url":"","via_name":"","via_url":"","override_template":"0","override":[{"template":"4","single_blog_custom":"","parallax":"1","fullscreen":"1","layout":"right-sidebar","sidebar":"","second_sidebar":"","sticky_sidebar":"1","share_position":"","share_float_style":"","show_share_counter":"0","show_view_counter":"0","show_featured":"1","show_post_meta":"1","show_post_author":"1","show_post_author_image":"1","show_post_date":"1","post_date_format":"","post_date_format_custom":"","show_post_category":"1","show_post_reading_time":"0","post_reading_time_wpm":"","show_zoom_button":"0","zoom_button_out_step":"1","zoom_button_in_step":"1","show_post_tag":"1","show_prev_next_post":"1","show_popup_post":"1","number_popup_post":"1","show_author_box":"0","show_post_related":"0","show_inline_post_related":"0"}],"override_image_size":"0","image_override":[{"single_post_thumbnail_size":"","single_post_gallery_size":""}],"trending_post":"0","trending_post_position":"","trending_post_label":"","sponsored_post":"0","sponsored_post_label":"","sponsored_post_name":"","sponsored_post_url":"","sponsored_post_logo_enable":"0","sponsored_post_logo":"","sponsored_post_desc":"","disable_ad":"0"},"jnews_primary_category":{"id":"9","hide":""},"footnotes":""},"categories":[9],"tags":[843,609,844],"class_list":["post-38970","post","type-post","status-publish","format-standard","has-post-thumbnail","hentry","category-news","tag-apple-vision-pro","tag-apple-vr-ar","tag-visionos"],"yoast_head":"<!-- This site is optimized with the Yoast SEO Premium plugin v27.5 (Yoast SEO v27.5) - https:\/\/yoast.com\/product\/yoast-seo-premium-wordpress\/ -->\n<title>Erlebe revolution\u00e4re Apple Vision Pro Headset und visionOS<\/title>\n<meta name=\"description\" content=\"Erlebe die Verschmelzung von digitalen und physischen Welten mit dem Apple Vision Pro Headset. Tauche ein in immersive VR- und AR-Erlebnisse.\" \/>\n<meta name=\"robots\" content=\"index, follow, max-snippet:-1, max-image-preview:large, max-video-preview:-1\" \/>\n<link rel=\"canonical\" href=\"https:\/\/www.apfelpatient.de\/en\/news\/experience-the-revolutionary-apple-vision-pro-headset-and-visionos\" \/>\n<meta property=\"og:locale\" content=\"en_US\" \/>\n<meta property=\"og:type\" content=\"article\" \/>\n<meta property=\"og:title\" content=\"Erlebe das revolution\u00e4re Apple Vision Pro Headset und visionOS\" \/>\n<meta property=\"og:description\" content=\"Erlebe die Verschmelzung von digitalen und physischen Welten mit dem Apple Vision Pro Headset. Tauche ein in immersive VR- und AR-Erlebnisse.\" \/>\n<meta property=\"og:url\" content=\"https:\/\/www.apfelpatient.de\/en\/news\/experience-the-revolutionary-apple-vision-pro-headset-and-visionos\" \/>\n<meta property=\"og:site_name\" content=\"Apfelpatient\" \/>\n<meta property=\"article:publisher\" content=\"https:\/\/www.facebook.com\/apfelpatientOfficial\" \/>\n<meta property=\"article:author\" content=\"https:\/\/www.facebook.com\/apfelpatientOfficial\" \/>\n<meta property=\"article:published_time\" content=\"2023-06-05T19:46:27+00:00\" \/>\n<meta property=\"article:modified_time\" content=\"2024-05-14T08:34:30+00:00\" \/>\n<meta property=\"og:image\" content=\"https:\/\/www.apfelpatient.de\/wp-content\/uploads\/2023\/06\/Apple-WWCD23-Vision-Pro-glass-230605.jpg\" \/>\n\t<meta property=\"og:image:width\" content=\"1600\" \/>\n\t<meta property=\"og:image:height\" content=\"900\" \/>\n\t<meta property=\"og:image:type\" content=\"image\/jpeg\" \/>\n<meta name=\"author\" content=\"Milan\" \/>\n<meta name=\"twitter:card\" content=\"summary_large_image\" \/>\n<meta name=\"twitter:description\" content=\"Erlebe die Verschmelzung von digitalen und physischen Welten mit dem Apple Vision Pro Headset. Tauche ein in immersive VR- und AR-Erlebnisse.\" \/>\n<meta name=\"twitter:label1\" content=\"Written by\" \/>\n\t<meta name=\"twitter:data1\" content=\"Milan\" \/>\n\t<meta name=\"twitter:label2\" content=\"Est. reading time\" \/>\n\t<meta name=\"twitter:data2\" content=\"4 minutes\" \/>\n<script type=\"application\/ld+json\" class=\"yoast-schema-graph\">{\"@context\":\"https:\\\/\\\/schema.org\",\"@graph\":[{\"@type\":\"NewsArticle\",\"@id\":\"https:\\\/\\\/www.apfelpatient.de\\\/news\\\/erlebe-das-revolutionaere-apple-vision-pro-headset-und-visionos#article\",\"isPartOf\":{\"@id\":\"https:\\\/\\\/www.apfelpatient.de\\\/news\\\/erlebe-das-revolutionaere-apple-vision-pro-headset-und-visionos\"},\"author\":{\"@type\":\"Organization\",\"@id\":\"https:\\\/\\\/www.apfelpatient.de\\\/en\\\/#organization\",\"name\":\"Apfelpatient\",\"url\":\"https:\\\/\\\/www.apfelpatient.de\\\/en\\\/\"},\"headline\":\"Erlebe das revolution\u00e4re Apple Vision Pro Headset und visionOS\",\"datePublished\":\"2023-06-05T19:46:27+00:00\",\"dateModified\":\"2024-05-14T08:34:30+00:00\",\"mainEntityOfPage\":{\"@id\":\"https:\\\/\\\/www.apfelpatient.de\\\/news\\\/erlebe-das-revolutionaere-apple-vision-pro-headset-und-visionos\"},\"wordCount\":448,\"publisher\":{\"@type\":\"Organization\",\"@id\":\"https:\\\/\\\/www.apfelpatient.de\\\/en\\\/#organization\",\"name\":\"Apfelpatient\",\"url\":\"https:\\\/\\\/www.apfelpatient.de\\\/en\\\/\"},\"image\":{\"@id\":\"https:\\\/\\\/www.apfelpatient.de\\\/news\\\/erlebe-das-revolutionaere-apple-vision-pro-headset-und-visionos#primaryimage\"},\"thumbnailUrl\":\"https:\\\/\\\/www.apfelpatient.de\\\/wp-content\\\/uploads\\\/2023\\\/06\\\/Apple-WWCD23-Vision-Pro-glass-230605.jpg\",\"keywords\":[\"Apple Vision Pro\",\"Apple VR\\\/AR\",\"visionOS\"],\"articleSection\":\"News\",\"inLanguage\":\"en-US\",\"copyrightYear\":\"2023\",\"copyrightHolder\":{\"@id\":\"https:\\\/\\\/www.apfelpatient.de\\\/en\\\/#organization\"}},{\"@type\":\"WebPage\",\"@id\":\"https:\\\/\\\/www.apfelpatient.de\\\/news\\\/erlebe-das-revolutionaere-apple-vision-pro-headset-und-visionos\",\"url\":\"https:\\\/\\\/www.apfelpatient.de\\\/news\\\/erlebe-das-revolutionaere-apple-vision-pro-headset-und-visionos\",\"name\":\"Erlebe revolution\u00e4re Apple Vision Pro Headset und visionOS\",\"isPartOf\":{\"@id\":\"https:\\\/\\\/www.apfelpatient.de\\\/#website\"},\"primaryImageOfPage\":{\"@id\":\"https:\\\/\\\/www.apfelpatient.de\\\/news\\\/erlebe-das-revolutionaere-apple-vision-pro-headset-und-visionos#primaryimage\"},\"image\":{\"@id\":\"https:\\\/\\\/www.apfelpatient.de\\\/news\\\/erlebe-das-revolutionaere-apple-vision-pro-headset-und-visionos#primaryimage\"},\"thumbnailUrl\":\"https:\\\/\\\/www.apfelpatient.de\\\/wp-content\\\/uploads\\\/2023\\\/06\\\/Apple-WWCD23-Vision-Pro-glass-230605.jpg\",\"datePublished\":\"2023-06-05T19:46:27+00:00\",\"dateModified\":\"2024-05-14T08:34:30+00:00\",\"description\":\"Erlebe die Verschmelzung von digitalen und physischen Welten mit dem Apple Vision Pro Headset. Tauche ein in immersive VR- und AR-Erlebnisse.\",\"breadcrumb\":{\"@id\":\"https:\\\/\\\/www.apfelpatient.de\\\/news\\\/erlebe-das-revolutionaere-apple-vision-pro-headset-und-visionos#breadcrumb\"},\"inLanguage\":\"en-US\",\"potentialAction\":[{\"@type\":\"ReadAction\",\"target\":[\"https:\\\/\\\/www.apfelpatient.de\\\/news\\\/erlebe-das-revolutionaere-apple-vision-pro-headset-und-visionos\"]}]},{\"@type\":\"ImageObject\",\"inLanguage\":\"en-US\",\"@id\":\"https:\\\/\\\/www.apfelpatient.de\\\/news\\\/erlebe-das-revolutionaere-apple-vision-pro-headset-und-visionos#primaryimage\",\"url\":\"https:\\\/\\\/www.apfelpatient.de\\\/wp-content\\\/uploads\\\/2023\\\/06\\\/Apple-WWCD23-Vision-Pro-glass-230605.jpg\",\"contentUrl\":\"https:\\\/\\\/www.apfelpatient.de\\\/wp-content\\\/uploads\\\/2023\\\/06\\\/Apple-WWCD23-Vision-Pro-glass-230605.jpg\",\"width\":1600,\"height\":900,\"caption\":\"Bild: Apple - Apple Vision Pro\"},{\"@type\":\"BreadcrumbList\",\"@id\":\"https:\\\/\\\/www.apfelpatient.de\\\/news\\\/erlebe-das-revolutionaere-apple-vision-pro-headset-und-visionos#breadcrumb\",\"itemListElement\":[{\"@type\":\"ListItem\",\"position\":1,\"name\":\"Startseite\",\"item\":\"https:\\\/\\\/www.apfelpatient.de\\\/\"},{\"@type\":\"ListItem\",\"position\":2,\"name\":\"Erlebe das revolution\u00e4re Apple Vision Pro Headset und visionOS\"}]},{\"@type\":\"WebSite\",\"@id\":\"https:\\\/\\\/www.apfelpatient.de\\\/#website\",\"url\":\"https:\\\/\\\/www.apfelpatient.de\\\/\",\"name\":\"Apfelpatient\",\"description\":\"Alles rund um Apple!\",\"publisher\":{\"@type\":\"Organization\",\"@id\":\"https:\\\/\\\/www.apfelpatient.de\\\/en\\\/#organization\",\"name\":\"Apfelpatient\",\"url\":\"https:\\\/\\\/www.apfelpatient.de\\\/en\\\/\"},\"alternateName\":\"Apfelpatient\",\"potentialAction\":[{\"@type\":\"SearchAction\",\"target\":{\"@type\":\"EntryPoint\",\"urlTemplate\":\"https:\\\/\\\/www.apfelpatient.de\\\/?s={search_term_string}\"},\"query-input\":{\"@type\":\"PropertyValueSpecification\",\"valueRequired\":true,\"valueName\":\"search_term_string\"}}],\"inLanguage\":\"en-US\"},{\"@type\":[\"Person\",\"Organization\"],\"@id\":\"https:\\\/\\\/www.apfelpatient.de\\\/#\\\/schema\\\/person\\\/7dc56ad6c8e9824b76d2c08d4c140e13\",\"name\":\"Milan\",\"logo\":{\"@id\":\"https:\\\/\\\/www.apfelpatient.de\\\/#\\\/schema\\\/person\\\/image\\\/\"},\"description\":\"Hallo und herzlich willkommen auf meinem Technik-Blog! Als gro\u00dfer Apple-Fan berichte ich hier \u00fcber alles, was mit Apple zu tun hat: von den neuesten News und spannenden Ger\u00fcchten \u00fcber hilfreiche Tipps und Tricks bis hin zu ausf\u00fchrlichen Produkttests. Wenn du genauso technikbegeistert bist wie ich, bist du hier genau richtig!\",\"sameAs\":[\"https:\\\/\\\/www.facebook.com\\\/apfelpatientOfficial\",\"https:\\\/\\\/www.linkedin.com\\\/in\\\/milan-jovicic-42aa0231b\"],\"url\":\"https:\\\/\\\/www.apfelpatient.de\\\/en\\\/author\\\/apfeladmin\"}]}<\/script>\n<!-- \/ Yoast SEO Premium plugin. -->","yoast_head_json":{"title":"Experience revolutionary Apple Vision Pro Headset and visionOS","description":"Experience the fusion of digital and physical worlds with the Apple Vision Pro headset. Immerse yourself in immersive VR and AR experiences.","robots":{"index":"index","follow":"follow","max-snippet":"max-snippet:-1","max-image-preview":"max-image-preview:large","max-video-preview":"max-video-preview:-1"},"canonical":"https:\/\/www.apfelpatient.de\/en\/news\/experience-the-revolutionary-apple-vision-pro-headset-and-visionos","og_locale":"en_US","og_type":"article","og_title":"Erlebe das revolution\u00e4re Apple Vision Pro Headset und visionOS","og_description":"Erlebe die Verschmelzung von digitalen und physischen Welten mit dem Apple Vision Pro Headset. Tauche ein in immersive VR- und AR-Erlebnisse.","og_url":"https:\/\/www.apfelpatient.de\/en\/news\/experience-the-revolutionary-apple-vision-pro-headset-and-visionos","og_site_name":"Apfelpatient","article_publisher":"https:\/\/www.facebook.com\/apfelpatientOfficial","article_author":"https:\/\/www.facebook.com\/apfelpatientOfficial","article_published_time":"2023-06-05T19:46:27+00:00","article_modified_time":"2024-05-14T08:34:30+00:00","og_image":[{"width":1600,"height":900,"url":"https:\/\/www.apfelpatient.de\/wp-content\/uploads\/2023\/06\/Apple-WWCD23-Vision-Pro-glass-230605.jpg","type":"image\/jpeg"}],"author":"Milan","twitter_card":"summary_large_image","twitter_description":"Erlebe die Verschmelzung von digitalen und physischen Welten mit dem Apple Vision Pro Headset. Tauche ein in immersive VR- und AR-Erlebnisse.","twitter_misc":{"Written by":"Milan","Est. reading time":"4 minutes"},"schema":{"@context":"https:\/\/schema.org","@graph":[{"@type":"NewsArticle","@id":"https:\/\/www.apfelpatient.de\/news\/erlebe-das-revolutionaere-apple-vision-pro-headset-und-visionos#article","isPartOf":{"@id":"https:\/\/www.apfelpatient.de\/news\/erlebe-das-revolutionaere-apple-vision-pro-headset-und-visionos"},"author":{"@type":"Organization","@id":"https:\/\/www.apfelpatient.de\/en\/#organization","name":"Apfelpatient","url":"https:\/\/www.apfelpatient.de\/en\/"},"headline":"Erlebe das revolution\u00e4re Apple Vision Pro Headset und visionOS","datePublished":"2023-06-05T19:46:27+00:00","dateModified":"2024-05-14T08:34:30+00:00","mainEntityOfPage":{"@id":"https:\/\/www.apfelpatient.de\/news\/erlebe-das-revolutionaere-apple-vision-pro-headset-und-visionos"},"wordCount":448,"publisher":{"@type":"Organization","@id":"https:\/\/www.apfelpatient.de\/en\/#organization","name":"Apfelpatient","url":"https:\/\/www.apfelpatient.de\/en\/"},"image":{"@id":"https:\/\/www.apfelpatient.de\/news\/erlebe-das-revolutionaere-apple-vision-pro-headset-und-visionos#primaryimage"},"thumbnailUrl":"https:\/\/www.apfelpatient.de\/wp-content\/uploads\/2023\/06\/Apple-WWCD23-Vision-Pro-glass-230605.jpg","keywords":["Apple Vision Pro","Apple VR\/AR","visionOS"],"articleSection":"News","inLanguage":"en-US","copyrightYear":"2023","copyrightHolder":{"@id":"https:\/\/www.apfelpatient.de\/en\/#organization"}},{"@type":"WebPage","@id":"https:\/\/www.apfelpatient.de\/news\/erlebe-das-revolutionaere-apple-vision-pro-headset-und-visionos","url":"https:\/\/www.apfelpatient.de\/news\/erlebe-das-revolutionaere-apple-vision-pro-headset-und-visionos","name":"Experience revolutionary Apple Vision Pro Headset and visionOS","isPartOf":{"@id":"https:\/\/www.apfelpatient.de\/#website"},"primaryImageOfPage":{"@id":"https:\/\/www.apfelpatient.de\/news\/erlebe-das-revolutionaere-apple-vision-pro-headset-und-visionos#primaryimage"},"image":{"@id":"https:\/\/www.apfelpatient.de\/news\/erlebe-das-revolutionaere-apple-vision-pro-headset-und-visionos#primaryimage"},"thumbnailUrl":"https:\/\/www.apfelpatient.de\/wp-content\/uploads\/2023\/06\/Apple-WWCD23-Vision-Pro-glass-230605.jpg","datePublished":"2023-06-05T19:46:27+00:00","dateModified":"2024-05-14T08:34:30+00:00","description":"Experience the fusion of digital and physical worlds with the Apple Vision Pro headset. Immerse yourself in immersive VR and AR experiences.","breadcrumb":{"@id":"https:\/\/www.apfelpatient.de\/news\/erlebe-das-revolutionaere-apple-vision-pro-headset-und-visionos#breadcrumb"},"inLanguage":"en-US","potentialAction":[{"@type":"ReadAction","target":["https:\/\/www.apfelpatient.de\/news\/erlebe-das-revolutionaere-apple-vision-pro-headset-und-visionos"]}]},{"@type":"ImageObject","inLanguage":"en-US","@id":"https:\/\/www.apfelpatient.de\/news\/erlebe-das-revolutionaere-apple-vision-pro-headset-und-visionos#primaryimage","url":"https:\/\/www.apfelpatient.de\/wp-content\/uploads\/2023\/06\/Apple-WWCD23-Vision-Pro-glass-230605.jpg","contentUrl":"https:\/\/www.apfelpatient.de\/wp-content\/uploads\/2023\/06\/Apple-WWCD23-Vision-Pro-glass-230605.jpg","width":1600,"height":900,"caption":"Bild: Apple - Apple Vision Pro"},{"@type":"BreadcrumbList","@id":"https:\/\/www.apfelpatient.de\/news\/erlebe-das-revolutionaere-apple-vision-pro-headset-und-visionos#breadcrumb","itemListElement":[{"@type":"ListItem","position":1,"name":"Startseite","item":"https:\/\/www.apfelpatient.de\/"},{"@type":"ListItem","position":2,"name":"Erlebe das revolution\u00e4re Apple Vision Pro Headset und visionOS"}]},{"@type":"WebSite","@id":"https:\/\/www.apfelpatient.de\/#website","url":"https:\/\/www.apfelpatient.de\/","name":"apple patient","description":"Everything about Apple!","publisher":{"@type":"Organization","@id":"https:\/\/www.apfelpatient.de\/en\/#organization","name":"Apfelpatient","url":"https:\/\/www.apfelpatient.de\/en\/"},"alternateName":"Apfelpatient","potentialAction":[{"@type":"SearchAction","target":{"@type":"EntryPoint","urlTemplate":"https:\/\/www.apfelpatient.de\/?s={search_term_string}"},"query-input":{"@type":"PropertyValueSpecification","valueRequired":true,"valueName":"search_term_string"}}],"inLanguage":"en-US"},{"@type":["Person","Organization"],"@id":"https:\/\/www.apfelpatient.de\/#\/schema\/person\/7dc56ad6c8e9824b76d2c08d4c140e13","name":"Milan","logo":{"@id":"https:\/\/www.apfelpatient.de\/#\/schema\/person\/image\/"},"description":"Hello and welcome to my technology blog! As a big Apple fan, I report on everything to do with Apple: from the latest news and exciting rumors to helpful tips and tricks and detailed product tests. If you are as enthusiastic about technology as I am, you have come to the right place!","sameAs":["https:\/\/www.facebook.com\/apfelpatientOfficial","https:\/\/www.linkedin.com\/in\/milan-jovicic-42aa0231b"],"url":"https:\/\/www.apfelpatient.de\/en\/author\/apfeladmin"}]}},"_links":{"self":[{"href":"https:\/\/www.apfelpatient.de\/en\/wp-json\/wp\/v2\/posts\/38970","targetHints":{"allow":["GET"]}}],"collection":[{"href":"https:\/\/www.apfelpatient.de\/en\/wp-json\/wp\/v2\/posts"}],"about":[{"href":"https:\/\/www.apfelpatient.de\/en\/wp-json\/wp\/v2\/types\/post"}],"author":[{"embeddable":true,"href":"https:\/\/www.apfelpatient.de\/en\/wp-json\/wp\/v2\/users\/2"}],"replies":[{"embeddable":true,"href":"https:\/\/www.apfelpatient.de\/en\/wp-json\/wp\/v2\/comments?post=38970"}],"version-history":[{"count":0,"href":"https:\/\/www.apfelpatient.de\/en\/wp-json\/wp\/v2\/posts\/38970\/revisions"}],"wp:featuredmedia":[{"embeddable":true,"href":"https:\/\/www.apfelpatient.de\/en\/wp-json\/wp\/v2\/media\/38963"}],"wp:attachment":[{"href":"https:\/\/www.apfelpatient.de\/en\/wp-json\/wp\/v2\/media?parent=38970"}],"wp:term":[{"taxonomy":"category","embeddable":true,"href":"https:\/\/www.apfelpatient.de\/en\/wp-json\/wp\/v2\/categories?post=38970"},{"taxonomy":"post_tag","embeddable":true,"href":"https:\/\/www.apfelpatient.de\/en\/wp-json\/wp\/v2\/tags?post=38970"}],"curies":[{"name":"wp","href":"https:\/\/api.w.org\/{rel}","templated":true}]}}