{"id":3889,"date":"2019-03-26T16:09:58","date_gmt":"2019-03-26T15:09:58","guid":{"rendered":"https:\/\/www.apfelpatient.de\/?p=3889"},"modified":"2025-02-06T07:28:01","modified_gmt":"2025-02-06T06:28:01","slug":"apple-card-germany-launch-could-come-sooner","status":"publish","type":"post","link":"https:\/\/www.apfelpatient.de\/en\/news\/apple-card-deutschland-start-koennte-frueher-kommen","title":{"rendered":"Apple Card: Germany launch could come sooner"},"content":{"rendered":"<p><strong>During the \u201cIt\u2019s show time\u201d keynote, Apple introduced several new services. A credit card was also officially presented.<\/strong><\/p>\n<p>The new payment method is called Apple Card and is being developed in collaboration with Goldman Sachs. Cupertino wants to bring a particularly secure credit card to the market with Apple Card. The promise: Apple has no insight into users&#039; purchases. In addition, the credit card number itself is not transmitted - when a purchase is started, a unique code is transmitted. This is generated anew with each purchase. But what&#039;s the catch?<\/p>\n<p><strong>Germany is an important market<\/strong><\/p>\n<p>The catch is availability. The card will initially only be available in the USA. The physical version will be made of titanium and will be available in the summer.<\/p>\n<p class=\"p1\"><\/p>\n<p>There was no comment on when other countries will be able to benefit from the new card. Unlike Apple, the investment bank Goldman Sachs was more talkative. Goldman Sachs International CEO Richard Gnodde revealed more details in an interview with CNBC. With regard to the Apple Card, Europe, especially Germany, is an interesting and important market. A rapid expansion after the market launch is therefore certain. After the USA, Germany is to be the next target. In addition to Germany, Great Britain is also set to benefit from the new credit card much sooner. If Gnodde is to be believed, the <a href=\"https:\/\/www.apfelpatient.de\/en\">Apple Card<\/a> come to Germany earlier than expected \u2013 of course he did not give a specific date.<\/p>\n<h6><a href=\"https:\/\/t.me\/apfelpatient_official\"><em><strong>Don&#039;t want to miss any more news? Then subscribe to our Telegram channel here<\/strong><\/em><\/a><\/h6>","protected":false},"excerpt":{"rendered":"<p>Im Zuge der &#8222;Its show time&#8220; Keynote stellte Apple mehrere neue Dienste vor. Auch eine Kreditkarte wurde offiziell pr\u00e4sentiert. Das neue Zahlungsmittel hei\u00dft Apple Card und wird in Zusammenarbeit mit Goldman Sachs realisiert. Cupertino m\u00f6chte mit Apple Card eine besonders sichere Kreditkarte auf den Markt bringen. Das Versprechen: Apple hat keine Einsicht auf die K\u00e4ufe [&hellip;]<\/p>\n","protected":false},"author":2,"featured_media":3890,"comment_status":"closed","ping_status":"open","sticky":false,"template":"","format":"standard","meta":{"jnews-multi-image_gallery":[],"jnews_single_post":[],"jnews_primary_category":[],"footnotes":""},"categories":[9],"tags":[244,34,245],"class_list":["post-3889","post","type-post","status-publish","format-standard","has-post-thumbnail","hentry","category-news","tag-apple-card","tag-apple-dienste","tag-kreditkarte"],"yoast_head":"<!-- This site is optimized with the Yoast SEO Premium plugin v27.5 (Yoast SEO v27.5) - https:\/\/yoast.com\/product\/yoast-seo-premium-wordpress\/ -->\n<title>Apple Card: Deutschland-Start k\u00f6nnte fr\u00fcher kommen Apfelpatient<\/title>\n<meta name=\"description\" content=\"- Im Zuge der &quot;Its show time&quot; Keynote stellte Apple mehrere neue Dienste vor. Auch eine Kreditkarte wurde offiziell pr\u00e4sentiert.\" \/>\n<meta name=\"robots\" content=\"index, follow, max-snippet:-1, max-image-preview:large, max-video-preview:-1\" \/>\n<link rel=\"canonical\" href=\"https:\/\/www.apfelpatient.de\/en\/news\/apple-card-germany-launch-could-come-sooner\" \/>\n<meta property=\"og:locale\" content=\"en_US\" \/>\n<meta property=\"og:type\" content=\"article\" \/>\n<meta property=\"og:title\" content=\"Apple Card: Deutschland-Start k\u00f6nnte fr\u00fcher kommen\" \/>\n<meta property=\"og:description\" content=\"- Im Zuge der &quot;Its show time&quot; Keynote stellte Apple mehrere neue Dienste vor. Auch eine Kreditkarte wurde offiziell pr\u00e4sentiert.\" \/>\n<meta property=\"og:url\" content=\"https:\/\/www.apfelpatient.de\/en\/news\/apple-card-germany-launch-could-come-sooner\" \/>\n<meta property=\"og:site_name\" content=\"Apfelpatient\" \/>\n<meta property=\"article:publisher\" content=\"https:\/\/www.facebook.com\/apfelpatientOfficial\" \/>\n<meta property=\"article:author\" content=\"https:\/\/www.facebook.com\/apfelpatientOfficial\" \/>\n<meta property=\"article:published_time\" content=\"2019-03-26T15:09:58+00:00\" \/>\n<meta property=\"article:modified_time\" content=\"2025-02-06T06:28:01+00:00\" \/>\n<meta property=\"og:image\" content=\"https:\/\/www.apfelpatient.de\/wp-content\/uploads\/2019\/03\/Apples-keynote-event_Jennifer_Bailey_introduces_apple_card-03252019.jpg\" \/>\n\t<meta property=\"og:image:width\" content=\"1632\" \/>\n\t<meta property=\"og:image:height\" content=\"1114\" \/>\n\t<meta property=\"og:image:type\" content=\"image\/jpeg\" \/>\n<meta name=\"author\" content=\"Milan\" \/>\n<meta name=\"twitter:card\" content=\"summary_large_image\" \/>\n<meta name=\"twitter:label1\" content=\"Written by\" \/>\n\t<meta name=\"twitter:data1\" content=\"Milan\" \/>\n\t<meta name=\"twitter:label2\" content=\"Est. reading time\" \/>\n\t<meta name=\"twitter:data2\" content=\"1 minute\" \/>\n<script type=\"application\/ld+json\" class=\"yoast-schema-graph\">{\"@context\":\"https:\\\/\\\/schema.org\",\"@graph\":[{\"@type\":\"NewsArticle\",\"@id\":\"https:\\\/\\\/www.apfelpatient.de\\\/news\\\/apple-card-deutschland-start-koennte-frueher-kommen#article\",\"isPartOf\":{\"@id\":\"https:\\\/\\\/www.apfelpatient.de\\\/news\\\/apple-card-deutschland-start-koennte-frueher-kommen\"},\"author\":{\"@type\":\"Organization\",\"@id\":\"https:\\\/\\\/www.apfelpatient.de\\\/en\\\/#organization\",\"name\":\"Apfelpatient\",\"url\":\"https:\\\/\\\/www.apfelpatient.de\\\/en\\\/\"},\"headline\":\"Apple Card: Deutschland-Start k\u00f6nnte fr\u00fcher kommen\",\"datePublished\":\"2019-03-26T15:09:58+00:00\",\"dateModified\":\"2025-02-06T06:28:01+00:00\",\"mainEntityOfPage\":{\"@id\":\"https:\\\/\\\/www.apfelpatient.de\\\/news\\\/apple-card-deutschland-start-koennte-frueher-kommen\"},\"wordCount\":262,\"publisher\":{\"@type\":\"Organization\",\"@id\":\"https:\\\/\\\/www.apfelpatient.de\\\/en\\\/#organization\",\"name\":\"Apfelpatient\",\"url\":\"https:\\\/\\\/www.apfelpatient.de\\\/en\\\/\"},\"image\":{\"@id\":\"https:\\\/\\\/www.apfelpatient.de\\\/news\\\/apple-card-deutschland-start-koennte-frueher-kommen#primaryimage\"},\"thumbnailUrl\":\"https:\\\/\\\/www.apfelpatient.de\\\/wp-content\\\/uploads\\\/2019\\\/03\\\/Apples-keynote-event_Jennifer_Bailey_introduces_apple_card-03252019.jpg\",\"keywords\":[\"Apple Card\",\"Apple Dienste\",\"Kreditkarte\"],\"articleSection\":\"News\",\"inLanguage\":\"en-US\",\"copyrightYear\":\"2019\",\"copyrightHolder\":{\"@id\":\"https:\\\/\\\/www.apfelpatient.de\\\/en\\\/#organization\"}},{\"@type\":\"WebPage\",\"@id\":\"https:\\\/\\\/www.apfelpatient.de\\\/news\\\/apple-card-deutschland-start-koennte-frueher-kommen\",\"url\":\"https:\\\/\\\/www.apfelpatient.de\\\/news\\\/apple-card-deutschland-start-koennte-frueher-kommen\",\"name\":\"Apple Card: Deutschland-Start k\u00f6nnte fr\u00fcher kommen Apfelpatient\",\"isPartOf\":{\"@id\":\"https:\\\/\\\/www.apfelpatient.de\\\/#website\"},\"primaryImageOfPage\":{\"@id\":\"https:\\\/\\\/www.apfelpatient.de\\\/news\\\/apple-card-deutschland-start-koennte-frueher-kommen#primaryimage\"},\"image\":{\"@id\":\"https:\\\/\\\/www.apfelpatient.de\\\/news\\\/apple-card-deutschland-start-koennte-frueher-kommen#primaryimage\"},\"thumbnailUrl\":\"https:\\\/\\\/www.apfelpatient.de\\\/wp-content\\\/uploads\\\/2019\\\/03\\\/Apples-keynote-event_Jennifer_Bailey_introduces_apple_card-03252019.jpg\",\"datePublished\":\"2019-03-26T15:09:58+00:00\",\"dateModified\":\"2025-02-06T06:28:01+00:00\",\"description\":\"- Im Zuge der \\\"Its show time\\\" Keynote stellte Apple mehrere neue Dienste vor. Auch eine Kreditkarte wurde offiziell pr\u00e4sentiert.\",\"breadcrumb\":{\"@id\":\"https:\\\/\\\/www.apfelpatient.de\\\/news\\\/apple-card-deutschland-start-koennte-frueher-kommen#breadcrumb\"},\"inLanguage\":\"en-US\",\"potentialAction\":[{\"@type\":\"ReadAction\",\"target\":[\"https:\\\/\\\/www.apfelpatient.de\\\/news\\\/apple-card-deutschland-start-koennte-frueher-kommen\"]}]},{\"@type\":\"ImageObject\",\"inLanguage\":\"en-US\",\"@id\":\"https:\\\/\\\/www.apfelpatient.de\\\/news\\\/apple-card-deutschland-start-koennte-frueher-kommen#primaryimage\",\"url\":\"https:\\\/\\\/www.apfelpatient.de\\\/wp-content\\\/uploads\\\/2019\\\/03\\\/Apples-keynote-event_Jennifer_Bailey_introduces_apple_card-03252019.jpg\",\"contentUrl\":\"https:\\\/\\\/www.apfelpatient.de\\\/wp-content\\\/uploads\\\/2019\\\/03\\\/Apples-keynote-event_Jennifer_Bailey_introduces_apple_card-03252019.jpg\",\"width\":1632,\"height\":1114,\"caption\":\"Bild: Apple\"},{\"@type\":\"BreadcrumbList\",\"@id\":\"https:\\\/\\\/www.apfelpatient.de\\\/news\\\/apple-card-deutschland-start-koennte-frueher-kommen#breadcrumb\",\"itemListElement\":[{\"@type\":\"ListItem\",\"position\":1,\"name\":\"Startseite\",\"item\":\"https:\\\/\\\/www.apfelpatient.de\\\/\"},{\"@type\":\"ListItem\",\"position\":2,\"name\":\"Apple Card: Deutschland-Start k\u00f6nnte fr\u00fcher kommen\"}]},{\"@type\":\"WebSite\",\"@id\":\"https:\\\/\\\/www.apfelpatient.de\\\/#website\",\"url\":\"https:\\\/\\\/www.apfelpatient.de\\\/\",\"name\":\"Apfelpatient\",\"description\":\"Alles rund um Apple!\",\"publisher\":{\"@type\":\"Organization\",\"@id\":\"https:\\\/\\\/www.apfelpatient.de\\\/en\\\/#organization\",\"name\":\"Apfelpatient\",\"url\":\"https:\\\/\\\/www.apfelpatient.de\\\/en\\\/\"},\"alternateName\":\"Apfelpatient\",\"potentialAction\":[{\"@type\":\"SearchAction\",\"target\":{\"@type\":\"EntryPoint\",\"urlTemplate\":\"https:\\\/\\\/www.apfelpatient.de\\\/?s={search_term_string}\"},\"query-input\":{\"@type\":\"PropertyValueSpecification\",\"valueRequired\":true,\"valueName\":\"search_term_string\"}}],\"inLanguage\":\"en-US\"},{\"@type\":[\"Person\",\"Organization\"],\"@id\":\"https:\\\/\\\/www.apfelpatient.de\\\/#\\\/schema\\\/person\\\/7dc56ad6c8e9824b76d2c08d4c140e13\",\"name\":\"Milan\",\"logo\":{\"@id\":\"https:\\\/\\\/www.apfelpatient.de\\\/#\\\/schema\\\/person\\\/image\\\/\"},\"description\":\"Hallo und herzlich willkommen auf meinem Technik-Blog! Als gro\u00dfer Apple-Fan berichte ich hier \u00fcber alles, was mit Apple zu tun hat: von den neuesten News und spannenden Ger\u00fcchten \u00fcber hilfreiche Tipps und Tricks bis hin zu ausf\u00fchrlichen Produkttests. Wenn du genauso technikbegeistert bist wie ich, bist du hier genau richtig!\",\"sameAs\":[\"https:\\\/\\\/www.facebook.com\\\/apfelpatientOfficial\",\"https:\\\/\\\/www.linkedin.com\\\/in\\\/milan-jovicic-42aa0231b\"],\"url\":\"https:\\\/\\\/www.apfelpatient.de\\\/en\\\/author\\\/apfeladmin\"}]}<\/script>\n<!-- \/ Yoast SEO Premium plugin. -->","yoast_head_json":{"title":"Apple Card: Germany launch could come sooner Apfelpatient","description":"- During the &quot;It&#039;s show time&quot; keynote, Apple introduced several new services. A credit card was also officially presented.","robots":{"index":"index","follow":"follow","max-snippet":"max-snippet:-1","max-image-preview":"max-image-preview:large","max-video-preview":"max-video-preview:-1"},"canonical":"https:\/\/www.apfelpatient.de\/en\/news\/apple-card-germany-launch-could-come-sooner","og_locale":"en_US","og_type":"article","og_title":"Apple Card: Deutschland-Start k\u00f6nnte fr\u00fcher kommen","og_description":"- Im Zuge der \"Its show time\" Keynote stellte Apple mehrere neue Dienste vor. Auch eine Kreditkarte wurde offiziell pr\u00e4sentiert.","og_url":"https:\/\/www.apfelpatient.de\/en\/news\/apple-card-germany-launch-could-come-sooner","og_site_name":"Apfelpatient","article_publisher":"https:\/\/www.facebook.com\/apfelpatientOfficial","article_author":"https:\/\/www.facebook.com\/apfelpatientOfficial","article_published_time":"2019-03-26T15:09:58+00:00","article_modified_time":"2025-02-06T06:28:01+00:00","og_image":[{"width":1632,"height":1114,"url":"https:\/\/www.apfelpatient.de\/wp-content\/uploads\/2019\/03\/Apples-keynote-event_Jennifer_Bailey_introduces_apple_card-03252019.jpg","type":"image\/jpeg"}],"author":"Milan","twitter_card":"summary_large_image","twitter_misc":{"Written by":"Milan","Est. reading time":"1 minute"},"schema":{"@context":"https:\/\/schema.org","@graph":[{"@type":"NewsArticle","@id":"https:\/\/www.apfelpatient.de\/news\/apple-card-deutschland-start-koennte-frueher-kommen#article","isPartOf":{"@id":"https:\/\/www.apfelpatient.de\/news\/apple-card-deutschland-start-koennte-frueher-kommen"},"author":{"@type":"Organization","@id":"https:\/\/www.apfelpatient.de\/en\/#organization","name":"Apfelpatient","url":"https:\/\/www.apfelpatient.de\/en\/"},"headline":"Apple Card: Deutschland-Start k\u00f6nnte fr\u00fcher kommen","datePublished":"2019-03-26T15:09:58+00:00","dateModified":"2025-02-06T06:28:01+00:00","mainEntityOfPage":{"@id":"https:\/\/www.apfelpatient.de\/news\/apple-card-deutschland-start-koennte-frueher-kommen"},"wordCount":262,"publisher":{"@type":"Organization","@id":"https:\/\/www.apfelpatient.de\/en\/#organization","name":"Apfelpatient","url":"https:\/\/www.apfelpatient.de\/en\/"},"image":{"@id":"https:\/\/www.apfelpatient.de\/news\/apple-card-deutschland-start-koennte-frueher-kommen#primaryimage"},"thumbnailUrl":"https:\/\/www.apfelpatient.de\/wp-content\/uploads\/2019\/03\/Apples-keynote-event_Jennifer_Bailey_introduces_apple_card-03252019.jpg","keywords":["Apple Card","Apple Dienste","Kreditkarte"],"articleSection":"News","inLanguage":"en-US","copyrightYear":"2019","copyrightHolder":{"@id":"https:\/\/www.apfelpatient.de\/en\/#organization"}},{"@type":"WebPage","@id":"https:\/\/www.apfelpatient.de\/news\/apple-card-deutschland-start-koennte-frueher-kommen","url":"https:\/\/www.apfelpatient.de\/news\/apple-card-deutschland-start-koennte-frueher-kommen","name":"Apple Card: Germany launch could come sooner Apfelpatient","isPartOf":{"@id":"https:\/\/www.apfelpatient.de\/#website"},"primaryImageOfPage":{"@id":"https:\/\/www.apfelpatient.de\/news\/apple-card-deutschland-start-koennte-frueher-kommen#primaryimage"},"image":{"@id":"https:\/\/www.apfelpatient.de\/news\/apple-card-deutschland-start-koennte-frueher-kommen#primaryimage"},"thumbnailUrl":"https:\/\/www.apfelpatient.de\/wp-content\/uploads\/2019\/03\/Apples-keynote-event_Jennifer_Bailey_introduces_apple_card-03252019.jpg","datePublished":"2019-03-26T15:09:58+00:00","dateModified":"2025-02-06T06:28:01+00:00","description":"- During the &quot;It&#039;s show time&quot; keynote, Apple introduced several new services. A credit card was also officially presented.","breadcrumb":{"@id":"https:\/\/www.apfelpatient.de\/news\/apple-card-deutschland-start-koennte-frueher-kommen#breadcrumb"},"inLanguage":"en-US","potentialAction":[{"@type":"ReadAction","target":["https:\/\/www.apfelpatient.de\/news\/apple-card-deutschland-start-koennte-frueher-kommen"]}]},{"@type":"ImageObject","inLanguage":"en-US","@id":"https:\/\/www.apfelpatient.de\/news\/apple-card-deutschland-start-koennte-frueher-kommen#primaryimage","url":"https:\/\/www.apfelpatient.de\/wp-content\/uploads\/2019\/03\/Apples-keynote-event_Jennifer_Bailey_introduces_apple_card-03252019.jpg","contentUrl":"https:\/\/www.apfelpatient.de\/wp-content\/uploads\/2019\/03\/Apples-keynote-event_Jennifer_Bailey_introduces_apple_card-03252019.jpg","width":1632,"height":1114,"caption":"Bild: Apple"},{"@type":"BreadcrumbList","@id":"https:\/\/www.apfelpatient.de\/news\/apple-card-deutschland-start-koennte-frueher-kommen#breadcrumb","itemListElement":[{"@type":"ListItem","position":1,"name":"Startseite","item":"https:\/\/www.apfelpatient.de\/"},{"@type":"ListItem","position":2,"name":"Apple Card: Deutschland-Start k\u00f6nnte fr\u00fcher kommen"}]},{"@type":"WebSite","@id":"https:\/\/www.apfelpatient.de\/#website","url":"https:\/\/www.apfelpatient.de\/","name":"apple patient","description":"Everything about Apple!","publisher":{"@type":"Organization","@id":"https:\/\/www.apfelpatient.de\/en\/#organization","name":"Apfelpatient","url":"https:\/\/www.apfelpatient.de\/en\/"},"alternateName":"Apfelpatient","potentialAction":[{"@type":"SearchAction","target":{"@type":"EntryPoint","urlTemplate":"https:\/\/www.apfelpatient.de\/?s={search_term_string}"},"query-input":{"@type":"PropertyValueSpecification","valueRequired":true,"valueName":"search_term_string"}}],"inLanguage":"en-US"},{"@type":["Person","Organization"],"@id":"https:\/\/www.apfelpatient.de\/#\/schema\/person\/7dc56ad6c8e9824b76d2c08d4c140e13","name":"Milan","logo":{"@id":"https:\/\/www.apfelpatient.de\/#\/schema\/person\/image\/"},"description":"Hello and welcome to my technology blog! As a big Apple fan, I report on everything to do with Apple: from the latest news and exciting rumors to helpful tips and tricks and detailed product tests. If you are as enthusiastic about technology as I am, you have come to the right place!","sameAs":["https:\/\/www.facebook.com\/apfelpatientOfficial","https:\/\/www.linkedin.com\/in\/milan-jovicic-42aa0231b"],"url":"https:\/\/www.apfelpatient.de\/en\/author\/apfeladmin"}]}},"_links":{"self":[{"href":"https:\/\/www.apfelpatient.de\/en\/wp-json\/wp\/v2\/posts\/3889","targetHints":{"allow":["GET"]}}],"collection":[{"href":"https:\/\/www.apfelpatient.de\/en\/wp-json\/wp\/v2\/posts"}],"about":[{"href":"https:\/\/www.apfelpatient.de\/en\/wp-json\/wp\/v2\/types\/post"}],"author":[{"embeddable":true,"href":"https:\/\/www.apfelpatient.de\/en\/wp-json\/wp\/v2\/users\/2"}],"replies":[{"embeddable":true,"href":"https:\/\/www.apfelpatient.de\/en\/wp-json\/wp\/v2\/comments?post=3889"}],"version-history":[{"count":0,"href":"https:\/\/www.apfelpatient.de\/en\/wp-json\/wp\/v2\/posts\/3889\/revisions"}],"wp:featuredmedia":[{"embeddable":true,"href":"https:\/\/www.apfelpatient.de\/en\/wp-json\/wp\/v2\/media\/3890"}],"wp:attachment":[{"href":"https:\/\/www.apfelpatient.de\/en\/wp-json\/wp\/v2\/media?parent=3889"}],"wp:term":[{"taxonomy":"category","embeddable":true,"href":"https:\/\/www.apfelpatient.de\/en\/wp-json\/wp\/v2\/categories?post=3889"},{"taxonomy":"post_tag","embeddable":true,"href":"https:\/\/www.apfelpatient.de\/en\/wp-json\/wp\/v2\/tags?post=3889"}],"curies":[{"name":"wp","href":"https:\/\/api.w.org\/{rel}","templated":true}]}}