{"id":38870,"date":"2023-06-01T13:31:36","date_gmt":"2023-06-01T11:31:36","guid":{"rendered":"https:\/\/www.apfelpatient.de\/?p=38870"},"modified":"2023-06-01T13:31:37","modified_gmt":"2023-06-01T11:31:37","slug":"wwdc-2023-rumors-about-macs-with-m2-ultra-m2-max-chips","status":"publish","type":"post","link":"https:\/\/www.apfelpatient.de\/en\/rumors\/wwdc-2023-geruechte-um-macs-mit-m2-ultra-m2-max-chips","title":{"rendered":"WWDC 2023: Rumors about Macs with M2 Ultra &amp; M2 Max chips"},"content":{"rendered":"<p class=\"has-drop-cap\"><strong>Apple&#039;s World Wide Developers Conference (WWDC) is just around the corner and the rumor mill is running wild. Desktop Macs in particular are in focus, as new models featuring the high-performance M2 Ultra and M2 Max chips could be unveiled, according to renowned Apple insider Mark Gurman of Bloomberg. This could represent a significant evolution for the Mac lineup and offer customers improved performance.<\/strong><\/p>\n\n\n\n<p>With the launch of the 14- and 16-inch MacBook Pro models in January this year, Apple presented the M2 Max chip to the world for the first time. Now it seems that the M2 Ultra chip, which would replace the previous M1 Ultra chip in the Mac Studio, is also about to be launched. This promises exciting developments for Apple&#039;s desktop Macs and is causing plenty of speculation. According to the <a href=\"https:\/\/www.bloomberg.com\/news\/articles\/2023-05-31\/apple-tests-new-high-end-mac-chips-ahead-of-developer-conference\" target=\"_blank\" rel=\"noreferrer noopener\">Information on<\/a> According to Gurman, Apple is currently testing two desktop Macs equipped with the new M2 Ultra and M2 Max chips. These machines are referred to internally as &quot;Mac 14.13&quot; and &quot;Mac 14.14,&quot; although it is unclear which model will use which chip.<\/p>\n\n\n\n<h3 class=\"wp-block-heading\" id=\"h-geruchte-um-macs-mit-m2-ultra-m2-max-chips-was-plant-apple\">Rumors about Macs with M2 Ultra &amp; M2 Max chips \u2013 What is Apple planning?<\/h3>\n\n\n\n<p>Previous rumors suggested that the updated Mac Pro could include the M2 Ultra chip, but current testing suggests that the desktop computers tested could be new versions of the Mac Studio. Apple is also believed to be working on new iMac models, but these are expected to feature M3 chips. Back in April, Gurman predicted that updated Mac Studio devices could be released in the near future, but stressed that it was unlikely that Apple would introduce a version of the Mac Studio with an M2 Ultra chip, as it would be on par with the future Mac Pro in terms of performance.<\/p>\n\n\n\n<figure class=\"wp-block-image size-large\"><img decoding=\"async\" width=\"1024\" height=\"576\" src=\"https:\/\/www.apfelpatient.de\/wp-content\/uploads\/2023\/01\/Apple-Mac-mini-Studio-Display-accessories-230117-1024x576.jpg\" alt=\"\" class=\"wp-image-36891\" srcset=\"https:\/\/www.apfelpatient.de\/wp-content\/uploads\/2023\/01\/Apple-Mac-mini-Studio-Display-accessories-230117-1024x576.jpg 1024w, https:\/\/www.apfelpatient.de\/wp-content\/uploads\/2023\/01\/Apple-Mac-mini-Studio-Display-accessories-230117-300x169.jpg 300w, https:\/\/www.apfelpatient.de\/wp-content\/uploads\/2023\/01\/Apple-Mac-mini-Studio-Display-accessories-230117-768x432.jpg 768w, https:\/\/www.apfelpatient.de\/wp-content\/uploads\/2023\/01\/Apple-Mac-mini-Studio-Display-accessories-230117-1536x864.jpg 1536w, https:\/\/www.apfelpatient.de\/wp-content\/uploads\/2023\/01\/Apple-Mac-mini-Studio-Display-accessories-230117-750x422.jpg 750w, https:\/\/www.apfelpatient.de\/wp-content\/uploads\/2023\/01\/Apple-Mac-mini-Studio-Display-accessories-230117-1140x641.jpg 1140w, https:\/\/www.apfelpatient.de\/wp-content\/uploads\/2023\/01\/Apple-Mac-mini-Studio-Display-accessories-230117.jpg 1600w\" sizes=\"(max-width: 1024px) 100vw, 1024px\" \/><figcaption class=\"wp-element-caption\">Image: Apple<\/figcaption><\/figure>\n\n\n\n<p>Customers would therefore have little incentive to choose a Mac Pro. The first test units used by Apple are equipped with an M2 Max chip, which has eight high-performance cores, four efficiency cores, a 30-core GPU and 96 GB of RAM. This chip corresponds to the model that is also used in the 16-inch MacBook Pro with M2 Max chip. The second test unit, on the other hand, has an M2 Ultra chip with a 24-core CPU (16 high-performance cores and 8 efficiency cores) and a 60-core GPU. Previously, rumors circulated that M2 Ultra chips could even have up to 76 cores. In addition, there are various configurations with RAM sizes of 64 GB, 128 GB and 192 GB.<\/p>\n\n\n\n<h3 class=\"wp-block-heading\">WWDC 2023: Suspense before the unveiling \u2013 rumors about new Macs<\/h3>\n\n\n\n\n\n\n\n<p>With Apple nearing WWDC and Mark Gurman hinting that multiple Macs could be unveiled at the event, it&#039;s quite possible that the new desktop Macs will be unveiled with the M2 Ultra and M2 Max chips. This would represent a significant evolution for the Mac lineup and offer users improved performance and efficiency. While the exact allocation of the chips to the various Mac models remains unclear, testing with the new M2 Ultra and M2 Max chips gives hope for exciting new features and innovations for Apple computers. It remains to be seen what other announcements and revelations WWDC 2023 will have in store for Mac users. (Photo by hadrian \/ Bigstockphoto)<\/p>\n\n\n\n<ul class=\"wp-block-list\">\n<li><a href=\"https:\/\/www.apfelpatient.de\/en\/generally\/ios-17-and-more-what-awaits-us-at-wwdc-2023\">iOS 17 and more: What to expect at WWDC 2023<\/a><\/li>\n<\/ul>\n\n\n\n<h6 class=\"wp-block-heading translation-block\" id=\"h-kennt-ihr-schon-unsere-amazon-storefront-dort-findet-ihr-eine-handverlesene-auswahl-von-diversen-produkten-f-r-euer-iphone-und-co-viel-spa-beim-st-bern\"><em>Have you already visited our Amazon Storefront? There you&#039;ll find a hand-picked selection of various products for your iPhone and other devices \u2013 <span class=\"has-inline-color has-vivid-red-color\"><a href=\"https:\/\/www.amazon.de\/shop\/apfelpatientofficial\" class=\"ek-link\" data-wpel-link=\"exclude\" rel=\"follow noopener\" target=\"_self\"><span style=\"text-decoration: underline\" class=\"ek-underline\">enjoy browsing<\/span><\/a> !<\/span><\/em><\/h6>\n\n\n\n<h6 class=\"wp-block-heading translation-block\" id=\"h-der-beitrag-enthalt-partnerlinks\">This post contains <a data-type=\"URL\" data-id=\"https:\/\/www.apfelpatient.de\/partnerprogramm\" href=\"https:\/\/www.apfelpatient.de\/en\/partner-program\" data-wpel-link=\"internal\" target=\"_self\">affiliate links<\/a>.<\/h6>","protected":false},"excerpt":{"rendered":"<p>WWDC 2023: New Macs with M2 Ultra &amp; M2 Max chips? Rumors promise a significant development for Apple computers!<\/p>","protected":false},"author":2,"featured_media":32635,"comment_status":"closed","ping_status":"closed","sticky":false,"template":"","format":"standard","meta":{"jnews-multi-image_gallery":[],"jnews_single_post":{"subtitle":"","format":"standard","video":"","gallery":"","source_name":"","source_url":"","via_name":"","via_url":"","override":[{"single_blog_custom":"","sidebar":"","second_sidebar":"","share_position":"","share_float_style":"","post_date_format":"","post_date_format_custom":"","post_reading_time_wpm":"","zoom_button_out_step":"1","zoom_button_in_step":"1","number_popup_post":"1"}],"image_override":[{"single_post_thumbnail_size":"","single_post_gallery_size":""}],"trending_post_position":"","trending_post_label":"","sponsored_post_label":"","sponsored_post_name":"","sponsored_post_url":"","sponsored_post_logo":"","sponsored_post_desc":""},"jnews_primary_category":{"id":"25"},"footnotes":""},"categories":[25],"tags":[40],"class_list":["post-38870","post","type-post","status-publish","format-standard","has-post-thumbnail","hentry","category-rumors","tag-mac"],"yoast_head":"<!-- This site is optimized with the Yoast SEO Premium plugin v27.5 (Yoast SEO v27.5) - https:\/\/yoast.com\/product\/yoast-seo-premium-wordpress\/ -->\n<title>WWDC 2023: Ger\u00fcchte um Macs mit M2 Ultra- &amp; M2 Max-Chips<\/title>\n<meta name=\"description\" content=\"WWDC 2023: Neue Macs mit M2 Ultra- &amp; M2 Max-Chips? Ger\u00fcchte versprechen eine bedeutende Weiterentwicklung f\u00fcr die Apple-Computer!\" \/>\n<meta name=\"robots\" content=\"index, follow, max-snippet:-1, max-image-preview:large, max-video-preview:-1\" \/>\n<link rel=\"canonical\" href=\"https:\/\/www.apfelpatient.de\/en\/rumors\/wwdc-2023-rumors-about-macs-with-m2-ultra-m2-max-chips\" \/>\n<meta property=\"og:locale\" content=\"en_US\" \/>\n<meta property=\"og:type\" content=\"article\" \/>\n<meta property=\"og:title\" content=\"WWDC 2023: Ger\u00fcchte um Macs mit M2 Ultra- &amp; M2 Max-Chips\" \/>\n<meta property=\"og:description\" content=\"WWDC 2023: Neue Macs mit M2 Ultra- &amp; M2 Max-Chips? Ger\u00fcchte versprechen eine bedeutende Weiterentwicklung f\u00fcr die Apple-Computer!\" \/>\n<meta property=\"og:url\" content=\"https:\/\/www.apfelpatient.de\/en\/rumors\/wwdc-2023-rumors-about-macs-with-m2-ultra-m2-max-chips\" \/>\n<meta property=\"og:site_name\" content=\"Apfelpatient\" \/>\n<meta property=\"article:publisher\" content=\"https:\/\/www.facebook.com\/apfelpatientOfficial\" \/>\n<meta property=\"article:author\" content=\"https:\/\/www.facebook.com\/apfelpatientOfficial\" \/>\n<meta property=\"article:published_time\" content=\"2023-06-01T11:31:36+00:00\" \/>\n<meta property=\"article:modified_time\" content=\"2023-06-01T11:31:37+00:00\" \/>\n<meta property=\"og:image\" content=\"https:\/\/www.apfelpatient.de\/wp-content\/uploads\/2022\/06\/bigstock-Paris-France-Sep-434629283.jpg\" \/>\n\t<meta property=\"og:image:width\" content=\"1600\" \/>\n\t<meta property=\"og:image:height\" content=\"1200\" \/>\n\t<meta property=\"og:image:type\" content=\"image\/jpeg\" \/>\n<meta name=\"author\" content=\"Milan\" \/>\n<meta name=\"twitter:card\" content=\"summary_large_image\" \/>\n<meta name=\"twitter:description\" content=\"WWDC 2023: Neue Macs mit M2 Ultra- &amp; M2 Max-Chips? Ger\u00fcchte versprechen eine bedeutende Weiterentwicklung f\u00fcr die Apple-Computer!\" \/>\n<meta name=\"twitter:label1\" content=\"Written by\" \/>\n\t<meta name=\"twitter:data1\" content=\"Milan\" \/>\n\t<meta name=\"twitter:label2\" content=\"Est. reading time\" \/>\n\t<meta name=\"twitter:data2\" content=\"4 minutes\" \/>\n<script type=\"application\/ld+json\" class=\"yoast-schema-graph\">{\"@context\":\"https:\\\/\\\/schema.org\",\"@graph\":[{\"@type\":\"NewsArticle\",\"@id\":\"https:\\\/\\\/www.apfelpatient.de\\\/rumors\\\/wwdc-2023-geruechte-um-macs-mit-m2-ultra-m2-max-chips#article\",\"isPartOf\":{\"@id\":\"https:\\\/\\\/www.apfelpatient.de\\\/rumors\\\/wwdc-2023-geruechte-um-macs-mit-m2-ultra-m2-max-chips\"},\"author\":{\"@type\":\"Organization\",\"@id\":\"https:\\\/\\\/www.apfelpatient.de\\\/en\\\/#organization\",\"name\":\"Apfelpatient\",\"url\":\"https:\\\/\\\/www.apfelpatient.de\\\/en\\\/\"},\"headline\":\"WWDC 2023: Ger\u00fcchte um Macs mit M2 Ultra- &#038; M2 Max-Chips\",\"datePublished\":\"2023-06-01T11:31:36+00:00\",\"dateModified\":\"2023-06-01T11:31:37+00:00\",\"mainEntityOfPage\":{\"@id\":\"https:\\\/\\\/www.apfelpatient.de\\\/rumors\\\/wwdc-2023-geruechte-um-macs-mit-m2-ultra-m2-max-chips\"},\"wordCount\":559,\"publisher\":{\"@type\":\"Organization\",\"@id\":\"https:\\\/\\\/www.apfelpatient.de\\\/en\\\/#organization\",\"name\":\"Apfelpatient\",\"url\":\"https:\\\/\\\/www.apfelpatient.de\\\/en\\\/\"},\"image\":{\"@id\":\"https:\\\/\\\/www.apfelpatient.de\\\/rumors\\\/wwdc-2023-geruechte-um-macs-mit-m2-ultra-m2-max-chips#primaryimage\"},\"thumbnailUrl\":\"https:\\\/\\\/www.apfelpatient.de\\\/wp-content\\\/uploads\\\/2022\\\/06\\\/bigstock-Paris-France-Sep-434629283.jpg\",\"keywords\":[\"Mac\"],\"articleSection\":\"Rumors\",\"inLanguage\":\"en-US\",\"copyrightYear\":\"2023\",\"copyrightHolder\":{\"@id\":\"https:\\\/\\\/www.apfelpatient.de\\\/en\\\/#organization\"}},{\"@type\":\"WebPage\",\"@id\":\"https:\\\/\\\/www.apfelpatient.de\\\/rumors\\\/wwdc-2023-geruechte-um-macs-mit-m2-ultra-m2-max-chips\",\"url\":\"https:\\\/\\\/www.apfelpatient.de\\\/rumors\\\/wwdc-2023-geruechte-um-macs-mit-m2-ultra-m2-max-chips\",\"name\":\"WWDC 2023: Ger\u00fcchte um Macs mit M2 Ultra- & M2 Max-Chips\",\"isPartOf\":{\"@id\":\"https:\\\/\\\/www.apfelpatient.de\\\/#website\"},\"primaryImageOfPage\":{\"@id\":\"https:\\\/\\\/www.apfelpatient.de\\\/rumors\\\/wwdc-2023-geruechte-um-macs-mit-m2-ultra-m2-max-chips#primaryimage\"},\"image\":{\"@id\":\"https:\\\/\\\/www.apfelpatient.de\\\/rumors\\\/wwdc-2023-geruechte-um-macs-mit-m2-ultra-m2-max-chips#primaryimage\"},\"thumbnailUrl\":\"https:\\\/\\\/www.apfelpatient.de\\\/wp-content\\\/uploads\\\/2022\\\/06\\\/bigstock-Paris-France-Sep-434629283.jpg\",\"datePublished\":\"2023-06-01T11:31:36+00:00\",\"dateModified\":\"2023-06-01T11:31:37+00:00\",\"description\":\"WWDC 2023: Neue Macs mit M2 Ultra- & M2 Max-Chips? Ger\u00fcchte versprechen eine bedeutende Weiterentwicklung f\u00fcr die Apple-Computer!\",\"breadcrumb\":{\"@id\":\"https:\\\/\\\/www.apfelpatient.de\\\/rumors\\\/wwdc-2023-geruechte-um-macs-mit-m2-ultra-m2-max-chips#breadcrumb\"},\"inLanguage\":\"en-US\",\"potentialAction\":[{\"@type\":\"ReadAction\",\"target\":[\"https:\\\/\\\/www.apfelpatient.de\\\/rumors\\\/wwdc-2023-geruechte-um-macs-mit-m2-ultra-m2-max-chips\"]}]},{\"@type\":\"ImageObject\",\"inLanguage\":\"en-US\",\"@id\":\"https:\\\/\\\/www.apfelpatient.de\\\/rumors\\\/wwdc-2023-geruechte-um-macs-mit-m2-ultra-m2-max-chips#primaryimage\",\"url\":\"https:\\\/\\\/www.apfelpatient.de\\\/wp-content\\\/uploads\\\/2022\\\/06\\\/bigstock-Paris-France-Sep-434629283.jpg\",\"contentUrl\":\"https:\\\/\\\/www.apfelpatient.de\\\/wp-content\\\/uploads\\\/2022\\\/06\\\/bigstock-Paris-France-Sep-434629283.jpg\",\"width\":1600,\"height\":1200,\"caption\":\"Paris, France - Sep 24, 2021: New Apple Computers Mac Pro Xeon M2 workstation air ducts holes - close-up macro with Apple Store in background\"},{\"@type\":\"BreadcrumbList\",\"@id\":\"https:\\\/\\\/www.apfelpatient.de\\\/rumors\\\/wwdc-2023-geruechte-um-macs-mit-m2-ultra-m2-max-chips#breadcrumb\",\"itemListElement\":[{\"@type\":\"ListItem\",\"position\":1,\"name\":\"Startseite\",\"item\":\"https:\\\/\\\/www.apfelpatient.de\\\/\"},{\"@type\":\"ListItem\",\"position\":2,\"name\":\"WWDC 2023: Ger\u00fcchte um Macs mit M2 Ultra- &#038; M2 Max-Chips\"}]},{\"@type\":\"WebSite\",\"@id\":\"https:\\\/\\\/www.apfelpatient.de\\\/#website\",\"url\":\"https:\\\/\\\/www.apfelpatient.de\\\/\",\"name\":\"Apfelpatient\",\"description\":\"Alles rund um Apple!\",\"publisher\":{\"@type\":\"Organization\",\"@id\":\"https:\\\/\\\/www.apfelpatient.de\\\/en\\\/#organization\",\"name\":\"Apfelpatient\",\"url\":\"https:\\\/\\\/www.apfelpatient.de\\\/en\\\/\"},\"alternateName\":\"Apfelpatient\",\"potentialAction\":[{\"@type\":\"SearchAction\",\"target\":{\"@type\":\"EntryPoint\",\"urlTemplate\":\"https:\\\/\\\/www.apfelpatient.de\\\/?s={search_term_string}\"},\"query-input\":{\"@type\":\"PropertyValueSpecification\",\"valueRequired\":true,\"valueName\":\"search_term_string\"}}],\"inLanguage\":\"en-US\"},{\"@type\":[\"Person\",\"Organization\"],\"@id\":\"https:\\\/\\\/www.apfelpatient.de\\\/#\\\/schema\\\/person\\\/7dc56ad6c8e9824b76d2c08d4c140e13\",\"name\":\"Milan\",\"logo\":{\"@id\":\"https:\\\/\\\/www.apfelpatient.de\\\/#\\\/schema\\\/person\\\/image\\\/\"},\"description\":\"Hallo und herzlich willkommen auf meinem Technik-Blog! Als gro\u00dfer Apple-Fan berichte ich hier \u00fcber alles, was mit Apple zu tun hat: von den neuesten News und spannenden Ger\u00fcchten \u00fcber hilfreiche Tipps und Tricks bis hin zu ausf\u00fchrlichen Produkttests. Wenn du genauso technikbegeistert bist wie ich, bist du hier genau richtig!\",\"sameAs\":[\"https:\\\/\\\/www.facebook.com\\\/apfelpatientOfficial\",\"https:\\\/\\\/www.linkedin.com\\\/in\\\/milan-jovicic-42aa0231b\"],\"url\":\"https:\\\/\\\/www.apfelpatient.de\\\/en\\\/author\\\/apfeladmin\"}]}<\/script>\n<!-- \/ Yoast SEO Premium plugin. -->","yoast_head_json":{"title":"WWDC 2023: Rumors about Macs with M2 Ultra &amp; M2 Max chips","description":"WWDC 2023: New Macs with M2 Ultra &amp; M2 Max chips? Rumors promise a significant development for Apple computers!","robots":{"index":"index","follow":"follow","max-snippet":"max-snippet:-1","max-image-preview":"max-image-preview:large","max-video-preview":"max-video-preview:-1"},"canonical":"https:\/\/www.apfelpatient.de\/en\/rumors\/wwdc-2023-rumors-about-macs-with-m2-ultra-m2-max-chips","og_locale":"en_US","og_type":"article","og_title":"WWDC 2023: Ger\u00fcchte um Macs mit M2 Ultra- & M2 Max-Chips","og_description":"WWDC 2023: Neue Macs mit M2 Ultra- & M2 Max-Chips? Ger\u00fcchte versprechen eine bedeutende Weiterentwicklung f\u00fcr die Apple-Computer!","og_url":"https:\/\/www.apfelpatient.de\/en\/rumors\/wwdc-2023-rumors-about-macs-with-m2-ultra-m2-max-chips","og_site_name":"Apfelpatient","article_publisher":"https:\/\/www.facebook.com\/apfelpatientOfficial","article_author":"https:\/\/www.facebook.com\/apfelpatientOfficial","article_published_time":"2023-06-01T11:31:36+00:00","article_modified_time":"2023-06-01T11:31:37+00:00","og_image":[{"width":1600,"height":1200,"url":"https:\/\/www.apfelpatient.de\/wp-content\/uploads\/2022\/06\/bigstock-Paris-France-Sep-434629283.jpg","type":"image\/jpeg"}],"author":"Milan","twitter_card":"summary_large_image","twitter_description":"WWDC 2023: Neue Macs mit M2 Ultra- & M2 Max-Chips? Ger\u00fcchte versprechen eine bedeutende Weiterentwicklung f\u00fcr die Apple-Computer!","twitter_misc":{"Written by":"Milan","Est. reading time":"4 minutes"},"schema":{"@context":"https:\/\/schema.org","@graph":[{"@type":"NewsArticle","@id":"https:\/\/www.apfelpatient.de\/rumors\/wwdc-2023-geruechte-um-macs-mit-m2-ultra-m2-max-chips#article","isPartOf":{"@id":"https:\/\/www.apfelpatient.de\/rumors\/wwdc-2023-geruechte-um-macs-mit-m2-ultra-m2-max-chips"},"author":{"@type":"Organization","@id":"https:\/\/www.apfelpatient.de\/en\/#organization","name":"Apfelpatient","url":"https:\/\/www.apfelpatient.de\/en\/"},"headline":"WWDC 2023: Ger\u00fcchte um Macs mit M2 Ultra- &#038; M2 Max-Chips","datePublished":"2023-06-01T11:31:36+00:00","dateModified":"2023-06-01T11:31:37+00:00","mainEntityOfPage":{"@id":"https:\/\/www.apfelpatient.de\/rumors\/wwdc-2023-geruechte-um-macs-mit-m2-ultra-m2-max-chips"},"wordCount":559,"publisher":{"@type":"Organization","@id":"https:\/\/www.apfelpatient.de\/en\/#organization","name":"Apfelpatient","url":"https:\/\/www.apfelpatient.de\/en\/"},"image":{"@id":"https:\/\/www.apfelpatient.de\/rumors\/wwdc-2023-geruechte-um-macs-mit-m2-ultra-m2-max-chips#primaryimage"},"thumbnailUrl":"https:\/\/www.apfelpatient.de\/wp-content\/uploads\/2022\/06\/bigstock-Paris-France-Sep-434629283.jpg","keywords":["Mac"],"articleSection":"Rumors","inLanguage":"en-US","copyrightYear":"2023","copyrightHolder":{"@id":"https:\/\/www.apfelpatient.de\/en\/#organization"}},{"@type":"WebPage","@id":"https:\/\/www.apfelpatient.de\/rumors\/wwdc-2023-geruechte-um-macs-mit-m2-ultra-m2-max-chips","url":"https:\/\/www.apfelpatient.de\/rumors\/wwdc-2023-geruechte-um-macs-mit-m2-ultra-m2-max-chips","name":"WWDC 2023: Rumors about Macs with M2 Ultra &amp; M2 Max chips","isPartOf":{"@id":"https:\/\/www.apfelpatient.de\/#website"},"primaryImageOfPage":{"@id":"https:\/\/www.apfelpatient.de\/rumors\/wwdc-2023-geruechte-um-macs-mit-m2-ultra-m2-max-chips#primaryimage"},"image":{"@id":"https:\/\/www.apfelpatient.de\/rumors\/wwdc-2023-geruechte-um-macs-mit-m2-ultra-m2-max-chips#primaryimage"},"thumbnailUrl":"https:\/\/www.apfelpatient.de\/wp-content\/uploads\/2022\/06\/bigstock-Paris-France-Sep-434629283.jpg","datePublished":"2023-06-01T11:31:36+00:00","dateModified":"2023-06-01T11:31:37+00:00","description":"WWDC 2023: New Macs with M2 Ultra &amp; M2 Max chips? Rumors promise a significant development for Apple computers!","breadcrumb":{"@id":"https:\/\/www.apfelpatient.de\/rumors\/wwdc-2023-geruechte-um-macs-mit-m2-ultra-m2-max-chips#breadcrumb"},"inLanguage":"en-US","potentialAction":[{"@type":"ReadAction","target":["https:\/\/www.apfelpatient.de\/rumors\/wwdc-2023-geruechte-um-macs-mit-m2-ultra-m2-max-chips"]}]},{"@type":"ImageObject","inLanguage":"en-US","@id":"https:\/\/www.apfelpatient.de\/rumors\/wwdc-2023-geruechte-um-macs-mit-m2-ultra-m2-max-chips#primaryimage","url":"https:\/\/www.apfelpatient.de\/wp-content\/uploads\/2022\/06\/bigstock-Paris-France-Sep-434629283.jpg","contentUrl":"https:\/\/www.apfelpatient.de\/wp-content\/uploads\/2022\/06\/bigstock-Paris-France-Sep-434629283.jpg","width":1600,"height":1200,"caption":"Paris, France - Sep 24, 2021: New Apple Computers Mac Pro Xeon M2 workstation air ducts holes - close-up macro with Apple Store in background"},{"@type":"BreadcrumbList","@id":"https:\/\/www.apfelpatient.de\/rumors\/wwdc-2023-geruechte-um-macs-mit-m2-ultra-m2-max-chips#breadcrumb","itemListElement":[{"@type":"ListItem","position":1,"name":"Startseite","item":"https:\/\/www.apfelpatient.de\/"},{"@type":"ListItem","position":2,"name":"WWDC 2023: Ger\u00fcchte um Macs mit M2 Ultra- &#038; M2 Max-Chips"}]},{"@type":"WebSite","@id":"https:\/\/www.apfelpatient.de\/#website","url":"https:\/\/www.apfelpatient.de\/","name":"apple patient","description":"Everything about Apple!","publisher":{"@type":"Organization","@id":"https:\/\/www.apfelpatient.de\/en\/#organization","name":"Apfelpatient","url":"https:\/\/www.apfelpatient.de\/en\/"},"alternateName":"Apfelpatient","potentialAction":[{"@type":"SearchAction","target":{"@type":"EntryPoint","urlTemplate":"https:\/\/www.apfelpatient.de\/?s={search_term_string}"},"query-input":{"@type":"PropertyValueSpecification","valueRequired":true,"valueName":"search_term_string"}}],"inLanguage":"en-US"},{"@type":["Person","Organization"],"@id":"https:\/\/www.apfelpatient.de\/#\/schema\/person\/7dc56ad6c8e9824b76d2c08d4c140e13","name":"Milan","logo":{"@id":"https:\/\/www.apfelpatient.de\/#\/schema\/person\/image\/"},"description":"Hello and welcome to my technology blog! As a big Apple fan, I report on everything to do with Apple: from the latest news and exciting rumors to helpful tips and tricks and detailed product tests. If you are as enthusiastic about technology as I am, you have come to the right place!","sameAs":["https:\/\/www.facebook.com\/apfelpatientOfficial","https:\/\/www.linkedin.com\/in\/milan-jovicic-42aa0231b"],"url":"https:\/\/www.apfelpatient.de\/en\/author\/apfeladmin"}]}},"_links":{"self":[{"href":"https:\/\/www.apfelpatient.de\/en\/wp-json\/wp\/v2\/posts\/38870","targetHints":{"allow":["GET"]}}],"collection":[{"href":"https:\/\/www.apfelpatient.de\/en\/wp-json\/wp\/v2\/posts"}],"about":[{"href":"https:\/\/www.apfelpatient.de\/en\/wp-json\/wp\/v2\/types\/post"}],"author":[{"embeddable":true,"href":"https:\/\/www.apfelpatient.de\/en\/wp-json\/wp\/v2\/users\/2"}],"replies":[{"embeddable":true,"href":"https:\/\/www.apfelpatient.de\/en\/wp-json\/wp\/v2\/comments?post=38870"}],"version-history":[{"count":0,"href":"https:\/\/www.apfelpatient.de\/en\/wp-json\/wp\/v2\/posts\/38870\/revisions"}],"wp:featuredmedia":[{"embeddable":true,"href":"https:\/\/www.apfelpatient.de\/en\/wp-json\/wp\/v2\/media\/32635"}],"wp:attachment":[{"href":"https:\/\/www.apfelpatient.de\/en\/wp-json\/wp\/v2\/media?parent=38870"}],"wp:term":[{"taxonomy":"category","embeddable":true,"href":"https:\/\/www.apfelpatient.de\/en\/wp-json\/wp\/v2\/categories?post=38870"},{"taxonomy":"post_tag","embeddable":true,"href":"https:\/\/www.apfelpatient.de\/en\/wp-json\/wp\/v2\/tags?post=38870"}],"curies":[{"name":"wp","href":"https:\/\/api.w.org\/{rel}","templated":true}]}}