{"id":38823,"date":"2023-05-28T21:42:00","date_gmt":"2023-05-28T19:42:00","guid":{"rendered":"https:\/\/www.apfelpatient.de\/?p=38823"},"modified":"2023-05-28T22:51:36","modified_gmt":"2023-05-28T20:51:36","slug":"new-mac-models-in-sight-preview-of-wwdc-2023","status":"publish","type":"post","link":"https:\/\/www.apfelpatient.de\/en\/rumors\/neue-mac-modelle-in-sicht-vorschau-auf-die-wwdc-2023","title":{"rendered":"New Mac models in sight: Preview of WWDC 2023"},"content":{"rendered":"<p class=\"has-drop-cap\"><strong>Apple will enable trade-ins for three new Mac models during its WWDC keynote on June 5, according to Bloomberg&#039;s Mark Gurman, suggesting that new Mac hardware could also be unveiled at the event.<\/strong><\/p>\n\n\n\n<p>The rumor mill is churning and expectations are rising. Apple fans are eagerly awaiting new Mac models and possible updates that could be revealed at WWDC 2023. Bloomberg&#039;s Mark Gurman provides hints about upcoming changes in the Mac product line that have Apple fans and tech enthusiasts alike excited. According to Gurman&#039;s <a href=\"https:\/\/twitter.com\/markgurman\/status\/1662608357549834242?s=61&amp;t=xikqsKf5A8qgbF_pkl4sHQ\" target=\"_blank\" rel=\"noreferrer noopener\">Twitter post<\/a> Apple will begin accepting trade-ins for three new Mac models starting June 5: the Mac Studio, the 13&quot; M2 MacBook Air, and the 13&quot; M2 MacBook Pro. This announcement suggests that new Mac hardware could be presented at the WWDC keynote. In particular, a new 15-inch MacBook Air model is expected.<\/p>\n\n\n\n<h3 class=\"wp-block-heading\" id=\"h-wwdc-spekulationen-welche-neuen-mac-modelle-erwarten-uns\">WWDC speculation: Which new Mac models can we expect?<\/h3>\n\n\n\n\n\n\n\n<p>Although Apple has already introduced the Mac Studio with the M1 Max and M1 Ultra chips, no updates for this model have been announced yet. Gurman believes that Apple is working on two new Mac Studio models, but he has no information on their release date. It is suspected that Apple may delay the update of the Mac Studio until the M3 generation so as not to affect the Apple Silicon Mac Pro. Nevertheless, updated Mac Studio models with M2 Max and M2 Ultra chip options are not ruled out at WWDC. In addition, there are rumors of 13-inch MacBook Air and MacBook Pro models with the M3 chip, but the first M3 Macs will probably not be available until the end of the year. It is therefore not foreseeable whether direct successors to the devices mentioned will hit the market in the near future. (Image: Apple)<\/p>\n\n\n\n<ul class=\"wp-block-list\">\n<li><a href=\"https:\/\/www.apfelpatient.de\/en\/generally\/ios-17-and-more-what-awaits-us-at-wwdc-2023\">iOS 17 and more: What to expect at WWDC 2023<\/a><\/li>\n<\/ul>\n\n\n\n<h6 class=\"wp-block-heading translation-block\" id=\"h-kennt-ihr-schon-unsere-amazon-storefront-dort-findet-ihr-eine-handverlesene-auswahl-von-diversen-produkten-f-r-euer-iphone-und-co-viel-spa-beim-st-bern\"><em>Have you already visited our Amazon Storefront? There you&#039;ll find a hand-picked selection of various products for your iPhone and other devices \u2013 <span class=\"has-inline-color has-vivid-red-color\"><a href=\"https:\/\/www.amazon.de\/shop\/apfelpatientofficial\" class=\"ek-link\" data-wpel-link=\"exclude\" rel=\"follow noopener\" target=\"_self\"><span style=\"text-decoration: underline\" class=\"ek-underline\">enjoy browsing<\/span><\/a> !<\/span><\/em><\/h6>\n\n\n\n<h6 class=\"wp-block-heading translation-block\" id=\"h-der-beitrag-enthalt-partnerlinks\">This post contains <a data-type=\"URL\" data-id=\"https:\/\/www.apfelpatient.de\/partnerprogramm\" href=\"https:\/\/www.apfelpatient.de\/en\/partner-program\" data-wpel-link=\"internal\" target=\"_self\">affiliate links<\/a>.<\/h6>","protected":false},"excerpt":{"rendered":"<p>WWDC 2023: New Mac models on the way \u2013 Find out the latest rumors and speculation about Apple&#039;s upcoming hardware.<\/p>","protected":false},"author":2,"featured_media":30584,"comment_status":"closed","ping_status":"closed","sticky":false,"template":"","format":"standard","meta":{"jnews-multi-image_gallery":[],"jnews_single_post":{"subtitle":"","format":"standard","video":"","gallery":"","source_name":"","source_url":"","via_name":"","via_url":"","override":[{"single_blog_custom":"","sidebar":"","second_sidebar":"","share_position":"","share_float_style":"","post_date_format":"","post_date_format_custom":"","post_reading_time_wpm":"","zoom_button_out_step":"1","zoom_button_in_step":"1","number_popup_post":"1"}],"image_override":[{"single_post_thumbnail_size":"","single_post_gallery_size":""}],"trending_post_position":"","trending_post_label":"","sponsored_post_label":"","sponsored_post_name":"","sponsored_post_url":"","sponsored_post_logo":"","sponsored_post_desc":""},"jnews_primary_category":{"id":"25"},"footnotes":""},"categories":[25],"tags":[40],"class_list":["post-38823","post","type-post","status-publish","format-standard","has-post-thumbnail","hentry","category-rumors","tag-mac"],"yoast_head":"<!-- This site is optimized with the Yoast SEO Premium plugin v27.5 (Yoast SEO v27.5) - https:\/\/yoast.com\/product\/yoast-seo-premium-wordpress\/ -->\n<title>Neue Mac-Modelle in Sicht: Vorschau auf die WWDC 2023<\/title>\n<meta name=\"description\" content=\"WWDC 2023: Neue Mac-Modelle im Anmarsch - Erfahre die neuesten Ger\u00fcchte und Spekulationen rund um Apples kommende Hardware.\" \/>\n<meta name=\"robots\" content=\"index, follow, max-snippet:-1, max-image-preview:large, max-video-preview:-1\" \/>\n<link rel=\"canonical\" href=\"https:\/\/www.apfelpatient.de\/en\/rumors\/new-mac-models-in-sight-preview-of-wwdc-2023\" \/>\n<meta property=\"og:locale\" content=\"en_US\" \/>\n<meta property=\"og:type\" content=\"article\" \/>\n<meta property=\"og:title\" content=\"Neue Mac-Modelle in Sicht: Vorschau auf die WWDC 2023\" \/>\n<meta property=\"og:description\" content=\"WWDC 2023: Neue Mac-Modelle im Anmarsch - Erfahre die neuesten Ger\u00fcchte und Spekulationen rund um Apples kommende Hardware.\" \/>\n<meta property=\"og:url\" content=\"https:\/\/www.apfelpatient.de\/en\/rumors\/new-mac-models-in-sight-preview-of-wwdc-2023\" \/>\n<meta property=\"og:site_name\" content=\"Apfelpatient\" \/>\n<meta property=\"article:publisher\" content=\"https:\/\/www.facebook.com\/apfelpatientOfficial\" \/>\n<meta property=\"article:author\" content=\"https:\/\/www.facebook.com\/apfelpatientOfficial\" \/>\n<meta property=\"article:published_time\" content=\"2023-05-28T19:42:00+00:00\" \/>\n<meta property=\"article:modified_time\" content=\"2023-05-28T20:51:36+00:00\" \/>\n<meta property=\"og:image\" content=\"https:\/\/www.apfelpatient.de\/wp-content\/uploads\/2022\/03\/Apple-Mac-Studio-Studio-Display-lifestyle-01-220308.jpg\" \/>\n\t<meta property=\"og:image:width\" content=\"1600\" \/>\n\t<meta property=\"og:image:height\" content=\"1066\" \/>\n\t<meta property=\"og:image:type\" content=\"image\/jpeg\" \/>\n<meta name=\"author\" content=\"Milan\" \/>\n<meta name=\"twitter:card\" content=\"summary_large_image\" \/>\n<meta name=\"twitter:description\" content=\"WWDC 2023: Neue Mac-Modelle im Anmarsch - Erfahre die neuesten Ger\u00fcchte und Spekulationen rund um Apples kommende Hardware.\" \/>\n<meta name=\"twitter:label1\" content=\"Written by\" \/>\n\t<meta name=\"twitter:data1\" content=\"Milan\" \/>\n\t<meta name=\"twitter:label2\" content=\"Est. reading time\" \/>\n\t<meta name=\"twitter:data2\" content=\"2 minutes\" \/>\n<script type=\"application\/ld+json\" class=\"yoast-schema-graph\">{\"@context\":\"https:\\\/\\\/schema.org\",\"@graph\":[{\"@type\":\"NewsArticle\",\"@id\":\"https:\\\/\\\/www.apfelpatient.de\\\/rumors\\\/neue-mac-modelle-in-sicht-vorschau-auf-die-wwdc-2023#article\",\"isPartOf\":{\"@id\":\"https:\\\/\\\/www.apfelpatient.de\\\/rumors\\\/neue-mac-modelle-in-sicht-vorschau-auf-die-wwdc-2023\"},\"author\":{\"@type\":\"Organization\",\"@id\":\"https:\\\/\\\/www.apfelpatient.de\\\/en\\\/#organization\",\"name\":\"Apfelpatient\",\"url\":\"https:\\\/\\\/www.apfelpatient.de\\\/en\\\/\"},\"headline\":\"Neue Mac-Modelle in Sicht: Vorschau auf die WWDC 2023\",\"datePublished\":\"2023-05-28T19:42:00+00:00\",\"dateModified\":\"2023-05-28T20:51:36+00:00\",\"mainEntityOfPage\":{\"@id\":\"https:\\\/\\\/www.apfelpatient.de\\\/rumors\\\/neue-mac-modelle-in-sicht-vorschau-auf-die-wwdc-2023\"},\"wordCount\":310,\"publisher\":{\"@type\":\"Organization\",\"@id\":\"https:\\\/\\\/www.apfelpatient.de\\\/en\\\/#organization\",\"name\":\"Apfelpatient\",\"url\":\"https:\\\/\\\/www.apfelpatient.de\\\/en\\\/\"},\"image\":{\"@id\":\"https:\\\/\\\/www.apfelpatient.de\\\/rumors\\\/neue-mac-modelle-in-sicht-vorschau-auf-die-wwdc-2023#primaryimage\"},\"thumbnailUrl\":\"https:\\\/\\\/www.apfelpatient.de\\\/wp-content\\\/uploads\\\/2022\\\/03\\\/Apple-Mac-Studio-Studio-Display-lifestyle-01-220308.jpg\",\"keywords\":[\"Mac\"],\"articleSection\":\"Rumors\",\"inLanguage\":\"en-US\",\"copyrightYear\":\"2023\",\"copyrightHolder\":{\"@id\":\"https:\\\/\\\/www.apfelpatient.de\\\/en\\\/#organization\"}},{\"@type\":\"WebPage\",\"@id\":\"https:\\\/\\\/www.apfelpatient.de\\\/rumors\\\/neue-mac-modelle-in-sicht-vorschau-auf-die-wwdc-2023\",\"url\":\"https:\\\/\\\/www.apfelpatient.de\\\/rumors\\\/neue-mac-modelle-in-sicht-vorschau-auf-die-wwdc-2023\",\"name\":\"Neue Mac-Modelle in Sicht: Vorschau auf die WWDC 2023\",\"isPartOf\":{\"@id\":\"https:\\\/\\\/www.apfelpatient.de\\\/#website\"},\"primaryImageOfPage\":{\"@id\":\"https:\\\/\\\/www.apfelpatient.de\\\/rumors\\\/neue-mac-modelle-in-sicht-vorschau-auf-die-wwdc-2023#primaryimage\"},\"image\":{\"@id\":\"https:\\\/\\\/www.apfelpatient.de\\\/rumors\\\/neue-mac-modelle-in-sicht-vorschau-auf-die-wwdc-2023#primaryimage\"},\"thumbnailUrl\":\"https:\\\/\\\/www.apfelpatient.de\\\/wp-content\\\/uploads\\\/2022\\\/03\\\/Apple-Mac-Studio-Studio-Display-lifestyle-01-220308.jpg\",\"datePublished\":\"2023-05-28T19:42:00+00:00\",\"dateModified\":\"2023-05-28T20:51:36+00:00\",\"description\":\"WWDC 2023: Neue Mac-Modelle im Anmarsch - Erfahre die neuesten Ger\u00fcchte und Spekulationen rund um Apples kommende Hardware.\",\"breadcrumb\":{\"@id\":\"https:\\\/\\\/www.apfelpatient.de\\\/rumors\\\/neue-mac-modelle-in-sicht-vorschau-auf-die-wwdc-2023#breadcrumb\"},\"inLanguage\":\"en-US\",\"potentialAction\":[{\"@type\":\"ReadAction\",\"target\":[\"https:\\\/\\\/www.apfelpatient.de\\\/rumors\\\/neue-mac-modelle-in-sicht-vorschau-auf-die-wwdc-2023\"]}]},{\"@type\":\"ImageObject\",\"inLanguage\":\"en-US\",\"@id\":\"https:\\\/\\\/www.apfelpatient.de\\\/rumors\\\/neue-mac-modelle-in-sicht-vorschau-auf-die-wwdc-2023#primaryimage\",\"url\":\"https:\\\/\\\/www.apfelpatient.de\\\/wp-content\\\/uploads\\\/2022\\\/03\\\/Apple-Mac-Studio-Studio-Display-lifestyle-01-220308.jpg\",\"contentUrl\":\"https:\\\/\\\/www.apfelpatient.de\\\/wp-content\\\/uploads\\\/2022\\\/03\\\/Apple-Mac-Studio-Studio-Display-lifestyle-01-220308.jpg\",\"width\":1600,\"height\":1066,\"caption\":\"Bild: Apple\"},{\"@type\":\"BreadcrumbList\",\"@id\":\"https:\\\/\\\/www.apfelpatient.de\\\/rumors\\\/neue-mac-modelle-in-sicht-vorschau-auf-die-wwdc-2023#breadcrumb\",\"itemListElement\":[{\"@type\":\"ListItem\",\"position\":1,\"name\":\"Startseite\",\"item\":\"https:\\\/\\\/www.apfelpatient.de\\\/\"},{\"@type\":\"ListItem\",\"position\":2,\"name\":\"Neue Mac-Modelle in Sicht: Vorschau auf die WWDC 2023\"}]},{\"@type\":\"WebSite\",\"@id\":\"https:\\\/\\\/www.apfelpatient.de\\\/#website\",\"url\":\"https:\\\/\\\/www.apfelpatient.de\\\/\",\"name\":\"Apfelpatient\",\"description\":\"Alles rund um Apple!\",\"publisher\":{\"@type\":\"Organization\",\"@id\":\"https:\\\/\\\/www.apfelpatient.de\\\/en\\\/#organization\",\"name\":\"Apfelpatient\",\"url\":\"https:\\\/\\\/www.apfelpatient.de\\\/en\\\/\"},\"alternateName\":\"Apfelpatient\",\"potentialAction\":[{\"@type\":\"SearchAction\",\"target\":{\"@type\":\"EntryPoint\",\"urlTemplate\":\"https:\\\/\\\/www.apfelpatient.de\\\/?s={search_term_string}\"},\"query-input\":{\"@type\":\"PropertyValueSpecification\",\"valueRequired\":true,\"valueName\":\"search_term_string\"}}],\"inLanguage\":\"en-US\"},{\"@type\":[\"Person\",\"Organization\"],\"@id\":\"https:\\\/\\\/www.apfelpatient.de\\\/#\\\/schema\\\/person\\\/35b3ddba5832f2bfc7fff5206d4f6b7b\",\"name\":\"Milan\",\"logo\":{\"@id\":\"https:\\\/\\\/www.apfelpatient.de\\\/#\\\/schema\\\/person\\\/image\\\/\"},\"description\":\"Hallo und herzlich willkommen auf meinem Technik-Blog! Als gro\u00dfer Apple-Fan berichte ich hier \u00fcber alles, was mit Apple zu tun hat: von den neuesten News und spannenden Ger\u00fcchten \u00fcber hilfreiche Tipps und Tricks bis hin zu ausf\u00fchrlichen Produkttests. Wenn du genauso technikbegeistert bist wie ich, bist du hier genau richtig!\",\"sameAs\":[\"https:\\\/\\\/www.facebook.com\\\/apfelpatientOfficial\",\"https:\\\/\\\/www.linkedin.com\\\/in\\\/milan-jovicic-42aa0231b\"],\"url\":\"https:\\\/\\\/www.apfelpatient.de\\\/en\\\/author\\\/apfeladmin\"}]}<\/script>\n<!-- \/ Yoast SEO Premium plugin. -->","yoast_head_json":{"title":"New Mac models in sight: Preview of WWDC 2023","description":"WWDC 2023: New Mac models on the way - Find out the latest rumors and speculation about Apple&#039;s upcoming hardware.","robots":{"index":"index","follow":"follow","max-snippet":"max-snippet:-1","max-image-preview":"max-image-preview:large","max-video-preview":"max-video-preview:-1"},"canonical":"https:\/\/www.apfelpatient.de\/en\/rumors\/new-mac-models-in-sight-preview-of-wwdc-2023","og_locale":"en_US","og_type":"article","og_title":"Neue Mac-Modelle in Sicht: Vorschau auf die WWDC 2023","og_description":"WWDC 2023: Neue Mac-Modelle im Anmarsch - Erfahre die neuesten Ger\u00fcchte und Spekulationen rund um Apples kommende Hardware.","og_url":"https:\/\/www.apfelpatient.de\/en\/rumors\/new-mac-models-in-sight-preview-of-wwdc-2023","og_site_name":"Apfelpatient","article_publisher":"https:\/\/www.facebook.com\/apfelpatientOfficial","article_author":"https:\/\/www.facebook.com\/apfelpatientOfficial","article_published_time":"2023-05-28T19:42:00+00:00","article_modified_time":"2023-05-28T20:51:36+00:00","og_image":[{"width":1600,"height":1066,"url":"https:\/\/www.apfelpatient.de\/wp-content\/uploads\/2022\/03\/Apple-Mac-Studio-Studio-Display-lifestyle-01-220308.jpg","type":"image\/jpeg"}],"author":"Milan","twitter_card":"summary_large_image","twitter_description":"WWDC 2023: Neue Mac-Modelle im Anmarsch - Erfahre die neuesten Ger\u00fcchte und Spekulationen rund um Apples kommende Hardware.","twitter_misc":{"Written by":"Milan","Est. reading time":"2 minutes"},"schema":{"@context":"https:\/\/schema.org","@graph":[{"@type":"NewsArticle","@id":"https:\/\/www.apfelpatient.de\/rumors\/neue-mac-modelle-in-sicht-vorschau-auf-die-wwdc-2023#article","isPartOf":{"@id":"https:\/\/www.apfelpatient.de\/rumors\/neue-mac-modelle-in-sicht-vorschau-auf-die-wwdc-2023"},"author":{"@type":"Organization","@id":"https:\/\/www.apfelpatient.de\/en\/#organization","name":"Apfelpatient","url":"https:\/\/www.apfelpatient.de\/en\/"},"headline":"Neue Mac-Modelle in Sicht: Vorschau auf die WWDC 2023","datePublished":"2023-05-28T19:42:00+00:00","dateModified":"2023-05-28T20:51:36+00:00","mainEntityOfPage":{"@id":"https:\/\/www.apfelpatient.de\/rumors\/neue-mac-modelle-in-sicht-vorschau-auf-die-wwdc-2023"},"wordCount":310,"publisher":{"@type":"Organization","@id":"https:\/\/www.apfelpatient.de\/en\/#organization","name":"Apfelpatient","url":"https:\/\/www.apfelpatient.de\/en\/"},"image":{"@id":"https:\/\/www.apfelpatient.de\/rumors\/neue-mac-modelle-in-sicht-vorschau-auf-die-wwdc-2023#primaryimage"},"thumbnailUrl":"https:\/\/www.apfelpatient.de\/wp-content\/uploads\/2022\/03\/Apple-Mac-Studio-Studio-Display-lifestyle-01-220308.jpg","keywords":["Mac"],"articleSection":"Rumors","inLanguage":"en-US","copyrightYear":"2023","copyrightHolder":{"@id":"https:\/\/www.apfelpatient.de\/en\/#organization"}},{"@type":"WebPage","@id":"https:\/\/www.apfelpatient.de\/rumors\/neue-mac-modelle-in-sicht-vorschau-auf-die-wwdc-2023","url":"https:\/\/www.apfelpatient.de\/rumors\/neue-mac-modelle-in-sicht-vorschau-auf-die-wwdc-2023","name":"New Mac models in sight: Preview of WWDC 2023","isPartOf":{"@id":"https:\/\/www.apfelpatient.de\/#website"},"primaryImageOfPage":{"@id":"https:\/\/www.apfelpatient.de\/rumors\/neue-mac-modelle-in-sicht-vorschau-auf-die-wwdc-2023#primaryimage"},"image":{"@id":"https:\/\/www.apfelpatient.de\/rumors\/neue-mac-modelle-in-sicht-vorschau-auf-die-wwdc-2023#primaryimage"},"thumbnailUrl":"https:\/\/www.apfelpatient.de\/wp-content\/uploads\/2022\/03\/Apple-Mac-Studio-Studio-Display-lifestyle-01-220308.jpg","datePublished":"2023-05-28T19:42:00+00:00","dateModified":"2023-05-28T20:51:36+00:00","description":"WWDC 2023: New Mac models on the way - Find out the latest rumors and speculation about Apple&#039;s upcoming hardware.","breadcrumb":{"@id":"https:\/\/www.apfelpatient.de\/rumors\/neue-mac-modelle-in-sicht-vorschau-auf-die-wwdc-2023#breadcrumb"},"inLanguage":"en-US","potentialAction":[{"@type":"ReadAction","target":["https:\/\/www.apfelpatient.de\/rumors\/neue-mac-modelle-in-sicht-vorschau-auf-die-wwdc-2023"]}]},{"@type":"ImageObject","inLanguage":"en-US","@id":"https:\/\/www.apfelpatient.de\/rumors\/neue-mac-modelle-in-sicht-vorschau-auf-die-wwdc-2023#primaryimage","url":"https:\/\/www.apfelpatient.de\/wp-content\/uploads\/2022\/03\/Apple-Mac-Studio-Studio-Display-lifestyle-01-220308.jpg","contentUrl":"https:\/\/www.apfelpatient.de\/wp-content\/uploads\/2022\/03\/Apple-Mac-Studio-Studio-Display-lifestyle-01-220308.jpg","width":1600,"height":1066,"caption":"Bild: Apple"},{"@type":"BreadcrumbList","@id":"https:\/\/www.apfelpatient.de\/rumors\/neue-mac-modelle-in-sicht-vorschau-auf-die-wwdc-2023#breadcrumb","itemListElement":[{"@type":"ListItem","position":1,"name":"Startseite","item":"https:\/\/www.apfelpatient.de\/"},{"@type":"ListItem","position":2,"name":"Neue Mac-Modelle in Sicht: Vorschau auf die WWDC 2023"}]},{"@type":"WebSite","@id":"https:\/\/www.apfelpatient.de\/#website","url":"https:\/\/www.apfelpatient.de\/","name":"apple patient","description":"Everything about Apple!","publisher":{"@type":"Organization","@id":"https:\/\/www.apfelpatient.de\/en\/#organization","name":"Apfelpatient","url":"https:\/\/www.apfelpatient.de\/en\/"},"alternateName":"Apfelpatient","potentialAction":[{"@type":"SearchAction","target":{"@type":"EntryPoint","urlTemplate":"https:\/\/www.apfelpatient.de\/?s={search_term_string}"},"query-input":{"@type":"PropertyValueSpecification","valueRequired":true,"valueName":"search_term_string"}}],"inLanguage":"en-US"},{"@type":["Person","Organization"],"@id":"https:\/\/www.apfelpatient.de\/#\/schema\/person\/35b3ddba5832f2bfc7fff5206d4f6b7b","name":"Milan","logo":{"@id":"https:\/\/www.apfelpatient.de\/#\/schema\/person\/image\/"},"description":"Hello and welcome to my technology blog! As a big Apple fan, I report on everything to do with Apple: from the latest news and exciting rumors to helpful tips and tricks and detailed product tests. If you are as enthusiastic about technology as I am, you have come to the right place!","sameAs":["https:\/\/www.facebook.com\/apfelpatientOfficial","https:\/\/www.linkedin.com\/in\/milan-jovicic-42aa0231b"],"url":"https:\/\/www.apfelpatient.de\/en\/author\/apfeladmin"}]}},"_links":{"self":[{"href":"https:\/\/www.apfelpatient.de\/en\/wp-json\/wp\/v2\/posts\/38823","targetHints":{"allow":["GET"]}}],"collection":[{"href":"https:\/\/www.apfelpatient.de\/en\/wp-json\/wp\/v2\/posts"}],"about":[{"href":"https:\/\/www.apfelpatient.de\/en\/wp-json\/wp\/v2\/types\/post"}],"author":[{"embeddable":true,"href":"https:\/\/www.apfelpatient.de\/en\/wp-json\/wp\/v2\/users\/2"}],"replies":[{"embeddable":true,"href":"https:\/\/www.apfelpatient.de\/en\/wp-json\/wp\/v2\/comments?post=38823"}],"version-history":[{"count":0,"href":"https:\/\/www.apfelpatient.de\/en\/wp-json\/wp\/v2\/posts\/38823\/revisions"}],"wp:featuredmedia":[{"embeddable":true,"href":"https:\/\/www.apfelpatient.de\/en\/wp-json\/wp\/v2\/media\/30584"}],"wp:attachment":[{"href":"https:\/\/www.apfelpatient.de\/en\/wp-json\/wp\/v2\/media?parent=38823"}],"wp:term":[{"taxonomy":"category","embeddable":true,"href":"https:\/\/www.apfelpatient.de\/en\/wp-json\/wp\/v2\/categories?post=38823"},{"taxonomy":"post_tag","embeddable":true,"href":"https:\/\/www.apfelpatient.de\/en\/wp-json\/wp\/v2\/tags?post=38823"}],"curies":[{"name":"wp","href":"https:\/\/api.w.org\/{rel}","templated":true}]}}