{"id":38759,"date":"2023-05-23T19:21:32","date_gmt":"2023-05-23T17:21:32","guid":{"rendered":"https:\/\/www.apfelpatient.de\/?p=38759"},"modified":"2023-05-23T19:21:33","modified_gmt":"2023-05-23T17:21:33","slug":"final-cut-pro-and-logic-pro-the-ipad-becomes-a-creative-studio","status":"publish","type":"post","link":"https:\/\/www.apfelpatient.de\/en\/news\/final-cut-pro-und-logic-pro-das-ipad-wird-zum-kreativen-studio","title":{"rendered":"Final Cut Pro and Logic Pro: The iPad becomes a creative studio"},"content":{"rendered":"<p class=\"has-drop-cap\"><strong>Final Cut Pro and Logic Pro are now officially available on the iPad. These professional creative software programs are designed specifically for filmmakers and musicians and promise to turn the iPad into a full-fledged studio. Below you will find everything you need to know about the availability, pricing and compatibility of the apps.<\/strong><\/p>\n\n\n\n<p>Final Cut Pro and Logic Pro on the iPad open up completely new possibilities for creatives. Apple has optimally adapted the touchscreen interface and introduced new updates and features in addition to the well-known functions of the Mac versions. Find out all the details about the prices and compatibility of the two apps now. According to Apple, Final Cut Pro for the iPad allows users to take their entire studio with them to the filming location. The app offers the popular functions of the Mac version and has been specially optimized for intuitive operation via touchscreen. Filmmakers can now edit and produce professional videos on the go. Logic Pro for the iPad also promises an ultimate music studio that can be operated at your fingertips. The app offers musicians the opportunity to implement creative ideas directly and create music projects on the iPad. With the touchscreen operation and the specially adapted functions, nothing stands in the way of making music and producing.<\/p>\n\n\n\n<figure class=\"wp-block-image size-large\"><img decoding=\"async\" width=\"1024\" height=\"576\" src=\"https:\/\/www.apfelpatient.de\/wp-content\/uploads\/2023\/05\/Apple-iPad-Final-Cut-Pro-Logic-Pro-hero-1024x576.jpg\" alt=\"Final Cut Pro and Logic Pro iPad\" class=\"wp-image-38640\" srcset=\"https:\/\/www.apfelpatient.de\/wp-content\/uploads\/2023\/05\/Apple-iPad-Final-Cut-Pro-Logic-Pro-hero-1024x576.jpg 1024w, https:\/\/www.apfelpatient.de\/wp-content\/uploads\/2023\/05\/Apple-iPad-Final-Cut-Pro-Logic-Pro-hero-300x169.jpg 300w, https:\/\/www.apfelpatient.de\/wp-content\/uploads\/2023\/05\/Apple-iPad-Final-Cut-Pro-Logic-Pro-hero-768x432.jpg 768w, https:\/\/www.apfelpatient.de\/wp-content\/uploads\/2023\/05\/Apple-iPad-Final-Cut-Pro-Logic-Pro-hero-1536x864.jpg 1536w, https:\/\/www.apfelpatient.de\/wp-content\/uploads\/2023\/05\/Apple-iPad-Final-Cut-Pro-Logic-Pro-hero-750x422.jpg 750w, https:\/\/www.apfelpatient.de\/wp-content\/uploads\/2023\/05\/Apple-iPad-Final-Cut-Pro-Logic-Pro-hero-1140x641.jpg 1140w, https:\/\/www.apfelpatient.de\/wp-content\/uploads\/2023\/05\/Apple-iPad-Final-Cut-Pro-Logic-Pro-hero.jpg 1600w\" sizes=\"(max-width: 1024px) 100vw, 1024px\" \/><figcaption class=\"wp-element-caption\">Final Cut Pro and Logic Pro<\/figcaption><\/figure>\n\n\n\n<h3 class=\"wp-block-heading\" id=\"h-preise-und-kompatibilitat\">Prices and Compatibility<\/h3>\n\n\n\n<p>Prices and compatibility are of course important factors. Final Cut Pro for the iPad costs 4.99 euros per month or 49 euros per year, after a free trial month. The app is compatible with the 11\u2033 or 12.9\u2033 iPad Pro with M1 or M2 chip (2021 or 2022 model) and the iPad Air 5 Gen. with M1 chip (2022 model). To use the app, iPadOS 16.4 or later is required \u2013 <a href=\"https:\/\/apps.apple.com\/de\/app\/final-cut-pro-for-ipad\/id1631624924\" target=\"_blank\" rel=\"noreferrer noopener\">for download<\/a>. Logic Pro for iPad is also available for $4.99 per month or $49 per year, after a one-month free trial. The app works with iPads that have the A12 Bionic chip or later, including the 5th generation iPad mini and later, the 7th generation iPad and later, the 3rd generation iPad Air and later, the 11-inch iPad Pro (2018) and later, and the 12.9-inch iPad Pro (2018) and later. Again, iPadOS 16.4 or later is required \u2013 <a href=\"https:\/\/apps.apple.com\/de\/app\/logic-pro-for-ipad\/id1615087040\" target=\"_blank\" rel=\"noreferrer noopener\">for download<\/a>.<\/p>\n\n\n\n<h3 class=\"wp-block-heading\">Final Cut Pro and Logic Pro: Two professional applications on the iPad<\/h3>\n\n\n\n\n\n\n\n<p>With Final Cut Pro and Logic Pro on the iPad, Apple is opening up new possibilities for filmmakers and musicians. The availability of these professional creative software programs on the tablet allows creatives to edit and produce their projects anywhere. The optimal adaptation to the iPad&#039;s touchscreen and the numerous functions make working with Final Cut Pro and Logic Pro an impressive experience. Discover the endless creative possibilities that Final Cut Pro and Logic Pro on the iPad offers you. Whether you&#039;re a filmmaker or a musician, these powerful apps will increase your productivity and take your creative projects to a new level. Get Final Cut Pro and Logic Pro for the iPad now and create masterpieces whenever and wherever you want. Don&#039;t miss out on this groundbreaking development from Apple that is revolutionizing the world of creativity. (Image: Apple)<\/p>\n\n\n\n<ul class=\"wp-block-list\">\n<li><a href=\"https:\/\/www.apfelpatient.de\/en\/news\/ios-16-6-beta-new-features-for-secure-communication\">iOS 16.6 Beta: New features for secure communication<\/a><\/li>\n<\/ul>\n\n\n\n<h6 class=\"wp-block-heading translation-block\" id=\"h-kennt-ihr-schon-unsere-amazon-storefront-dort-findet-ihr-eine-handverlesene-auswahl-von-diversen-produkten-f-r-euer-iphone-und-co-viel-spa-beim-st-bern\"><em>Have you already visited our Amazon Storefront? There you&#039;ll find a hand-picked selection of various products for your iPhone and other devices \u2013 <span class=\"has-inline-color has-vivid-red-color\"><a href=\"https:\/\/www.amazon.de\/shop\/apfelpatientofficial\" class=\"ek-link\" data-wpel-link=\"exclude\" rel=\"follow noopener\" target=\"_self\"><span style=\"text-decoration: underline\" class=\"ek-underline\">enjoy browsing<\/span><\/a> !<\/span><\/em><\/h6>\n\n\n\n<h6 class=\"wp-block-heading translation-block\" id=\"h-der-beitrag-enthalt-partnerlinks\">This post contains <a data-type=\"URL\" data-id=\"https:\/\/www.apfelpatient.de\/partnerprogramm\" href=\"https:\/\/www.apfelpatient.de\/en\/partner-program\" data-wpel-link=\"internal\" target=\"_self\">affiliate links<\/a>.<\/h6>","protected":false},"excerpt":{"rendered":"<p>Final Cut Pro and Logic Pro: Turn your iPad into a creative studio. Edit videos and produce music anywhere.<\/p>","protected":false},"author":2,"featured_media":38640,"comment_status":"closed","ping_status":"closed","sticky":false,"template":"","format":"standard","meta":{"jnews-multi-image_gallery":[],"jnews_single_post":{"subtitle":"","format":"standard","video":"","gallery":"","source_name":"","source_url":"","via_name":"","via_url":"","override":[{"single_blog_custom":"","sidebar":"","second_sidebar":"","share_position":"","share_float_style":"","post_date_format":"","post_date_format_custom":"","post_reading_time_wpm":"","zoom_button_out_step":"1","zoom_button_in_step":"1","number_popup_post":"1"}],"image_override":[{"single_post_thumbnail_size":"","single_post_gallery_size":""}],"trending_post_position":"","trending_post_label":"","sponsored_post_label":"","sponsored_post_name":"","sponsored_post_url":"","sponsored_post_logo":"","sponsored_post_desc":""},"jnews_primary_category":{"id":"9"},"footnotes":""},"categories":[9],"tags":[34,18,33],"class_list":["post-38759","post","type-post","status-publish","format-standard","has-post-thumbnail","hentry","category-news","tag-apple-dienste","tag-ipad","tag-ipados"],"yoast_head":"<!-- This site is optimized with the Yoast SEO Premium plugin v27.5 (Yoast SEO v27.5) - https:\/\/yoast.com\/product\/yoast-seo-premium-wordpress\/ -->\n<title>Final Cut Pro und Logic Pro: Das iPad wird zum kreativen Studio<\/title>\n<meta name=\"description\" content=\"Final Cut Pro und Logic Pro: Verwandle dein iPad in ein kreatives Studio. Bearbeite Videos und produziere Musik \u00fcberall.\" \/>\n<meta name=\"robots\" content=\"index, follow, max-snippet:-1, max-image-preview:large, max-video-preview:-1\" \/>\n<link rel=\"canonical\" href=\"https:\/\/www.apfelpatient.de\/en\/news\/final-cut-pro-and-logic-pro-the-ipad-becomes-a-creative-studio\" \/>\n<meta property=\"og:locale\" content=\"en_US\" \/>\n<meta property=\"og:type\" content=\"article\" \/>\n<meta property=\"og:title\" content=\"Final Cut Pro und Logic Pro: Das iPad wird zum kreativen Studio\" \/>\n<meta property=\"og:description\" content=\"Final Cut Pro und Logic Pro: Verwandle dein iPad in ein kreatives Studio. Bearbeite Videos und produziere Musik \u00fcberall.\" \/>\n<meta property=\"og:url\" content=\"https:\/\/www.apfelpatient.de\/en\/news\/final-cut-pro-and-logic-pro-the-ipad-becomes-a-creative-studio\" \/>\n<meta property=\"og:site_name\" content=\"Apfelpatient\" \/>\n<meta property=\"article:publisher\" content=\"https:\/\/www.facebook.com\/apfelpatientOfficial\" \/>\n<meta property=\"article:author\" content=\"https:\/\/www.facebook.com\/apfelpatientOfficial\" \/>\n<meta property=\"article:published_time\" content=\"2023-05-23T17:21:32+00:00\" \/>\n<meta property=\"article:modified_time\" content=\"2023-05-23T17:21:33+00:00\" \/>\n<meta property=\"og:image\" content=\"https:\/\/www.apfelpatient.de\/wp-content\/uploads\/2023\/05\/Apple-iPad-Final-Cut-Pro-Logic-Pro-hero.jpg\" \/>\n\t<meta property=\"og:image:width\" content=\"1600\" \/>\n\t<meta property=\"og:image:height\" content=\"900\" \/>\n\t<meta property=\"og:image:type\" content=\"image\/jpeg\" \/>\n<meta name=\"author\" content=\"Milan\" \/>\n<meta name=\"twitter:card\" content=\"summary_large_image\" \/>\n<meta name=\"twitter:description\" content=\"Final Cut Pro und Logic Pro: Verwandle dein iPad in ein kreatives Studio. Bearbeite Videos und produziere Musik \u00fcberall.\" \/>\n<meta name=\"twitter:label1\" content=\"Written by\" \/>\n\t<meta name=\"twitter:data1\" content=\"Milan\" \/>\n\t<meta name=\"twitter:label2\" content=\"Est. reading time\" \/>\n\t<meta name=\"twitter:data2\" content=\"4 minutes\" \/>\n<script type=\"application\/ld+json\" class=\"yoast-schema-graph\">{\"@context\":\"https:\\\/\\\/schema.org\",\"@graph\":[{\"@type\":\"NewsArticle\",\"@id\":\"https:\\\/\\\/www.apfelpatient.de\\\/news\\\/final-cut-pro-und-logic-pro-das-ipad-wird-zum-kreativen-studio#article\",\"isPartOf\":{\"@id\":\"https:\\\/\\\/www.apfelpatient.de\\\/news\\\/final-cut-pro-und-logic-pro-das-ipad-wird-zum-kreativen-studio\"},\"author\":{\"@type\":\"Organization\",\"@id\":\"https:\\\/\\\/www.apfelpatient.de\\\/en\\\/#organization\",\"name\":\"Apfelpatient\",\"url\":\"https:\\\/\\\/www.apfelpatient.de\\\/en\\\/\"},\"headline\":\"Final Cut Pro und Logic Pro: Das iPad wird zum kreativen Studio\",\"datePublished\":\"2023-05-23T17:21:32+00:00\",\"dateModified\":\"2023-05-23T17:21:33+00:00\",\"mainEntityOfPage\":{\"@id\":\"https:\\\/\\\/www.apfelpatient.de\\\/news\\\/final-cut-pro-und-logic-pro-das-ipad-wird-zum-kreativen-studio\"},\"wordCount\":558,\"publisher\":{\"@type\":\"Organization\",\"@id\":\"https:\\\/\\\/www.apfelpatient.de\\\/en\\\/#organization\",\"name\":\"Apfelpatient\",\"url\":\"https:\\\/\\\/www.apfelpatient.de\\\/en\\\/\"},\"image\":{\"@id\":\"https:\\\/\\\/www.apfelpatient.de\\\/news\\\/final-cut-pro-und-logic-pro-das-ipad-wird-zum-kreativen-studio#primaryimage\"},\"thumbnailUrl\":\"https:\\\/\\\/www.apfelpatient.de\\\/wp-content\\\/uploads\\\/2023\\\/05\\\/Apple-iPad-Final-Cut-Pro-Logic-Pro-hero.jpg\",\"keywords\":[\"Apple Dienste\",\"iPad\",\"iPadOS\"],\"articleSection\":\"News\",\"inLanguage\":\"en-US\",\"copyrightYear\":\"2023\",\"copyrightHolder\":{\"@id\":\"https:\\\/\\\/www.apfelpatient.de\\\/en\\\/#organization\"}},{\"@type\":\"WebPage\",\"@id\":\"https:\\\/\\\/www.apfelpatient.de\\\/news\\\/final-cut-pro-und-logic-pro-das-ipad-wird-zum-kreativen-studio\",\"url\":\"https:\\\/\\\/www.apfelpatient.de\\\/news\\\/final-cut-pro-und-logic-pro-das-ipad-wird-zum-kreativen-studio\",\"name\":\"Final Cut Pro und Logic Pro: Das iPad wird zum kreativen Studio\",\"isPartOf\":{\"@id\":\"https:\\\/\\\/www.apfelpatient.de\\\/#website\"},\"primaryImageOfPage\":{\"@id\":\"https:\\\/\\\/www.apfelpatient.de\\\/news\\\/final-cut-pro-und-logic-pro-das-ipad-wird-zum-kreativen-studio#primaryimage\"},\"image\":{\"@id\":\"https:\\\/\\\/www.apfelpatient.de\\\/news\\\/final-cut-pro-und-logic-pro-das-ipad-wird-zum-kreativen-studio#primaryimage\"},\"thumbnailUrl\":\"https:\\\/\\\/www.apfelpatient.de\\\/wp-content\\\/uploads\\\/2023\\\/05\\\/Apple-iPad-Final-Cut-Pro-Logic-Pro-hero.jpg\",\"datePublished\":\"2023-05-23T17:21:32+00:00\",\"dateModified\":\"2023-05-23T17:21:33+00:00\",\"description\":\"Final Cut Pro und Logic Pro: Verwandle dein iPad in ein kreatives Studio. Bearbeite Videos und produziere Musik \u00fcberall.\",\"breadcrumb\":{\"@id\":\"https:\\\/\\\/www.apfelpatient.de\\\/news\\\/final-cut-pro-und-logic-pro-das-ipad-wird-zum-kreativen-studio#breadcrumb\"},\"inLanguage\":\"en-US\",\"potentialAction\":[{\"@type\":\"ReadAction\",\"target\":[\"https:\\\/\\\/www.apfelpatient.de\\\/news\\\/final-cut-pro-und-logic-pro-das-ipad-wird-zum-kreativen-studio\"]}]},{\"@type\":\"ImageObject\",\"inLanguage\":\"en-US\",\"@id\":\"https:\\\/\\\/www.apfelpatient.de\\\/news\\\/final-cut-pro-und-logic-pro-das-ipad-wird-zum-kreativen-studio#primaryimage\",\"url\":\"https:\\\/\\\/www.apfelpatient.de\\\/wp-content\\\/uploads\\\/2023\\\/05\\\/Apple-iPad-Final-Cut-Pro-Logic-Pro-hero.jpg\",\"contentUrl\":\"https:\\\/\\\/www.apfelpatient.de\\\/wp-content\\\/uploads\\\/2023\\\/05\\\/Apple-iPad-Final-Cut-Pro-Logic-Pro-hero.jpg\",\"width\":1600,\"height\":900,\"caption\":\"Final Cut Pro und Logic Pro\"},{\"@type\":\"BreadcrumbList\",\"@id\":\"https:\\\/\\\/www.apfelpatient.de\\\/news\\\/final-cut-pro-und-logic-pro-das-ipad-wird-zum-kreativen-studio#breadcrumb\",\"itemListElement\":[{\"@type\":\"ListItem\",\"position\":1,\"name\":\"Startseite\",\"item\":\"https:\\\/\\\/www.apfelpatient.de\\\/\"},{\"@type\":\"ListItem\",\"position\":2,\"name\":\"Final Cut Pro und Logic Pro: Das iPad wird zum kreativen Studio\"}]},{\"@type\":\"WebSite\",\"@id\":\"https:\\\/\\\/www.apfelpatient.de\\\/#website\",\"url\":\"https:\\\/\\\/www.apfelpatient.de\\\/\",\"name\":\"Apfelpatient\",\"description\":\"Alles rund um Apple!\",\"publisher\":{\"@type\":\"Organization\",\"@id\":\"https:\\\/\\\/www.apfelpatient.de\\\/en\\\/#organization\",\"name\":\"Apfelpatient\",\"url\":\"https:\\\/\\\/www.apfelpatient.de\\\/en\\\/\"},\"alternateName\":\"Apfelpatient\",\"potentialAction\":[{\"@type\":\"SearchAction\",\"target\":{\"@type\":\"EntryPoint\",\"urlTemplate\":\"https:\\\/\\\/www.apfelpatient.de\\\/?s={search_term_string}\"},\"query-input\":{\"@type\":\"PropertyValueSpecification\",\"valueRequired\":true,\"valueName\":\"search_term_string\"}}],\"inLanguage\":\"en-US\"},{\"@type\":[\"Person\",\"Organization\"],\"@id\":\"https:\\\/\\\/www.apfelpatient.de\\\/#\\\/schema\\\/person\\\/35b3ddba5832f2bfc7fff5206d4f6b7b\",\"name\":\"Milan\",\"logo\":{\"@id\":\"https:\\\/\\\/www.apfelpatient.de\\\/#\\\/schema\\\/person\\\/image\\\/\"},\"description\":\"Hallo und herzlich willkommen auf meinem Technik-Blog! Als gro\u00dfer Apple-Fan berichte ich hier \u00fcber alles, was mit Apple zu tun hat: von den neuesten News und spannenden Ger\u00fcchten \u00fcber hilfreiche Tipps und Tricks bis hin zu ausf\u00fchrlichen Produkttests. Wenn du genauso technikbegeistert bist wie ich, bist du hier genau richtig!\",\"sameAs\":[\"https:\\\/\\\/www.facebook.com\\\/apfelpatientOfficial\",\"https:\\\/\\\/www.linkedin.com\\\/in\\\/milan-jovicic-42aa0231b\"],\"url\":\"https:\\\/\\\/www.apfelpatient.de\\\/en\\\/author\\\/apfeladmin\"}]}<\/script>\n<!-- \/ Yoast SEO Premium plugin. -->","yoast_head_json":{"title":"Final Cut Pro and Logic Pro: The iPad becomes a creative studio","description":"Final Cut Pro and Logic Pro: Turn your iPad into a creative studio. Edit videos and produce music anywhere.","robots":{"index":"index","follow":"follow","max-snippet":"max-snippet:-1","max-image-preview":"max-image-preview:large","max-video-preview":"max-video-preview:-1"},"canonical":"https:\/\/www.apfelpatient.de\/en\/news\/final-cut-pro-and-logic-pro-the-ipad-becomes-a-creative-studio","og_locale":"en_US","og_type":"article","og_title":"Final Cut Pro und Logic Pro: Das iPad wird zum kreativen Studio","og_description":"Final Cut Pro und Logic Pro: Verwandle dein iPad in ein kreatives Studio. Bearbeite Videos und produziere Musik \u00fcberall.","og_url":"https:\/\/www.apfelpatient.de\/en\/news\/final-cut-pro-and-logic-pro-the-ipad-becomes-a-creative-studio","og_site_name":"Apfelpatient","article_publisher":"https:\/\/www.facebook.com\/apfelpatientOfficial","article_author":"https:\/\/www.facebook.com\/apfelpatientOfficial","article_published_time":"2023-05-23T17:21:32+00:00","article_modified_time":"2023-05-23T17:21:33+00:00","og_image":[{"width":1600,"height":900,"url":"https:\/\/www.apfelpatient.de\/wp-content\/uploads\/2023\/05\/Apple-iPad-Final-Cut-Pro-Logic-Pro-hero.jpg","type":"image\/jpeg"}],"author":"Milan","twitter_card":"summary_large_image","twitter_description":"Final Cut Pro und Logic Pro: Verwandle dein iPad in ein kreatives Studio. Bearbeite Videos und produziere Musik \u00fcberall.","twitter_misc":{"Written by":"Milan","Est. reading time":"4 minutes"},"schema":{"@context":"https:\/\/schema.org","@graph":[{"@type":"NewsArticle","@id":"https:\/\/www.apfelpatient.de\/news\/final-cut-pro-und-logic-pro-das-ipad-wird-zum-kreativen-studio#article","isPartOf":{"@id":"https:\/\/www.apfelpatient.de\/news\/final-cut-pro-und-logic-pro-das-ipad-wird-zum-kreativen-studio"},"author":{"@type":"Organization","@id":"https:\/\/www.apfelpatient.de\/en\/#organization","name":"Apfelpatient","url":"https:\/\/www.apfelpatient.de\/en\/"},"headline":"Final Cut Pro und Logic Pro: Das iPad wird zum kreativen Studio","datePublished":"2023-05-23T17:21:32+00:00","dateModified":"2023-05-23T17:21:33+00:00","mainEntityOfPage":{"@id":"https:\/\/www.apfelpatient.de\/news\/final-cut-pro-und-logic-pro-das-ipad-wird-zum-kreativen-studio"},"wordCount":558,"publisher":{"@type":"Organization","@id":"https:\/\/www.apfelpatient.de\/en\/#organization","name":"Apfelpatient","url":"https:\/\/www.apfelpatient.de\/en\/"},"image":{"@id":"https:\/\/www.apfelpatient.de\/news\/final-cut-pro-und-logic-pro-das-ipad-wird-zum-kreativen-studio#primaryimage"},"thumbnailUrl":"https:\/\/www.apfelpatient.de\/wp-content\/uploads\/2023\/05\/Apple-iPad-Final-Cut-Pro-Logic-Pro-hero.jpg","keywords":["Apple Dienste","iPad","iPadOS"],"articleSection":"News","inLanguage":"en-US","copyrightYear":"2023","copyrightHolder":{"@id":"https:\/\/www.apfelpatient.de\/en\/#organization"}},{"@type":"WebPage","@id":"https:\/\/www.apfelpatient.de\/news\/final-cut-pro-und-logic-pro-das-ipad-wird-zum-kreativen-studio","url":"https:\/\/www.apfelpatient.de\/news\/final-cut-pro-und-logic-pro-das-ipad-wird-zum-kreativen-studio","name":"Final Cut Pro and Logic Pro: The iPad becomes a creative studio","isPartOf":{"@id":"https:\/\/www.apfelpatient.de\/#website"},"primaryImageOfPage":{"@id":"https:\/\/www.apfelpatient.de\/news\/final-cut-pro-und-logic-pro-das-ipad-wird-zum-kreativen-studio#primaryimage"},"image":{"@id":"https:\/\/www.apfelpatient.de\/news\/final-cut-pro-und-logic-pro-das-ipad-wird-zum-kreativen-studio#primaryimage"},"thumbnailUrl":"https:\/\/www.apfelpatient.de\/wp-content\/uploads\/2023\/05\/Apple-iPad-Final-Cut-Pro-Logic-Pro-hero.jpg","datePublished":"2023-05-23T17:21:32+00:00","dateModified":"2023-05-23T17:21:33+00:00","description":"Final Cut Pro and Logic Pro: Turn your iPad into a creative studio. Edit videos and produce music anywhere.","breadcrumb":{"@id":"https:\/\/www.apfelpatient.de\/news\/final-cut-pro-und-logic-pro-das-ipad-wird-zum-kreativen-studio#breadcrumb"},"inLanguage":"en-US","potentialAction":[{"@type":"ReadAction","target":["https:\/\/www.apfelpatient.de\/news\/final-cut-pro-und-logic-pro-das-ipad-wird-zum-kreativen-studio"]}]},{"@type":"ImageObject","inLanguage":"en-US","@id":"https:\/\/www.apfelpatient.de\/news\/final-cut-pro-und-logic-pro-das-ipad-wird-zum-kreativen-studio#primaryimage","url":"https:\/\/www.apfelpatient.de\/wp-content\/uploads\/2023\/05\/Apple-iPad-Final-Cut-Pro-Logic-Pro-hero.jpg","contentUrl":"https:\/\/www.apfelpatient.de\/wp-content\/uploads\/2023\/05\/Apple-iPad-Final-Cut-Pro-Logic-Pro-hero.jpg","width":1600,"height":900,"caption":"Final Cut Pro und Logic Pro"},{"@type":"BreadcrumbList","@id":"https:\/\/www.apfelpatient.de\/news\/final-cut-pro-und-logic-pro-das-ipad-wird-zum-kreativen-studio#breadcrumb","itemListElement":[{"@type":"ListItem","position":1,"name":"Startseite","item":"https:\/\/www.apfelpatient.de\/"},{"@type":"ListItem","position":2,"name":"Final Cut Pro und Logic Pro: Das iPad wird zum kreativen Studio"}]},{"@type":"WebSite","@id":"https:\/\/www.apfelpatient.de\/#website","url":"https:\/\/www.apfelpatient.de\/","name":"apple patient","description":"Everything about Apple!","publisher":{"@type":"Organization","@id":"https:\/\/www.apfelpatient.de\/en\/#organization","name":"Apfelpatient","url":"https:\/\/www.apfelpatient.de\/en\/"},"alternateName":"Apfelpatient","potentialAction":[{"@type":"SearchAction","target":{"@type":"EntryPoint","urlTemplate":"https:\/\/www.apfelpatient.de\/?s={search_term_string}"},"query-input":{"@type":"PropertyValueSpecification","valueRequired":true,"valueName":"search_term_string"}}],"inLanguage":"en-US"},{"@type":["Person","Organization"],"@id":"https:\/\/www.apfelpatient.de\/#\/schema\/person\/35b3ddba5832f2bfc7fff5206d4f6b7b","name":"Milan","logo":{"@id":"https:\/\/www.apfelpatient.de\/#\/schema\/person\/image\/"},"description":"Hello and welcome to my technology blog! As a big Apple fan, I report on everything to do with Apple: from the latest news and exciting rumors to helpful tips and tricks and detailed product tests. If you are as enthusiastic about technology as I am, you have come to the right place!","sameAs":["https:\/\/www.facebook.com\/apfelpatientOfficial","https:\/\/www.linkedin.com\/in\/milan-jovicic-42aa0231b"],"url":"https:\/\/www.apfelpatient.de\/en\/author\/apfeladmin"}]}},"_links":{"self":[{"href":"https:\/\/www.apfelpatient.de\/en\/wp-json\/wp\/v2\/posts\/38759","targetHints":{"allow":["GET"]}}],"collection":[{"href":"https:\/\/www.apfelpatient.de\/en\/wp-json\/wp\/v2\/posts"}],"about":[{"href":"https:\/\/www.apfelpatient.de\/en\/wp-json\/wp\/v2\/types\/post"}],"author":[{"embeddable":true,"href":"https:\/\/www.apfelpatient.de\/en\/wp-json\/wp\/v2\/users\/2"}],"replies":[{"embeddable":true,"href":"https:\/\/www.apfelpatient.de\/en\/wp-json\/wp\/v2\/comments?post=38759"}],"version-history":[{"count":0,"href":"https:\/\/www.apfelpatient.de\/en\/wp-json\/wp\/v2\/posts\/38759\/revisions"}],"wp:featuredmedia":[{"embeddable":true,"href":"https:\/\/www.apfelpatient.de\/en\/wp-json\/wp\/v2\/media\/38640"}],"wp:attachment":[{"href":"https:\/\/www.apfelpatient.de\/en\/wp-json\/wp\/v2\/media?parent=38759"}],"wp:term":[{"taxonomy":"category","embeddable":true,"href":"https:\/\/www.apfelpatient.de\/en\/wp-json\/wp\/v2\/categories?post=38759"},{"taxonomy":"post_tag","embeddable":true,"href":"https:\/\/www.apfelpatient.de\/en\/wp-json\/wp\/v2\/tags?post=38759"}],"curies":[{"name":"wp","href":"https:\/\/api.w.org\/{rel}","templated":true}]}}