{"id":38686,"date":"2023-05-15T16:25:04","date_gmt":"2023-05-15T14:25:04","guid":{"rendered":"https:\/\/www.apfelpatient.de\/?p=38686"},"modified":"2023-05-15T16:25:05","modified_gmt":"2023-05-15T14:25:05","slug":"in-focus-of-the-rumors-apple-ar-vr-headset-on-the-way","status":"publish","type":"post","link":"https:\/\/www.apfelpatient.de\/en\/rumors\/im-fokus-der-geruechte-apple-ar-vr-headset-im-anmarsch","title":{"rendered":"In the focus of rumors: Apple AR\/VR headset on the way"},"content":{"rendered":"<p class=\"has-drop-cap\"><strong>Apple fans worldwide are in for an exciting announcement, as the company&#039;s long-awaited AR\/VR headset is expected to be unveiled at the Worldwide Developers Conference (WWDC) in June. Rumors suggest that Apple is finally planning to officially announce the headset. Industry analyst Ming-Chi Kuo supports these speculations by stressing that the company is &quot;well prepared.&quot;<\/strong><\/p>\n\n\n\n<p>In the past, there were reports suggesting that production of the headset had been delayed until the third quarter of 2023, raising doubts about a WWDC unveiling. However, Ming-Chi Kuo <a href=\"https:\/\/medium.com\/@mingchikuo\/apple-ar-mr\u982d\u6234\u88dd\u7f6e\u767c\u4f48\u9810\u6e2c\u8207\u4f9b\u61c9\u93c8\u6295\u8cc7\u7b56\u7565-\u9ad8\u5049\u96fb\u5b50\u70ba\u6700\u5927\u53d7\u76ca\u8005-apple-ar-mr-headset-announcement-prediction-and-supply-e44e3bbecb77\" target=\"_blank\" rel=\"noreferrer noopener\">holds<\/a> an announcement next month is &quot;highly likely,&quot; indicating that Apple is prepared for the upcoming unveiling. In a report, Kuo described the five most expensive components of the headset and mentioned that they will be supplied by different suppliers. The expensive components include 4K micro OLED displays, two M2-based processors, the headset body, 12 optical cameras for hand motion capture, and the external power supply. Sony, TSMC, Everwin Precision, Cowell, and Goretek are the suppliers providing these components. The high price of the headset is expected to be around $3,000.<\/p>\n\n\n\n<h3 class=\"wp-block-heading\" id=\"h-apple-ar-vr-headset-auf-dem-weg-zur-bahnbrechenden-innovation\">Apple AR\/VR headset: On the way to groundbreaking innovation?<\/h3>\n\n\n\n\n\n\n\n<p>This pricing suggests that Apple may not be positioning the device for the masses of consumers, but rather designing it for developers, content creators and professionals. The company expects to sell only one headset per day per Apple Store. For the first year of availability, Apple plans to sell between seven and ten million units. The excitement is building as Apple fans worldwide eagerly await the WWDC keynote on June 5. At this event, the company is expected to officially unveil the AR\/VR headset. Although there have been dozens of leaks, the exact details remain under wraps for now. With the announcement of the headset, Apple is entering the augmented reality and virtual reality market, promising a revolutionary experience for developers, content creators and professionals. It remains to be seen how audiences will react to the new product and what impact it will have on the industry. (Image: Rendersbyjan)<\/p>\n\n\n\n<ul class=\"wp-block-list\">\n<li><a href=\"https:\/\/www.apfelpatient.de\/en\/rumors\/new-benchmark-in-ar-vr-apple-reality-pro-headset-is-coming\">New benchmark in AR\/VR: Apple Reality Pro headset is coming<\/a><\/li>\n<\/ul>\n\n\n\n<h6 class=\"wp-block-heading translation-block\" id=\"h-kennt-ihr-schon-unsere-amazon-storefront-dort-findet-ihr-eine-handverlesene-auswahl-von-diversen-produkten-f-r-euer-iphone-und-co-viel-spa-beim-st-bern\"><em>Have you already visited our Amazon Storefront? There you&#039;ll find a hand-picked selection of various products for your iPhone and other devices \u2013 <span class=\"has-inline-color has-vivid-red-color\"><a href=\"https:\/\/www.amazon.de\/shop\/apfelpatientofficial\" class=\"ek-link\" data-wpel-link=\"exclude\" rel=\"follow noopener\" target=\"_self\"><span style=\"text-decoration: underline\" class=\"ek-underline\">enjoy browsing<\/span><\/a> !<\/span><\/em><\/h6>\n\n\n\n<h6 class=\"wp-block-heading translation-block\" id=\"h-der-beitrag-enthalt-partnerlinks\">This post contains <a data-type=\"URL\" data-id=\"https:\/\/www.apfelpatient.de\/partnerprogramm\" href=\"https:\/\/www.apfelpatient.de\/en\/partner-program\" data-wpel-link=\"internal\" target=\"_self\">affiliate links<\/a>.<\/h6>","protected":false},"excerpt":{"rendered":"<p>On the road to groundbreaking innovation: Learn all about the Apple AR\/VR headset expected to be unveiled at WWDC 2023.<\/p>","protected":false},"author":2,"featured_media":29191,"comment_status":"closed","ping_status":"closed","sticky":false,"template":"","format":"standard","meta":{"jnews-multi-image_gallery":[],"jnews_single_post":{"subtitle":"","format":"standard","video":"","gallery":"","source_name":"","source_url":"","via_name":"","via_url":"","override":[{"single_blog_custom":"","sidebar":"","second_sidebar":"","share_position":"","share_float_style":"","post_date_format":"","post_date_format_custom":"","post_reading_time_wpm":"","zoom_button_out_step":"1","zoom_button_in_step":"1","number_popup_post":"1"}],"image_override":[{"single_post_thumbnail_size":"","single_post_gallery_size":""}],"trending_post_position":"","trending_post_label":"","sponsored_post_label":"","sponsored_post_name":"","sponsored_post_url":"","sponsored_post_logo":"","sponsored_post_desc":""},"jnews_primary_category":{"id":"25"},"footnotes":""},"categories":[25],"tags":[609],"class_list":["post-38686","post","type-post","status-publish","format-standard","has-post-thumbnail","hentry","category-rumors","tag-apple-vr-ar"],"yoast_head":"<!-- This site is optimized with the Yoast SEO Premium plugin v27.5 (Yoast SEO v27.5) - https:\/\/yoast.com\/product\/yoast-seo-premium-wordpress\/ -->\n<title>Im Fokus der Ger\u00fcchte: Apple AR\/VR-Headset im Anmarsch<\/title>\n<meta name=\"description\" content=\"Auf dem Weg zur bahnbrechenden Innovation: Erfahre alles \u00fcber das Apple AR\/VR-Headset, das voraussichtlich auf der WWDC 2023 enth\u00fcllt wird.\" \/>\n<meta name=\"robots\" content=\"index, follow, max-snippet:-1, max-image-preview:large, max-video-preview:-1\" \/>\n<link rel=\"canonical\" href=\"https:\/\/www.apfelpatient.de\/en\/rumors\/in-focus-of-the-rumors-apple-ar-vr-headset-on-the-way\" \/>\n<meta property=\"og:locale\" content=\"en_US\" \/>\n<meta property=\"og:type\" content=\"article\" \/>\n<meta property=\"og:title\" content=\"Im Fokus der Ger\u00fcchte: Apple AR\/VR-Headset im Anmarsch\" \/>\n<meta property=\"og:description\" content=\"Auf dem Weg zur bahnbrechenden Innovation: Erfahre alles \u00fcber das Apple AR\/VR-Headset, das voraussichtlich auf der WWDC 2023 enth\u00fcllt wird.\" \/>\n<meta property=\"og:url\" content=\"https:\/\/www.apfelpatient.de\/en\/rumors\/in-focus-of-the-rumors-apple-ar-vr-headset-on-the-way\" \/>\n<meta property=\"og:site_name\" content=\"Apfelpatient\" \/>\n<meta property=\"article:publisher\" content=\"https:\/\/www.facebook.com\/apfelpatientOfficial\" \/>\n<meta property=\"article:author\" content=\"https:\/\/www.facebook.com\/apfelpatientOfficial\" \/>\n<meta property=\"article:published_time\" content=\"2023-05-15T14:25:04+00:00\" \/>\n<meta property=\"article:modified_time\" content=\"2023-05-15T14:25:05+00:00\" \/>\n<meta property=\"og:image\" content=\"https:\/\/www.apfelpatient.de\/wp-content\/uploads\/2021\/12\/AppleView-hero2.png\" \/>\n\t<meta property=\"og:image:width\" content=\"1600\" \/>\n\t<meta property=\"og:image:height\" content=\"986\" \/>\n\t<meta property=\"og:image:type\" content=\"image\/png\" \/>\n<meta name=\"author\" content=\"Milan\" \/>\n<meta name=\"twitter:card\" content=\"summary_large_image\" \/>\n<meta name=\"twitter:description\" content=\"Auf dem Weg zur bahnbrechenden Innovation: Erfahre alles \u00fcber das Apple AR\/VR-Headset, das voraussichtlich auf der WWDC 2023 enth\u00fcllt wird.\" \/>\n<meta name=\"twitter:label1\" content=\"Written by\" \/>\n\t<meta name=\"twitter:data1\" content=\"Milan\" \/>\n\t<meta name=\"twitter:label2\" content=\"Est. reading time\" \/>\n\t<meta name=\"twitter:data2\" content=\"2 minutes\" \/>\n<script type=\"application\/ld+json\" class=\"yoast-schema-graph\">{\"@context\":\"https:\\\/\\\/schema.org\",\"@graph\":[{\"@type\":\"NewsArticle\",\"@id\":\"https:\\\/\\\/www.apfelpatient.de\\\/rumors\\\/im-fokus-der-geruechte-apple-ar-vr-headset-im-anmarsch#article\",\"isPartOf\":{\"@id\":\"https:\\\/\\\/www.apfelpatient.de\\\/rumors\\\/im-fokus-der-geruechte-apple-ar-vr-headset-im-anmarsch\"},\"author\":{\"@type\":\"Organization\",\"@id\":\"https:\\\/\\\/www.apfelpatient.de\\\/en\\\/#organization\",\"name\":\"Apfelpatient\",\"url\":\"https:\\\/\\\/www.apfelpatient.de\\\/en\\\/\"},\"headline\":\"Im Fokus der Ger\u00fcchte: Apple AR\\\/VR-Headset im Anmarsch\",\"datePublished\":\"2023-05-15T14:25:04+00:00\",\"dateModified\":\"2023-05-15T14:25:05+00:00\",\"mainEntityOfPage\":{\"@id\":\"https:\\\/\\\/www.apfelpatient.de\\\/rumors\\\/im-fokus-der-geruechte-apple-ar-vr-headset-im-anmarsch\"},\"wordCount\":373,\"publisher\":{\"@type\":\"Organization\",\"@id\":\"https:\\\/\\\/www.apfelpatient.de\\\/en\\\/#organization\",\"name\":\"Apfelpatient\",\"url\":\"https:\\\/\\\/www.apfelpatient.de\\\/en\\\/\"},\"image\":{\"@id\":\"https:\\\/\\\/www.apfelpatient.de\\\/rumors\\\/im-fokus-der-geruechte-apple-ar-vr-headset-im-anmarsch#primaryimage\"},\"thumbnailUrl\":\"https:\\\/\\\/www.apfelpatient.de\\\/wp-content\\\/uploads\\\/2021\\\/12\\\/AppleView-hero2.png\",\"keywords\":[\"Apple VR\\\/AR\"],\"articleSection\":\"Rumors\",\"inLanguage\":\"en-US\",\"copyrightYear\":\"2023\",\"copyrightHolder\":{\"@id\":\"https:\\\/\\\/www.apfelpatient.de\\\/en\\\/#organization\"}},{\"@type\":\"WebPage\",\"@id\":\"https:\\\/\\\/www.apfelpatient.de\\\/rumors\\\/im-fokus-der-geruechte-apple-ar-vr-headset-im-anmarsch\",\"url\":\"https:\\\/\\\/www.apfelpatient.de\\\/rumors\\\/im-fokus-der-geruechte-apple-ar-vr-headset-im-anmarsch\",\"name\":\"Im Fokus der Ger\u00fcchte: Apple AR\\\/VR-Headset im Anmarsch\",\"isPartOf\":{\"@id\":\"https:\\\/\\\/www.apfelpatient.de\\\/#website\"},\"primaryImageOfPage\":{\"@id\":\"https:\\\/\\\/www.apfelpatient.de\\\/rumors\\\/im-fokus-der-geruechte-apple-ar-vr-headset-im-anmarsch#primaryimage\"},\"image\":{\"@id\":\"https:\\\/\\\/www.apfelpatient.de\\\/rumors\\\/im-fokus-der-geruechte-apple-ar-vr-headset-im-anmarsch#primaryimage\"},\"thumbnailUrl\":\"https:\\\/\\\/www.apfelpatient.de\\\/wp-content\\\/uploads\\\/2021\\\/12\\\/AppleView-hero2.png\",\"datePublished\":\"2023-05-15T14:25:04+00:00\",\"dateModified\":\"2023-05-15T14:25:05+00:00\",\"description\":\"Auf dem Weg zur bahnbrechenden Innovation: Erfahre alles \u00fcber das Apple AR\\\/VR-Headset, das voraussichtlich auf der WWDC 2023 enth\u00fcllt wird.\",\"breadcrumb\":{\"@id\":\"https:\\\/\\\/www.apfelpatient.de\\\/rumors\\\/im-fokus-der-geruechte-apple-ar-vr-headset-im-anmarsch#breadcrumb\"},\"inLanguage\":\"en-US\",\"potentialAction\":[{\"@type\":\"ReadAction\",\"target\":[\"https:\\\/\\\/www.apfelpatient.de\\\/rumors\\\/im-fokus-der-geruechte-apple-ar-vr-headset-im-anmarsch\"]}]},{\"@type\":\"ImageObject\",\"inLanguage\":\"en-US\",\"@id\":\"https:\\\/\\\/www.apfelpatient.de\\\/rumors\\\/im-fokus-der-geruechte-apple-ar-vr-headset-im-anmarsch#primaryimage\",\"url\":\"https:\\\/\\\/www.apfelpatient.de\\\/wp-content\\\/uploads\\\/2021\\\/12\\\/AppleView-hero2.png\",\"contentUrl\":\"https:\\\/\\\/www.apfelpatient.de\\\/wp-content\\\/uploads\\\/2021\\\/12\\\/AppleView-hero2.png\",\"width\":1600,\"height\":986,\"caption\":\"Bild: Rendersbyjan - Apple View - Apple AR\\\/VR-Headset\"},{\"@type\":\"BreadcrumbList\",\"@id\":\"https:\\\/\\\/www.apfelpatient.de\\\/rumors\\\/im-fokus-der-geruechte-apple-ar-vr-headset-im-anmarsch#breadcrumb\",\"itemListElement\":[{\"@type\":\"ListItem\",\"position\":1,\"name\":\"Startseite\",\"item\":\"https:\\\/\\\/www.apfelpatient.de\\\/\"},{\"@type\":\"ListItem\",\"position\":2,\"name\":\"Im Fokus der Ger\u00fcchte: Apple AR\\\/VR-Headset im Anmarsch\"}]},{\"@type\":\"WebSite\",\"@id\":\"https:\\\/\\\/www.apfelpatient.de\\\/#website\",\"url\":\"https:\\\/\\\/www.apfelpatient.de\\\/\",\"name\":\"Apfelpatient\",\"description\":\"Alles rund um Apple!\",\"publisher\":{\"@type\":\"Organization\",\"@id\":\"https:\\\/\\\/www.apfelpatient.de\\\/en\\\/#organization\",\"name\":\"Apfelpatient\",\"url\":\"https:\\\/\\\/www.apfelpatient.de\\\/en\\\/\"},\"alternateName\":\"Apfelpatient\",\"potentialAction\":[{\"@type\":\"SearchAction\",\"target\":{\"@type\":\"EntryPoint\",\"urlTemplate\":\"https:\\\/\\\/www.apfelpatient.de\\\/?s={search_term_string}\"},\"query-input\":{\"@type\":\"PropertyValueSpecification\",\"valueRequired\":true,\"valueName\":\"search_term_string\"}}],\"inLanguage\":\"en-US\"},{\"@type\":[\"Person\",\"Organization\"],\"@id\":\"https:\\\/\\\/www.apfelpatient.de\\\/#\\\/schema\\\/person\\\/35b3ddba5832f2bfc7fff5206d4f6b7b\",\"name\":\"Milan\",\"logo\":{\"@id\":\"https:\\\/\\\/www.apfelpatient.de\\\/#\\\/schema\\\/person\\\/image\\\/\"},\"description\":\"Hallo und herzlich willkommen auf meinem Technik-Blog! Als gro\u00dfer Apple-Fan berichte ich hier \u00fcber alles, was mit Apple zu tun hat: von den neuesten News und spannenden Ger\u00fcchten \u00fcber hilfreiche Tipps und Tricks bis hin zu ausf\u00fchrlichen Produkttests. Wenn du genauso technikbegeistert bist wie ich, bist du hier genau richtig!\",\"sameAs\":[\"https:\\\/\\\/www.facebook.com\\\/apfelpatientOfficial\",\"https:\\\/\\\/www.linkedin.com\\\/in\\\/milan-jovicic-42aa0231b\"],\"url\":\"https:\\\/\\\/www.apfelpatient.de\\\/en\\\/author\\\/apfeladmin\"}]}<\/script>\n<!-- \/ Yoast SEO Premium plugin. -->","yoast_head_json":{"title":"In the focus of rumors: Apple AR\/VR headset on the way","description":"On the road to groundbreaking innovation: Learn all about the Apple AR\/VR headset expected to be unveiled at WWDC 2023.","robots":{"index":"index","follow":"follow","max-snippet":"max-snippet:-1","max-image-preview":"max-image-preview:large","max-video-preview":"max-video-preview:-1"},"canonical":"https:\/\/www.apfelpatient.de\/en\/rumors\/in-focus-of-the-rumors-apple-ar-vr-headset-on-the-way","og_locale":"en_US","og_type":"article","og_title":"Im Fokus der Ger\u00fcchte: Apple AR\/VR-Headset im Anmarsch","og_description":"Auf dem Weg zur bahnbrechenden Innovation: Erfahre alles \u00fcber das Apple AR\/VR-Headset, das voraussichtlich auf der WWDC 2023 enth\u00fcllt wird.","og_url":"https:\/\/www.apfelpatient.de\/en\/rumors\/in-focus-of-the-rumors-apple-ar-vr-headset-on-the-way","og_site_name":"Apfelpatient","article_publisher":"https:\/\/www.facebook.com\/apfelpatientOfficial","article_author":"https:\/\/www.facebook.com\/apfelpatientOfficial","article_published_time":"2023-05-15T14:25:04+00:00","article_modified_time":"2023-05-15T14:25:05+00:00","og_image":[{"width":1600,"height":986,"url":"https:\/\/www.apfelpatient.de\/wp-content\/uploads\/2021\/12\/AppleView-hero2.png","type":"image\/png"}],"author":"Milan","twitter_card":"summary_large_image","twitter_description":"Auf dem Weg zur bahnbrechenden Innovation: Erfahre alles \u00fcber das Apple AR\/VR-Headset, das voraussichtlich auf der WWDC 2023 enth\u00fcllt wird.","twitter_misc":{"Written by":"Milan","Est. reading time":"2 minutes"},"schema":{"@context":"https:\/\/schema.org","@graph":[{"@type":"NewsArticle","@id":"https:\/\/www.apfelpatient.de\/rumors\/im-fokus-der-geruechte-apple-ar-vr-headset-im-anmarsch#article","isPartOf":{"@id":"https:\/\/www.apfelpatient.de\/rumors\/im-fokus-der-geruechte-apple-ar-vr-headset-im-anmarsch"},"author":{"@type":"Organization","@id":"https:\/\/www.apfelpatient.de\/en\/#organization","name":"Apfelpatient","url":"https:\/\/www.apfelpatient.de\/en\/"},"headline":"Im Fokus der Ger\u00fcchte: Apple AR\/VR-Headset im Anmarsch","datePublished":"2023-05-15T14:25:04+00:00","dateModified":"2023-05-15T14:25:05+00:00","mainEntityOfPage":{"@id":"https:\/\/www.apfelpatient.de\/rumors\/im-fokus-der-geruechte-apple-ar-vr-headset-im-anmarsch"},"wordCount":373,"publisher":{"@type":"Organization","@id":"https:\/\/www.apfelpatient.de\/en\/#organization","name":"Apfelpatient","url":"https:\/\/www.apfelpatient.de\/en\/"},"image":{"@id":"https:\/\/www.apfelpatient.de\/rumors\/im-fokus-der-geruechte-apple-ar-vr-headset-im-anmarsch#primaryimage"},"thumbnailUrl":"https:\/\/www.apfelpatient.de\/wp-content\/uploads\/2021\/12\/AppleView-hero2.png","keywords":["Apple VR\/AR"],"articleSection":"Rumors","inLanguage":"en-US","copyrightYear":"2023","copyrightHolder":{"@id":"https:\/\/www.apfelpatient.de\/en\/#organization"}},{"@type":"WebPage","@id":"https:\/\/www.apfelpatient.de\/rumors\/im-fokus-der-geruechte-apple-ar-vr-headset-im-anmarsch","url":"https:\/\/www.apfelpatient.de\/rumors\/im-fokus-der-geruechte-apple-ar-vr-headset-im-anmarsch","name":"In the focus of rumors: Apple AR\/VR headset on the way","isPartOf":{"@id":"https:\/\/www.apfelpatient.de\/#website"},"primaryImageOfPage":{"@id":"https:\/\/www.apfelpatient.de\/rumors\/im-fokus-der-geruechte-apple-ar-vr-headset-im-anmarsch#primaryimage"},"image":{"@id":"https:\/\/www.apfelpatient.de\/rumors\/im-fokus-der-geruechte-apple-ar-vr-headset-im-anmarsch#primaryimage"},"thumbnailUrl":"https:\/\/www.apfelpatient.de\/wp-content\/uploads\/2021\/12\/AppleView-hero2.png","datePublished":"2023-05-15T14:25:04+00:00","dateModified":"2023-05-15T14:25:05+00:00","description":"On the road to groundbreaking innovation: Learn all about the Apple AR\/VR headset expected to be unveiled at WWDC 2023.","breadcrumb":{"@id":"https:\/\/www.apfelpatient.de\/rumors\/im-fokus-der-geruechte-apple-ar-vr-headset-im-anmarsch#breadcrumb"},"inLanguage":"en-US","potentialAction":[{"@type":"ReadAction","target":["https:\/\/www.apfelpatient.de\/rumors\/im-fokus-der-geruechte-apple-ar-vr-headset-im-anmarsch"]}]},{"@type":"ImageObject","inLanguage":"en-US","@id":"https:\/\/www.apfelpatient.de\/rumors\/im-fokus-der-geruechte-apple-ar-vr-headset-im-anmarsch#primaryimage","url":"https:\/\/www.apfelpatient.de\/wp-content\/uploads\/2021\/12\/AppleView-hero2.png","contentUrl":"https:\/\/www.apfelpatient.de\/wp-content\/uploads\/2021\/12\/AppleView-hero2.png","width":1600,"height":986,"caption":"Bild: Rendersbyjan - Apple View - Apple AR\/VR-Headset"},{"@type":"BreadcrumbList","@id":"https:\/\/www.apfelpatient.de\/rumors\/im-fokus-der-geruechte-apple-ar-vr-headset-im-anmarsch#breadcrumb","itemListElement":[{"@type":"ListItem","position":1,"name":"Startseite","item":"https:\/\/www.apfelpatient.de\/"},{"@type":"ListItem","position":2,"name":"Im Fokus der Ger\u00fcchte: Apple AR\/VR-Headset im Anmarsch"}]},{"@type":"WebSite","@id":"https:\/\/www.apfelpatient.de\/#website","url":"https:\/\/www.apfelpatient.de\/","name":"apple patient","description":"Everything about Apple!","publisher":{"@type":"Organization","@id":"https:\/\/www.apfelpatient.de\/en\/#organization","name":"Apfelpatient","url":"https:\/\/www.apfelpatient.de\/en\/"},"alternateName":"Apfelpatient","potentialAction":[{"@type":"SearchAction","target":{"@type":"EntryPoint","urlTemplate":"https:\/\/www.apfelpatient.de\/?s={search_term_string}"},"query-input":{"@type":"PropertyValueSpecification","valueRequired":true,"valueName":"search_term_string"}}],"inLanguage":"en-US"},{"@type":["Person","Organization"],"@id":"https:\/\/www.apfelpatient.de\/#\/schema\/person\/35b3ddba5832f2bfc7fff5206d4f6b7b","name":"Milan","logo":{"@id":"https:\/\/www.apfelpatient.de\/#\/schema\/person\/image\/"},"description":"Hello and welcome to my technology blog! As a big Apple fan, I report on everything to do with Apple: from the latest news and exciting rumors to helpful tips and tricks and detailed product tests. If you are as enthusiastic about technology as I am, you have come to the right place!","sameAs":["https:\/\/www.facebook.com\/apfelpatientOfficial","https:\/\/www.linkedin.com\/in\/milan-jovicic-42aa0231b"],"url":"https:\/\/www.apfelpatient.de\/en\/author\/apfeladmin"}]}},"_links":{"self":[{"href":"https:\/\/www.apfelpatient.de\/en\/wp-json\/wp\/v2\/posts\/38686","targetHints":{"allow":["GET"]}}],"collection":[{"href":"https:\/\/www.apfelpatient.de\/en\/wp-json\/wp\/v2\/posts"}],"about":[{"href":"https:\/\/www.apfelpatient.de\/en\/wp-json\/wp\/v2\/types\/post"}],"author":[{"embeddable":true,"href":"https:\/\/www.apfelpatient.de\/en\/wp-json\/wp\/v2\/users\/2"}],"replies":[{"embeddable":true,"href":"https:\/\/www.apfelpatient.de\/en\/wp-json\/wp\/v2\/comments?post=38686"}],"version-history":[{"count":0,"href":"https:\/\/www.apfelpatient.de\/en\/wp-json\/wp\/v2\/posts\/38686\/revisions"}],"wp:featuredmedia":[{"embeddable":true,"href":"https:\/\/www.apfelpatient.de\/en\/wp-json\/wp\/v2\/media\/29191"}],"wp:attachment":[{"href":"https:\/\/www.apfelpatient.de\/en\/wp-json\/wp\/v2\/media?parent=38686"}],"wp:term":[{"taxonomy":"category","embeddable":true,"href":"https:\/\/www.apfelpatient.de\/en\/wp-json\/wp\/v2\/categories?post=38686"},{"taxonomy":"post_tag","embeddable":true,"href":"https:\/\/www.apfelpatient.de\/en\/wp-json\/wp\/v2\/tags?post=38686"}],"curies":[{"name":"wp","href":"https:\/\/api.w.org\/{rel}","templated":true}]}}