{"id":38667,"date":"2023-05-13T18:12:14","date_gmt":"2023-05-13T16:12:14","guid":{"rendered":"https:\/\/www.apfelpatient.de\/?p=38667"},"modified":"2024-05-22T15:08:40","modified_gmt":"2024-05-22T13:08:40","slug":"new-benchmark-in-ar-vr-apple-reality-pro-headset-is-coming","status":"publish","type":"post","link":"https:\/\/www.apfelpatient.de\/en\/rumors\/neuer-massstab-in-ar-vr-apple-reality-pro-headset-steht-bevor","title":{"rendered":"New benchmark in AR\/VR: Apple Reality Pro headset is coming"},"content":{"rendered":"<p class=\"has-drop-cap\"><strong>The Wall Street Journal (WSJ) has published a report ahead of the start of the Worldwide Developers Conference (WWDC) revealing new information about Apple&#039;s &quot;Reality Pro&quot; headset. Although the AR\/VR headset is expected to be unveiled at WWDC, there are concerns about production and possible delays.<\/strong><\/p>\n\n\n\n<p>Apple&#039;s Reality Pro headset has long been a source of excitement and speculation. Now the <a href=\"https:\/\/www.wsj.com\/articles\/apple-is-breaking-its-own-rules-with-a-new-headset-80c9b36c\" target=\"_blank\" rel=\"noreferrer nofollow noopener\">report<\/a> The WSJ provides further details that have already been confirmed by other sources. The company is pursuing a mixed reality approach that allows users to experience their virtual world through the glasses while simultaneously seeing the physical environment through outward-facing cameras. This functionality promises a unique and immersive user experience.<\/p>\n\n\n\n<h3 class=\"wp-block-heading\" id=\"h-herausforderungen-bei-produktion-und-markteinfuhrung\">challenges in production and market launch<\/h3>\n\n\n\n<p>Despite the anticipation of the headset&#039;s unveiling at WWDC, there are concerns about production and a possible delay in its launch, according to the WSJ report. The headset is expected to be available to most users by the end of the year, as mass production is not scheduled to begin until December. However, Apple has already spent months preparing presentations with a demo version of the device to showcase at WWDC. Employees at Apple and in the company&#039;s supply chain are worried about further delays and potential difficulties in integrating the headset with the new software and producing it for the mass market. There is a possibility that Apple will have to adjust its schedule. The headset&#039;s slow launch and expected production issues contrast with Apple&#039;s usual practice of bringing products to market in full form.<\/p>\n\n\n\n<h3 class=\"wp-block-heading\">Innovative design and functionality<\/h3>\n\n\n\n<p>The high price of $3,000 makes the headset unaffordable for many consumers. These challenges may cause the company to rethink its approach and seek alternative solutions. The physical design of the Reality Pro headset is also mentioned in the report. It will use an external battery and will completely enclose the user&#039;s eyes, similar to goggles. This will prevent the user from seeing their surroundings directly, allowing for complete immersion in the virtual world. The report also contains interesting information about Apple&#039;s previous plans for the first version of the headset. Initially, the company considered connecting the headset wirelessly to a base station to offload computationally intensive tasks, but this idea was scrapped.<\/p>\n\n\n\n<h3 class=\"wp-block-heading\">Apple Reality Pro Headset: Unique mixed reality experience expected<\/h3>\n\n\n\n\n\n\n\n<p>Despite the expected production issues and concerns surrounding the launch of the Reality Pro headset, anticipation remains for the unveiling at WWDC. Apple plans to offer a series of developer sessions at WWDC dedicated to software development for the new headset. These sessions are expected to give developers the opportunity to adapt and optimize their applications and content for the Reality Pro headset&#039;s special features. Overall, it remains to be seen how the production issues and potential delays will affect the launch of the Reality Pro headset. The unveiling at WWDC will no doubt provide further insight into the headset&#039;s features and potential as the company continues to work on optimizing and overcoming the challenges. (Photo by peshkov \/ Bigstockphoto)<\/p>\n\n\n\n<ul class=\"wp-block-list\">\n<li><a href=\"https:\/\/www.apfelpatient.de\/en\/rumors\/apple-mixed-reality-headset-delivery-phase-has-begun\">Apple Mixed Reality Headset: \u201cDelivery phase\u201d has begun<\/a><\/li>\n<\/ul>\n\n\n\n<h6 class=\"wp-block-heading translation-block\" id=\"h-kennt-ihr-schon-unsere-amazon-storefront-dort-findet-ihr-eine-handverlesene-auswahl-von-diversen-produkten-f-r-euer-iphone-und-co-viel-spa-beim-st-bern\"><em>Have you already visited our Amazon Storefront? There you&#039;ll find a hand-picked selection of various products for your iPhone and other devices \u2013 <span class=\"has-inline-color has-vivid-red-color\"><a href=\"https:\/\/www.amazon.de\/shop\/apfelpatientofficial\" class=\"ek-link\" data-wpel-link=\"exclude\" rel=\"follow noopener\" target=\"_self\"><span style=\"text-decoration: underline\" class=\"ek-underline\">enjoy browsing<\/span><\/a> !<\/span><\/em><\/h6>\n\n\n\n<h6 class=\"wp-block-heading translation-block\" id=\"h-der-beitrag-enthalt-partnerlinks\">This post contains <a data-type=\"URL\" data-id=\"https:\/\/www.apfelpatient.de\/partnerprogramm\" href=\"https:\/\/www.apfelpatient.de\/en\/partner-program\" data-wpel-link=\"internal\" target=\"_self\">affiliate links<\/a>.<\/h6>","protected":false},"excerpt":{"rendered":"<p>A unique mixed reality experience awaits: Apple Reality Pro Headset \u2013 anticipation of the unveiling and the latest details!<\/p>","protected":false},"author":2,"featured_media":32028,"comment_status":"closed","ping_status":"closed","sticky":false,"template":"","format":"standard","meta":{"jnews-multi-image_gallery":[],"jnews_single_post":{"subtitle":"","format":"standard","video":"","gallery":"","source_name":"","source_url":"","via_name":"","via_url":"","override_template":"0","override":[{"template":"4","single_blog_custom":"","parallax":"1","fullscreen":"1","layout":"right-sidebar","sidebar":"","second_sidebar":"","sticky_sidebar":"1","share_position":"","share_float_style":"","show_share_counter":"0","show_view_counter":"0","show_featured":"1","show_post_meta":"1","show_post_author":"1","show_post_author_image":"1","show_post_date":"1","post_date_format":"","post_date_format_custom":"","show_post_category":"1","show_post_reading_time":"0","post_reading_time_wpm":"","show_zoom_button":"0","zoom_button_out_step":"1","zoom_button_in_step":"1","show_post_tag":"1","show_prev_next_post":"1","show_popup_post":"1","number_popup_post":"1","show_author_box":"0","show_post_related":"0","show_inline_post_related":"0"}],"override_image_size":"0","image_override":[{"single_post_thumbnail_size":"","single_post_gallery_size":""}],"trending_post":"0","trending_post_position":"","trending_post_label":"","sponsored_post":"0","sponsored_post_label":"","sponsored_post_name":"","sponsored_post_url":"","sponsored_post_logo_enable":"0","sponsored_post_logo":"","sponsored_post_desc":"","disable_ad":"0"},"jnews_primary_category":{"id":"25","hide":""},"footnotes":""},"categories":[25],"tags":[609],"class_list":["post-38667","post","type-post","status-publish","format-standard","has-post-thumbnail","hentry","category-rumors","tag-apple-vr-ar"],"yoast_head":"<!-- This site is optimized with the Yoast SEO Premium plugin v27.5 (Yoast SEO v27.5) - https:\/\/yoast.com\/product\/yoast-seo-premium-wordpress\/ -->\n<title>Neuer Ma\u00dfstab in AR\/VR: Apple Reality Pro Headset steht bevor Apfelpatient<\/title>\n<meta name=\"description\" content=\"Einzigartige Mixed-Reality-Erfahrung erwartet: Apple Reality Pro Headset - Vorfreude auf die Enth\u00fcllung und die neuesten Details!\" \/>\n<meta name=\"robots\" content=\"index, follow, max-snippet:-1, max-image-preview:large, max-video-preview:-1\" \/>\n<link rel=\"canonical\" href=\"https:\/\/www.apfelpatient.de\/en\/rumors\/new-benchmark-in-ar-vr-apple-reality-pro-headset-is-coming\" \/>\n<meta property=\"og:locale\" content=\"en_US\" \/>\n<meta property=\"og:type\" content=\"article\" \/>\n<meta property=\"og:title\" content=\"Neuer Ma\u00dfstab in AR\/VR: Apple Reality Pro Headset steht bevor\" \/>\n<meta property=\"og:description\" content=\"Einzigartige Mixed-Reality-Erfahrung erwartet: Apple Reality Pro Headset - Vorfreude auf die Enth\u00fcllung und die neuesten Details!\" \/>\n<meta property=\"og:url\" content=\"https:\/\/www.apfelpatient.de\/en\/rumors\/new-benchmark-in-ar-vr-apple-reality-pro-headset-is-coming\" \/>\n<meta property=\"og:site_name\" content=\"Apfelpatient\" \/>\n<meta property=\"article:publisher\" content=\"https:\/\/www.facebook.com\/apfelpatientOfficial\" \/>\n<meta property=\"article:author\" content=\"https:\/\/www.facebook.com\/apfelpatientOfficial\" \/>\n<meta property=\"article:published_time\" content=\"2023-05-13T16:12:14+00:00\" \/>\n<meta property=\"article:modified_time\" content=\"2024-05-22T13:08:40+00:00\" \/>\n<meta property=\"og:image\" content=\"https:\/\/www.apfelpatient.de\/wp-content\/uploads\/2022\/06\/bigstock-Artificial-Intelligence-And-Vi-454662509.jpg\" \/>\n\t<meta property=\"og:image:width\" content=\"1600\" \/>\n\t<meta property=\"og:image:height\" content=\"914\" \/>\n\t<meta property=\"og:image:type\" content=\"image\/jpeg\" \/>\n<meta name=\"author\" content=\"Milan\" \/>\n<meta name=\"twitter:card\" content=\"summary_large_image\" \/>\n<meta name=\"twitter:description\" content=\"Einzigartige Mixed-Reality-Erfahrung erwartet: Apple Reality Pro Headset - Vorfreude auf die Enth\u00fcllung und die neuesten Details!\" \/>\n<meta name=\"twitter:label1\" content=\"Written by\" \/>\n\t<meta name=\"twitter:data1\" content=\"Milan\" \/>\n\t<meta name=\"twitter:label2\" content=\"Est. reading time\" \/>\n\t<meta name=\"twitter:data2\" content=\"9 minutes\" \/>\n<script type=\"application\/ld+json\" class=\"yoast-schema-graph\">{\"@context\":\"https:\\\/\\\/schema.org\",\"@graph\":[{\"@type\":\"NewsArticle\",\"@id\":\"https:\\\/\\\/www.apfelpatient.de\\\/rumors\\\/neuer-massstab-in-ar-vr-apple-reality-pro-headset-steht-bevor#article\",\"isPartOf\":{\"@id\":\"https:\\\/\\\/www.apfelpatient.de\\\/rumors\\\/neuer-massstab-in-ar-vr-apple-reality-pro-headset-steht-bevor\"},\"author\":{\"@type\":\"Organization\",\"@id\":\"https:\\\/\\\/www.apfelpatient.de\\\/en\\\/#organization\",\"name\":\"Apfelpatient\",\"url\":\"https:\\\/\\\/www.apfelpatient.de\\\/en\\\/\"},\"headline\":\"Neuer Ma\u00dfstab in AR\\\/VR: Apple Reality Pro Headset steht bevor\",\"datePublished\":\"2023-05-13T16:12:14+00:00\",\"dateModified\":\"2024-05-22T13:08:40+00:00\",\"mainEntityOfPage\":{\"@id\":\"https:\\\/\\\/www.apfelpatient.de\\\/rumors\\\/neuer-massstab-in-ar-vr-apple-reality-pro-headset-steht-bevor\"},\"wordCount\":563,\"publisher\":{\"@type\":\"Organization\",\"@id\":\"https:\\\/\\\/www.apfelpatient.de\\\/en\\\/#organization\",\"name\":\"Apfelpatient\",\"url\":\"https:\\\/\\\/www.apfelpatient.de\\\/en\\\/\"},\"image\":{\"@id\":\"https:\\\/\\\/www.apfelpatient.de\\\/rumors\\\/neuer-massstab-in-ar-vr-apple-reality-pro-headset-steht-bevor#primaryimage\"},\"thumbnailUrl\":\"https:\\\/\\\/www.apfelpatient.de\\\/wp-content\\\/uploads\\\/2022\\\/06\\\/bigstock-Artificial-Intelligence-And-Vi-454662509.jpg\",\"keywords\":[\"Apple VR\\\/AR\"],\"articleSection\":\"Rumors\",\"inLanguage\":\"en-US\",\"copyrightYear\":\"2023\",\"copyrightHolder\":{\"@id\":\"https:\\\/\\\/www.apfelpatient.de\\\/en\\\/#organization\"}},{\"@type\":\"WebPage\",\"@id\":\"https:\\\/\\\/www.apfelpatient.de\\\/rumors\\\/neuer-massstab-in-ar-vr-apple-reality-pro-headset-steht-bevor\",\"url\":\"https:\\\/\\\/www.apfelpatient.de\\\/rumors\\\/neuer-massstab-in-ar-vr-apple-reality-pro-headset-steht-bevor\",\"name\":\"Neuer Ma\u00dfstab in AR\\\/VR: Apple Reality Pro Headset steht bevor Apfelpatient\",\"isPartOf\":{\"@id\":\"https:\\\/\\\/www.apfelpatient.de\\\/#website\"},\"primaryImageOfPage\":{\"@id\":\"https:\\\/\\\/www.apfelpatient.de\\\/rumors\\\/neuer-massstab-in-ar-vr-apple-reality-pro-headset-steht-bevor#primaryimage\"},\"image\":{\"@id\":\"https:\\\/\\\/www.apfelpatient.de\\\/rumors\\\/neuer-massstab-in-ar-vr-apple-reality-pro-headset-steht-bevor#primaryimage\"},\"thumbnailUrl\":\"https:\\\/\\\/www.apfelpatient.de\\\/wp-content\\\/uploads\\\/2022\\\/06\\\/bigstock-Artificial-Intelligence-And-Vi-454662509.jpg\",\"datePublished\":\"2023-05-13T16:12:14+00:00\",\"dateModified\":\"2024-05-22T13:08:40+00:00\",\"description\":\"Einzigartige Mixed-Reality-Erfahrung erwartet: Apple Reality Pro Headset - Vorfreude auf die Enth\u00fcllung und die neuesten Details!\",\"breadcrumb\":{\"@id\":\"https:\\\/\\\/www.apfelpatient.de\\\/rumors\\\/neuer-massstab-in-ar-vr-apple-reality-pro-headset-steht-bevor#breadcrumb\"},\"inLanguage\":\"en-US\",\"potentialAction\":[{\"@type\":\"ReadAction\",\"target\":[\"https:\\\/\\\/www.apfelpatient.de\\\/rumors\\\/neuer-massstab-in-ar-vr-apple-reality-pro-headset-steht-bevor\"]}]},{\"@type\":\"ImageObject\",\"inLanguage\":\"en-US\",\"@id\":\"https:\\\/\\\/www.apfelpatient.de\\\/rumors\\\/neuer-massstab-in-ar-vr-apple-reality-pro-headset-steht-bevor#primaryimage\",\"url\":\"https:\\\/\\\/www.apfelpatient.de\\\/wp-content\\\/uploads\\\/2022\\\/06\\\/bigstock-Artificial-Intelligence-And-Vi-454662509.jpg\",\"contentUrl\":\"https:\\\/\\\/www.apfelpatient.de\\\/wp-content\\\/uploads\\\/2022\\\/06\\\/bigstock-Artificial-Intelligence-And-Vi-454662509.jpg\",\"width\":1600,\"height\":914,\"caption\":\"Artificial intelligence and virtual reality concept with side view on digital scheme in robot with headset on. Mock up, 3D rendering\"},{\"@type\":\"BreadcrumbList\",\"@id\":\"https:\\\/\\\/www.apfelpatient.de\\\/rumors\\\/neuer-massstab-in-ar-vr-apple-reality-pro-headset-steht-bevor#breadcrumb\",\"itemListElement\":[{\"@type\":\"ListItem\",\"position\":1,\"name\":\"Startseite\",\"item\":\"https:\\\/\\\/www.apfelpatient.de\\\/\"},{\"@type\":\"ListItem\",\"position\":2,\"name\":\"Neuer Ma\u00dfstab in AR\\\/VR: Apple Reality Pro Headset steht bevor\"}]},{\"@type\":\"WebSite\",\"@id\":\"https:\\\/\\\/www.apfelpatient.de\\\/#website\",\"url\":\"https:\\\/\\\/www.apfelpatient.de\\\/\",\"name\":\"Apfelpatient\",\"description\":\"Alles rund um Apple!\",\"publisher\":{\"@type\":\"Organization\",\"@id\":\"https:\\\/\\\/www.apfelpatient.de\\\/en\\\/#organization\",\"name\":\"Apfelpatient\",\"url\":\"https:\\\/\\\/www.apfelpatient.de\\\/en\\\/\"},\"alternateName\":\"Apfelpatient\",\"potentialAction\":[{\"@type\":\"SearchAction\",\"target\":{\"@type\":\"EntryPoint\",\"urlTemplate\":\"https:\\\/\\\/www.apfelpatient.de\\\/?s={search_term_string}\"},\"query-input\":{\"@type\":\"PropertyValueSpecification\",\"valueRequired\":true,\"valueName\":\"search_term_string\"}}],\"inLanguage\":\"en-US\"},{\"@type\":[\"Person\",\"Organization\"],\"@id\":\"https:\\\/\\\/www.apfelpatient.de\\\/#\\\/schema\\\/person\\\/35b3ddba5832f2bfc7fff5206d4f6b7b\",\"name\":\"Milan\",\"logo\":{\"@id\":\"https:\\\/\\\/www.apfelpatient.de\\\/#\\\/schema\\\/person\\\/image\\\/\"},\"description\":\"Hallo und herzlich willkommen auf meinem Technik-Blog! Als gro\u00dfer Apple-Fan berichte ich hier \u00fcber alles, was mit Apple zu tun hat: von den neuesten News und spannenden Ger\u00fcchten \u00fcber hilfreiche Tipps und Tricks bis hin zu ausf\u00fchrlichen Produkttests. Wenn du genauso technikbegeistert bist wie ich, bist du hier genau richtig!\",\"sameAs\":[\"https:\\\/\\\/www.facebook.com\\\/apfelpatientOfficial\",\"https:\\\/\\\/www.linkedin.com\\\/in\\\/milan-jovicic-42aa0231b\"],\"url\":\"https:\\\/\\\/www.apfelpatient.de\\\/en\\\/author\\\/apfeladmin\"}]}<\/script>\n<!-- \/ Yoast SEO Premium plugin. -->","yoast_head_json":{"title":"New benchmark in AR\/VR: Apple Reality Pro headset is coming Apfelpatient","description":"Unique mixed reality experience awaits: Apple Reality Pro Headset - Looking forward to the unveiling and the latest details!","robots":{"index":"index","follow":"follow","max-snippet":"max-snippet:-1","max-image-preview":"max-image-preview:large","max-video-preview":"max-video-preview:-1"},"canonical":"https:\/\/www.apfelpatient.de\/en\/rumors\/new-benchmark-in-ar-vr-apple-reality-pro-headset-is-coming","og_locale":"en_US","og_type":"article","og_title":"Neuer Ma\u00dfstab in AR\/VR: Apple Reality Pro Headset steht bevor","og_description":"Einzigartige Mixed-Reality-Erfahrung erwartet: Apple Reality Pro Headset - Vorfreude auf die Enth\u00fcllung und die neuesten Details!","og_url":"https:\/\/www.apfelpatient.de\/en\/rumors\/new-benchmark-in-ar-vr-apple-reality-pro-headset-is-coming","og_site_name":"Apfelpatient","article_publisher":"https:\/\/www.facebook.com\/apfelpatientOfficial","article_author":"https:\/\/www.facebook.com\/apfelpatientOfficial","article_published_time":"2023-05-13T16:12:14+00:00","article_modified_time":"2024-05-22T13:08:40+00:00","og_image":[{"width":1600,"height":914,"url":"https:\/\/www.apfelpatient.de\/wp-content\/uploads\/2022\/06\/bigstock-Artificial-Intelligence-And-Vi-454662509.jpg","type":"image\/jpeg"}],"author":"Milan","twitter_card":"summary_large_image","twitter_description":"Einzigartige Mixed-Reality-Erfahrung erwartet: Apple Reality Pro Headset - Vorfreude auf die Enth\u00fcllung und die neuesten Details!","twitter_misc":{"Written by":"Milan","Est. reading time":"9 minutes"},"schema":{"@context":"https:\/\/schema.org","@graph":[{"@type":"NewsArticle","@id":"https:\/\/www.apfelpatient.de\/rumors\/neuer-massstab-in-ar-vr-apple-reality-pro-headset-steht-bevor#article","isPartOf":{"@id":"https:\/\/www.apfelpatient.de\/rumors\/neuer-massstab-in-ar-vr-apple-reality-pro-headset-steht-bevor"},"author":{"@type":"Organization","@id":"https:\/\/www.apfelpatient.de\/en\/#organization","name":"Apfelpatient","url":"https:\/\/www.apfelpatient.de\/en\/"},"headline":"Neuer Ma\u00dfstab in AR\/VR: Apple Reality Pro Headset steht bevor","datePublished":"2023-05-13T16:12:14+00:00","dateModified":"2024-05-22T13:08:40+00:00","mainEntityOfPage":{"@id":"https:\/\/www.apfelpatient.de\/rumors\/neuer-massstab-in-ar-vr-apple-reality-pro-headset-steht-bevor"},"wordCount":563,"publisher":{"@type":"Organization","@id":"https:\/\/www.apfelpatient.de\/en\/#organization","name":"Apfelpatient","url":"https:\/\/www.apfelpatient.de\/en\/"},"image":{"@id":"https:\/\/www.apfelpatient.de\/rumors\/neuer-massstab-in-ar-vr-apple-reality-pro-headset-steht-bevor#primaryimage"},"thumbnailUrl":"https:\/\/www.apfelpatient.de\/wp-content\/uploads\/2022\/06\/bigstock-Artificial-Intelligence-And-Vi-454662509.jpg","keywords":["Apple VR\/AR"],"articleSection":"Rumors","inLanguage":"en-US","copyrightYear":"2023","copyrightHolder":{"@id":"https:\/\/www.apfelpatient.de\/en\/#organization"}},{"@type":"WebPage","@id":"https:\/\/www.apfelpatient.de\/rumors\/neuer-massstab-in-ar-vr-apple-reality-pro-headset-steht-bevor","url":"https:\/\/www.apfelpatient.de\/rumors\/neuer-massstab-in-ar-vr-apple-reality-pro-headset-steht-bevor","name":"New benchmark in AR\/VR: Apple Reality Pro headset is coming Apfelpatient","isPartOf":{"@id":"https:\/\/www.apfelpatient.de\/#website"},"primaryImageOfPage":{"@id":"https:\/\/www.apfelpatient.de\/rumors\/neuer-massstab-in-ar-vr-apple-reality-pro-headset-steht-bevor#primaryimage"},"image":{"@id":"https:\/\/www.apfelpatient.de\/rumors\/neuer-massstab-in-ar-vr-apple-reality-pro-headset-steht-bevor#primaryimage"},"thumbnailUrl":"https:\/\/www.apfelpatient.de\/wp-content\/uploads\/2022\/06\/bigstock-Artificial-Intelligence-And-Vi-454662509.jpg","datePublished":"2023-05-13T16:12:14+00:00","dateModified":"2024-05-22T13:08:40+00:00","description":"Unique mixed reality experience awaits: Apple Reality Pro Headset - Looking forward to the unveiling and the latest details!","breadcrumb":{"@id":"https:\/\/www.apfelpatient.de\/rumors\/neuer-massstab-in-ar-vr-apple-reality-pro-headset-steht-bevor#breadcrumb"},"inLanguage":"en-US","potentialAction":[{"@type":"ReadAction","target":["https:\/\/www.apfelpatient.de\/rumors\/neuer-massstab-in-ar-vr-apple-reality-pro-headset-steht-bevor"]}]},{"@type":"ImageObject","inLanguage":"en-US","@id":"https:\/\/www.apfelpatient.de\/rumors\/neuer-massstab-in-ar-vr-apple-reality-pro-headset-steht-bevor#primaryimage","url":"https:\/\/www.apfelpatient.de\/wp-content\/uploads\/2022\/06\/bigstock-Artificial-Intelligence-And-Vi-454662509.jpg","contentUrl":"https:\/\/www.apfelpatient.de\/wp-content\/uploads\/2022\/06\/bigstock-Artificial-Intelligence-And-Vi-454662509.jpg","width":1600,"height":914,"caption":"Artificial intelligence and virtual reality concept with side view on digital scheme in robot with headset on. Mock up, 3D rendering"},{"@type":"BreadcrumbList","@id":"https:\/\/www.apfelpatient.de\/rumors\/neuer-massstab-in-ar-vr-apple-reality-pro-headset-steht-bevor#breadcrumb","itemListElement":[{"@type":"ListItem","position":1,"name":"Startseite","item":"https:\/\/www.apfelpatient.de\/"},{"@type":"ListItem","position":2,"name":"Neuer Ma\u00dfstab in AR\/VR: Apple Reality Pro Headset steht bevor"}]},{"@type":"WebSite","@id":"https:\/\/www.apfelpatient.de\/#website","url":"https:\/\/www.apfelpatient.de\/","name":"apple patient","description":"Everything about Apple!","publisher":{"@type":"Organization","@id":"https:\/\/www.apfelpatient.de\/en\/#organization","name":"Apfelpatient","url":"https:\/\/www.apfelpatient.de\/en\/"},"alternateName":"Apfelpatient","potentialAction":[{"@type":"SearchAction","target":{"@type":"EntryPoint","urlTemplate":"https:\/\/www.apfelpatient.de\/?s={search_term_string}"},"query-input":{"@type":"PropertyValueSpecification","valueRequired":true,"valueName":"search_term_string"}}],"inLanguage":"en-US"},{"@type":["Person","Organization"],"@id":"https:\/\/www.apfelpatient.de\/#\/schema\/person\/35b3ddba5832f2bfc7fff5206d4f6b7b","name":"Milan","logo":{"@id":"https:\/\/www.apfelpatient.de\/#\/schema\/person\/image\/"},"description":"Hello and welcome to my technology blog! As a big Apple fan, I report on everything to do with Apple: from the latest news and exciting rumors to helpful tips and tricks and detailed product tests. If you are as enthusiastic about technology as I am, you have come to the right place!","sameAs":["https:\/\/www.facebook.com\/apfelpatientOfficial","https:\/\/www.linkedin.com\/in\/milan-jovicic-42aa0231b"],"url":"https:\/\/www.apfelpatient.de\/en\/author\/apfeladmin"}]}},"_links":{"self":[{"href":"https:\/\/www.apfelpatient.de\/en\/wp-json\/wp\/v2\/posts\/38667","targetHints":{"allow":["GET"]}}],"collection":[{"href":"https:\/\/www.apfelpatient.de\/en\/wp-json\/wp\/v2\/posts"}],"about":[{"href":"https:\/\/www.apfelpatient.de\/en\/wp-json\/wp\/v2\/types\/post"}],"author":[{"embeddable":true,"href":"https:\/\/www.apfelpatient.de\/en\/wp-json\/wp\/v2\/users\/2"}],"replies":[{"embeddable":true,"href":"https:\/\/www.apfelpatient.de\/en\/wp-json\/wp\/v2\/comments?post=38667"}],"version-history":[{"count":0,"href":"https:\/\/www.apfelpatient.de\/en\/wp-json\/wp\/v2\/posts\/38667\/revisions"}],"wp:featuredmedia":[{"embeddable":true,"href":"https:\/\/www.apfelpatient.de\/en\/wp-json\/wp\/v2\/media\/32028"}],"wp:attachment":[{"href":"https:\/\/www.apfelpatient.de\/en\/wp-json\/wp\/v2\/media?parent=38667"}],"wp:term":[{"taxonomy":"category","embeddable":true,"href":"https:\/\/www.apfelpatient.de\/en\/wp-json\/wp\/v2\/categories?post=38667"},{"taxonomy":"post_tag","embeddable":true,"href":"https:\/\/www.apfelpatient.de\/en\/wp-json\/wp\/v2\/tags?post=38667"}],"curies":[{"name":"wp","href":"https:\/\/api.w.org\/{rel}","templated":true}]}}