{"id":38642,"date":"2023-05-09T16:21:18","date_gmt":"2023-05-09T14:21:18","guid":{"rendered":"https:\/\/www.apfelpatient.de\/?p=38642"},"modified":"2023-05-17T19:32:42","modified_gmt":"2023-05-17T17:32:42","slug":"final-cut-pro-logic-pro-unleash-your-creativity-on-the-ipad","status":"publish","type":"post","link":"https:\/\/www.apfelpatient.de\/en\/news\/final-cut-pro-logic-pro-entfessel-deine-kreativitaet-auf-dem-ipad","title":{"rendered":"Final Cut Pro &amp; Logic Pro: Unleash your creativity on the iPad"},"content":{"rendered":"<p class=\"has-drop-cap\"><strong>Apple has announced that Final Cut Pro and Logic Pro will soon be available as subscription models for the iPad. The two applications will feature completely new touch user interfaces that make the most of multitouch on the iPad. Apple promises users improved intuitiveness and immediacy when working.<\/strong><\/p>\n\n\n\n<p>Final Cut Pro and Logic Pro have long been popular applications for video editing and music production respectively. By making them available as a subscription model for the iPad, Apple now wants to appeal to mobile users and make the most of the potential of the touch interfaces. Final Cut Pro for the iPad offers videographers a powerful suite of tools for recording, editing, finishing and sharing videos. With the new touch interface, users can make their workflows more intuitive.<\/p>\n\n\n\n<figure class=\"wp-block-image size-large\"><img decoding=\"async\" width=\"1024\" height=\"683\" src=\"https:\/\/www.apfelpatient.de\/wp-content\/uploads\/2023\/05\/Apple-iPad-Final-Cut-Pro-lifestyle-1024x683.jpg\" alt=\"Final Cut Pro and Logic Pro iPad\" class=\"wp-image-38639\" srcset=\"https:\/\/www.apfelpatient.de\/wp-content\/uploads\/2023\/05\/Apple-iPad-Final-Cut-Pro-lifestyle-1024x683.jpg 1024w, https:\/\/www.apfelpatient.de\/wp-content\/uploads\/2023\/05\/Apple-iPad-Final-Cut-Pro-lifestyle-300x200.jpg 300w, https:\/\/www.apfelpatient.de\/wp-content\/uploads\/2023\/05\/Apple-iPad-Final-Cut-Pro-lifestyle-768x512.jpg 768w, https:\/\/www.apfelpatient.de\/wp-content\/uploads\/2023\/05\/Apple-iPad-Final-Cut-Pro-lifestyle-1536x1024.jpg 1536w, https:\/\/www.apfelpatient.de\/wp-content\/uploads\/2023\/05\/Apple-iPad-Final-Cut-Pro-lifestyle-750x500.jpg 750w, https:\/\/www.apfelpatient.de\/wp-content\/uploads\/2023\/05\/Apple-iPad-Final-Cut-Pro-lifestyle-1140x760.jpg 1140w, https:\/\/www.apfelpatient.de\/wp-content\/uploads\/2023\/05\/Apple-iPad-Final-Cut-Pro-lifestyle.jpg 1600w\" sizes=\"(max-width: 1024px) 100vw, 1024px\" \/><figcaption class=\"wp-element-caption\">Image: Apple<\/figcaption><\/figure>\n\n\n\n<p>The app also includes a library of graphics, effects and audio files, including HDR backgrounds, animated patterns and soundtracks that automatically adjust to the length of the video. Logic Pro for the iPad offers music creators over 100 instruments and effect plug-ins as well as production tools for creating your own drum kits and programming beats and bass lines. The new touch interface is designed to enable intuitive operation.<\/p>\n\n\n\n<h3 class=\"wp-block-heading\" id=\"h-final-cut-pro-und-logic-pro-touch-benutzeroberflachen-fur-intuitive-und-schnelle-arbeitsablaufe\">Final Cut Pro and Logic Pro: Touch user interfaces for intuitive and fast workflows<\/h3>\n\n\n\n\n\n\n\n<p>With the Apple Pencil, users can make precise edits and perform detailed automation of drawn tracks. Both applications are offered as a subscription model for 4.99 euros per month or 49.99 euros per year and include a free trial of one month. Final Cut Pro requires an iPad with an M1 chip or newer, while Logic Pro requires an A12 Bionic iPad or newer.<\/p>\n\n\n\n<figure class=\"wp-block-image size-large\"><img decoding=\"async\" width=\"1024\" height=\"683\" src=\"https:\/\/www.apfelpatient.de\/wp-content\/uploads\/2023\/05\/Apple-iPad-Logic-Pro-lifestyle-Sample-Alchemy-1024x683.jpg\" alt=\"Final Cut Pro and Logic Pro iPad\" class=\"wp-image-38641\" srcset=\"https:\/\/www.apfelpatient.de\/wp-content\/uploads\/2023\/05\/Apple-iPad-Logic-Pro-lifestyle-Sample-Alchemy-1024x683.jpg 1024w, https:\/\/www.apfelpatient.de\/wp-content\/uploads\/2023\/05\/Apple-iPad-Logic-Pro-lifestyle-Sample-Alchemy-300x200.jpg 300w, https:\/\/www.apfelpatient.de\/wp-content\/uploads\/2023\/05\/Apple-iPad-Logic-Pro-lifestyle-Sample-Alchemy-768x512.jpg 768w, https:\/\/www.apfelpatient.de\/wp-content\/uploads\/2023\/05\/Apple-iPad-Logic-Pro-lifestyle-Sample-Alchemy-1536x1024.jpg 1536w, https:\/\/www.apfelpatient.de\/wp-content\/uploads\/2023\/05\/Apple-iPad-Logic-Pro-lifestyle-Sample-Alchemy-750x500.jpg 750w, https:\/\/www.apfelpatient.de\/wp-content\/uploads\/2023\/05\/Apple-iPad-Logic-Pro-lifestyle-Sample-Alchemy-1140x760.jpg 1140w, https:\/\/www.apfelpatient.de\/wp-content\/uploads\/2023\/05\/Apple-iPad-Logic-Pro-lifestyle-Sample-Alchemy.jpg 1600w\" sizes=\"(max-width: 1024px) 100vw, 1024px\" \/><figcaption class=\"wp-element-caption\">Image: Apple<\/figcaption><\/figure>\n\n\n\n<p>The apps will be available in the App Store from May 23rd <a href=\"https:\/\/www.apple.com\/newsroom\/2023\/05\/apple-brings-final-cut-pro-and-logic-pro-to-ipad\/\" target=\"_blank\" rel=\"noreferrer noopener\">available<\/a>. Final Cut Pro and Logic Pro are now available as subscription models for the iPad and offer touch surfaces that make the most of the potential of multitouch. Apple has thus unlocked the potential of the two applications for mobile users and created the possibility of professional video editing and music production on the go. Are you interested in the AirPods Max? Apple&#039;s professional headphones are currently priced <a href=\"https:\/\/www.idealo.de\/preisvergleich\/OffersOfProduct\/200929722_-airpods-max-apple.html\" target=\"_blank\" rel=\"noreferrer noopener\">from 548 euros<\/a> available. (Image: Apple)<\/p>\n\n\n\n<ul class=\"wp-block-list\">\n<li><a href=\"https:\/\/www.apfelpatient.de\/en\/tips-tricks\/the-best-apps-for-the-ipad-work-more-productively-from-anywhere\">The best apps for the iPad: Work more productively from anywhere<\/a><\/li>\n<\/ul>\n\n\n\n<h6 class=\"wp-block-heading translation-block\" id=\"h-kennt-ihr-schon-unsere-amazon-storefront-dort-findet-ihr-eine-handverlesene-auswahl-von-diversen-produkten-f-r-euer-iphone-und-co-viel-spa-beim-st-bern\"><em>Have you already visited our Amazon Storefront? There you&#039;ll find a hand-picked selection of various products for your iPhone and other devices \u2013 <span class=\"has-inline-color has-vivid-red-color\"><a href=\"https:\/\/www.amazon.de\/shop\/apfelpatientofficial\" class=\"ek-link\" data-wpel-link=\"exclude\" rel=\"follow noopener\" target=\"_self\"><span style=\"text-decoration: underline\" class=\"ek-underline\">enjoy browsing<\/span><\/a> !<\/span><\/em><\/h6>\n\n\n\n<h6 class=\"wp-block-heading translation-block\" id=\"h-der-beitrag-enthalt-partnerlinks\">This post contains <a data-type=\"URL\" data-id=\"https:\/\/www.apfelpatient.de\/partnerprogramm\" href=\"https:\/\/www.apfelpatient.de\/en\/partner-program\" data-wpel-link=\"internal\" target=\"_self\">affiliate links<\/a>.<\/h6>","protected":false},"excerpt":{"rendered":"<p>Touch interfaces and more: Experience professional video editing and music production on iPad with Final Cut Pro &amp; Logic Pro.<\/p>","protected":false},"author":2,"featured_media":38640,"comment_status":"closed","ping_status":"closed","sticky":false,"template":"","format":"standard","meta":{"jnews-multi-image_gallery":[],"jnews_single_post":{"subtitle":"","format":"standard","video":"","gallery":"","source_name":"","source_url":"","via_name":"","via_url":"","override":[{"single_blog_custom":"","sidebar":"","second_sidebar":"","share_position":"","share_float_style":"","post_date_format":"","post_date_format_custom":"","post_reading_time_wpm":"","zoom_button_out_step":"1","zoom_button_in_step":"1","number_popup_post":"1"}],"image_override":[{"single_post_thumbnail_size":"","single_post_gallery_size":""}],"trending_post_position":"","trending_post_label":"","sponsored_post_label":"","sponsored_post_name":"","sponsored_post_url":"","sponsored_post_logo":"","sponsored_post_desc":""},"jnews_primary_category":{"id":"9"},"footnotes":""},"categories":[9],"tags":[18,33],"class_list":["post-38642","post","type-post","status-publish","format-standard","has-post-thumbnail","hentry","category-news","tag-ipad","tag-ipados"],"yoast_head":"<!-- This site is optimized with the Yoast SEO Premium plugin v27.5 (Yoast SEO v27.5) - https:\/\/yoast.com\/product\/yoast-seo-premium-wordpress\/ -->\n<title>Final Cut Pro &amp; Logic Pro: Entfessel deine Kreativit\u00e4t auf dem iPad<\/title>\n<meta name=\"description\" content=\"Touch-Benutzeroberfl\u00e4chen und mehr: Erlebe professionelle Videobearbeitung und Musikproduktion auf dem iPad mit Final Cut Pro &amp; Logic Pro.\" \/>\n<meta name=\"robots\" content=\"index, follow, max-snippet:-1, max-image-preview:large, max-video-preview:-1\" \/>\n<link rel=\"canonical\" href=\"https:\/\/www.apfelpatient.de\/en\/news\/final-cut-pro-logic-pro-unleash-your-creativity-on-the-ipad\" \/>\n<meta property=\"og:locale\" content=\"en_US\" \/>\n<meta property=\"og:type\" content=\"article\" \/>\n<meta property=\"og:title\" content=\"Final Cut Pro &amp; Logic Pro: Entfessel deine Kreativit\u00e4t auf dem iPad\" \/>\n<meta property=\"og:description\" content=\"Touch-Benutzeroberfl\u00e4chen und mehr: Erlebe professionelle Videobearbeitung und Musikproduktion auf dem iPad mit Final Cut Pro &amp; Logic Pro.\" \/>\n<meta property=\"og:url\" content=\"https:\/\/www.apfelpatient.de\/en\/news\/final-cut-pro-logic-pro-unleash-your-creativity-on-the-ipad\" \/>\n<meta property=\"og:site_name\" content=\"Apfelpatient\" \/>\n<meta property=\"article:publisher\" content=\"https:\/\/www.facebook.com\/apfelpatientOfficial\" \/>\n<meta property=\"article:author\" content=\"https:\/\/www.facebook.com\/apfelpatientOfficial\" \/>\n<meta property=\"article:published_time\" content=\"2023-05-09T14:21:18+00:00\" \/>\n<meta property=\"article:modified_time\" content=\"2023-05-17T17:32:42+00:00\" \/>\n<meta property=\"og:image\" content=\"https:\/\/www.apfelpatient.de\/wp-content\/uploads\/2023\/05\/Apple-iPad-Final-Cut-Pro-Logic-Pro-hero.jpg\" \/>\n\t<meta property=\"og:image:width\" content=\"1600\" \/>\n\t<meta property=\"og:image:height\" content=\"900\" \/>\n\t<meta property=\"og:image:type\" content=\"image\/jpeg\" \/>\n<meta name=\"author\" content=\"Milan\" \/>\n<meta name=\"twitter:card\" content=\"summary_large_image\" \/>\n<meta name=\"twitter:description\" content=\"Touch-Benutzeroberfl\u00e4chen und mehr: Erlebe professionelle Videobearbeitung und Musikproduktion auf dem iPad mit Final Cut Pro &amp; Logic Pro.\" \/>\n<meta name=\"twitter:label1\" content=\"Written by\" \/>\n\t<meta name=\"twitter:data1\" content=\"Milan\" \/>\n\t<meta name=\"twitter:label2\" content=\"Est. reading time\" \/>\n\t<meta name=\"twitter:data2\" content=\"3 minutes\" \/>\n<script type=\"application\/ld+json\" class=\"yoast-schema-graph\">{\"@context\":\"https:\\\/\\\/schema.org\",\"@graph\":[{\"@type\":\"NewsArticle\",\"@id\":\"https:\\\/\\\/www.apfelpatient.de\\\/en\\\/news\\\/final-cut-pro-logic-pro-entfessel-deine-kreativitaet-auf-dem-ipad#article\",\"isPartOf\":{\"@id\":\"https:\\\/\\\/www.apfelpatient.de\\\/en\\\/news\\\/final-cut-pro-logic-pro-entfessel-deine-kreativitaet-auf-dem-ipad\"},\"author\":{\"@type\":\"Organization\",\"@id\":\"https:\\\/\\\/www.apfelpatient.de\\\/en\\\/#organization\",\"name\":\"Apfelpatient\",\"url\":\"https:\\\/\\\/www.apfelpatient.de\\\/en\\\/\"},\"headline\":\"Final Cut Pro &#038; Logic Pro: Entfessel deine Kreativit\u00e4t auf dem iPad\",\"datePublished\":\"2023-05-09T14:21:18+00:00\",\"dateModified\":\"2023-05-17T17:32:42+00:00\",\"mainEntityOfPage\":{\"@id\":\"https:\\\/\\\/www.apfelpatient.de\\\/en\\\/news\\\/final-cut-pro-logic-pro-entfessel-deine-kreativitaet-auf-dem-ipad\"},\"wordCount\":390,\"publisher\":{\"@type\":\"Organization\",\"@id\":\"https:\\\/\\\/www.apfelpatient.de\\\/en\\\/#organization\",\"name\":\"Apfelpatient\",\"url\":\"https:\\\/\\\/www.apfelpatient.de\\\/en\\\/\"},\"image\":{\"@id\":\"https:\\\/\\\/www.apfelpatient.de\\\/en\\\/news\\\/final-cut-pro-logic-pro-entfessel-deine-kreativitaet-auf-dem-ipad#primaryimage\"},\"thumbnailUrl\":\"https:\\\/\\\/www.apfelpatient.de\\\/wp-content\\\/uploads\\\/2023\\\/05\\\/Apple-iPad-Final-Cut-Pro-Logic-Pro-hero.jpg\",\"keywords\":[\"iPad\",\"iPadOS\"],\"articleSection\":\"News\",\"inLanguage\":\"en-US\",\"copyrightYear\":\"2023\",\"copyrightHolder\":{\"@id\":\"https:\\\/\\\/www.apfelpatient.de\\\/en\\\/#organization\"}},{\"@type\":\"WebPage\",\"@id\":\"https:\\\/\\\/www.apfelpatient.de\\\/en\\\/news\\\/final-cut-pro-logic-pro-entfessel-deine-kreativitaet-auf-dem-ipad\",\"url\":\"https:\\\/\\\/www.apfelpatient.de\\\/en\\\/news\\\/final-cut-pro-logic-pro-entfessel-deine-kreativitaet-auf-dem-ipad\",\"name\":\"Final Cut Pro & Logic Pro: Entfessel deine Kreativit\u00e4t auf dem iPad\",\"isPartOf\":{\"@id\":\"https:\\\/\\\/www.apfelpatient.de\\\/#website\"},\"primaryImageOfPage\":{\"@id\":\"https:\\\/\\\/www.apfelpatient.de\\\/en\\\/news\\\/final-cut-pro-logic-pro-entfessel-deine-kreativitaet-auf-dem-ipad#primaryimage\"},\"image\":{\"@id\":\"https:\\\/\\\/www.apfelpatient.de\\\/en\\\/news\\\/final-cut-pro-logic-pro-entfessel-deine-kreativitaet-auf-dem-ipad#primaryimage\"},\"thumbnailUrl\":\"https:\\\/\\\/www.apfelpatient.de\\\/wp-content\\\/uploads\\\/2023\\\/05\\\/Apple-iPad-Final-Cut-Pro-Logic-Pro-hero.jpg\",\"datePublished\":\"2023-05-09T14:21:18+00:00\",\"dateModified\":\"2023-05-17T17:32:42+00:00\",\"description\":\"Touch-Benutzeroberfl\u00e4chen und mehr: Erlebe professionelle Videobearbeitung und Musikproduktion auf dem iPad mit Final Cut Pro & Logic Pro.\",\"breadcrumb\":{\"@id\":\"https:\\\/\\\/www.apfelpatient.de\\\/en\\\/news\\\/final-cut-pro-logic-pro-entfessel-deine-kreativitaet-auf-dem-ipad#breadcrumb\"},\"inLanguage\":\"en-US\",\"potentialAction\":[{\"@type\":\"ReadAction\",\"target\":[\"https:\\\/\\\/www.apfelpatient.de\\\/en\\\/news\\\/final-cut-pro-logic-pro-entfessel-deine-kreativitaet-auf-dem-ipad\"]}]},{\"@type\":\"ImageObject\",\"inLanguage\":\"en-US\",\"@id\":\"https:\\\/\\\/www.apfelpatient.de\\\/en\\\/news\\\/final-cut-pro-logic-pro-entfessel-deine-kreativitaet-auf-dem-ipad#primaryimage\",\"url\":\"https:\\\/\\\/www.apfelpatient.de\\\/wp-content\\\/uploads\\\/2023\\\/05\\\/Apple-iPad-Final-Cut-Pro-Logic-Pro-hero.jpg\",\"contentUrl\":\"https:\\\/\\\/www.apfelpatient.de\\\/wp-content\\\/uploads\\\/2023\\\/05\\\/Apple-iPad-Final-Cut-Pro-Logic-Pro-hero.jpg\",\"width\":1600,\"height\":900,\"caption\":\"Final Cut Pro und Logic Pro\"},{\"@type\":\"BreadcrumbList\",\"@id\":\"https:\\\/\\\/www.apfelpatient.de\\\/en\\\/news\\\/final-cut-pro-logic-pro-entfessel-deine-kreativitaet-auf-dem-ipad#breadcrumb\",\"itemListElement\":[{\"@type\":\"ListItem\",\"position\":1,\"name\":\"Startseite\",\"item\":\"https:\\\/\\\/www.apfelpatient.de\\\/\"},{\"@type\":\"ListItem\",\"position\":2,\"name\":\"Final Cut Pro &#038; Logic Pro: Entfessel deine Kreativit\u00e4t auf dem iPad\"}]},{\"@type\":\"WebSite\",\"@id\":\"https:\\\/\\\/www.apfelpatient.de\\\/#website\",\"url\":\"https:\\\/\\\/www.apfelpatient.de\\\/\",\"name\":\"Apfelpatient\",\"description\":\"Alles rund um Apple!\",\"publisher\":{\"@type\":\"Organization\",\"@id\":\"https:\\\/\\\/www.apfelpatient.de\\\/en\\\/#organization\",\"name\":\"Apfelpatient\",\"url\":\"https:\\\/\\\/www.apfelpatient.de\\\/en\\\/\"},\"alternateName\":\"Apfelpatient\",\"potentialAction\":[{\"@type\":\"SearchAction\",\"target\":{\"@type\":\"EntryPoint\",\"urlTemplate\":\"https:\\\/\\\/www.apfelpatient.de\\\/?s={search_term_string}\"},\"query-input\":{\"@type\":\"PropertyValueSpecification\",\"valueRequired\":true,\"valueName\":\"search_term_string\"}}],\"inLanguage\":\"en-US\"},{\"@type\":[\"Person\",\"Organization\"],\"@id\":\"https:\\\/\\\/www.apfelpatient.de\\\/#\\\/schema\\\/person\\\/35b3ddba5832f2bfc7fff5206d4f6b7b\",\"name\":\"Milan\",\"logo\":{\"@id\":\"https:\\\/\\\/www.apfelpatient.de\\\/#\\\/schema\\\/person\\\/image\\\/\"},\"description\":\"Hallo und herzlich willkommen auf meinem Technik-Blog! Als gro\u00dfer Apple-Fan berichte ich hier \u00fcber alles, was mit Apple zu tun hat: von den neuesten News und spannenden Ger\u00fcchten \u00fcber hilfreiche Tipps und Tricks bis hin zu ausf\u00fchrlichen Produkttests. Wenn du genauso technikbegeistert bist wie ich, bist du hier genau richtig!\",\"sameAs\":[\"https:\\\/\\\/www.facebook.com\\\/apfelpatientOfficial\",\"https:\\\/\\\/www.linkedin.com\\\/in\\\/milan-jovicic-42aa0231b\"],\"url\":\"https:\\\/\\\/www.apfelpatient.de\\\/en\\\/author\\\/apfeladmin\"}]}<\/script>\n<!-- \/ Yoast SEO Premium plugin. -->","yoast_head_json":{"title":"Final Cut Pro &amp; Logic Pro: Unleash your creativity on the iPad","description":"Touch interfaces and more: Experience professional video editing and music production on iPad with Final Cut Pro &amp; Logic Pro.","robots":{"index":"index","follow":"follow","max-snippet":"max-snippet:-1","max-image-preview":"max-image-preview:large","max-video-preview":"max-video-preview:-1"},"canonical":"https:\/\/www.apfelpatient.de\/en\/news\/final-cut-pro-logic-pro-unleash-your-creativity-on-the-ipad","og_locale":"en_US","og_type":"article","og_title":"Final Cut Pro & Logic Pro: Entfessel deine Kreativit\u00e4t auf dem iPad","og_description":"Touch-Benutzeroberfl\u00e4chen und mehr: Erlebe professionelle Videobearbeitung und Musikproduktion auf dem iPad mit Final Cut Pro & Logic Pro.","og_url":"https:\/\/www.apfelpatient.de\/en\/news\/final-cut-pro-logic-pro-unleash-your-creativity-on-the-ipad","og_site_name":"Apfelpatient","article_publisher":"https:\/\/www.facebook.com\/apfelpatientOfficial","article_author":"https:\/\/www.facebook.com\/apfelpatientOfficial","article_published_time":"2023-05-09T14:21:18+00:00","article_modified_time":"2023-05-17T17:32:42+00:00","og_image":[{"width":1600,"height":900,"url":"https:\/\/www.apfelpatient.de\/wp-content\/uploads\/2023\/05\/Apple-iPad-Final-Cut-Pro-Logic-Pro-hero.jpg","type":"image\/jpeg"}],"author":"Milan","twitter_card":"summary_large_image","twitter_description":"Touch-Benutzeroberfl\u00e4chen und mehr: Erlebe professionelle Videobearbeitung und Musikproduktion auf dem iPad mit Final Cut Pro & Logic Pro.","twitter_misc":{"Written by":"Milan","Est. reading time":"3 minutes"},"schema":{"@context":"https:\/\/schema.org","@graph":[{"@type":"NewsArticle","@id":"https:\/\/www.apfelpatient.de\/en\/news\/final-cut-pro-logic-pro-entfessel-deine-kreativitaet-auf-dem-ipad#article","isPartOf":{"@id":"https:\/\/www.apfelpatient.de\/en\/news\/final-cut-pro-logic-pro-entfessel-deine-kreativitaet-auf-dem-ipad"},"author":{"@type":"Organization","@id":"https:\/\/www.apfelpatient.de\/en\/#organization","name":"Apfelpatient","url":"https:\/\/www.apfelpatient.de\/en\/"},"headline":"Final Cut Pro &#038; Logic Pro: Entfessel deine Kreativit\u00e4t auf dem iPad","datePublished":"2023-05-09T14:21:18+00:00","dateModified":"2023-05-17T17:32:42+00:00","mainEntityOfPage":{"@id":"https:\/\/www.apfelpatient.de\/en\/news\/final-cut-pro-logic-pro-entfessel-deine-kreativitaet-auf-dem-ipad"},"wordCount":390,"publisher":{"@type":"Organization","@id":"https:\/\/www.apfelpatient.de\/en\/#organization","name":"Apfelpatient","url":"https:\/\/www.apfelpatient.de\/en\/"},"image":{"@id":"https:\/\/www.apfelpatient.de\/en\/news\/final-cut-pro-logic-pro-entfessel-deine-kreativitaet-auf-dem-ipad#primaryimage"},"thumbnailUrl":"https:\/\/www.apfelpatient.de\/wp-content\/uploads\/2023\/05\/Apple-iPad-Final-Cut-Pro-Logic-Pro-hero.jpg","keywords":["iPad","iPadOS"],"articleSection":"News","inLanguage":"en-US","copyrightYear":"2023","copyrightHolder":{"@id":"https:\/\/www.apfelpatient.de\/en\/#organization"}},{"@type":"WebPage","@id":"https:\/\/www.apfelpatient.de\/en\/news\/final-cut-pro-logic-pro-entfessel-deine-kreativitaet-auf-dem-ipad","url":"https:\/\/www.apfelpatient.de\/en\/news\/final-cut-pro-logic-pro-entfessel-deine-kreativitaet-auf-dem-ipad","name":"Final Cut Pro &amp; Logic Pro: Unleash your creativity on the iPad","isPartOf":{"@id":"https:\/\/www.apfelpatient.de\/#website"},"primaryImageOfPage":{"@id":"https:\/\/www.apfelpatient.de\/en\/news\/final-cut-pro-logic-pro-entfessel-deine-kreativitaet-auf-dem-ipad#primaryimage"},"image":{"@id":"https:\/\/www.apfelpatient.de\/en\/news\/final-cut-pro-logic-pro-entfessel-deine-kreativitaet-auf-dem-ipad#primaryimage"},"thumbnailUrl":"https:\/\/www.apfelpatient.de\/wp-content\/uploads\/2023\/05\/Apple-iPad-Final-Cut-Pro-Logic-Pro-hero.jpg","datePublished":"2023-05-09T14:21:18+00:00","dateModified":"2023-05-17T17:32:42+00:00","description":"Touch interfaces and more: Experience professional video editing and music production on iPad with Final Cut Pro &amp; Logic Pro.","breadcrumb":{"@id":"https:\/\/www.apfelpatient.de\/en\/news\/final-cut-pro-logic-pro-entfessel-deine-kreativitaet-auf-dem-ipad#breadcrumb"},"inLanguage":"en-US","potentialAction":[{"@type":"ReadAction","target":["https:\/\/www.apfelpatient.de\/en\/news\/final-cut-pro-logic-pro-entfessel-deine-kreativitaet-auf-dem-ipad"]}]},{"@type":"ImageObject","inLanguage":"en-US","@id":"https:\/\/www.apfelpatient.de\/en\/news\/final-cut-pro-logic-pro-entfessel-deine-kreativitaet-auf-dem-ipad#primaryimage","url":"https:\/\/www.apfelpatient.de\/wp-content\/uploads\/2023\/05\/Apple-iPad-Final-Cut-Pro-Logic-Pro-hero.jpg","contentUrl":"https:\/\/www.apfelpatient.de\/wp-content\/uploads\/2023\/05\/Apple-iPad-Final-Cut-Pro-Logic-Pro-hero.jpg","width":1600,"height":900,"caption":"Final Cut Pro und Logic Pro"},{"@type":"BreadcrumbList","@id":"https:\/\/www.apfelpatient.de\/en\/news\/final-cut-pro-logic-pro-entfessel-deine-kreativitaet-auf-dem-ipad#breadcrumb","itemListElement":[{"@type":"ListItem","position":1,"name":"Startseite","item":"https:\/\/www.apfelpatient.de\/"},{"@type":"ListItem","position":2,"name":"Final Cut Pro &#038; Logic Pro: Entfessel deine Kreativit\u00e4t auf dem iPad"}]},{"@type":"WebSite","@id":"https:\/\/www.apfelpatient.de\/#website","url":"https:\/\/www.apfelpatient.de\/","name":"apple patient","description":"Everything about Apple!","publisher":{"@type":"Organization","@id":"https:\/\/www.apfelpatient.de\/en\/#organization","name":"Apfelpatient","url":"https:\/\/www.apfelpatient.de\/en\/"},"alternateName":"Apfelpatient","potentialAction":[{"@type":"SearchAction","target":{"@type":"EntryPoint","urlTemplate":"https:\/\/www.apfelpatient.de\/?s={search_term_string}"},"query-input":{"@type":"PropertyValueSpecification","valueRequired":true,"valueName":"search_term_string"}}],"inLanguage":"en-US"},{"@type":["Person","Organization"],"@id":"https:\/\/www.apfelpatient.de\/#\/schema\/person\/35b3ddba5832f2bfc7fff5206d4f6b7b","name":"Milan","logo":{"@id":"https:\/\/www.apfelpatient.de\/#\/schema\/person\/image\/"},"description":"Hello and welcome to my technology blog! As a big Apple fan, I report on everything to do with Apple: from the latest news and exciting rumors to helpful tips and tricks and detailed product tests. If you are as enthusiastic about technology as I am, you have come to the right place!","sameAs":["https:\/\/www.facebook.com\/apfelpatientOfficial","https:\/\/www.linkedin.com\/in\/milan-jovicic-42aa0231b"],"url":"https:\/\/www.apfelpatient.de\/en\/author\/apfeladmin"}]}},"_links":{"self":[{"href":"https:\/\/www.apfelpatient.de\/en\/wp-json\/wp\/v2\/posts\/38642","targetHints":{"allow":["GET"]}}],"collection":[{"href":"https:\/\/www.apfelpatient.de\/en\/wp-json\/wp\/v2\/posts"}],"about":[{"href":"https:\/\/www.apfelpatient.de\/en\/wp-json\/wp\/v2\/types\/post"}],"author":[{"embeddable":true,"href":"https:\/\/www.apfelpatient.de\/en\/wp-json\/wp\/v2\/users\/2"}],"replies":[{"embeddable":true,"href":"https:\/\/www.apfelpatient.de\/en\/wp-json\/wp\/v2\/comments?post=38642"}],"version-history":[{"count":0,"href":"https:\/\/www.apfelpatient.de\/en\/wp-json\/wp\/v2\/posts\/38642\/revisions"}],"wp:featuredmedia":[{"embeddable":true,"href":"https:\/\/www.apfelpatient.de\/en\/wp-json\/wp\/v2\/media\/38640"}],"wp:attachment":[{"href":"https:\/\/www.apfelpatient.de\/en\/wp-json\/wp\/v2\/media?parent=38642"}],"wp:term":[{"taxonomy":"category","embeddable":true,"href":"https:\/\/www.apfelpatient.de\/en\/wp-json\/wp\/v2\/categories?post=38642"},{"taxonomy":"post_tag","embeddable":true,"href":"https:\/\/www.apfelpatient.de\/en\/wp-json\/wp\/v2\/tags?post=38642"}],"curies":[{"name":"wp","href":"https:\/\/api.w.org\/{rel}","templated":true}]}}