{"id":38531,"date":"2023-04-24T06:04:00","date_gmt":"2023-04-24T04:04:00","guid":{"rendered":"https:\/\/www.apfelpatient.de\/?p=38531"},"modified":"2023-04-24T06:04:01","modified_gmt":"2023-04-24T04:04:01","slug":"rumors-about-ipads-17-will-your-ipad-lose-compatibility","status":"publish","type":"post","link":"https:\/\/www.apfelpatient.de\/en\/rumors\/geruechte-um-ipados-17-verliert-dein-ipad-die-kompatibilitaet","title":{"rendered":"Rumors about iPadOS 17: Will your iPad lose compatibility?"},"content":{"rendered":"<p class=\"has-drop-cap\"><strong>Rumors say that Apple will stop supporting some iPads with the release of iPadOS 17 this year. After an initial rumor that appeared on Twitter in early April, there is now further confirmation from a reliable source. Below we give an overview of the iPads that will likely no longer be compatible with iPadOS 17 and which devices will continue to be supported.<\/strong><\/p>\n\n\n\n<p>As an Apple user, it is important to be aware of the compatibility of your devices with the latest software updates. If Apple stops supporting older devices, certain features or apps may no longer be available. It is therefore advisable to regularly check for updates and check whether your device is still supported.<\/p>\n\n\n\n<h3 class=\"wp-block-heading\" id=\"h-ipados-17-welche-ipads-werden-voraussichtlich-nicht-mehr-unterstutzt\">iPadOS 17: Which iPads are no longer supported?<\/h3>\n\n\n\n<p>The latest information on iPadOS 17 comes from a reliable <a href=\"https:\/\/iphonesoft.fr\/2023\/04\/22\/liste-ipad-compatibles-ipados-17\" target=\"_blank\" rel=\"noreferrer noopener\">source<\/a>, which has also made correct predictions about Apple software updates in the past. According to the report, three iPad models will likely no longer be compatible with iPadOS 17: the 5th generation iPad, the 9.7-inch 1st generation iPad Pro, and the 12.9-inch 1st generation iPad Pro. All iPads from the 6th generation onwards, the 3rd generation iPad Air, and the 5th generation iPad mini are expected to continue to be compatible with iPadOS 17, as will the 2017 iPad Pro.<\/p>\n\n\n\n<h3 class=\"wp-block-heading\">Upgrade or not?<\/h3>\n\n\n\n\n\n\n\n<p>It&#039;s important to note, however, that older devices don&#039;t support all the features and capabilities available with the latest software, so some features may only be available on newer devices. If you own an iPad that will no longer be compatible with iPadOS 17, you may want to consider whether it&#039;s time to upgrade, assuming the rumor turns out to be true, of course. However, if your device is still supported, you can look forward to the new features and capabilities that iPadOS 17 brings. (Photo by DenPhoto \/ Bigstockphoto)<\/p>\n\n\n\n<ul class=\"wp-block-list\">\n<li><a href=\"https:\/\/www.apfelpatient.de\/en\/rumors\/ios-17-and-sideloading-a-new-era-for-the-app-market\">iOS 17 and sideloading: a new era for the app market?<\/a><\/li>\n<\/ul>\n\n\n\n<h6 class=\"wp-block-heading translation-block\" id=\"h-kennt-ihr-schon-unsere-amazon-storefront-dort-findet-ihr-eine-handverlesene-auswahl-von-diversen-produkten-f-r-euer-iphone-und-co-viel-spa-beim-st-bern\"><em>Have you already visited our Amazon Storefront? There you&#039;ll find a hand-picked selection of various products for your iPhone and other devices \u2013 <span class=\"has-inline-color has-vivid-red-color\"><a href=\"https:\/\/www.amazon.de\/shop\/apfelpatientofficial\" class=\"ek-link\" data-wpel-link=\"exclude\" rel=\"follow noopener\" target=\"_self\"><span style=\"text-decoration: underline\" class=\"ek-underline\">enjoy browsing<\/span><\/a> !<\/span><\/em><\/h6>\n\n\n\n<h6 class=\"wp-block-heading translation-block\" id=\"h-der-beitrag-enthalt-partnerlinks\">This post contains <a data-type=\"URL\" data-id=\"https:\/\/www.apfelpatient.de\/partnerprogramm\" href=\"https:\/\/www.apfelpatient.de\/en\/partner-program\" data-wpel-link=\"internal\" target=\"_self\">affiliate links<\/a>.<\/h6>","protected":false},"excerpt":{"rendered":"<p>Rumors about iPadOS 17: Will your iPad soon no longer be supported? We have all the important information for you.<\/p>","protected":false},"author":2,"featured_media":32890,"comment_status":"closed","ping_status":"closed","sticky":false,"template":"","format":"standard","meta":{"jnews-multi-image_gallery":[],"jnews_single_post":{"subtitle":"","format":"standard","video":"","gallery":"","source_name":"","source_url":"","via_name":"","via_url":"","override":[{"single_blog_custom":"","sidebar":"","second_sidebar":"","share_position":"","share_float_style":"","post_date_format":"","post_date_format_custom":"","post_reading_time_wpm":"","zoom_button_out_step":"1","zoom_button_in_step":"1","number_popup_post":"1"}],"image_override":[{"single_post_thumbnail_size":"","single_post_gallery_size":""}],"trending_post_position":"","trending_post_label":"","sponsored_post_label":"","sponsored_post_name":"","sponsored_post_url":"","sponsored_post_logo":"","sponsored_post_desc":""},"jnews_primary_category":{"id":"25"},"footnotes":""},"categories":[25],"tags":[18,33,809],"class_list":["post-38531","post","type-post","status-publish","format-standard","has-post-thumbnail","hentry","category-rumors","tag-ipad","tag-ipados","tag-ipados-17"],"yoast_head":"<!-- This site is optimized with the Yoast SEO Premium plugin v27.5 (Yoast SEO v27.5) - https:\/\/yoast.com\/product\/yoast-seo-premium-wordpress\/ -->\n<title>Ger\u00fcchte um iPadOS 17: Verliert dein iPad die Kompatibilit\u00e4t?<\/title>\n<meta name=\"description\" content=\"Ger\u00fcchte um iPadOS 17: Wird dein iPad bald nicht mehr unterst\u00fctzt? Wir haben alle wichtigen Informationen f\u00fcr dich.\" \/>\n<meta name=\"robots\" content=\"index, follow, max-snippet:-1, max-image-preview:large, max-video-preview:-1\" \/>\n<link rel=\"canonical\" href=\"https:\/\/www.apfelpatient.de\/en\/rumors\/rumors-about-ipads-17-will-your-ipad-lose-compatibility\" \/>\n<meta property=\"og:locale\" content=\"en_US\" \/>\n<meta property=\"og:type\" content=\"article\" \/>\n<meta property=\"og:title\" content=\"Ger\u00fcchte um iPadOS 17: Verliert dein iPad die Kompatibilit\u00e4t?\" \/>\n<meta property=\"og:description\" content=\"Ger\u00fcchte um iPadOS 17: Wird dein iPad bald nicht mehr unterst\u00fctzt? Wir haben alle wichtigen Informationen f\u00fcr dich.\" \/>\n<meta property=\"og:url\" content=\"https:\/\/www.apfelpatient.de\/en\/rumors\/rumors-about-ipads-17-will-your-ipad-lose-compatibility\" \/>\n<meta property=\"og:site_name\" content=\"Apfelpatient\" \/>\n<meta property=\"article:publisher\" content=\"https:\/\/www.facebook.com\/apfelpatientOfficial\" \/>\n<meta property=\"article:author\" content=\"https:\/\/www.facebook.com\/apfelpatientOfficial\" \/>\n<meta property=\"article:published_time\" content=\"2023-04-24T04:04:00+00:00\" \/>\n<meta property=\"article:modified_time\" content=\"2023-04-24T04:04:01+00:00\" \/>\n<meta property=\"og:image\" content=\"https:\/\/www.apfelpatient.de\/wp-content\/uploads\/2022\/07\/bigstock-Alanya-Turkey-May-420751733.jpg\" \/>\n\t<meta property=\"og:image:width\" content=\"1600\" \/>\n\t<meta property=\"og:image:height\" content=\"1067\" \/>\n\t<meta property=\"og:image:type\" content=\"image\/jpeg\" \/>\n<meta name=\"author\" content=\"Milan\" \/>\n<meta name=\"twitter:card\" content=\"summary_large_image\" \/>\n<meta name=\"twitter:description\" content=\"Ger\u00fcchte um iPadOS 17: Wird dein iPad bald nicht mehr unterst\u00fctzt? Wir haben alle wichtigen Informationen f\u00fcr dich.\" \/>\n<meta name=\"twitter:label1\" content=\"Written by\" \/>\n\t<meta name=\"twitter:data1\" content=\"Milan\" \/>\n\t<meta name=\"twitter:label2\" content=\"Est. reading time\" \/>\n\t<meta name=\"twitter:data2\" content=\"2 minutes\" \/>\n<script type=\"application\/ld+json\" class=\"yoast-schema-graph\">{\"@context\":\"https:\\\/\\\/schema.org\",\"@graph\":[{\"@type\":\"NewsArticle\",\"@id\":\"https:\\\/\\\/www.apfelpatient.de\\\/rumors\\\/geruechte-um-ipados-17-verliert-dein-ipad-die-kompatibilitaet#article\",\"isPartOf\":{\"@id\":\"https:\\\/\\\/www.apfelpatient.de\\\/rumors\\\/geruechte-um-ipados-17-verliert-dein-ipad-die-kompatibilitaet\"},\"author\":{\"@type\":\"Organization\",\"@id\":\"https:\\\/\\\/www.apfelpatient.de\\\/en\\\/#organization\",\"name\":\"Apfelpatient\",\"url\":\"https:\\\/\\\/www.apfelpatient.de\\\/en\\\/\"},\"headline\":\"Ger\u00fcchte um iPadOS 17: Verliert dein iPad die Kompatibilit\u00e4t?\",\"datePublished\":\"2023-04-24T04:04:00+00:00\",\"dateModified\":\"2023-04-24T04:04:01+00:00\",\"mainEntityOfPage\":{\"@id\":\"https:\\\/\\\/www.apfelpatient.de\\\/rumors\\\/geruechte-um-ipados-17-verliert-dein-ipad-die-kompatibilitaet\"},\"wordCount\":352,\"publisher\":{\"@type\":\"Organization\",\"@id\":\"https:\\\/\\\/www.apfelpatient.de\\\/en\\\/#organization\",\"name\":\"Apfelpatient\",\"url\":\"https:\\\/\\\/www.apfelpatient.de\\\/en\\\/\"},\"image\":{\"@id\":\"https:\\\/\\\/www.apfelpatient.de\\\/rumors\\\/geruechte-um-ipados-17-verliert-dein-ipad-die-kompatibilitaet#primaryimage\"},\"thumbnailUrl\":\"https:\\\/\\\/www.apfelpatient.de\\\/wp-content\\\/uploads\\\/2022\\\/07\\\/bigstock-Alanya-Turkey-May-420751733.jpg\",\"keywords\":[\"iPad\",\"iPadOS\",\"iPadOS 17\"],\"articleSection\":\"Rumors\",\"inLanguage\":\"en-US\",\"copyrightYear\":\"2023\",\"copyrightHolder\":{\"@id\":\"https:\\\/\\\/www.apfelpatient.de\\\/en\\\/#organization\"}},{\"@type\":\"WebPage\",\"@id\":\"https:\\\/\\\/www.apfelpatient.de\\\/rumors\\\/geruechte-um-ipados-17-verliert-dein-ipad-die-kompatibilitaet\",\"url\":\"https:\\\/\\\/www.apfelpatient.de\\\/rumors\\\/geruechte-um-ipados-17-verliert-dein-ipad-die-kompatibilitaet\",\"name\":\"Ger\u00fcchte um iPadOS 17: Verliert dein iPad die Kompatibilit\u00e4t?\",\"isPartOf\":{\"@id\":\"https:\\\/\\\/www.apfelpatient.de\\\/#website\"},\"primaryImageOfPage\":{\"@id\":\"https:\\\/\\\/www.apfelpatient.de\\\/rumors\\\/geruechte-um-ipados-17-verliert-dein-ipad-die-kompatibilitaet#primaryimage\"},\"image\":{\"@id\":\"https:\\\/\\\/www.apfelpatient.de\\\/rumors\\\/geruechte-um-ipados-17-verliert-dein-ipad-die-kompatibilitaet#primaryimage\"},\"thumbnailUrl\":\"https:\\\/\\\/www.apfelpatient.de\\\/wp-content\\\/uploads\\\/2022\\\/07\\\/bigstock-Alanya-Turkey-May-420751733.jpg\",\"datePublished\":\"2023-04-24T04:04:00+00:00\",\"dateModified\":\"2023-04-24T04:04:01+00:00\",\"description\":\"Ger\u00fcchte um iPadOS 17: Wird dein iPad bald nicht mehr unterst\u00fctzt? Wir haben alle wichtigen Informationen f\u00fcr dich.\",\"breadcrumb\":{\"@id\":\"https:\\\/\\\/www.apfelpatient.de\\\/rumors\\\/geruechte-um-ipados-17-verliert-dein-ipad-die-kompatibilitaet#breadcrumb\"},\"inLanguage\":\"en-US\",\"potentialAction\":[{\"@type\":\"ReadAction\",\"target\":[\"https:\\\/\\\/www.apfelpatient.de\\\/rumors\\\/geruechte-um-ipados-17-verliert-dein-ipad-die-kompatibilitaet\"]}]},{\"@type\":\"ImageObject\",\"inLanguage\":\"en-US\",\"@id\":\"https:\\\/\\\/www.apfelpatient.de\\\/rumors\\\/geruechte-um-ipados-17-verliert-dein-ipad-die-kompatibilitaet#primaryimage\",\"url\":\"https:\\\/\\\/www.apfelpatient.de\\\/wp-content\\\/uploads\\\/2022\\\/07\\\/bigstock-Alanya-Turkey-May-420751733.jpg\",\"contentUrl\":\"https:\\\/\\\/www.apfelpatient.de\\\/wp-content\\\/uploads\\\/2022\\\/07\\\/bigstock-Alanya-Turkey-May-420751733.jpg\",\"width\":1600,\"height\":1067,\"caption\":\"Alanya, Turkey - May 11, 2021: iPad Air IOS 14 with widget on the home screen. iPad was created and developed by the Apple inc.\"},{\"@type\":\"BreadcrumbList\",\"@id\":\"https:\\\/\\\/www.apfelpatient.de\\\/rumors\\\/geruechte-um-ipados-17-verliert-dein-ipad-die-kompatibilitaet#breadcrumb\",\"itemListElement\":[{\"@type\":\"ListItem\",\"position\":1,\"name\":\"Startseite\",\"item\":\"https:\\\/\\\/www.apfelpatient.de\\\/\"},{\"@type\":\"ListItem\",\"position\":2,\"name\":\"Ger\u00fcchte um iPadOS 17: Verliert dein iPad die Kompatibilit\u00e4t?\"}]},{\"@type\":\"WebSite\",\"@id\":\"https:\\\/\\\/www.apfelpatient.de\\\/#website\",\"url\":\"https:\\\/\\\/www.apfelpatient.de\\\/\",\"name\":\"Apfelpatient\",\"description\":\"Alles rund um Apple!\",\"publisher\":{\"@type\":\"Organization\",\"@id\":\"https:\\\/\\\/www.apfelpatient.de\\\/en\\\/#organization\",\"name\":\"Apfelpatient\",\"url\":\"https:\\\/\\\/www.apfelpatient.de\\\/en\\\/\"},\"alternateName\":\"Apfelpatient\",\"potentialAction\":[{\"@type\":\"SearchAction\",\"target\":{\"@type\":\"EntryPoint\",\"urlTemplate\":\"https:\\\/\\\/www.apfelpatient.de\\\/?s={search_term_string}\"},\"query-input\":{\"@type\":\"PropertyValueSpecification\",\"valueRequired\":true,\"valueName\":\"search_term_string\"}}],\"inLanguage\":\"en-US\"},{\"@type\":[\"Person\",\"Organization\"],\"@id\":\"https:\\\/\\\/www.apfelpatient.de\\\/#\\\/schema\\\/person\\\/35b3ddba5832f2bfc7fff5206d4f6b7b\",\"name\":\"Milan\",\"logo\":{\"@id\":\"https:\\\/\\\/www.apfelpatient.de\\\/#\\\/schema\\\/person\\\/image\\\/\"},\"description\":\"Hallo und herzlich willkommen auf meinem Technik-Blog! Als gro\u00dfer Apple-Fan berichte ich hier \u00fcber alles, was mit Apple zu tun hat: von den neuesten News und spannenden Ger\u00fcchten \u00fcber hilfreiche Tipps und Tricks bis hin zu ausf\u00fchrlichen Produkttests. Wenn du genauso technikbegeistert bist wie ich, bist du hier genau richtig!\",\"sameAs\":[\"https:\\\/\\\/www.facebook.com\\\/apfelpatientOfficial\",\"https:\\\/\\\/www.linkedin.com\\\/in\\\/milan-jovicic-42aa0231b\"],\"url\":\"https:\\\/\\\/www.apfelpatient.de\\\/en\\\/author\\\/apfeladmin\"}]}<\/script>\n<!-- \/ Yoast SEO Premium plugin. -->","yoast_head_json":{"title":"Rumors about iPadOS 17: Will your iPad lose compatibility?","description":"Rumors about iPadOS 17: Will your iPad soon no longer be supported? We have all the important information for you.","robots":{"index":"index","follow":"follow","max-snippet":"max-snippet:-1","max-image-preview":"max-image-preview:large","max-video-preview":"max-video-preview:-1"},"canonical":"https:\/\/www.apfelpatient.de\/en\/rumors\/rumors-about-ipads-17-will-your-ipad-lose-compatibility","og_locale":"en_US","og_type":"article","og_title":"Ger\u00fcchte um iPadOS 17: Verliert dein iPad die Kompatibilit\u00e4t?","og_description":"Ger\u00fcchte um iPadOS 17: Wird dein iPad bald nicht mehr unterst\u00fctzt? Wir haben alle wichtigen Informationen f\u00fcr dich.","og_url":"https:\/\/www.apfelpatient.de\/en\/rumors\/rumors-about-ipads-17-will-your-ipad-lose-compatibility","og_site_name":"Apfelpatient","article_publisher":"https:\/\/www.facebook.com\/apfelpatientOfficial","article_author":"https:\/\/www.facebook.com\/apfelpatientOfficial","article_published_time":"2023-04-24T04:04:00+00:00","article_modified_time":"2023-04-24T04:04:01+00:00","og_image":[{"width":1600,"height":1067,"url":"https:\/\/www.apfelpatient.de\/wp-content\/uploads\/2022\/07\/bigstock-Alanya-Turkey-May-420751733.jpg","type":"image\/jpeg"}],"author":"Milan","twitter_card":"summary_large_image","twitter_description":"Ger\u00fcchte um iPadOS 17: Wird dein iPad bald nicht mehr unterst\u00fctzt? Wir haben alle wichtigen Informationen f\u00fcr dich.","twitter_misc":{"Written by":"Milan","Est. reading time":"2 minutes"},"schema":{"@context":"https:\/\/schema.org","@graph":[{"@type":"NewsArticle","@id":"https:\/\/www.apfelpatient.de\/rumors\/geruechte-um-ipados-17-verliert-dein-ipad-die-kompatibilitaet#article","isPartOf":{"@id":"https:\/\/www.apfelpatient.de\/rumors\/geruechte-um-ipados-17-verliert-dein-ipad-die-kompatibilitaet"},"author":{"@type":"Organization","@id":"https:\/\/www.apfelpatient.de\/en\/#organization","name":"Apfelpatient","url":"https:\/\/www.apfelpatient.de\/en\/"},"headline":"Ger\u00fcchte um iPadOS 17: Verliert dein iPad die Kompatibilit\u00e4t?","datePublished":"2023-04-24T04:04:00+00:00","dateModified":"2023-04-24T04:04:01+00:00","mainEntityOfPage":{"@id":"https:\/\/www.apfelpatient.de\/rumors\/geruechte-um-ipados-17-verliert-dein-ipad-die-kompatibilitaet"},"wordCount":352,"publisher":{"@type":"Organization","@id":"https:\/\/www.apfelpatient.de\/en\/#organization","name":"Apfelpatient","url":"https:\/\/www.apfelpatient.de\/en\/"},"image":{"@id":"https:\/\/www.apfelpatient.de\/rumors\/geruechte-um-ipados-17-verliert-dein-ipad-die-kompatibilitaet#primaryimage"},"thumbnailUrl":"https:\/\/www.apfelpatient.de\/wp-content\/uploads\/2022\/07\/bigstock-Alanya-Turkey-May-420751733.jpg","keywords":["iPad","iPadOS","iPadOS 17"],"articleSection":"Rumors","inLanguage":"en-US","copyrightYear":"2023","copyrightHolder":{"@id":"https:\/\/www.apfelpatient.de\/en\/#organization"}},{"@type":"WebPage","@id":"https:\/\/www.apfelpatient.de\/rumors\/geruechte-um-ipados-17-verliert-dein-ipad-die-kompatibilitaet","url":"https:\/\/www.apfelpatient.de\/rumors\/geruechte-um-ipados-17-verliert-dein-ipad-die-kompatibilitaet","name":"Rumors about iPadOS 17: Will your iPad lose compatibility?","isPartOf":{"@id":"https:\/\/www.apfelpatient.de\/#website"},"primaryImageOfPage":{"@id":"https:\/\/www.apfelpatient.de\/rumors\/geruechte-um-ipados-17-verliert-dein-ipad-die-kompatibilitaet#primaryimage"},"image":{"@id":"https:\/\/www.apfelpatient.de\/rumors\/geruechte-um-ipados-17-verliert-dein-ipad-die-kompatibilitaet#primaryimage"},"thumbnailUrl":"https:\/\/www.apfelpatient.de\/wp-content\/uploads\/2022\/07\/bigstock-Alanya-Turkey-May-420751733.jpg","datePublished":"2023-04-24T04:04:00+00:00","dateModified":"2023-04-24T04:04:01+00:00","description":"Rumors about iPadOS 17: Will your iPad soon no longer be supported? We have all the important information for you.","breadcrumb":{"@id":"https:\/\/www.apfelpatient.de\/rumors\/geruechte-um-ipados-17-verliert-dein-ipad-die-kompatibilitaet#breadcrumb"},"inLanguage":"en-US","potentialAction":[{"@type":"ReadAction","target":["https:\/\/www.apfelpatient.de\/rumors\/geruechte-um-ipados-17-verliert-dein-ipad-die-kompatibilitaet"]}]},{"@type":"ImageObject","inLanguage":"en-US","@id":"https:\/\/www.apfelpatient.de\/rumors\/geruechte-um-ipados-17-verliert-dein-ipad-die-kompatibilitaet#primaryimage","url":"https:\/\/www.apfelpatient.de\/wp-content\/uploads\/2022\/07\/bigstock-Alanya-Turkey-May-420751733.jpg","contentUrl":"https:\/\/www.apfelpatient.de\/wp-content\/uploads\/2022\/07\/bigstock-Alanya-Turkey-May-420751733.jpg","width":1600,"height":1067,"caption":"Alanya, Turkey - May 11, 2021: iPad Air IOS 14 with widget on the home screen. iPad was created and developed by the Apple inc."},{"@type":"BreadcrumbList","@id":"https:\/\/www.apfelpatient.de\/rumors\/geruechte-um-ipados-17-verliert-dein-ipad-die-kompatibilitaet#breadcrumb","itemListElement":[{"@type":"ListItem","position":1,"name":"Startseite","item":"https:\/\/www.apfelpatient.de\/"},{"@type":"ListItem","position":2,"name":"Ger\u00fcchte um iPadOS 17: Verliert dein iPad die Kompatibilit\u00e4t?"}]},{"@type":"WebSite","@id":"https:\/\/www.apfelpatient.de\/#website","url":"https:\/\/www.apfelpatient.de\/","name":"apple patient","description":"Everything about Apple!","publisher":{"@type":"Organization","@id":"https:\/\/www.apfelpatient.de\/en\/#organization","name":"Apfelpatient","url":"https:\/\/www.apfelpatient.de\/en\/"},"alternateName":"Apfelpatient","potentialAction":[{"@type":"SearchAction","target":{"@type":"EntryPoint","urlTemplate":"https:\/\/www.apfelpatient.de\/?s={search_term_string}"},"query-input":{"@type":"PropertyValueSpecification","valueRequired":true,"valueName":"search_term_string"}}],"inLanguage":"en-US"},{"@type":["Person","Organization"],"@id":"https:\/\/www.apfelpatient.de\/#\/schema\/person\/35b3ddba5832f2bfc7fff5206d4f6b7b","name":"Milan","logo":{"@id":"https:\/\/www.apfelpatient.de\/#\/schema\/person\/image\/"},"description":"Hello and welcome to my technology blog! As a big Apple fan, I report on everything to do with Apple: from the latest news and exciting rumors to helpful tips and tricks and detailed product tests. If you are as enthusiastic about technology as I am, you have come to the right place!","sameAs":["https:\/\/www.facebook.com\/apfelpatientOfficial","https:\/\/www.linkedin.com\/in\/milan-jovicic-42aa0231b"],"url":"https:\/\/www.apfelpatient.de\/en\/author\/apfeladmin"}]}},"_links":{"self":[{"href":"https:\/\/www.apfelpatient.de\/en\/wp-json\/wp\/v2\/posts\/38531","targetHints":{"allow":["GET"]}}],"collection":[{"href":"https:\/\/www.apfelpatient.de\/en\/wp-json\/wp\/v2\/posts"}],"about":[{"href":"https:\/\/www.apfelpatient.de\/en\/wp-json\/wp\/v2\/types\/post"}],"author":[{"embeddable":true,"href":"https:\/\/www.apfelpatient.de\/en\/wp-json\/wp\/v2\/users\/2"}],"replies":[{"embeddable":true,"href":"https:\/\/www.apfelpatient.de\/en\/wp-json\/wp\/v2\/comments?post=38531"}],"version-history":[{"count":0,"href":"https:\/\/www.apfelpatient.de\/en\/wp-json\/wp\/v2\/posts\/38531\/revisions"}],"wp:featuredmedia":[{"embeddable":true,"href":"https:\/\/www.apfelpatient.de\/en\/wp-json\/wp\/v2\/media\/32890"}],"wp:attachment":[{"href":"https:\/\/www.apfelpatient.de\/en\/wp-json\/wp\/v2\/media?parent=38531"}],"wp:term":[{"taxonomy":"category","embeddable":true,"href":"https:\/\/www.apfelpatient.de\/en\/wp-json\/wp\/v2\/categories?post=38531"},{"taxonomy":"post_tag","embeddable":true,"href":"https:\/\/www.apfelpatient.de\/en\/wp-json\/wp\/v2\/tags?post=38531"}],"curies":[{"name":"wp","href":"https:\/\/api.w.org\/{rel}","templated":true}]}}