{"id":38383,"date":"2023-04-10T21:55:00","date_gmt":"2023-04-10T19:55:00","guid":{"rendered":"https:\/\/www.apfelpatient.de\/?p=38383"},"modified":"2023-04-10T23:01:02","modified_gmt":"2023-04-10T21:01:02","slug":"15-inch-macbook-air-could-be-released-soon","status":"publish","type":"post","link":"https:\/\/www.apfelpatient.de\/en\/rumors\/15-zoll-macbook-air-koennte-schon-bald-erscheinen","title":{"rendered":"15-inch MacBook Air could be released soon"},"content":{"rendered":"<p class=\"has-drop-cap\"><strong>Display production is expected to ramp up for the as-yet-unannounced 15-inch MacBook Air, and it could launch in late April or early May.<\/strong><\/p>\n\n\n\n<p>Display analyst Ross Young from Display Supply Chain Consultants (DSCC) <a href=\"https:\/\/twitter.com\/dsccross?s=21&amp;t=5epTIp1bP-8nlgctnVcZkw\" target=\"_blank\" rel=\"noreferrer noopener\">tweeted<\/a> on Monday to paying subscribers about the 15-inch MacBook Air. Young has previously shared rumors about the device. In response to a comment, Young said panel production for the larger MacBook Air began in February and increased in March. Apple is reportedly planning another production increase in April, so the device could launch in late April or early May. Young is relatively accurate when it comes to Apple&#039;s leaks and rumors and has previously suggested a spring 2023 launch for the 15-inch MacBook Air.<\/p>\n\n\n\n<h3 class=\"wp-block-heading\" id=\"h-15-zoll-macbook-air-einige-geruchte-sind-widerspruchlich\">15-inch MacBook Air: Some rumors are contradictory<\/h3>\n\n\n\n\n\n\n\n<p>If the rumors are true, the display will be 15.5 inches, placing it between the 14-inch MacBook Pro and the 16-inch MacBook Pro. It will likely have the same design as the M2 MacBook Air, while rumors about the chip are contradictory. According to some reports, it could be an M3 processor, which would be the latest member of the Apple Silicon line for Macs. The timing of the launch is also questionable. It may be too late for a product launch in spring, unless Apple announces the new MacBook Air in a press release rather than at a keynote. (Image: Apple)<\/p>\n\n\n\n<ul class=\"wp-block-list\">\n<li><a href=\"https:\/\/www.apfelpatient.de\/en\/rumors\/apple-is-reportedly-developing-a-macbook-air-with-oled-display\">Apple is reportedly developing a MacBook Air with OLED display<\/a><\/li>\n<\/ul>\n\n\n\n<h6 class=\"wp-block-heading translation-block\" id=\"h-kennt-ihr-schon-unsere-amazon-storefront-dort-findet-ihr-eine-handverlesene-auswahl-von-diversen-produkten-f-r-euer-iphone-und-co-viel-spa-beim-st-bern\"><em>Have you already visited our Amazon Storefront? There you&#039;ll find a hand-picked selection of various products for your iPhone and other devices \u2013 <span class=\"has-inline-color has-vivid-red-color\"><a href=\"https:\/\/www.amazon.de\/shop\/apfelpatientofficial\" class=\"ek-link\" data-wpel-link=\"exclude\" rel=\"follow noopener\" target=\"_self\"><span style=\"text-decoration: underline\" class=\"ek-underline\">enjoy browsing<\/span><\/a> !<\/span><\/em><\/h6>\n\n\n\n<h6 class=\"wp-block-heading translation-block\" id=\"h-der-beitrag-enthalt-partnerlinks\">This post contains <a data-type=\"URL\" data-id=\"https:\/\/www.apfelpatient.de\/partnerprogramm\" href=\"https:\/\/www.apfelpatient.de\/en\/partner-program\" data-wpel-link=\"internal\" target=\"_self\">affiliate links<\/a>.<\/h6>","protected":false},"excerpt":{"rendered":"<p>Display production is expected to ramp up for the as-yet-unannounced 15-inch MacBook Air.<\/p>","protected":false},"author":2,"featured_media":32099,"comment_status":"closed","ping_status":"closed","sticky":false,"template":"","format":"standard","meta":{"jnews-multi-image_gallery":[],"jnews_single_post":{"subtitle":"","format":"standard","video":"","gallery":"","source_name":"","source_url":"","via_name":"","via_url":"","override":[{"single_blog_custom":"","sidebar":"","second_sidebar":"","share_position":"","share_float_style":"","post_date_format":"","post_date_format_custom":"","post_reading_time_wpm":"","zoom_button_out_step":"1","zoom_button_in_step":"1","number_popup_post":"1"}],"image_override":[{"single_post_thumbnail_size":"","single_post_gallery_size":""}],"trending_post_position":"","trending_post_label":"","sponsored_post_label":"","sponsored_post_name":"","sponsored_post_url":"","sponsored_post_logo":"","sponsored_post_desc":""},"jnews_primary_category":{"id":"25"},"footnotes":""},"categories":[25],"tags":[40,41],"class_list":["post-38383","post","type-post","status-publish","format-standard","has-post-thumbnail","hentry","category-rumors","tag-mac","tag-macbook-air"],"yoast_head":"<!-- This site is optimized with the Yoast SEO Premium plugin v27.5 (Yoast SEO v27.5) - https:\/\/yoast.com\/product\/yoast-seo-premium-wordpress\/ -->\n<title>15-Zoll MacBook Air k\u00f6nnte schon bald erscheinen Apfelpatient<\/title>\n<meta name=\"description\" content=\"Es wird erwartet, dass die Display-Produktion f\u00fcr das bislang unangek\u00fcndigte 15-Zoll MacBook Air hochgefahren wird.\" \/>\n<meta name=\"robots\" content=\"index, follow, max-snippet:-1, max-image-preview:large, max-video-preview:-1\" \/>\n<link rel=\"canonical\" href=\"https:\/\/www.apfelpatient.de\/en\/rumors\/15-inch-macbook-air-could-be-released-soon\" \/>\n<meta property=\"og:locale\" content=\"en_US\" \/>\n<meta property=\"og:type\" content=\"article\" \/>\n<meta property=\"og:title\" content=\"15-Zoll MacBook Air k\u00f6nnte schon bald erscheinen\" \/>\n<meta property=\"og:description\" content=\"Es wird erwartet, dass die Display-Produktion f\u00fcr das bislang unangek\u00fcndigte 15-Zoll MacBook Air hochgefahren wird.\" \/>\n<meta property=\"og:url\" content=\"https:\/\/www.apfelpatient.de\/en\/rumors\/15-inch-macbook-air-could-be-released-soon\" \/>\n<meta property=\"og:site_name\" content=\"Apfelpatient\" \/>\n<meta property=\"article:publisher\" content=\"https:\/\/www.facebook.com\/apfelpatientOfficial\" \/>\n<meta property=\"article:author\" content=\"https:\/\/www.facebook.com\/apfelpatientOfficial\" \/>\n<meta property=\"article:published_time\" content=\"2023-04-10T19:55:00+00:00\" \/>\n<meta property=\"article:modified_time\" content=\"2023-04-10T21:01:02+00:00\" \/>\n<meta property=\"og:image\" content=\"https:\/\/www.apfelpatient.de\/wp-content\/uploads\/2022\/06\/Apple-WWDC22-MacBook-Air-4up-colors-hero-220606.jpg\" \/>\n\t<meta property=\"og:image:width\" content=\"1600\" \/>\n\t<meta property=\"og:image:height\" content=\"1066\" \/>\n\t<meta property=\"og:image:type\" content=\"image\/jpeg\" \/>\n<meta name=\"author\" content=\"Milan\" \/>\n<meta name=\"twitter:card\" content=\"summary_large_image\" \/>\n<meta name=\"twitter:description\" content=\"Es wird erwartet, dass die Display-Produktion f\u00fcr das bislang unangek\u00fcndigte 15-Zoll MacBook Air hochgefahren wird.\" \/>\n<meta name=\"twitter:label1\" content=\"Written by\" \/>\n\t<meta name=\"twitter:data1\" content=\"Milan\" \/>\n\t<meta name=\"twitter:label2\" content=\"Est. reading time\" \/>\n\t<meta name=\"twitter:data2\" content=\"2 minutes\" \/>\n<script type=\"application\/ld+json\" class=\"yoast-schema-graph\">{\"@context\":\"https:\\\/\\\/schema.org\",\"@graph\":[{\"@type\":\"NewsArticle\",\"@id\":\"https:\\\/\\\/www.apfelpatient.de\\\/rumors\\\/15-zoll-macbook-air-koennte-schon-bald-erscheinen#article\",\"isPartOf\":{\"@id\":\"https:\\\/\\\/www.apfelpatient.de\\\/rumors\\\/15-zoll-macbook-air-koennte-schon-bald-erscheinen\"},\"author\":{\"@type\":\"Organization\",\"@id\":\"https:\\\/\\\/www.apfelpatient.de\\\/en\\\/#organization\",\"name\":\"Apfelpatient\",\"url\":\"https:\\\/\\\/www.apfelpatient.de\\\/en\\\/\"},\"headline\":\"15-Zoll MacBook Air k\u00f6nnte schon bald erscheinen\",\"datePublished\":\"2023-04-10T19:55:00+00:00\",\"dateModified\":\"2023-04-10T21:01:02+00:00\",\"mainEntityOfPage\":{\"@id\":\"https:\\\/\\\/www.apfelpatient.de\\\/rumors\\\/15-zoll-macbook-air-koennte-schon-bald-erscheinen\"},\"wordCount\":287,\"publisher\":{\"@type\":\"Organization\",\"@id\":\"https:\\\/\\\/www.apfelpatient.de\\\/en\\\/#organization\",\"name\":\"Apfelpatient\",\"url\":\"https:\\\/\\\/www.apfelpatient.de\\\/en\\\/\"},\"image\":{\"@id\":\"https:\\\/\\\/www.apfelpatient.de\\\/rumors\\\/15-zoll-macbook-air-koennte-schon-bald-erscheinen#primaryimage\"},\"thumbnailUrl\":\"https:\\\/\\\/www.apfelpatient.de\\\/wp-content\\\/uploads\\\/2022\\\/06\\\/Apple-WWDC22-MacBook-Air-4up-colors-hero-220606.jpg\",\"keywords\":[\"Mac\",\"MacBook Air\"],\"articleSection\":\"Rumors\",\"inLanguage\":\"en-US\",\"copyrightYear\":\"2023\",\"copyrightHolder\":{\"@id\":\"https:\\\/\\\/www.apfelpatient.de\\\/en\\\/#organization\"}},{\"@type\":\"WebPage\",\"@id\":\"https:\\\/\\\/www.apfelpatient.de\\\/rumors\\\/15-zoll-macbook-air-koennte-schon-bald-erscheinen\",\"url\":\"https:\\\/\\\/www.apfelpatient.de\\\/rumors\\\/15-zoll-macbook-air-koennte-schon-bald-erscheinen\",\"name\":\"15-Zoll MacBook Air k\u00f6nnte schon bald erscheinen Apfelpatient\",\"isPartOf\":{\"@id\":\"https:\\\/\\\/www.apfelpatient.de\\\/#website\"},\"primaryImageOfPage\":{\"@id\":\"https:\\\/\\\/www.apfelpatient.de\\\/rumors\\\/15-zoll-macbook-air-koennte-schon-bald-erscheinen#primaryimage\"},\"image\":{\"@id\":\"https:\\\/\\\/www.apfelpatient.de\\\/rumors\\\/15-zoll-macbook-air-koennte-schon-bald-erscheinen#primaryimage\"},\"thumbnailUrl\":\"https:\\\/\\\/www.apfelpatient.de\\\/wp-content\\\/uploads\\\/2022\\\/06\\\/Apple-WWDC22-MacBook-Air-4up-colors-hero-220606.jpg\",\"datePublished\":\"2023-04-10T19:55:00+00:00\",\"dateModified\":\"2023-04-10T21:01:02+00:00\",\"description\":\"Es wird erwartet, dass die Display-Produktion f\u00fcr das bislang unangek\u00fcndigte 15-Zoll MacBook Air hochgefahren wird.\",\"breadcrumb\":{\"@id\":\"https:\\\/\\\/www.apfelpatient.de\\\/rumors\\\/15-zoll-macbook-air-koennte-schon-bald-erscheinen#breadcrumb\"},\"inLanguage\":\"en-US\",\"potentialAction\":[{\"@type\":\"ReadAction\",\"target\":[\"https:\\\/\\\/www.apfelpatient.de\\\/rumors\\\/15-zoll-macbook-air-koennte-schon-bald-erscheinen\"]}]},{\"@type\":\"ImageObject\",\"inLanguage\":\"en-US\",\"@id\":\"https:\\\/\\\/www.apfelpatient.de\\\/rumors\\\/15-zoll-macbook-air-koennte-schon-bald-erscheinen#primaryimage\",\"url\":\"https:\\\/\\\/www.apfelpatient.de\\\/wp-content\\\/uploads\\\/2022\\\/06\\\/Apple-WWDC22-MacBook-Air-4up-colors-hero-220606.jpg\",\"contentUrl\":\"https:\\\/\\\/www.apfelpatient.de\\\/wp-content\\\/uploads\\\/2022\\\/06\\\/Apple-WWDC22-MacBook-Air-4up-colors-hero-220606.jpg\",\"width\":1600,\"height\":1066,\"caption\":\"Bild: Apple\"},{\"@type\":\"BreadcrumbList\",\"@id\":\"https:\\\/\\\/www.apfelpatient.de\\\/rumors\\\/15-zoll-macbook-air-koennte-schon-bald-erscheinen#breadcrumb\",\"itemListElement\":[{\"@type\":\"ListItem\",\"position\":1,\"name\":\"Startseite\",\"item\":\"https:\\\/\\\/www.apfelpatient.de\\\/\"},{\"@type\":\"ListItem\",\"position\":2,\"name\":\"15-Zoll MacBook Air k\u00f6nnte schon bald erscheinen\"}]},{\"@type\":\"WebSite\",\"@id\":\"https:\\\/\\\/www.apfelpatient.de\\\/#website\",\"url\":\"https:\\\/\\\/www.apfelpatient.de\\\/\",\"name\":\"Apfelpatient\",\"description\":\"Alles rund um Apple!\",\"publisher\":{\"@type\":\"Organization\",\"@id\":\"https:\\\/\\\/www.apfelpatient.de\\\/en\\\/#organization\",\"name\":\"Apfelpatient\",\"url\":\"https:\\\/\\\/www.apfelpatient.de\\\/en\\\/\"},\"alternateName\":\"Apfelpatient\",\"potentialAction\":[{\"@type\":\"SearchAction\",\"target\":{\"@type\":\"EntryPoint\",\"urlTemplate\":\"https:\\\/\\\/www.apfelpatient.de\\\/?s={search_term_string}\"},\"query-input\":{\"@type\":\"PropertyValueSpecification\",\"valueRequired\":true,\"valueName\":\"search_term_string\"}}],\"inLanguage\":\"en-US\"},{\"@type\":[\"Person\",\"Organization\"],\"@id\":\"https:\\\/\\\/www.apfelpatient.de\\\/#\\\/schema\\\/person\\\/7dc56ad6c8e9824b76d2c08d4c140e13\",\"name\":\"Milan\",\"logo\":{\"@id\":\"https:\\\/\\\/www.apfelpatient.de\\\/#\\\/schema\\\/person\\\/image\\\/\"},\"description\":\"Hallo und herzlich willkommen auf meinem Technik-Blog! Als gro\u00dfer Apple-Fan berichte ich hier \u00fcber alles, was mit Apple zu tun hat: von den neuesten News und spannenden Ger\u00fcchten \u00fcber hilfreiche Tipps und Tricks bis hin zu ausf\u00fchrlichen Produkttests. Wenn du genauso technikbegeistert bist wie ich, bist du hier genau richtig!\",\"sameAs\":[\"https:\\\/\\\/www.facebook.com\\\/apfelpatientOfficial\",\"https:\\\/\\\/www.linkedin.com\\\/in\\\/milan-jovicic-42aa0231b\"],\"url\":\"https:\\\/\\\/www.apfelpatient.de\\\/en\\\/author\\\/apfeladmin\"}]}<\/script>\n<!-- \/ Yoast SEO Premium plugin. -->","yoast_head_json":{"title":"15-inch MacBook Air could be released soon Apfelpatient","description":"Display production is expected to ramp up for the as-yet-unannounced 15-inch MacBook Air.","robots":{"index":"index","follow":"follow","max-snippet":"max-snippet:-1","max-image-preview":"max-image-preview:large","max-video-preview":"max-video-preview:-1"},"canonical":"https:\/\/www.apfelpatient.de\/en\/rumors\/15-inch-macbook-air-could-be-released-soon","og_locale":"en_US","og_type":"article","og_title":"15-Zoll MacBook Air k\u00f6nnte schon bald erscheinen","og_description":"Es wird erwartet, dass die Display-Produktion f\u00fcr das bislang unangek\u00fcndigte 15-Zoll MacBook Air hochgefahren wird.","og_url":"https:\/\/www.apfelpatient.de\/en\/rumors\/15-inch-macbook-air-could-be-released-soon","og_site_name":"Apfelpatient","article_publisher":"https:\/\/www.facebook.com\/apfelpatientOfficial","article_author":"https:\/\/www.facebook.com\/apfelpatientOfficial","article_published_time":"2023-04-10T19:55:00+00:00","article_modified_time":"2023-04-10T21:01:02+00:00","og_image":[{"width":1600,"height":1066,"url":"https:\/\/www.apfelpatient.de\/wp-content\/uploads\/2022\/06\/Apple-WWDC22-MacBook-Air-4up-colors-hero-220606.jpg","type":"image\/jpeg"}],"author":"Milan","twitter_card":"summary_large_image","twitter_description":"Es wird erwartet, dass die Display-Produktion f\u00fcr das bislang unangek\u00fcndigte 15-Zoll MacBook Air hochgefahren wird.","twitter_misc":{"Written by":"Milan","Est. reading time":"2 minutes"},"schema":{"@context":"https:\/\/schema.org","@graph":[{"@type":"NewsArticle","@id":"https:\/\/www.apfelpatient.de\/rumors\/15-zoll-macbook-air-koennte-schon-bald-erscheinen#article","isPartOf":{"@id":"https:\/\/www.apfelpatient.de\/rumors\/15-zoll-macbook-air-koennte-schon-bald-erscheinen"},"author":{"@type":"Organization","@id":"https:\/\/www.apfelpatient.de\/en\/#organization","name":"Apfelpatient","url":"https:\/\/www.apfelpatient.de\/en\/"},"headline":"15-Zoll MacBook Air k\u00f6nnte schon bald erscheinen","datePublished":"2023-04-10T19:55:00+00:00","dateModified":"2023-04-10T21:01:02+00:00","mainEntityOfPage":{"@id":"https:\/\/www.apfelpatient.de\/rumors\/15-zoll-macbook-air-koennte-schon-bald-erscheinen"},"wordCount":287,"publisher":{"@type":"Organization","@id":"https:\/\/www.apfelpatient.de\/en\/#organization","name":"Apfelpatient","url":"https:\/\/www.apfelpatient.de\/en\/"},"image":{"@id":"https:\/\/www.apfelpatient.de\/rumors\/15-zoll-macbook-air-koennte-schon-bald-erscheinen#primaryimage"},"thumbnailUrl":"https:\/\/www.apfelpatient.de\/wp-content\/uploads\/2022\/06\/Apple-WWDC22-MacBook-Air-4up-colors-hero-220606.jpg","keywords":["Mac","MacBook Air"],"articleSection":"Rumors","inLanguage":"en-US","copyrightYear":"2023","copyrightHolder":{"@id":"https:\/\/www.apfelpatient.de\/en\/#organization"}},{"@type":"WebPage","@id":"https:\/\/www.apfelpatient.de\/rumors\/15-zoll-macbook-air-koennte-schon-bald-erscheinen","url":"https:\/\/www.apfelpatient.de\/rumors\/15-zoll-macbook-air-koennte-schon-bald-erscheinen","name":"15-inch MacBook Air could be released soon Apfelpatient","isPartOf":{"@id":"https:\/\/www.apfelpatient.de\/#website"},"primaryImageOfPage":{"@id":"https:\/\/www.apfelpatient.de\/rumors\/15-zoll-macbook-air-koennte-schon-bald-erscheinen#primaryimage"},"image":{"@id":"https:\/\/www.apfelpatient.de\/rumors\/15-zoll-macbook-air-koennte-schon-bald-erscheinen#primaryimage"},"thumbnailUrl":"https:\/\/www.apfelpatient.de\/wp-content\/uploads\/2022\/06\/Apple-WWDC22-MacBook-Air-4up-colors-hero-220606.jpg","datePublished":"2023-04-10T19:55:00+00:00","dateModified":"2023-04-10T21:01:02+00:00","description":"Display production is expected to ramp up for the as-yet-unannounced 15-inch MacBook Air.","breadcrumb":{"@id":"https:\/\/www.apfelpatient.de\/rumors\/15-zoll-macbook-air-koennte-schon-bald-erscheinen#breadcrumb"},"inLanguage":"en-US","potentialAction":[{"@type":"ReadAction","target":["https:\/\/www.apfelpatient.de\/rumors\/15-zoll-macbook-air-koennte-schon-bald-erscheinen"]}]},{"@type":"ImageObject","inLanguage":"en-US","@id":"https:\/\/www.apfelpatient.de\/rumors\/15-zoll-macbook-air-koennte-schon-bald-erscheinen#primaryimage","url":"https:\/\/www.apfelpatient.de\/wp-content\/uploads\/2022\/06\/Apple-WWDC22-MacBook-Air-4up-colors-hero-220606.jpg","contentUrl":"https:\/\/www.apfelpatient.de\/wp-content\/uploads\/2022\/06\/Apple-WWDC22-MacBook-Air-4up-colors-hero-220606.jpg","width":1600,"height":1066,"caption":"Bild: Apple"},{"@type":"BreadcrumbList","@id":"https:\/\/www.apfelpatient.de\/rumors\/15-zoll-macbook-air-koennte-schon-bald-erscheinen#breadcrumb","itemListElement":[{"@type":"ListItem","position":1,"name":"Startseite","item":"https:\/\/www.apfelpatient.de\/"},{"@type":"ListItem","position":2,"name":"15-Zoll MacBook Air k\u00f6nnte schon bald erscheinen"}]},{"@type":"WebSite","@id":"https:\/\/www.apfelpatient.de\/#website","url":"https:\/\/www.apfelpatient.de\/","name":"apple patient","description":"Everything about Apple!","publisher":{"@type":"Organization","@id":"https:\/\/www.apfelpatient.de\/en\/#organization","name":"Apfelpatient","url":"https:\/\/www.apfelpatient.de\/en\/"},"alternateName":"Apfelpatient","potentialAction":[{"@type":"SearchAction","target":{"@type":"EntryPoint","urlTemplate":"https:\/\/www.apfelpatient.de\/?s={search_term_string}"},"query-input":{"@type":"PropertyValueSpecification","valueRequired":true,"valueName":"search_term_string"}}],"inLanguage":"en-US"},{"@type":["Person","Organization"],"@id":"https:\/\/www.apfelpatient.de\/#\/schema\/person\/7dc56ad6c8e9824b76d2c08d4c140e13","name":"Milan","logo":{"@id":"https:\/\/www.apfelpatient.de\/#\/schema\/person\/image\/"},"description":"Hello and welcome to my technology blog! As a big Apple fan, I report on everything to do with Apple: from the latest news and exciting rumors to helpful tips and tricks and detailed product tests. If you are as enthusiastic about technology as I am, you have come to the right place!","sameAs":["https:\/\/www.facebook.com\/apfelpatientOfficial","https:\/\/www.linkedin.com\/in\/milan-jovicic-42aa0231b"],"url":"https:\/\/www.apfelpatient.de\/en\/author\/apfeladmin"}]}},"_links":{"self":[{"href":"https:\/\/www.apfelpatient.de\/en\/wp-json\/wp\/v2\/posts\/38383","targetHints":{"allow":["GET"]}}],"collection":[{"href":"https:\/\/www.apfelpatient.de\/en\/wp-json\/wp\/v2\/posts"}],"about":[{"href":"https:\/\/www.apfelpatient.de\/en\/wp-json\/wp\/v2\/types\/post"}],"author":[{"embeddable":true,"href":"https:\/\/www.apfelpatient.de\/en\/wp-json\/wp\/v2\/users\/2"}],"replies":[{"embeddable":true,"href":"https:\/\/www.apfelpatient.de\/en\/wp-json\/wp\/v2\/comments?post=38383"}],"version-history":[{"count":0,"href":"https:\/\/www.apfelpatient.de\/en\/wp-json\/wp\/v2\/posts\/38383\/revisions"}],"wp:featuredmedia":[{"embeddable":true,"href":"https:\/\/www.apfelpatient.de\/en\/wp-json\/wp\/v2\/media\/32099"}],"wp:attachment":[{"href":"https:\/\/www.apfelpatient.de\/en\/wp-json\/wp\/v2\/media?parent=38383"}],"wp:term":[{"taxonomy":"category","embeddable":true,"href":"https:\/\/www.apfelpatient.de\/en\/wp-json\/wp\/v2\/categories?post=38383"},{"taxonomy":"post_tag","embeddable":true,"href":"https:\/\/www.apfelpatient.de\/en\/wp-json\/wp\/v2\/tags?post=38383"}],"curies":[{"name":"wp","href":"https:\/\/api.w.org\/{rel}","templated":true}]}}