{"id":38348,"date":"2023-04-05T20:56:56","date_gmt":"2023-04-05T18:56:56","guid":{"rendered":"https:\/\/www.apfelpatient.de\/?p=38348"},"modified":"2023-04-05T20:56:57","modified_gmt":"2023-04-05T18:56:57","slug":"apple-ar-vr-headset-will-it-be-a-star-product","status":"publish","type":"post","link":"https:\/\/www.apfelpatient.de\/en\/rumors\/apple-ar-vr-headset-wird-es-ein-star-produkt-werden","title":{"rendered":"Apple AR\/VR headset: Will it be a \u201cstar product\u201d?"},"content":{"rendered":"<p class=\"has-drop-cap\"><strong>Rumor has it that Apple will use the upcoming Worldwide Developers Conference to unveil its long-rumored AR\/VR headset.<\/strong><\/p>\n\n\n\n<p>According to renowned Apple analyst Ming-Chi Kuo, the presentation of the device will be an important milestone in Apple&#039;s efforts to convince investors that it will sell. <a href=\"https:\/\/medium.com\/@mingchikuo\/some-critical-updates-on-the-sales-shipments-of-ar-vr-headset-devices-\u6709\u4e9b\u95dc\u65bcar-vr\u982d\u6234\u88dd\u7f6e\u7684\u92b7\u552e-\u51fa\u8ca8\u95dc\u9375\u66f4\u65b0-64ca8c2b44b\" target=\"_blank\" rel=\"noreferrer noopener\">writes<\/a> Kuo in his latest article:<\/p>\n\n\n\n<blockquote class=\"wp-block-quote is-layout-flow wp-block-quote-is-layout-flow\">\n<p>Apple&#039;s announcement is likely the last hope to convince investors that the AR\/VR headset has a chance to become the next star product in consumer electronics.<\/p>\n<\/blockquote>\n\n\n\n<p>With Sony cutting production plans for the PS VR2 and the Meta Quest Pro estimated to ship at 300,000 units, Kuo believes there is &quot;insufficient evidence&quot; that AR\/VR headsets could become the next big thing in consumer electronics. As the AR\/VR headset&#039;s unveiling draws closer, there is growing skepticism about whether Apple will unveil a product that people will actually want to buy.<\/p>\n\n\n\n<h3 class=\"wp-block-heading\" id=\"h-einige-apple-mitarbeiter-sind-skeptisch\">Some Apple employees are skeptical<\/h3>\n\n\n\n<p>In late March, the New York Times quoted Apple employees as expressing concern about the headset&#039;s utility and price. Some wondered if the device was a &quot;solution to a problem,&quot; unlike the iPhone and iPad. There were also concerns that it would not have the same clarity as other Apple devices. Apple CEO Tim Cook said earlier in the week that there had been &quot;a lot of skeptics&quot; about everything the company had done, but that Apple had succeeded regardless. &quot;When you do something that&#039;s on the edge, there are always going to be skeptics,&quot; he said. Cook said Apple was &quot;not interested in piecing together pieces from others,&quot; and the company wanted to &quot;control the primary technology in the markets it enters.&quot;<\/p>\n\n\n\n<h3 class=\"wp-block-heading\">Will the Apple AR\/VR headset be presented at the WWDC 2023 keynote?<\/h3>\n\n\n\n\n\n\n\n<p>While Kuo hinted in late March that Apple&#039;s AR\/VR headset might not be unveiled at WWDC as Apple has pushed back the timeline for mass production, Bloomberg&#039;s Mark Gurman said on Sunday that Apple still plans to unveil the device at the 2023 WWDC keynote. Kuo has not retracted his guess and his report today does not provide any details on Apple&#039;s next event. Rumor has it that the AR\/VR headset will feature 4K micro-OLED displays, dozens of cameras that capture everything from the user&#039;s surroundings to their gestures and facial expressions, a lightweight and comfortable fit facilitated by an external battery, and focus communication software. (Image: Apple)<\/p>\n\n\n\n<ul class=\"wp-block-list\">\n<li><a href=\"https:\/\/www.apfelpatient.de\/en\/news\/apple-ceo-tim-cook-hints-at-new-mixed-reality-headset\">Apple CEO Tim Cook hints at new mixed reality headset<\/a><\/li>\n<\/ul>\n\n\n\n<h6 class=\"wp-block-heading translation-block\" id=\"h-kennt-ihr-schon-unsere-amazon-storefront-dort-findet-ihr-eine-handverlesene-auswahl-von-diversen-produkten-f-r-euer-iphone-und-co-viel-spa-beim-st-bern\"><em>Have you already visited our Amazon Storefront? There you&#039;ll find a hand-picked selection of various products for your iPhone and other devices \u2013 <span class=\"has-inline-color has-vivid-red-color\"><a href=\"https:\/\/www.amazon.de\/shop\/apfelpatientofficial\" class=\"ek-link\" data-wpel-link=\"exclude\" rel=\"follow noopener\" target=\"_self\"><span style=\"text-decoration: underline\" class=\"ek-underline\">enjoy browsing<\/span><\/a> !<\/span><\/em><\/h6>\n\n\n\n<h6 class=\"wp-block-heading translation-block\" id=\"h-der-beitrag-enthalt-partnerlinks\">This post contains <a data-type=\"URL\" data-id=\"https:\/\/www.apfelpatient.de\/partnerprogramm\" href=\"https:\/\/www.apfelpatient.de\/en\/partner-program\" data-wpel-link=\"internal\" target=\"_self\">affiliate links<\/a>.<\/h6>","protected":false},"excerpt":{"rendered":"<p>Apple AR\/VR headset: The next star product? Presentation could be a milestone in Apple&#039;s efforts to convince investors.<\/p>","protected":false},"author":2,"featured_media":38347,"comment_status":"closed","ping_status":"closed","sticky":false,"template":"","format":"standard","meta":{"jnews-multi-image_gallery":[],"jnews_single_post":{"subtitle":"","format":"standard","video":"","gallery":"","source_name":"","source_url":"","via_name":"","via_url":"","override":[{"single_blog_custom":"","sidebar":"","second_sidebar":"","share_position":"","share_float_style":"","post_date_format":"","post_date_format_custom":"","post_reading_time_wpm":"","zoom_button_out_step":"1","zoom_button_in_step":"1","number_popup_post":"1"}],"image_override":[{"single_post_thumbnail_size":"","single_post_gallery_size":""}],"trending_post_position":"","trending_post_label":"","sponsored_post_label":"","sponsored_post_name":"","sponsored_post_url":"","sponsored_post_logo":"","sponsored_post_desc":""},"jnews_primary_category":{"id":"25"},"footnotes":""},"categories":[25],"tags":[609],"class_list":["post-38348","post","type-post","status-publish","format-standard","has-post-thumbnail","hentry","category-rumors","tag-apple-vr-ar"],"yoast_head":"<!-- This site is optimized with the Yoast SEO Premium plugin v27.5 (Yoast SEO v27.5) - https:\/\/yoast.com\/product\/yoast-seo-premium-wordpress\/ -->\n<title>Apple AR\/VR-Headset: Wird es ein &quot;Star-Produkt&quot; werden?<\/title>\n<meta name=\"description\" content=\"Apple AR\/VR-Headset: Das n\u00e4chste Starprodukt? Vorstellung k\u00f6nnte Meilenstein in Apples Bem\u00fchungen sein, Investoren zu \u00fcberzeugen.\" \/>\n<meta name=\"robots\" content=\"index, follow, max-snippet:-1, max-image-preview:large, max-video-preview:-1\" \/>\n<link rel=\"canonical\" href=\"https:\/\/www.apfelpatient.de\/en\/rumors\/apple-ar-vr-headset-will-it-be-a-star-product\" \/>\n<meta property=\"og:locale\" content=\"en_US\" \/>\n<meta property=\"og:type\" content=\"article\" \/>\n<meta property=\"og:title\" content=\"Apple AR\/VR-Headset: Wird es ein &quot;Star-Produkt&quot; werden?\" \/>\n<meta property=\"og:description\" content=\"Apple AR\/VR-Headset: Das n\u00e4chste Starprodukt? Vorstellung k\u00f6nnte Meilenstein in Apples Bem\u00fchungen sein, Investoren zu \u00fcberzeugen.\" \/>\n<meta property=\"og:url\" content=\"https:\/\/www.apfelpatient.de\/en\/rumors\/apple-ar-vr-headset-will-it-be-a-star-product\" \/>\n<meta property=\"og:site_name\" content=\"Apfelpatient\" \/>\n<meta property=\"article:publisher\" content=\"https:\/\/www.facebook.com\/apfelpatientOfficial\" \/>\n<meta property=\"article:author\" content=\"https:\/\/www.facebook.com\/apfelpatientOfficial\" \/>\n<meta property=\"article:published_time\" content=\"2023-04-05T18:56:56+00:00\" \/>\n<meta property=\"article:modified_time\" content=\"2023-04-05T18:56:57+00:00\" \/>\n<meta property=\"og:image\" content=\"https:\/\/www.apfelpatient.de\/wp-content\/uploads\/2023\/04\/Apple-WWDC22-Craig-Federighi-Apple-Park-220606-1024x682.png\" \/>\n\t<meta property=\"og:image:width\" content=\"1024\" \/>\n\t<meta property=\"og:image:height\" content=\"682\" \/>\n\t<meta property=\"og:image:type\" content=\"image\/png\" \/>\n<meta name=\"author\" content=\"Milan\" \/>\n<meta name=\"twitter:card\" content=\"summary_large_image\" \/>\n<meta name=\"twitter:description\" content=\"Apple AR\/VR-Headset: Das n\u00e4chste Starprodukt? Vorstellung k\u00f6nnte Meilenstein in Apples Bem\u00fchungen sein, Investoren zu \u00fcberzeugen.\" \/>\n<meta name=\"twitter:label1\" content=\"Written by\" \/>\n\t<meta name=\"twitter:data1\" content=\"Milan\" \/>\n\t<meta name=\"twitter:label2\" content=\"Est. reading time\" \/>\n\t<meta name=\"twitter:data2\" content=\"3 minutes\" \/>\n<script type=\"application\/ld+json\" class=\"yoast-schema-graph\">{\"@context\":\"https:\\\/\\\/schema.org\",\"@graph\":[{\"@type\":\"NewsArticle\",\"@id\":\"https:\\\/\\\/www.apfelpatient.de\\\/rumors\\\/apple-ar-vr-headset-wird-es-ein-star-produkt-werden#article\",\"isPartOf\":{\"@id\":\"https:\\\/\\\/www.apfelpatient.de\\\/rumors\\\/apple-ar-vr-headset-wird-es-ein-star-produkt-werden\"},\"author\":{\"@type\":\"Organization\",\"@id\":\"https:\\\/\\\/www.apfelpatient.de\\\/en\\\/#organization\",\"name\":\"Apfelpatient\",\"url\":\"https:\\\/\\\/www.apfelpatient.de\\\/en\\\/\"},\"headline\":\"Apple AR\\\/VR-Headset: Wird es ein &#8222;Star-Produkt&#8220; werden?\",\"datePublished\":\"2023-04-05T18:56:56+00:00\",\"dateModified\":\"2023-04-05T18:56:57+00:00\",\"mainEntityOfPage\":{\"@id\":\"https:\\\/\\\/www.apfelpatient.de\\\/rumors\\\/apple-ar-vr-headset-wird-es-ein-star-produkt-werden\"},\"wordCount\":443,\"publisher\":{\"@type\":\"Organization\",\"@id\":\"https:\\\/\\\/www.apfelpatient.de\\\/en\\\/#organization\",\"name\":\"Apfelpatient\",\"url\":\"https:\\\/\\\/www.apfelpatient.de\\\/en\\\/\"},\"image\":{\"@id\":\"https:\\\/\\\/www.apfelpatient.de\\\/rumors\\\/apple-ar-vr-headset-wird-es-ein-star-produkt-werden#primaryimage\"},\"thumbnailUrl\":\"https:\\\/\\\/www.apfelpatient.de\\\/wp-content\\\/uploads\\\/2023\\\/04\\\/Apple-WWDC22-Craig-Federighi-Apple-Park-220606.png\",\"keywords\":[\"Apple VR\\\/AR\"],\"articleSection\":\"Rumors\",\"inLanguage\":\"en-US\",\"copyrightYear\":\"2023\",\"copyrightHolder\":{\"@id\":\"https:\\\/\\\/www.apfelpatient.de\\\/en\\\/#organization\"}},{\"@type\":\"WebPage\",\"@id\":\"https:\\\/\\\/www.apfelpatient.de\\\/rumors\\\/apple-ar-vr-headset-wird-es-ein-star-produkt-werden\",\"url\":\"https:\\\/\\\/www.apfelpatient.de\\\/rumors\\\/apple-ar-vr-headset-wird-es-ein-star-produkt-werden\",\"name\":\"Apple AR\\\/VR-Headset: Wird es ein \\\"Star-Produkt\\\" werden?\",\"isPartOf\":{\"@id\":\"https:\\\/\\\/www.apfelpatient.de\\\/#website\"},\"primaryImageOfPage\":{\"@id\":\"https:\\\/\\\/www.apfelpatient.de\\\/rumors\\\/apple-ar-vr-headset-wird-es-ein-star-produkt-werden#primaryimage\"},\"image\":{\"@id\":\"https:\\\/\\\/www.apfelpatient.de\\\/rumors\\\/apple-ar-vr-headset-wird-es-ein-star-produkt-werden#primaryimage\"},\"thumbnailUrl\":\"https:\\\/\\\/www.apfelpatient.de\\\/wp-content\\\/uploads\\\/2023\\\/04\\\/Apple-WWDC22-Craig-Federighi-Apple-Park-220606.png\",\"datePublished\":\"2023-04-05T18:56:56+00:00\",\"dateModified\":\"2023-04-05T18:56:57+00:00\",\"description\":\"Apple AR\\\/VR-Headset: Das n\u00e4chste Starprodukt? Vorstellung k\u00f6nnte Meilenstein in Apples Bem\u00fchungen sein, Investoren zu \u00fcberzeugen.\",\"breadcrumb\":{\"@id\":\"https:\\\/\\\/www.apfelpatient.de\\\/rumors\\\/apple-ar-vr-headset-wird-es-ein-star-produkt-werden#breadcrumb\"},\"inLanguage\":\"en-US\",\"potentialAction\":[{\"@type\":\"ReadAction\",\"target\":[\"https:\\\/\\\/www.apfelpatient.de\\\/rumors\\\/apple-ar-vr-headset-wird-es-ein-star-produkt-werden\"]}]},{\"@type\":\"ImageObject\",\"inLanguage\":\"en-US\",\"@id\":\"https:\\\/\\\/www.apfelpatient.de\\\/rumors\\\/apple-ar-vr-headset-wird-es-ein-star-produkt-werden#primaryimage\",\"url\":\"https:\\\/\\\/www.apfelpatient.de\\\/wp-content\\\/uploads\\\/2023\\\/04\\\/Apple-WWDC22-Craig-Federighi-Apple-Park-220606.png\",\"contentUrl\":\"https:\\\/\\\/www.apfelpatient.de\\\/wp-content\\\/uploads\\\/2023\\\/04\\\/Apple-WWDC22-Craig-Federighi-Apple-Park-220606.png\",\"width\":1600,\"height\":1066,\"caption\":\"Bild: Apple\"},{\"@type\":\"BreadcrumbList\",\"@id\":\"https:\\\/\\\/www.apfelpatient.de\\\/rumors\\\/apple-ar-vr-headset-wird-es-ein-star-produkt-werden#breadcrumb\",\"itemListElement\":[{\"@type\":\"ListItem\",\"position\":1,\"name\":\"Startseite\",\"item\":\"https:\\\/\\\/www.apfelpatient.de\\\/\"},{\"@type\":\"ListItem\",\"position\":2,\"name\":\"Apple AR\\\/VR-Headset: Wird es ein &#8222;Star-Produkt&#8220; werden?\"}]},{\"@type\":\"WebSite\",\"@id\":\"https:\\\/\\\/www.apfelpatient.de\\\/#website\",\"url\":\"https:\\\/\\\/www.apfelpatient.de\\\/\",\"name\":\"Apfelpatient\",\"description\":\"Alles rund um Apple!\",\"publisher\":{\"@type\":\"Organization\",\"@id\":\"https:\\\/\\\/www.apfelpatient.de\\\/en\\\/#organization\",\"name\":\"Apfelpatient\",\"url\":\"https:\\\/\\\/www.apfelpatient.de\\\/en\\\/\"},\"alternateName\":\"Apfelpatient\",\"potentialAction\":[{\"@type\":\"SearchAction\",\"target\":{\"@type\":\"EntryPoint\",\"urlTemplate\":\"https:\\\/\\\/www.apfelpatient.de\\\/?s={search_term_string}\"},\"query-input\":{\"@type\":\"PropertyValueSpecification\",\"valueRequired\":true,\"valueName\":\"search_term_string\"}}],\"inLanguage\":\"en-US\"},{\"@type\":[\"Person\",\"Organization\"],\"@id\":\"https:\\\/\\\/www.apfelpatient.de\\\/#\\\/schema\\\/person\\\/7dc56ad6c8e9824b76d2c08d4c140e13\",\"name\":\"Milan\",\"logo\":{\"@id\":\"https:\\\/\\\/www.apfelpatient.de\\\/#\\\/schema\\\/person\\\/image\\\/\"},\"description\":\"Hallo und herzlich willkommen auf meinem Technik-Blog! Als gro\u00dfer Apple-Fan berichte ich hier \u00fcber alles, was mit Apple zu tun hat: von den neuesten News und spannenden Ger\u00fcchten \u00fcber hilfreiche Tipps und Tricks bis hin zu ausf\u00fchrlichen Produkttests. Wenn du genauso technikbegeistert bist wie ich, bist du hier genau richtig!\",\"sameAs\":[\"https:\\\/\\\/www.facebook.com\\\/apfelpatientOfficial\",\"https:\\\/\\\/www.linkedin.com\\\/in\\\/milan-jovicic-42aa0231b\"],\"url\":\"https:\\\/\\\/www.apfelpatient.de\\\/en\\\/author\\\/apfeladmin\"}]}<\/script>\n<!-- \/ Yoast SEO Premium plugin. -->","yoast_head_json":{"title":"Apple AR\/VR headset: Will it be a &quot;star product&quot;?","description":"Apple AR\/VR headset: The next star product? Presentation could be a milestone in Apple&#039;s efforts to convince investors.","robots":{"index":"index","follow":"follow","max-snippet":"max-snippet:-1","max-image-preview":"max-image-preview:large","max-video-preview":"max-video-preview:-1"},"canonical":"https:\/\/www.apfelpatient.de\/en\/rumors\/apple-ar-vr-headset-will-it-be-a-star-product","og_locale":"en_US","og_type":"article","og_title":"Apple AR\/VR-Headset: Wird es ein \"Star-Produkt\" werden?","og_description":"Apple AR\/VR-Headset: Das n\u00e4chste Starprodukt? Vorstellung k\u00f6nnte Meilenstein in Apples Bem\u00fchungen sein, Investoren zu \u00fcberzeugen.","og_url":"https:\/\/www.apfelpatient.de\/en\/rumors\/apple-ar-vr-headset-will-it-be-a-star-product","og_site_name":"Apfelpatient","article_publisher":"https:\/\/www.facebook.com\/apfelpatientOfficial","article_author":"https:\/\/www.facebook.com\/apfelpatientOfficial","article_published_time":"2023-04-05T18:56:56+00:00","article_modified_time":"2023-04-05T18:56:57+00:00","og_image":[{"width":1024,"height":682,"url":"https:\/\/www.apfelpatient.de\/wp-content\/uploads\/2023\/04\/Apple-WWDC22-Craig-Federighi-Apple-Park-220606-1024x682.png","type":"image\/png"}],"author":"Milan","twitter_card":"summary_large_image","twitter_description":"Apple AR\/VR-Headset: Das n\u00e4chste Starprodukt? Vorstellung k\u00f6nnte Meilenstein in Apples Bem\u00fchungen sein, Investoren zu \u00fcberzeugen.","twitter_misc":{"Written by":"Milan","Est. reading time":"3 minutes"},"schema":{"@context":"https:\/\/schema.org","@graph":[{"@type":"NewsArticle","@id":"https:\/\/www.apfelpatient.de\/rumors\/apple-ar-vr-headset-wird-es-ein-star-produkt-werden#article","isPartOf":{"@id":"https:\/\/www.apfelpatient.de\/rumors\/apple-ar-vr-headset-wird-es-ein-star-produkt-werden"},"author":{"@type":"Organization","@id":"https:\/\/www.apfelpatient.de\/en\/#organization","name":"Apfelpatient","url":"https:\/\/www.apfelpatient.de\/en\/"},"headline":"Apple AR\/VR-Headset: Wird es ein &#8222;Star-Produkt&#8220; werden?","datePublished":"2023-04-05T18:56:56+00:00","dateModified":"2023-04-05T18:56:57+00:00","mainEntityOfPage":{"@id":"https:\/\/www.apfelpatient.de\/rumors\/apple-ar-vr-headset-wird-es-ein-star-produkt-werden"},"wordCount":443,"publisher":{"@type":"Organization","@id":"https:\/\/www.apfelpatient.de\/en\/#organization","name":"Apfelpatient","url":"https:\/\/www.apfelpatient.de\/en\/"},"image":{"@id":"https:\/\/www.apfelpatient.de\/rumors\/apple-ar-vr-headset-wird-es-ein-star-produkt-werden#primaryimage"},"thumbnailUrl":"https:\/\/www.apfelpatient.de\/wp-content\/uploads\/2023\/04\/Apple-WWDC22-Craig-Federighi-Apple-Park-220606.png","keywords":["Apple VR\/AR"],"articleSection":"Rumors","inLanguage":"en-US","copyrightYear":"2023","copyrightHolder":{"@id":"https:\/\/www.apfelpatient.de\/en\/#organization"}},{"@type":"WebPage","@id":"https:\/\/www.apfelpatient.de\/rumors\/apple-ar-vr-headset-wird-es-ein-star-produkt-werden","url":"https:\/\/www.apfelpatient.de\/rumors\/apple-ar-vr-headset-wird-es-ein-star-produkt-werden","name":"Apple AR\/VR headset: Will it be a &quot;star product&quot;?","isPartOf":{"@id":"https:\/\/www.apfelpatient.de\/#website"},"primaryImageOfPage":{"@id":"https:\/\/www.apfelpatient.de\/rumors\/apple-ar-vr-headset-wird-es-ein-star-produkt-werden#primaryimage"},"image":{"@id":"https:\/\/www.apfelpatient.de\/rumors\/apple-ar-vr-headset-wird-es-ein-star-produkt-werden#primaryimage"},"thumbnailUrl":"https:\/\/www.apfelpatient.de\/wp-content\/uploads\/2023\/04\/Apple-WWDC22-Craig-Federighi-Apple-Park-220606.png","datePublished":"2023-04-05T18:56:56+00:00","dateModified":"2023-04-05T18:56:57+00:00","description":"Apple AR\/VR headset: The next star product? Presentation could be a milestone in Apple&#039;s efforts to convince investors.","breadcrumb":{"@id":"https:\/\/www.apfelpatient.de\/rumors\/apple-ar-vr-headset-wird-es-ein-star-produkt-werden#breadcrumb"},"inLanguage":"en-US","potentialAction":[{"@type":"ReadAction","target":["https:\/\/www.apfelpatient.de\/rumors\/apple-ar-vr-headset-wird-es-ein-star-produkt-werden"]}]},{"@type":"ImageObject","inLanguage":"en-US","@id":"https:\/\/www.apfelpatient.de\/rumors\/apple-ar-vr-headset-wird-es-ein-star-produkt-werden#primaryimage","url":"https:\/\/www.apfelpatient.de\/wp-content\/uploads\/2023\/04\/Apple-WWDC22-Craig-Federighi-Apple-Park-220606.png","contentUrl":"https:\/\/www.apfelpatient.de\/wp-content\/uploads\/2023\/04\/Apple-WWDC22-Craig-Federighi-Apple-Park-220606.png","width":1600,"height":1066,"caption":"Bild: Apple"},{"@type":"BreadcrumbList","@id":"https:\/\/www.apfelpatient.de\/rumors\/apple-ar-vr-headset-wird-es-ein-star-produkt-werden#breadcrumb","itemListElement":[{"@type":"ListItem","position":1,"name":"Startseite","item":"https:\/\/www.apfelpatient.de\/"},{"@type":"ListItem","position":2,"name":"Apple AR\/VR-Headset: Wird es ein &#8222;Star-Produkt&#8220; werden?"}]},{"@type":"WebSite","@id":"https:\/\/www.apfelpatient.de\/#website","url":"https:\/\/www.apfelpatient.de\/","name":"apple patient","description":"Everything about Apple!","publisher":{"@type":"Organization","@id":"https:\/\/www.apfelpatient.de\/en\/#organization","name":"Apfelpatient","url":"https:\/\/www.apfelpatient.de\/en\/"},"alternateName":"Apfelpatient","potentialAction":[{"@type":"SearchAction","target":{"@type":"EntryPoint","urlTemplate":"https:\/\/www.apfelpatient.de\/?s={search_term_string}"},"query-input":{"@type":"PropertyValueSpecification","valueRequired":true,"valueName":"search_term_string"}}],"inLanguage":"en-US"},{"@type":["Person","Organization"],"@id":"https:\/\/www.apfelpatient.de\/#\/schema\/person\/7dc56ad6c8e9824b76d2c08d4c140e13","name":"Milan","logo":{"@id":"https:\/\/www.apfelpatient.de\/#\/schema\/person\/image\/"},"description":"Hello and welcome to my technology blog! As a big Apple fan, I report on everything to do with Apple: from the latest news and exciting rumors to helpful tips and tricks and detailed product tests. If you are as enthusiastic about technology as I am, you have come to the right place!","sameAs":["https:\/\/www.facebook.com\/apfelpatientOfficial","https:\/\/www.linkedin.com\/in\/milan-jovicic-42aa0231b"],"url":"https:\/\/www.apfelpatient.de\/en\/author\/apfeladmin"}]}},"_links":{"self":[{"href":"https:\/\/www.apfelpatient.de\/en\/wp-json\/wp\/v2\/posts\/38348","targetHints":{"allow":["GET"]}}],"collection":[{"href":"https:\/\/www.apfelpatient.de\/en\/wp-json\/wp\/v2\/posts"}],"about":[{"href":"https:\/\/www.apfelpatient.de\/en\/wp-json\/wp\/v2\/types\/post"}],"author":[{"embeddable":true,"href":"https:\/\/www.apfelpatient.de\/en\/wp-json\/wp\/v2\/users\/2"}],"replies":[{"embeddable":true,"href":"https:\/\/www.apfelpatient.de\/en\/wp-json\/wp\/v2\/comments?post=38348"}],"version-history":[{"count":0,"href":"https:\/\/www.apfelpatient.de\/en\/wp-json\/wp\/v2\/posts\/38348\/revisions"}],"wp:featuredmedia":[{"embeddable":true,"href":"https:\/\/www.apfelpatient.de\/en\/wp-json\/wp\/v2\/media\/38347"}],"wp:attachment":[{"href":"https:\/\/www.apfelpatient.de\/en\/wp-json\/wp\/v2\/media?parent=38348"}],"wp:term":[{"taxonomy":"category","embeddable":true,"href":"https:\/\/www.apfelpatient.de\/en\/wp-json\/wp\/v2\/categories?post=38348"},{"taxonomy":"post_tag","embeddable":true,"href":"https:\/\/www.apfelpatient.de\/en\/wp-json\/wp\/v2\/tags?post=38348"}],"curies":[{"name":"wp","href":"https:\/\/api.w.org\/{rel}","templated":true}]}}