{"id":38331,"date":"2023-04-05T12:49:06","date_gmt":"2023-04-05T10:49:06","guid":{"rendered":"https:\/\/www.apfelpatient.de\/?p=38331"},"modified":"2023-04-05T12:55:07","modified_gmt":"2023-04-05T10:55:07","slug":"q2-2023-apple-opens-the-books-at-the-beginning-of-may","status":"publish","type":"post","link":"https:\/\/www.apfelpatient.de\/en\/news\/q2-2023-apple-oeffnet-anfang-mai-die-buecher","title":{"rendered":"Q2\/2023: Apple opens its books in early May"},"content":{"rendered":"<p class=\"has-drop-cap\"><strong>Apple today announced that the company will report its results for its second fiscal quarter (first calendar quarter) of 2023 on Thursday, May 4.<\/strong><\/p>\n\n\n\n<p>The investor conference call, which usually takes place shortly after the release of Apple&#039;s financial results, will be held half an hour later. In the conference call, which will be broadcast via the investor website <a href=\"https:\/\/investor.apple.com\/investor-relations\/default.aspx\" target=\"_blank\" rel=\"noreferrer noopener\">streamed<\/a> , executives will discuss results for the three-month period January to March 2023. Side note: Apple&#039;s fiscal year starts on October 1st and ends on September 30th. In January, Apple introduced the new MacBook Pro models M2 Pro and M2 Max, new Mac mini devices and the updated HomePod, as well as the yellow iPhone 14.<\/p>\n\n\n\n<h3 class=\"wp-block-heading\" id=\"h-q2-2023-kann-apple-uberzeugen\">Q2\/2023 \u2013 Can Apple convince?<\/h3>\n\n\n\n\n\n\n\n<p>Apple again declined to provide earnings guidance for the first quarter of 2023. However, in the same period last year, the company reported revenue of $97.3 billion. Apple&#039;s chief financial officer Luca Maestri said in January that year-over-year revenue should be similar to the December quarter. Services and iPhone revenue will increase, while Mac and iPad revenue are expected to decline by double digits year-over-year due to the timing of product launches. Apple&#039;s quarterly results will be released after the market closes, with a conference call to discuss the report taking place about half an hour later. (Photo by Phongphan \/ Bigstockphoto)<\/p>\n\n\n\n<ul class=\"wp-block-list\">\n<li><a href=\"https:\/\/www.apfelpatient.de\/en\/news\/q1-2023-apple-disappoints-with-christmas-quarter\">Q1\/2023: Apple disappoints in the Christmas quarter<\/a><\/li>\n<\/ul>\n\n\n\n<h6 class=\"wp-block-heading translation-block\" id=\"h-kennt-ihr-schon-unsere-amazon-storefront-dort-findet-ihr-eine-handverlesene-auswahl-von-diversen-produkten-f-r-euer-iphone-und-co-viel-spa-beim-st-bern\"><em>Have you already visited our Amazon Storefront? There you&#039;ll find a hand-picked selection of various products for your iPhone and other devices \u2013 <span class=\"has-inline-color has-vivid-red-color\"><a href=\"https:\/\/www.amazon.de\/shop\/apfelpatientofficial\" class=\"ek-link\" data-wpel-link=\"exclude\" rel=\"follow noopener\" target=\"_self\"><span style=\"text-decoration: underline\" class=\"ek-underline\">enjoy browsing<\/span><\/a> !<\/span><\/em><\/h6>\n\n\n\n<h6 class=\"wp-block-heading translation-block\" id=\"h-der-beitrag-enthalt-partnerlinks\">This post contains <a data-type=\"URL\" data-id=\"https:\/\/www.apfelpatient.de\/partnerprogramm\" href=\"https:\/\/www.apfelpatient.de\/en\/partner-program\" data-wpel-link=\"internal\" target=\"_self\">affiliate links<\/a>.<\/h6>","protected":false},"excerpt":{"rendered":"<p>Apple announced today that the company will report its results for the second fiscal quarter of 2023 in late May.<\/p>","protected":false},"author":2,"featured_media":38329,"comment_status":"closed","ping_status":"closed","sticky":false,"template":"","format":"standard","meta":{"jnews-multi-image_gallery":[],"jnews_single_post":{"subtitle":"","format":"standard","video":"","gallery":"","source_name":"","source_url":"","via_name":"","via_url":"","override":[{"single_blog_custom":"","sidebar":"","second_sidebar":"","share_position":"","share_float_style":"","post_date_format":"","post_date_format_custom":"","post_reading_time_wpm":"","zoom_button_out_step":"1","zoom_button_in_step":"1","number_popup_post":"1"}],"image_override":[{"single_post_thumbnail_size":"","single_post_gallery_size":""}],"trending_post_position":"","trending_post_label":"","sponsored_post_label":"","sponsored_post_name":"","sponsored_post_url":"","sponsored_post_logo":"","sponsored_post_desc":""},"jnews_primary_category":{"id":"9"},"footnotes":""},"categories":[9],"tags":[13],"class_list":["post-38331","post","type-post","status-publish","format-standard","has-post-thumbnail","hentry","category-news","tag-techpatient"],"yoast_head":"<!-- This site is optimized with the Yoast SEO Premium plugin v27.5 (Yoast SEO v27.5) - https:\/\/yoast.com\/product\/yoast-seo-premium-wordpress\/ -->\n<title>Q2\/2023: Apple \u00f6ffnet Anfang Mai die B\u00fccher Apfelpatient<\/title>\n<meta name=\"description\" content=\"Apple hat heute bekannt gegeben, dass das Unternehmen Ende Mai seine Ergebnisse f\u00fcr das zweite Gesch\u00e4ftsquartal 2023 bekannt geben wird.\" \/>\n<meta name=\"robots\" content=\"index, follow, max-snippet:-1, max-image-preview:large, max-video-preview:-1\" \/>\n<link rel=\"canonical\" href=\"https:\/\/www.apfelpatient.de\/en\/news\/q2-2023-apple-opens-the-books-at-the-beginning-of-may\" \/>\n<meta property=\"og:locale\" content=\"en_US\" \/>\n<meta property=\"og:type\" content=\"article\" \/>\n<meta property=\"og:title\" content=\"Q2\/2023: Apple \u00f6ffnet Anfang Mai die B\u00fccher\" \/>\n<meta property=\"og:description\" content=\"Apple hat heute bekannt gegeben, dass das Unternehmen Ende Mai seine Ergebnisse f\u00fcr das zweite Gesch\u00e4ftsquartal 2023 bekannt geben wird.\" \/>\n<meta property=\"og:url\" content=\"https:\/\/www.apfelpatient.de\/en\/news\/q2-2023-apple-opens-the-books-at-the-beginning-of-may\" \/>\n<meta property=\"og:site_name\" content=\"Apfelpatient\" \/>\n<meta property=\"article:publisher\" content=\"https:\/\/www.facebook.com\/apfelpatientOfficial\" \/>\n<meta property=\"article:author\" content=\"https:\/\/www.facebook.com\/apfelpatientOfficial\" \/>\n<meta property=\"article:published_time\" content=\"2023-04-05T10:49:06+00:00\" \/>\n<meta property=\"article:modified_time\" content=\"2023-04-05T10:55:07+00:00\" \/>\n<meta property=\"og:image\" content=\"https:\/\/www.apfelpatient.de\/wp-content\/uploads\/2023\/04\/bigstock-Stock-Market-Or-Forex-Trading-466384867.jpg\" \/>\n\t<meta property=\"og:image:width\" content=\"1600\" \/>\n\t<meta property=\"og:image:height\" content=\"1028\" \/>\n\t<meta property=\"og:image:type\" content=\"image\/jpeg\" \/>\n<meta name=\"author\" content=\"Milan\" \/>\n<meta name=\"twitter:card\" content=\"summary_large_image\" \/>\n<meta name=\"twitter:description\" content=\"Apple hat heute bekannt gegeben, dass das Unternehmen Ende Mai seine Ergebnisse f\u00fcr das zweite Gesch\u00e4ftsquartal 2023 bekannt geben wird.\" \/>\n<meta name=\"twitter:label1\" content=\"Written by\" \/>\n\t<meta name=\"twitter:data1\" content=\"Milan\" \/>\n\t<meta name=\"twitter:label2\" content=\"Est. reading time\" \/>\n\t<meta name=\"twitter:data2\" content=\"2 minutes\" \/>\n<script type=\"application\/ld+json\" class=\"yoast-schema-graph\">{\"@context\":\"https:\\\/\\\/schema.org\",\"@graph\":[{\"@type\":\"NewsArticle\",\"@id\":\"https:\\\/\\\/www.apfelpatient.de\\\/news\\\/q2-2023-apple-oeffnet-anfang-mai-die-buecher#article\",\"isPartOf\":{\"@id\":\"https:\\\/\\\/www.apfelpatient.de\\\/news\\\/q2-2023-apple-oeffnet-anfang-mai-die-buecher\"},\"author\":{\"@type\":\"Organization\",\"@id\":\"https:\\\/\\\/www.apfelpatient.de\\\/en\\\/#organization\",\"name\":\"Apfelpatient\",\"url\":\"https:\\\/\\\/www.apfelpatient.de\\\/en\\\/\"},\"headline\":\"Q2\\\/2023: Apple \u00f6ffnet Anfang Mai die B\u00fccher\",\"datePublished\":\"2023-04-05T10:49:06+00:00\",\"dateModified\":\"2023-04-05T10:55:07+00:00\",\"mainEntityOfPage\":{\"@id\":\"https:\\\/\\\/www.apfelpatient.de\\\/news\\\/q2-2023-apple-oeffnet-anfang-mai-die-buecher\"},\"wordCount\":243,\"publisher\":{\"@type\":\"Organization\",\"@id\":\"https:\\\/\\\/www.apfelpatient.de\\\/en\\\/#organization\",\"name\":\"Apfelpatient\",\"url\":\"https:\\\/\\\/www.apfelpatient.de\\\/en\\\/\"},\"image\":{\"@id\":\"https:\\\/\\\/www.apfelpatient.de\\\/news\\\/q2-2023-apple-oeffnet-anfang-mai-die-buecher#primaryimage\"},\"thumbnailUrl\":\"https:\\\/\\\/www.apfelpatient.de\\\/wp-content\\\/uploads\\\/2023\\\/04\\\/bigstock-Stock-Market-Or-Forex-Trading-466384867.jpg\",\"keywords\":[\"TechPatient\"],\"articleSection\":\"News\",\"inLanguage\":\"en-US\",\"copyrightYear\":\"2023\",\"copyrightHolder\":{\"@id\":\"https:\\\/\\\/www.apfelpatient.de\\\/en\\\/#organization\"}},{\"@type\":\"WebPage\",\"@id\":\"https:\\\/\\\/www.apfelpatient.de\\\/news\\\/q2-2023-apple-oeffnet-anfang-mai-die-buecher\",\"url\":\"https:\\\/\\\/www.apfelpatient.de\\\/news\\\/q2-2023-apple-oeffnet-anfang-mai-die-buecher\",\"name\":\"Q2\\\/2023: Apple \u00f6ffnet Anfang Mai die B\u00fccher Apfelpatient\",\"isPartOf\":{\"@id\":\"https:\\\/\\\/www.apfelpatient.de\\\/#website\"},\"primaryImageOfPage\":{\"@id\":\"https:\\\/\\\/www.apfelpatient.de\\\/news\\\/q2-2023-apple-oeffnet-anfang-mai-die-buecher#primaryimage\"},\"image\":{\"@id\":\"https:\\\/\\\/www.apfelpatient.de\\\/news\\\/q2-2023-apple-oeffnet-anfang-mai-die-buecher#primaryimage\"},\"thumbnailUrl\":\"https:\\\/\\\/www.apfelpatient.de\\\/wp-content\\\/uploads\\\/2023\\\/04\\\/bigstock-Stock-Market-Or-Forex-Trading-466384867.jpg\",\"datePublished\":\"2023-04-05T10:49:06+00:00\",\"dateModified\":\"2023-04-05T10:55:07+00:00\",\"description\":\"Apple hat heute bekannt gegeben, dass das Unternehmen Ende Mai seine Ergebnisse f\u00fcr das zweite Gesch\u00e4ftsquartal 2023 bekannt geben wird.\",\"breadcrumb\":{\"@id\":\"https:\\\/\\\/www.apfelpatient.de\\\/news\\\/q2-2023-apple-oeffnet-anfang-mai-die-buecher#breadcrumb\"},\"inLanguage\":\"en-US\",\"potentialAction\":[{\"@type\":\"ReadAction\",\"target\":[\"https:\\\/\\\/www.apfelpatient.de\\\/news\\\/q2-2023-apple-oeffnet-anfang-mai-die-buecher\"]}]},{\"@type\":\"ImageObject\",\"inLanguage\":\"en-US\",\"@id\":\"https:\\\/\\\/www.apfelpatient.de\\\/news\\\/q2-2023-apple-oeffnet-anfang-mai-die-buecher#primaryimage\",\"url\":\"https:\\\/\\\/www.apfelpatient.de\\\/wp-content\\\/uploads\\\/2023\\\/04\\\/bigstock-Stock-Market-Or-Forex-Trading-466384867.jpg\",\"contentUrl\":\"https:\\\/\\\/www.apfelpatient.de\\\/wp-content\\\/uploads\\\/2023\\\/04\\\/bigstock-Stock-Market-Or-Forex-Trading-466384867.jpg\",\"width\":1600,\"height\":1028,\"caption\":\"Stock market graph and business financial data on LED. Business graph and stock financial indicator. Stock or business market analysis concept. Business financial or stock market background. Business graph on stock market financial exchange\"},{\"@type\":\"BreadcrumbList\",\"@id\":\"https:\\\/\\\/www.apfelpatient.de\\\/news\\\/q2-2023-apple-oeffnet-anfang-mai-die-buecher#breadcrumb\",\"itemListElement\":[{\"@type\":\"ListItem\",\"position\":1,\"name\":\"Startseite\",\"item\":\"https:\\\/\\\/www.apfelpatient.de\\\/\"},{\"@type\":\"ListItem\",\"position\":2,\"name\":\"Q2\\\/2023: Apple \u00f6ffnet Anfang Mai die B\u00fccher\"}]},{\"@type\":\"WebSite\",\"@id\":\"https:\\\/\\\/www.apfelpatient.de\\\/#website\",\"url\":\"https:\\\/\\\/www.apfelpatient.de\\\/\",\"name\":\"Apfelpatient\",\"description\":\"Alles rund um Apple!\",\"publisher\":{\"@type\":\"Organization\",\"@id\":\"https:\\\/\\\/www.apfelpatient.de\\\/en\\\/#organization\",\"name\":\"Apfelpatient\",\"url\":\"https:\\\/\\\/www.apfelpatient.de\\\/en\\\/\"},\"alternateName\":\"Apfelpatient\",\"potentialAction\":[{\"@type\":\"SearchAction\",\"target\":{\"@type\":\"EntryPoint\",\"urlTemplate\":\"https:\\\/\\\/www.apfelpatient.de\\\/?s={search_term_string}\"},\"query-input\":{\"@type\":\"PropertyValueSpecification\",\"valueRequired\":true,\"valueName\":\"search_term_string\"}}],\"inLanguage\":\"en-US\"},{\"@type\":[\"Person\",\"Organization\"],\"@id\":\"https:\\\/\\\/www.apfelpatient.de\\\/#\\\/schema\\\/person\\\/35b3ddba5832f2bfc7fff5206d4f6b7b\",\"name\":\"Milan\",\"logo\":{\"@id\":\"https:\\\/\\\/www.apfelpatient.de\\\/#\\\/schema\\\/person\\\/image\\\/\"},\"description\":\"Hallo und herzlich willkommen auf meinem Technik-Blog! Als gro\u00dfer Apple-Fan berichte ich hier \u00fcber alles, was mit Apple zu tun hat: von den neuesten News und spannenden Ger\u00fcchten \u00fcber hilfreiche Tipps und Tricks bis hin zu ausf\u00fchrlichen Produkttests. Wenn du genauso technikbegeistert bist wie ich, bist du hier genau richtig!\",\"sameAs\":[\"https:\\\/\\\/www.facebook.com\\\/apfelpatientOfficial\",\"https:\\\/\\\/www.linkedin.com\\\/in\\\/milan-jovicic-42aa0231b\"],\"url\":\"https:\\\/\\\/www.apfelpatient.de\\\/en\\\/author\\\/apfeladmin\"}]}<\/script>\n<!-- \/ Yoast SEO Premium plugin. -->","yoast_head_json":{"title":"Q2\/2023: Apple opens the books in early May Apfelpatient","description":"Apple announced today that the company will report its results for the second fiscal quarter of 2023 in late May.","robots":{"index":"index","follow":"follow","max-snippet":"max-snippet:-1","max-image-preview":"max-image-preview:large","max-video-preview":"max-video-preview:-1"},"canonical":"https:\/\/www.apfelpatient.de\/en\/news\/q2-2023-apple-opens-the-books-at-the-beginning-of-may","og_locale":"en_US","og_type":"article","og_title":"Q2\/2023: Apple \u00f6ffnet Anfang Mai die B\u00fccher","og_description":"Apple hat heute bekannt gegeben, dass das Unternehmen Ende Mai seine Ergebnisse f\u00fcr das zweite Gesch\u00e4ftsquartal 2023 bekannt geben wird.","og_url":"https:\/\/www.apfelpatient.de\/en\/news\/q2-2023-apple-opens-the-books-at-the-beginning-of-may","og_site_name":"Apfelpatient","article_publisher":"https:\/\/www.facebook.com\/apfelpatientOfficial","article_author":"https:\/\/www.facebook.com\/apfelpatientOfficial","article_published_time":"2023-04-05T10:49:06+00:00","article_modified_time":"2023-04-05T10:55:07+00:00","og_image":[{"width":1600,"height":1028,"url":"https:\/\/www.apfelpatient.de\/wp-content\/uploads\/2023\/04\/bigstock-Stock-Market-Or-Forex-Trading-466384867.jpg","type":"image\/jpeg"}],"author":"Milan","twitter_card":"summary_large_image","twitter_description":"Apple hat heute bekannt gegeben, dass das Unternehmen Ende Mai seine Ergebnisse f\u00fcr das zweite Gesch\u00e4ftsquartal 2023 bekannt geben wird.","twitter_misc":{"Written by":"Milan","Est. reading time":"2 minutes"},"schema":{"@context":"https:\/\/schema.org","@graph":[{"@type":"NewsArticle","@id":"https:\/\/www.apfelpatient.de\/news\/q2-2023-apple-oeffnet-anfang-mai-die-buecher#article","isPartOf":{"@id":"https:\/\/www.apfelpatient.de\/news\/q2-2023-apple-oeffnet-anfang-mai-die-buecher"},"author":{"@type":"Organization","@id":"https:\/\/www.apfelpatient.de\/en\/#organization","name":"Apfelpatient","url":"https:\/\/www.apfelpatient.de\/en\/"},"headline":"Q2\/2023: Apple \u00f6ffnet Anfang Mai die B\u00fccher","datePublished":"2023-04-05T10:49:06+00:00","dateModified":"2023-04-05T10:55:07+00:00","mainEntityOfPage":{"@id":"https:\/\/www.apfelpatient.de\/news\/q2-2023-apple-oeffnet-anfang-mai-die-buecher"},"wordCount":243,"publisher":{"@type":"Organization","@id":"https:\/\/www.apfelpatient.de\/en\/#organization","name":"Apfelpatient","url":"https:\/\/www.apfelpatient.de\/en\/"},"image":{"@id":"https:\/\/www.apfelpatient.de\/news\/q2-2023-apple-oeffnet-anfang-mai-die-buecher#primaryimage"},"thumbnailUrl":"https:\/\/www.apfelpatient.de\/wp-content\/uploads\/2023\/04\/bigstock-Stock-Market-Or-Forex-Trading-466384867.jpg","keywords":["TechPatient"],"articleSection":"News","inLanguage":"en-US","copyrightYear":"2023","copyrightHolder":{"@id":"https:\/\/www.apfelpatient.de\/en\/#organization"}},{"@type":"WebPage","@id":"https:\/\/www.apfelpatient.de\/news\/q2-2023-apple-oeffnet-anfang-mai-die-buecher","url":"https:\/\/www.apfelpatient.de\/news\/q2-2023-apple-oeffnet-anfang-mai-die-buecher","name":"Q2\/2023: Apple opens the books in early May Apfelpatient","isPartOf":{"@id":"https:\/\/www.apfelpatient.de\/#website"},"primaryImageOfPage":{"@id":"https:\/\/www.apfelpatient.de\/news\/q2-2023-apple-oeffnet-anfang-mai-die-buecher#primaryimage"},"image":{"@id":"https:\/\/www.apfelpatient.de\/news\/q2-2023-apple-oeffnet-anfang-mai-die-buecher#primaryimage"},"thumbnailUrl":"https:\/\/www.apfelpatient.de\/wp-content\/uploads\/2023\/04\/bigstock-Stock-Market-Or-Forex-Trading-466384867.jpg","datePublished":"2023-04-05T10:49:06+00:00","dateModified":"2023-04-05T10:55:07+00:00","description":"Apple announced today that the company will report its results for the second fiscal quarter of 2023 in late May.","breadcrumb":{"@id":"https:\/\/www.apfelpatient.de\/news\/q2-2023-apple-oeffnet-anfang-mai-die-buecher#breadcrumb"},"inLanguage":"en-US","potentialAction":[{"@type":"ReadAction","target":["https:\/\/www.apfelpatient.de\/news\/q2-2023-apple-oeffnet-anfang-mai-die-buecher"]}]},{"@type":"ImageObject","inLanguage":"en-US","@id":"https:\/\/www.apfelpatient.de\/news\/q2-2023-apple-oeffnet-anfang-mai-die-buecher#primaryimage","url":"https:\/\/www.apfelpatient.de\/wp-content\/uploads\/2023\/04\/bigstock-Stock-Market-Or-Forex-Trading-466384867.jpg","contentUrl":"https:\/\/www.apfelpatient.de\/wp-content\/uploads\/2023\/04\/bigstock-Stock-Market-Or-Forex-Trading-466384867.jpg","width":1600,"height":1028,"caption":"Stock market graph and business financial data on LED. Business graph and stock financial indicator. Stock or business market analysis concept. Business financial or stock market background. Business graph on stock market financial exchange"},{"@type":"BreadcrumbList","@id":"https:\/\/www.apfelpatient.de\/news\/q2-2023-apple-oeffnet-anfang-mai-die-buecher#breadcrumb","itemListElement":[{"@type":"ListItem","position":1,"name":"Startseite","item":"https:\/\/www.apfelpatient.de\/"},{"@type":"ListItem","position":2,"name":"Q2\/2023: Apple \u00f6ffnet Anfang Mai die B\u00fccher"}]},{"@type":"WebSite","@id":"https:\/\/www.apfelpatient.de\/#website","url":"https:\/\/www.apfelpatient.de\/","name":"apple patient","description":"Everything about Apple!","publisher":{"@type":"Organization","@id":"https:\/\/www.apfelpatient.de\/en\/#organization","name":"Apfelpatient","url":"https:\/\/www.apfelpatient.de\/en\/"},"alternateName":"Apfelpatient","potentialAction":[{"@type":"SearchAction","target":{"@type":"EntryPoint","urlTemplate":"https:\/\/www.apfelpatient.de\/?s={search_term_string}"},"query-input":{"@type":"PropertyValueSpecification","valueRequired":true,"valueName":"search_term_string"}}],"inLanguage":"en-US"},{"@type":["Person","Organization"],"@id":"https:\/\/www.apfelpatient.de\/#\/schema\/person\/35b3ddba5832f2bfc7fff5206d4f6b7b","name":"Milan","logo":{"@id":"https:\/\/www.apfelpatient.de\/#\/schema\/person\/image\/"},"description":"Hello and welcome to my technology blog! As a big Apple fan, I report on everything to do with Apple: from the latest news and exciting rumors to helpful tips and tricks and detailed product tests. If you are as enthusiastic about technology as I am, you have come to the right place!","sameAs":["https:\/\/www.facebook.com\/apfelpatientOfficial","https:\/\/www.linkedin.com\/in\/milan-jovicic-42aa0231b"],"url":"https:\/\/www.apfelpatient.de\/en\/author\/apfeladmin"}]}},"_links":{"self":[{"href":"https:\/\/www.apfelpatient.de\/en\/wp-json\/wp\/v2\/posts\/38331","targetHints":{"allow":["GET"]}}],"collection":[{"href":"https:\/\/www.apfelpatient.de\/en\/wp-json\/wp\/v2\/posts"}],"about":[{"href":"https:\/\/www.apfelpatient.de\/en\/wp-json\/wp\/v2\/types\/post"}],"author":[{"embeddable":true,"href":"https:\/\/www.apfelpatient.de\/en\/wp-json\/wp\/v2\/users\/2"}],"replies":[{"embeddable":true,"href":"https:\/\/www.apfelpatient.de\/en\/wp-json\/wp\/v2\/comments?post=38331"}],"version-history":[{"count":0,"href":"https:\/\/www.apfelpatient.de\/en\/wp-json\/wp\/v2\/posts\/38331\/revisions"}],"wp:featuredmedia":[{"embeddable":true,"href":"https:\/\/www.apfelpatient.de\/en\/wp-json\/wp\/v2\/media\/38329"}],"wp:attachment":[{"href":"https:\/\/www.apfelpatient.de\/en\/wp-json\/wp\/v2\/media?parent=38331"}],"wp:term":[{"taxonomy":"category","embeddable":true,"href":"https:\/\/www.apfelpatient.de\/en\/wp-json\/wp\/v2\/categories?post=38331"},{"taxonomy":"post_tag","embeddable":true,"href":"https:\/\/www.apfelpatient.de\/en\/wp-json\/wp\/v2\/tags?post=38331"}],"curies":[{"name":"wp","href":"https:\/\/api.w.org\/{rel}","templated":true}]}}